{"id":3185,"date":"2025-01-15T14:25:00","date_gmt":"2025-01-15T14:25:00","guid":{"rendered":"https:\/\/air-fryer-ninja.fr\/?p=3185"},"modified":"2025-01-17T20:50:35","modified_gmt":"2025-01-17T20:50:35","slug":"recette-gratin-de-chou-fleur-au-airfryer","status":"publish","type":"post","link":"https:\/\/air-fryer-ninja.fr\/uk\/recette-gratin-de-chou-fleur-au-airfryer\/","title":{"rendered":"Recette gratin de chou-fleur au Airfryer"},"content":{"rendered":"<p><strong>Transformez le traditionnel gratin de chou-fleur en un plat moderne et l\u00e9ger gr\u00e2ce \u00e0 votre airfryer. Cette m\u00e9thode de cuisson innovante garantit une texture parfaite : des l\u00e9gumes tendres enrob\u00e9s d&rsquo;une sauce onctueuse et gratin\u00e9e. Une recette qui allie gourmandise et l\u00e9g\u00e8ret\u00e9, id\u00e9ale pour un repas familial r\u00e9ussi.<\/strong><\/p>\n\n\n\n<p><strong>\u23f1\ufe0f Temps total<\/strong> : 35 minutes <\/p>\n\n\n\n<p><strong>\u23f1\ufe0f Temps de pr\u00e9paration<\/strong> : 15 minutes <\/p>\n\n\n\n<p><strong>\u23f1\ufe0f Temps de cuisson<\/strong> : 20 minutes<\/p>\n\n\n\n<h2 class=\"wp-block-heading\">Ingr\u00e9dients (pour 4 personnes)<\/h2>\n\n\n\n<ul class=\"wp-block-list\">\n<li>1 chou-fleur moyen<\/li>\n\n\n\n<li>200g de fromage r\u00e2p\u00e9<\/li>\n\n\n\n<li>20cl de cr\u00e8me fra\u00eeche l\u00e9g\u00e8re<\/li>\n\n\n\n<li>\u0421\u0456\u043b\u044c \u0456 \u0441\u0432\u0456\u0436\u043e\u043c\u0435\u043b\u0435\u043d\u0438\u0439 \u043f\u0435\u0440\u0435\u0446\u044c<\/li>\n<\/ul>\n\n\n\n<h2 class=\"wp-block-heading\">Ustensiles<\/h2>\n\n\n\n<ul class=\"wp-block-list\">\n<li>Airfryer<\/li>\n\n\n\n<li>Cuiseur vapeur ou panier vapeur<\/li>\n\n\n\n<li>Saladier<\/li>\n\n\n\n<li>Plat compatible airfryer<\/li>\n<\/ul>\n\n\n\n<h2 class=\"wp-block-heading\">R\u00e9alisation pas \u00e0 pas<\/h2>\n\n\n\n<ol class=\"wp-block-list\">\n<li><strong>R\u00e9glez la temp\u00e9rature<\/strong> de votre airfryer sur 180\u00b0C et laissez pr\u00e9chauffer.<\/li>\n\n\n\n<li><strong>Rincez le chou-fleur<\/strong> et d\u00e9tachez-le en petits bouquets r\u00e9guliers. Faites-les cuire \u00e0 la vapeur pendant 10 minutes pour qu&rsquo;ils restent l\u00e9g\u00e8rement croquants.<\/li>\n\n\n\n<li><strong>Pendant ce temps<\/strong>, m\u00e9langez dans un saladier la cr\u00e8me fra\u00eeche avec la moiti\u00e9 du fromage r\u00e2p\u00e9. Assaisonnez g\u00e9n\u00e9reusement de sel et de poivre fra\u00eechement moulu.<\/li>\n\n\n\n<li><strong>Transf\u00e9rez les bouquets<\/strong> dans le plat adapt\u00e9 \u00e0 votre airfryer. Versez d\u00e9licatement la pr\u00e9paration cr\u00e9meuse pour bien enrober tous les morceaux.<\/li>\n\n\n\n<li><strong>R\u00e9partissez uniform\u00e9ment le reste du fromage<\/strong> sur la surface et placez le plat dans l&rsquo;airfryer pour 20 minutes de cuisson dor\u00e9e.<\/li>\n<\/ol>\n\n\n\n<h2 class=\"wp-block-heading\">Conseils du chef<\/h2>\n\n\n\n<ul class=\"wp-block-list\">\n<li>Choisissez un m\u00e9lange de fromages cors\u00e9s comme l&#8217;emmental et le comt\u00e9<\/li>\n\n\n\n<li>Une pinc\u00e9e de muscade r\u00e2p\u00e9e sublimera les saveurs du chou-fleur<\/li>\n\n\n\n<li>Le test du couteau vous garantira une cuisson id\u00e9ale<\/li>\n<\/ul>\n\n\n\n<p>L&rsquo;utilisation de l&rsquo;airfryer permet non seulement de r\u00e9duire le temps de cuisson, mais aussi d&rsquo;obtenir un gratin parfaitement dor\u00e9 sur le dessus tout en pr\u00e9servant le moelleux \u00e0 l&rsquo;int\u00e9rieur. Pour enrichir davantage cette pr\u00e9paration, laissez libre cours \u00e0 votre cr\u00e9ativit\u00e9 : ajoutez des noisettes torr\u00e9fi\u00e9es concass\u00e9es, des amandes effil\u00e9es, ou m\u00eame quelques lardons pr\u00e9alablement dor\u00e9s. Les herbes fra\u00eeches comme le thym ou le romarin apporteront une touche aromatique suppl\u00e9mentaire qui sublimera l&rsquo;ensemble.<\/p>\n\n\n\n<h3 class=\"wp-block-heading\">La phrase du chef :<\/h3>\n\n\n\n<blockquote class=\"wp-block-quote is-layout-flow wp-block-quote-is-layout-flow\">\n<p>\u00ab\u00a0<em>L&rsquo;airfryer transforme un simple gratin en chef-d&rsquo;\u0153uvre croustillant : la magie op\u00e8re quand la chaleur tournante sublime chaque bouch\u00e9e<\/em>\u00ab\u00a0<\/p>\n<\/blockquote>\n\n\n\n<p>Pr\u00eat \u00e0 d\u00e9couvrir cette nouvelle fa\u00e7on de cuisiner ? Lancez-vous dans l&rsquo;aventure !<\/p>\n\n\n\n<h2 class=\"wp-block-heading\">Questions fr\u00e9quentes<\/h2>\n\n\n\n<p><strong>Quels fromages privil\u00e9gier pour cette recette ?<\/strong> <\/p>\n\n\n\n<p>La combinaison de plusieurs fromages \u00e0 gratiner enrichira les saveurs. Tentez l&rsquo;association comt\u00e9-parmesan ou emmental-gruy\u00e8re.<\/p>\n\n\n\n<p><strong>Quelle est la meilleure m\u00e9thode de conservation ?<\/strong> <\/p>\n\n\n\n<p>Conservez votre pr\u00e9paration jusqu&rsquo;\u00e0 3 jours dans un r\u00e9cipient herm\u00e9tique au r\u00e9frig\u00e9rateur.<\/p>\n\n\n\n<p><strong>La cong\u00e9lation est-elle possible ?<\/strong> <\/p>\n\n\n\n<p>Ce gratin supporte parfaitement la cong\u00e9lation. R\u00e9chauffez-le directement dans votre airfryer pour retrouver son croustillant.<\/p>\n\n\n\n<p><strong>\u00c0 quelle temp\u00e9rature servir le gratin ?<\/strong> <\/p>\n\n\n\n<p>D\u00e9gustez-le d\u00e8s sa sortie de l&rsquo;airfryer pour profiter pleinement du contraste entre le croustillant de la surface et l&rsquo;onctuosit\u00e9 du c\u0153ur.<\/p>\n\n\n\n<p>Ce gratin au chou-fleur cuit \u00e0 l&rsquo;airfryer deviendra rapidement l&rsquo;un de vos plats signatures. Sa pr\u00e9paration simple et son r\u00e9sultat remarquable en font une recette incontournable de votre r\u00e9pertoire culinaire. Partagez vos exp\u00e9riences et vos astuces dans les commentaires ! Pour plus d&rsquo;inspiration avec votre airfryer, d\u00e9couvrez notre collection de <a href=\"https:\/\/air-fryer-ninja.fr\/uk\/%d0%b1%d0%bb%d0%be%d0%b3\/\">recettes \u00e0 l&rsquo;airfryer<\/a> qui r\u00e9volutionneront votre fa\u00e7on de cuisiner.<\/p>\n\n\n\n<p><\/p>","protected":false},"excerpt":{"rendered":"<p>Transformez le traditionnel gratin de chou-fleur en un plat moderne et l\u00e9ger gr\u00e2ce \u00e0 votre airfryer. Cette m\u00e9thode de cuisson innovante garantit une texture parfaite : des l\u00e9gumes tendres enrob\u00e9s d&rsquo;une sauce onctueuse et gratin\u00e9e. Une recette qui allie gourmandise et l\u00e9g\u00e8ret\u00e9, id\u00e9ale pour un repas familial r\u00e9ussi. \u23f1\ufe0f Temps total : 35 minutes \u23f1\ufe0f [&hellip;]<\/p>","protected":false},"author":1,"featured_media":3187,"comment_status":"open","ping_status":"open","sticky":false,"template":"","format":"standard","meta":{"wprm-recipe-roundup-name":"","wprm-recipe-roundup-description":"","footnotes":""},"categories":[30],"tags":[193,188,192],"class_list":["post-3185","post","type-post","status-publish","format-standard","has-post-thumbnail","hentry","category-legumes","tag-chou-fleur","tag-gratin","tag-gratin-de-chou-fleur"],"yoast_head":"<!-- This site is optimized with the Yoast SEO plugin v27.5 - https:\/\/yoast.com\/product\/yoast-seo-wordpress\/ -->\n<title>Recette gratin de chou-fleur au Airfryer - Air fryer ninja Recettes<\/title>\n<meta name=\"description\" content=\"Ma\u00eetrisez l&#039;art du gratin de chou-fleur avec votre airfryer ! En 35 minutes seulement, r\u00e9alisez un gratin croustillant et l\u00e9ger, au fromage parfaitement dor\u00e9. Une recette familiale alliant tradition et modernit\u00e9 pour un r\u00e9sultat bluffant.\" \/>\n<meta name=\"robots\" content=\"index, follow, max-snippet:-1, max-image-preview:large, max-video-preview:-1\" \/>\n<link rel=\"canonical\" href=\"https:\/\/air-fryer-ninja.fr\/uk\/recette-gratin-de-chou-fleur-au-airfryer\/\" \/>\n<meta property=\"og:locale\" content=\"uk_UA\" \/>\n<meta property=\"og:type\" content=\"article\" \/>\n<meta property=\"og:title\" content=\"Recette gratin de chou-fleur au Airfryer - Air fryer ninja Recettes\" \/>\n<meta property=\"og:description\" content=\"Ma\u00eetrisez l&#039;art du gratin de chou-fleur avec votre airfryer ! En 35 minutes seulement, r\u00e9alisez un gratin croustillant et l\u00e9ger, au fromage parfaitement dor\u00e9. Une recette familiale alliant tradition et modernit\u00e9 pour un r\u00e9sultat bluffant.\" \/>\n<meta property=\"og:url\" content=\"https:\/\/air-fryer-ninja.fr\/uk\/recette-gratin-de-chou-fleur-au-airfryer\/\" \/>\n<meta property=\"og:site_name\" content=\"Air fryer ninja Recettes\" \/>\n<meta property=\"article:published_time\" content=\"2025-01-15T14:25:00+00:00\" \/>\n<meta property=\"article:modified_time\" content=\"2025-01-17T20:50:35+00:00\" \/>\n<meta property=\"og:image\" content=\"https:\/\/air-fryer-ninja.fr\/wp-content\/uploads\/2026\/01\/recette-gratin-de-chou-fleur-airfryer.jpg\" \/>\n\t<meta property=\"og:image:width\" content=\"1312\" \/>\n\t<meta property=\"og:image:height\" content=\"736\" \/>\n\t<meta property=\"og:image:type\" content=\"image\/jpeg\" \/>\n<meta name=\"author\" content=\"Stephy\" \/>\n<meta name=\"twitter:card\" content=\"summary_large_image\" \/>\n<meta name=\"twitter:label1\" content=\"\u041d\u0430\u043f\u0438\u0441\u0430\u043d\u043e\" \/>\n\t<meta name=\"twitter:data1\" content=\"Stephy\" \/>\n\t<meta name=\"twitter:label2\" content=\"\u041f\u0440\u0438\u0431\u043b. \u0447\u0430\u0441 \u0447\u0438\u0442\u0430\u043d\u043d\u044f\" \/>\n\t<meta name=\"twitter:data2\" content=\"3 \u0445\u0432\u0438\u043b\u0438\u043d\u0438\" \/>\n<!-- \/ Yoast SEO plugin. -->","yoast_head_json":{"title":"Recette gratin de chou-fleur au Airfryer - Air fryer ninja Recettes","description":"Ma\u00eetrisez l'art du gratin de chou-fleur avec votre airfryer ! En 35 minutes seulement, r\u00e9alisez un gratin croustillant et l\u00e9ger, au fromage parfaitement dor\u00e9. Une recette familiale alliant tradition et modernit\u00e9 pour un r\u00e9sultat bluffant.","robots":{"index":"index","follow":"follow","max-snippet":"max-snippet:-1","max-image-preview":"max-image-preview:large","max-video-preview":"max-video-preview:-1"},"canonical":"https:\/\/air-fryer-ninja.fr\/uk\/recette-gratin-de-chou-fleur-au-airfryer\/","og_locale":"uk_UA","og_type":"article","og_title":"Recette gratin de chou-fleur au Airfryer - Air fryer ninja Recettes","og_description":"Ma\u00eetrisez l'art du gratin de chou-fleur avec votre airfryer ! En 35 minutes seulement, r\u00e9alisez un gratin croustillant et l\u00e9ger, au fromage parfaitement dor\u00e9. Une recette familiale alliant tradition et modernit\u00e9 pour un r\u00e9sultat bluffant.","og_url":"https:\/\/air-fryer-ninja.fr\/uk\/recette-gratin-de-chou-fleur-au-airfryer\/","og_site_name":"Air fryer ninja Recettes","article_published_time":"2025-01-15T14:25:00+00:00","article_modified_time":"2025-01-17T20:50:35+00:00","og_image":[{"width":1312,"height":736,"url":"https:\/\/air-fryer-ninja.fr\/wp-content\/uploads\/2026\/01\/recette-gratin-de-chou-fleur-airfryer.jpg","type":"image\/jpeg"}],"author":"Stephy","twitter_card":"summary_large_image","twitter_misc":{"\u041d\u0430\u043f\u0438\u0441\u0430\u043d\u043e":"Stephy","\u041f\u0440\u0438\u0431\u043b. \u0447\u0430\u0441 \u0447\u0438\u0442\u0430\u043d\u043d\u044f":"3 \u0445\u0432\u0438\u043b\u0438\u043d\u0438"},"schema":{"@context":"https:\/\/schema.org","@graph":[{"@type":"Article","@id":"https:\/\/air-fryer-ninja.fr\/recette-gratin-de-chou-fleur-au-airfryer\/#article","isPartOf":{"@id":"https:\/\/air-fryer-ninja.fr\/recette-gratin-de-chou-fleur-au-airfryer\/"},"author":{"name":"Stephy","@id":"https:\/\/air-fryer-ninja.fr\/#\/schema\/person\/31ca83cb1c8812323af9097575aa686b"},"headline":"Recette gratin de chou-fleur au Airfryer","datePublished":"2025-01-15T14:25:00+00:00","dateModified":"2025-01-17T20:50:35+00:00","mainEntityOfPage":{"@id":"https:\/\/air-fryer-ninja.fr\/recette-gratin-de-chou-fleur-au-airfryer\/"},"wordCount":574,"commentCount":0,"publisher":{"@id":"https:\/\/air-fryer-ninja.fr\/#organization"},"image":{"@id":"https:\/\/air-fryer-ninja.fr\/recette-gratin-de-chou-fleur-au-airfryer\/#primaryimage"},"thumbnailUrl":"https:\/\/air-fryer-ninja.fr\/wp-content\/uploads\/2026\/01\/recette-gratin-de-chou-fleur-airfryer.jpg","keywords":["Chou-fleur","gratin","Gratin de chou-fleur"],"articleSection":["L\u00e9gumes"],"inLanguage":"uk","potentialAction":[{"@type":"CommentAction","name":"Comment","target":["https:\/\/air-fryer-ninja.fr\/recette-gratin-de-chou-fleur-au-airfryer\/#respond"]}]},{"@type":"WebPage","@id":"https:\/\/air-fryer-ninja.fr\/recette-gratin-de-chou-fleur-au-airfryer\/","url":"https:\/\/air-fryer-ninja.fr\/recette-gratin-de-chou-fleur-au-airfryer\/","name":"Recette gratin de chou-fleur au Airfryer - Air fryer ninja Recettes","isPartOf":{"@id":"https:\/\/air-fryer-ninja.fr\/#website"},"primaryImageOfPage":{"@id":"https:\/\/air-fryer-ninja.fr\/recette-gratin-de-chou-fleur-au-airfryer\/#primaryimage"},"image":{"@id":"https:\/\/air-fryer-ninja.fr\/recette-gratin-de-chou-fleur-au-airfryer\/#primaryimage"},"thumbnailUrl":"https:\/\/air-fryer-ninja.fr\/wp-content\/uploads\/2026\/01\/recette-gratin-de-chou-fleur-airfryer.jpg","datePublished":"2025-01-15T14:25:00+00:00","dateModified":"2025-01-17T20:50:35+00:00","description":"Ma\u00eetrisez l'art du gratin de chou-fleur avec votre airfryer ! En 35 minutes seulement, r\u00e9alisez un gratin croustillant et l\u00e9ger, au fromage parfaitement dor\u00e9. Une recette familiale alliant tradition et modernit\u00e9 pour un r\u00e9sultat bluffant.","breadcrumb":{"@id":"https:\/\/air-fryer-ninja.fr\/recette-gratin-de-chou-fleur-au-airfryer\/#breadcrumb"},"inLanguage":"uk","potentialAction":[{"@type":"ReadAction","target":["https:\/\/air-fryer-ninja.fr\/recette-gratin-de-chou-fleur-au-airfryer\/"]}]},{"@type":"ImageObject","inLanguage":"uk","@id":"https:\/\/air-fryer-ninja.fr\/recette-gratin-de-chou-fleur-au-airfryer\/#primaryimage","url":"https:\/\/air-fryer-ninja.fr\/wp-content\/uploads\/2026\/01\/recette-gratin-de-chou-fleur-airfryer.jpg","contentUrl":"https:\/\/air-fryer-ninja.fr\/wp-content\/uploads\/2026\/01\/recette-gratin-de-chou-fleur-airfryer.jpg","width":1312,"height":736,"caption":"recette gratin de chou fleur airfryer"},{"@type":"BreadcrumbList","@id":"https:\/\/air-fryer-ninja.fr\/recette-gratin-de-chou-fleur-au-airfryer\/#breadcrumb","itemListElement":[{"@type":"ListItem","position":1,"name":"Recette Air Fryer","item":"https:\/\/air-fryer-ninja.fr\/"},{"@type":"ListItem","position":2,"name":"Recette gratin de chou-fleur au Airfryer"}]},{"@type":"WebSite","@id":"https:\/\/air-fryer-ninja.fr\/#website","url":"https:\/\/air-fryer-ninja.fr\/","name":"\u0424\u0440\u0438\u0442\u044e\u0440\u043d\u0438\u0446\u044f \u043d\u0456\u043d\u0434\u0437\u044f","description":"\u0411\u043b\u043e\u0433 \u0440\u0435\u0446\u0435\u043f\u0442\u0456\u0432 \u043d\u0456\u043d\u0434\u0437\u044f \u0437 \u0444\u0440\u0438\u0442\u044e\u0440\u043d\u0438\u0446\u0456","publisher":{"@id":"https:\/\/air-fryer-ninja.fr\/#organization"},"potentialAction":[{"@type":"SearchAction","target":{"@type":"EntryPoint","urlTemplate":"https:\/\/air-fryer-ninja.fr\/?s={search_term_string}"},"query-input":{"@type":"PropertyValueSpecification","valueRequired":true,"valueName":"search_term_string"}}],"inLanguage":"uk"},{"@type":"Organization","@id":"https:\/\/air-fryer-ninja.fr\/#organization","name":"\u0424\u0440\u0438\u0442\u044e\u0440\u043d\u0438\u0446\u044f \u043d\u0456\u043d\u0434\u0437\u044f","url":"https:\/\/air-fryer-ninja.fr\/","logo":{"@type":"ImageObject","inLanguage":"uk","@id":"https:\/\/air-fryer-ninja.fr\/#\/schema\/logo\/image\/","url":"https:\/\/air-fryer-ninja.fr\/wp-content\/uploads\/2022\/09\/air-fryer-ninja.png","contentUrl":"https:\/\/air-fryer-ninja.fr\/wp-content\/uploads\/2022\/09\/air-fryer-ninja.png","width":500,"height":90,"caption":"Air fryer ninja"},"image":{"@id":"https:\/\/air-fryer-ninja.fr\/#\/schema\/logo\/image\/"}},{"@type":"Person","@id":"https:\/\/air-fryer-ninja.fr\/#\/schema\/person\/31ca83cb1c8812323af9097575aa686b","name":"\u0421\u0442\u0435\u0444\u0456.","image":{"@type":"ImageObject","inLanguage":"uk","@id":"https:\/\/air-fryer-ninja.fr\/wp-content\/uploads\/2024\/11\/cropped-Untitled-design-2024-11-04T123927.617-96x96.jpg","url":"https:\/\/air-fryer-ninja.fr\/wp-content\/uploads\/2024\/11\/cropped-Untitled-design-2024-11-04T123927.617-96x96.jpg","contentUrl":"https:\/\/air-fryer-ninja.fr\/wp-content\/uploads\/2024\/11\/cropped-Untitled-design-2024-11-04T123927.617-96x96.jpg","caption":"Stephy"},"description":"\u042f \u0421\u0442\u0435\u0444\u0456, \u0434\u043e\u043c\u043e\u0433\u043e\u0441\u043f\u043e\u0434\u0430\u0440\u043a\u0430 \u0437 \u043f\u0440\u0438\u0441\u0442\u0440\u0430\u0441\u0442\u044e \u0434\u043e \u043a\u0443\u043b\u0456\u043d\u0430\u0440\u0456\u0457! \u0412\u0456\u0434\u0442\u043e\u0434\u0456, \u044f\u043a \u044f \u0432\u0456\u0434\u043a\u0440\u0438\u043b\u0430 \u0434\u043b\u044f \u0441\u0435\u0431\u0435 \u0444\u0440\u0438\u0442\u044e\u0440\u043d\u0438\u0446\u044e, \u0432\u043e\u043d\u0430 \u0441\u0442\u0430\u043b\u0430 \u043c\u043e\u0457\u043c \u0456\u0434\u0435\u0430\u043b\u044c\u043d\u0438\u043c \u043f\u043e\u043c\u0456\u0447\u043d\u0438\u043a\u043e\u043c \u0443 \u0441\u0442\u0432\u043e\u0440\u0435\u043d\u043d\u0456 \u0441\u043c\u0430\u0447\u043d\u0438\u0445 \u0456 \u043f\u0440\u043e\u0441\u0442\u0438\u0445 \u0443 \u043f\u0440\u0438\u0433\u043e\u0442\u0443\u0432\u0430\u043d\u043d\u0456 \u0440\u0435\u0446\u0435\u043f\u0442\u0456\u0432. \u042f \u043b\u044e\u0431\u043b\u044e \u0435\u043a\u0441\u043f\u0435\u0440\u0438\u043c\u0435\u043d\u0442\u0443\u0432\u0430\u0442\u0438 \u0456 \u0432\u0438\u0433\u0430\u0434\u0443\u0432\u0430\u0442\u0438 \u0441\u0442\u0440\u0430\u0432\u0438, \u044f\u043a\u0456 \u0434\u0438\u0432\u0443\u044e\u0442\u044c \u0456 \u0440\u0430\u0434\u0443\u044e\u0442\u044c \u043c\u043e\u044e \u0441\u0456\u043c'\u044e. \u0422\u0443\u0442 \u044f \u0434\u0456\u043b\u044e\u0441\u044f \u0441\u0432\u043e\u0457\u043c\u0438 \u043d\u0430\u0439\u043a\u0440\u0430\u0449\u0438\u043c\u0438 \u043f\u043e\u0440\u0430\u0434\u0430\u043c\u0438 \u0442\u0430 \u0443\u043b\u044e\u0431\u043b\u0435\u043d\u0438\u043c\u0438 \u0440\u0435\u0446\u0435\u043f\u0442\u0430\u043c\u0438, \u0449\u043e\u0431 \u0434\u043e\u043f\u043e\u043c\u043e\u0433\u0442\u0438 \u0432\u0430\u043c \u043d\u0430\u0441\u043e\u043b\u043e\u0434\u0438\u0442\u0438\u0441\u044f \u043f\u0440\u0438\u043d\u0430\u0434\u0430\u043c\u0438 \u0434\u043e\u043c\u0430\u0448\u043d\u044c\u043e\u0457 \u043a\u0443\u0445\u043d\u0456, \u043d\u0435 \u043f\u0440\u043e\u0432\u043e\u0434\u044f\u0447\u0438 \u0433\u043e\u0434\u0438\u043d\u0438 \u0431\u0456\u043b\u044f \u043f\u043b\u0438\u0442\u0438. \u042f\u043a\u0430 \u043c\u043e\u044f \u043c\u0435\u0442\u0430? \u041f\u043e\u043a\u0430\u0437\u0430\u0442\u0438 \u0432\u0430\u043c, \u0449\u043e \u0437\u0430 \u0434\u043e\u043f\u043e\u043c\u043e\u0433\u043e\u044e \u0444\u0440\u0438\u0442\u044e\u0440\u043d\u0438\u0446\u0456 Air Fryer \u043c\u043e\u0436\u043d\u0430 \u043f\u0435\u0440\u0435\u0442\u0432\u043e\u0440\u0438\u0442\u0438 \u043a\u043e\u0436\u043d\u0443 \u0442\u0440\u0430\u043f\u0435\u0437\u0443 \u043d\u0430 \u0441\u043f\u0440\u0430\u0432\u0436\u043d\u0454 \u0437\u0430\u0434\u043e\u0432\u043e\u043b\u0435\u043d\u043d\u044f!","sameAs":["https:\/\/air-fryer-ninja.fr"],"url":"https:\/\/air-fryer-ninja.fr\/uk\/author\/a1rdy\/"}]}},"_links":{"self":[{"href":"https:\/\/air-fryer-ninja.fr\/uk\/wp-json\/wp\/v2\/posts\/3185","targetHints":{"allow":["GET"]}}],"collection":[{"href":"https:\/\/air-fryer-ninja.fr\/uk\/wp-json\/wp\/v2\/posts"}],"about":[{"href":"https:\/\/air-fryer-ninja.fr\/uk\/wp-json\/wp\/v2\/types\/post"}],"author":[{"embeddable":true,"href":"https:\/\/air-fryer-ninja.fr\/uk\/wp-json\/wp\/v2\/users\/1"}],"replies":[{"embeddable":true,"href":"https:\/\/air-fryer-ninja.fr\/uk\/wp-json\/wp\/v2\/comments?post=3185"}],"version-history":[{"count":6,"href":"https:\/\/air-fryer-ninja.fr\/uk\/wp-json\/wp\/v2\/posts\/3185\/revisions"}],"predecessor-version":[{"id":3214,"href":"https:\/\/air-fryer-ninja.fr\/uk\/wp-json\/wp\/v2\/posts\/3185\/revisions\/3214"}],"wp:featuredmedia":[{"embeddable":true,"href":"https:\/\/air-fryer-ninja.fr\/uk\/wp-json\/wp\/v2\/media\/3187"}],"wp:attachment":[{"href":"https:\/\/air-fryer-ninja.fr\/uk\/wp-json\/wp\/v2\/media?parent=3185"}],"wp:term":[{"taxonomy":"category","embeddable":true,"href":"https:\/\/air-fryer-ninja.fr\/uk\/wp-json\/wp\/v2\/categories?post=3185"},{"taxonomy":"post_tag","embeddable":true,"href":"https:\/\/air-fryer-ninja.fr\/uk\/wp-json\/wp\/v2\/tags?post=3185"}],"curies":[{"name":"wp","href":"https:\/\/api.w.org\/{rel}","templated":true}]}}