{"id":2556,"date":"2024-11-24T15:32:15","date_gmt":"2024-11-24T15:32:15","guid":{"rendered":"https:\/\/air-fryer-ninja.fr\/?p=2556"},"modified":"2025-01-06T20:13:41","modified_gmt":"2025-01-06T20:13:41","slug":"recette-de-pain-a-la-banane-au-air-fryer","status":"publish","type":"post","link":"https:\/\/air-fryer-ninja.fr\/uk\/recette-de-pain-a-la-banane-au-air-fryer\/","title":{"rendered":"\u0420\u0435\u0446\u0435\u043f\u0442 \u0431\u0430\u043d\u0430\u043d\u043e\u0432\u043e\u0433\u043e \u0445\u043b\u0456\u0431\u0430 \u0443 \u0444\u0440\u0438\u0442\u044e\u0440\u043d\u0438\u0446\u0456"},"content":{"rendered":"<p>Le pain \u00e0 la banane est un classique am\u00e9ricain qui a su conqu\u00e9rir le c\u0153ur de nombreux gourmands \u00e0 travers le monde. Son origine remonte aux ann\u00e9es 1930, lorsqu&rsquo;il est apparu dans des livres de cuisine, popularis\u00e9 par la n\u00e9cessit\u00e9 de ne pas gaspiller les bananes trop m\u00fbres. Avec l&rsquo;av\u00e8nement des appareils de cuisson modernes, comme le Air Fryer, sa pr\u00e9paration est devenue encore plus simple et rapide. Ce dessert moelleux et savoureux est parfait pour le petit d\u00e9jeuner ou le go\u00fbter, et il peut \u00eatre personnalis\u00e9 avec divers ingr\u00e9dients pour le rendre unique.<\/p>\n<h2>\u0406\u043d\u0433\u0440\u0435\u0434\u0456\u0454\u043d\u0442\u0438 \u0434\u043b\u044f 4 \u043e\u0441\u0456\u0431<\/h2>\n<ul>\n<li>4 bananes bien m\u00fbres (environ 1,2 kg)<\/li>\n<li>150 g de sucre<\/li>\n<li>100 g de beurre ramolli<\/li>\n<li>2 \u044f\u0439\u0446\u044f<\/li>\n<li>200 g de farine<\/li>\n<li>1 sachet de levure chimique (environ 10 g)<\/li>\n<li>1 \u0449\u0456\u043f\u043a\u0430 \u0441\u043e\u043b\u0456<\/li>\n<li>1 \u0447\u0430\u0439\u043d\u0430 \u043b\u043e\u0436\u043a\u0430 \u0432\u0430\u043d\u0456\u043b\u044c\u043d\u043e\u0433\u043e \u0435\u043a\u0441\u0442\u0440\u0430\u043a\u0442\u0443<\/li>\n<li>100 g de noix (optionnel)<\/li>\n<\/ul>\n<h2>\u0415\u0442\u0430\u043f\u0438 \u043f\u0456\u0434\u0433\u043e\u0442\u043e\u0432\u043a\u0438<\/h2>\n<ul>\n<li><strong>Pr\u00e9paration des bananes<\/strong> : Dans un grand bol, \u00e9crasez les bananes avec une fourchette jusqu&rsquo;\u00e0 obtenir une pur\u00e9e lisse.<\/li>\n<li><strong>M\u00e9lange des ingr\u00e9dients humides<\/strong> : Ajoutez le beurre ramolli et le sucre \u00e0 la pur\u00e9e de banane. M\u00e9langez bien jusqu&rsquo;\u00e0 ce que le m\u00e9lange soit homog\u00e8ne.<\/li>\n<li><strong>Ajout des \u0153ufs<\/strong> : Incorporez les \u0153ufs un par un, en m\u00e9langeant bien apr\u00e8s chaque ajout. Ajoutez l&rsquo;extrait de vanille.<\/li>\n<li><strong>Incorporation des ingr\u00e9dients secs<\/strong> : Dans un autre bol, m\u00e9langez la farine, la levure chimique et le sel. Ajoutez ce m\u00e9lange aux ingr\u00e9dients humides et m\u00e9langez jusqu&rsquo;\u00e0 obtenir une p\u00e2te lisse. Si vous le souhaitez, ajoutez les noix \u00e0 ce stade.<\/li>\n<li><strong>Pr\u00e9paration de l&rsquo;Air Fryer<\/strong> : Pr\u00e9chauffez votre Air Fryer \u00e0 160 \u00b0C pendant 5 minutes.<\/li>\n<li><strong>Pr\u00e9paration du moule<\/strong> : Graissez un moule adapt\u00e9 \u00e0 votre Air Fryer avec un peu de beurre ou de papier sulfuris\u00e9.<\/li>\n<li><strong>Cuisson<\/strong> : Versez la p\u00e2te dans le moule et placez-le dans l&rsquo;Air Fryer. Faites cuire pendant environ 30 \u00e0 35 minutes, ou jusqu&rsquo;\u00e0 ce qu&rsquo;un couteau ins\u00e9r\u00e9 au centre en ressorte propre.<\/li>\n<li><strong>Refroidissement<\/strong> : Une fois cuit, retirez le moule de l&rsquo;Air Fryer et laissez refroidir pendant 10 minutes avant de d\u00e9mouler. Laissez refroidir compl\u00e8tement sur une grille avant de d\u00e9couper.<\/li>\n<\/ul>\n<h2>\u0420\u0435\u043a\u043e\u043c\u0435\u043d\u0434\u043e\u0432\u0430\u043d\u0456 \u0432\u0438\u043d\u0430<\/h2>\n<p>Pour accompagner votre pain \u00e0 la banane, un vin doux comme un Muscat ou un Sauternes peut faire des merveilles. Si vous pr\u00e9f\u00e9rez le vin blanc, un Chardonnay l\u00e9g\u00e8rement bois\u00e9 se mariera \u00e9galement bien avec les saveurs sucr\u00e9es du pain \u00e0 la banane.<\/p>\n<h2>\u041c\u043e\u0436\u043b\u0438\u0432\u0456 \u0432\u0430\u0440\u0456\u0430\u0446\u0456\u0457<\/h2>\n<p>Il existe de nombreuses variantes du pain \u00e0 la banane. Vous pouvez ajouter des p\u00e9pites de chocolat pour un go\u00fbt encore plus gourmand, ou remplacer les noix par des noix de p\u00e9can ou des amandes pour une texture diff\u00e9rente. Pour une version plus saine, vous pouvez utiliser de la farine compl\u00e8te et r\u00e9duire la quantit\u00e9 de sucre en ajoutant des \u00e9pices comme la cannelle ou la muscade pour relever le go\u00fbt.<\/p>\n<h2>\u041c\u0430\u043b\u0435\u043d\u044c\u043a\u0456 \u043f\u043e\u0440\u0430\u0434\u0438 \u0432\u0456\u0434 \u0448\u0435\u0444-\u043a\u0443\u0445\u0430\u0440\u044f<\/h2>\n<p>Pour r\u00e9ussir votre pain \u00e0 la banane, assurez-vous que les bananes soient bien m\u00fbres, car elles apportent la douceur et la saveur n\u00e9cessaires. Ne m\u00e9langez pas la p\u00e2te trop longtemps apr\u00e8s avoir ajout\u00e9 la farine, car cela peut rendre le pain dense. Pour v\u00e9rifier la cuisson, n\u2019h\u00e9sitez pas \u00e0 faire le test du couteau : il doit ressortir propre. Enfin, laissez le pain refroidir compl\u00e8tement avant de le couper pour \u00e9viter qu&rsquo;il ne s&rsquo;effrite. Enjoy!<\/p>","protected":false},"excerpt":{"rendered":"<p>Le pain \u00e0 la banane est un classique am\u00e9ricain qui a su conqu\u00e9rir le c\u0153ur de nombreux gourmands \u00e0 travers le monde. Son origine remonte aux ann\u00e9es 1930, lorsqu&rsquo;il est apparu dans des livres de cuisine, popularis\u00e9 par la n\u00e9cessit\u00e9 de ne pas gaspiller les bananes trop m\u00fbres. Avec l&rsquo;av\u00e8nement des appareils de cuisson modernes, [&hellip;]<\/p>","protected":false},"author":1,"featured_media":2557,"comment_status":"open","ping_status":"open","sticky":false,"template":"","format":"standard","meta":{"wprm-recipe-roundup-name":"","wprm-recipe-roundup-description":"","footnotes":""},"categories":[31],"tags":[],"class_list":["post-2556","post","type-post","status-publish","format-standard","has-post-thumbnail","hentry","category-dessert"],"yoast_head":"<!-- This site is optimized with the Yoast SEO plugin v27.5 - https:\/\/yoast.com\/product\/yoast-seo-wordpress\/ -->\n<title>Recette de pain \u00e0 la banane au Air Fryer - Air fryer ninja Recettes<\/title>\n<meta name=\"robots\" content=\"index, follow, max-snippet:-1, max-image-preview:large, max-video-preview:-1\" \/>\n<link rel=\"canonical\" href=\"https:\/\/air-fryer-ninja.fr\/uk\/recette-de-pain-a-la-banane-au-air-fryer\/\" \/>\n<meta property=\"og:locale\" content=\"uk_UA\" \/>\n<meta property=\"og:type\" content=\"article\" \/>\n<meta property=\"og:title\" content=\"Recette de pain \u00e0 la banane au Air Fryer - Air fryer ninja Recettes\" \/>\n<meta property=\"og:description\" content=\"Le pain \u00e0 la banane est un classique am\u00e9ricain qui a su conqu\u00e9rir le c\u0153ur de nombreux gourmands \u00e0 travers le monde. Son origine remonte aux ann\u00e9es 1930, lorsqu&rsquo;il est apparu dans des livres de cuisine, popularis\u00e9 par la n\u00e9cessit\u00e9 de ne pas gaspiller les bananes trop m\u00fbres. Avec l&rsquo;av\u00e8nement des appareils de cuisson modernes, [&hellip;]\" \/>\n<meta property=\"og:url\" content=\"https:\/\/air-fryer-ninja.fr\/uk\/recette-de-pain-a-la-banane-au-air-fryer\/\" \/>\n<meta property=\"og:site_name\" content=\"Air fryer ninja Recettes\" \/>\n<meta property=\"article:published_time\" content=\"2024-11-24T15:32:15+00:00\" \/>\n<meta property=\"article:modified_time\" content=\"2025-01-06T20:13:41+00:00\" \/>\n<meta property=\"og:image\" content=\"https:\/\/air-fryer-ninja.fr\/wp-content\/uploads\/2024\/11\/recette-de-pain-a-la-banane-au-air-fryer_1_0_33822-3.webp-3.webp\" \/>\n\t<meta property=\"og:image:width\" content=\"1456\" \/>\n\t<meta property=\"og:image:height\" content=\"816\" \/>\n\t<meta property=\"og:image:type\" content=\"image\/webp\" \/>\n<meta name=\"author\" content=\"Stephy\" \/>\n<meta name=\"twitter:card\" content=\"summary_large_image\" \/>\n<meta name=\"twitter:label1\" content=\"\u041d\u0430\u043f\u0438\u0441\u0430\u043d\u043e\" \/>\n\t<meta name=\"twitter:data1\" content=\"Stephy\" \/>\n\t<meta name=\"twitter:label2\" content=\"\u041f\u0440\u0438\u0431\u043b. \u0447\u0430\u0441 \u0447\u0438\u0442\u0430\u043d\u043d\u044f\" \/>\n\t<meta name=\"twitter:data2\" content=\"3 \u0445\u0432\u0438\u043b\u0438\u043d\u0438\" \/>\n<!-- \/ Yoast SEO plugin. -->","yoast_head_json":{"title":"Recette de pain \u00e0 la banane au Air Fryer - Air fryer ninja Recettes","robots":{"index":"index","follow":"follow","max-snippet":"max-snippet:-1","max-image-preview":"max-image-preview:large","max-video-preview":"max-video-preview:-1"},"canonical":"https:\/\/air-fryer-ninja.fr\/uk\/recette-de-pain-a-la-banane-au-air-fryer\/","og_locale":"uk_UA","og_type":"article","og_title":"Recette de pain \u00e0 la banane au Air Fryer - Air fryer ninja Recettes","og_description":"Le pain \u00e0 la banane est un classique am\u00e9ricain qui a su conqu\u00e9rir le c\u0153ur de nombreux gourmands \u00e0 travers le monde. Son origine remonte aux ann\u00e9es 1930, lorsqu&rsquo;il est apparu dans des livres de cuisine, popularis\u00e9 par la n\u00e9cessit\u00e9 de ne pas gaspiller les bananes trop m\u00fbres. Avec l&rsquo;av\u00e8nement des appareils de cuisson modernes, [&hellip;]","og_url":"https:\/\/air-fryer-ninja.fr\/uk\/recette-de-pain-a-la-banane-au-air-fryer\/","og_site_name":"Air fryer ninja Recettes","article_published_time":"2024-11-24T15:32:15+00:00","article_modified_time":"2025-01-06T20:13:41+00:00","og_image":[{"width":1456,"height":816,"url":"https:\/\/air-fryer-ninja.fr\/wp-content\/uploads\/2024\/11\/recette-de-pain-a-la-banane-au-air-fryer_1_0_33822-3.webp-3.webp","type":"image\/webp"}],"author":"Stephy","twitter_card":"summary_large_image","twitter_misc":{"\u041d\u0430\u043f\u0438\u0441\u0430\u043d\u043e":"Stephy","\u041f\u0440\u0438\u0431\u043b. \u0447\u0430\u0441 \u0447\u0438\u0442\u0430\u043d\u043d\u044f":"3 \u0445\u0432\u0438\u043b\u0438\u043d\u0438"},"schema":{"@context":"https:\/\/schema.org","@graph":[{"@type":"Article","@id":"https:\/\/air-fryer-ninja.fr\/recette-de-pain-a-la-banane-au-air-fryer\/#article","isPartOf":{"@id":"https:\/\/air-fryer-ninja.fr\/recette-de-pain-a-la-banane-au-air-fryer\/"},"author":{"name":"Stephy","@id":"https:\/\/air-fryer-ninja.fr\/#\/schema\/person\/31ca83cb1c8812323af9097575aa686b"},"headline":"Recette de pain \u00e0 la banane au Air Fryer","datePublished":"2024-11-24T15:32:15+00:00","dateModified":"2025-01-06T20:13:41+00:00","mainEntityOfPage":{"@id":"https:\/\/air-fryer-ninja.fr\/recette-de-pain-a-la-banane-au-air-fryer\/"},"wordCount":589,"commentCount":0,"publisher":{"@id":"https:\/\/air-fryer-ninja.fr\/#organization"},"image":{"@id":"https:\/\/air-fryer-ninja.fr\/recette-de-pain-a-la-banane-au-air-fryer\/#primaryimage"},"thumbnailUrl":"https:\/\/air-fryer-ninja.fr\/wp-content\/uploads\/2024\/11\/recette-de-pain-a-la-banane-au-air-fryer_1_0_33822-3.webp-3.webp","articleSection":["Dessert"],"inLanguage":"uk","potentialAction":[{"@type":"CommentAction","name":"Comment","target":["https:\/\/air-fryer-ninja.fr\/recette-de-pain-a-la-banane-au-air-fryer\/#respond"]}]},{"@type":"WebPage","@id":"https:\/\/air-fryer-ninja.fr\/recette-de-pain-a-la-banane-au-air-fryer\/","url":"https:\/\/air-fryer-ninja.fr\/recette-de-pain-a-la-banane-au-air-fryer\/","name":"Recette de pain \u00e0 la banane au Air Fryer - Air fryer ninja Recettes","isPartOf":{"@id":"https:\/\/air-fryer-ninja.fr\/#website"},"primaryImageOfPage":{"@id":"https:\/\/air-fryer-ninja.fr\/recette-de-pain-a-la-banane-au-air-fryer\/#primaryimage"},"image":{"@id":"https:\/\/air-fryer-ninja.fr\/recette-de-pain-a-la-banane-au-air-fryer\/#primaryimage"},"thumbnailUrl":"https:\/\/air-fryer-ninja.fr\/wp-content\/uploads\/2024\/11\/recette-de-pain-a-la-banane-au-air-fryer_1_0_33822-3.webp-3.webp","datePublished":"2024-11-24T15:32:15+00:00","dateModified":"2025-01-06T20:13:41+00:00","breadcrumb":{"@id":"https:\/\/air-fryer-ninja.fr\/recette-de-pain-a-la-banane-au-air-fryer\/#breadcrumb"},"inLanguage":"uk","potentialAction":[{"@type":"ReadAction","target":["https:\/\/air-fryer-ninja.fr\/recette-de-pain-a-la-banane-au-air-fryer\/"]}]},{"@type":"ImageObject","inLanguage":"uk","@id":"https:\/\/air-fryer-ninja.fr\/recette-de-pain-a-la-banane-au-air-fryer\/#primaryimage","url":"https:\/\/air-fryer-ninja.fr\/wp-content\/uploads\/2024\/11\/recette-de-pain-a-la-banane-au-air-fryer_1_0_33822-3.webp-3.webp","contentUrl":"https:\/\/air-fryer-ninja.fr\/wp-content\/uploads\/2024\/11\/recette-de-pain-a-la-banane-au-air-fryer_1_0_33822-3.webp-3.webp","width":1456,"height":816},{"@type":"BreadcrumbList","@id":"https:\/\/air-fryer-ninja.fr\/recette-de-pain-a-la-banane-au-air-fryer\/#breadcrumb","itemListElement":[{"@type":"ListItem","position":1,"name":"Recette Air Fryer","item":"https:\/\/air-fryer-ninja.fr\/"},{"@type":"ListItem","position":2,"name":"Recette de pain \u00e0 la banane au Air Fryer"}]},{"@type":"WebSite","@id":"https:\/\/air-fryer-ninja.fr\/#website","url":"https:\/\/air-fryer-ninja.fr\/","name":"\u0424\u0440\u0438\u0442\u044e\u0440\u043d\u0438\u0446\u044f \u043d\u0456\u043d\u0434\u0437\u044f","description":"\u0411\u043b\u043e\u0433 \u0440\u0435\u0446\u0435\u043f\u0442\u0456\u0432 \u043d\u0456\u043d\u0434\u0437\u044f \u0437 \u0444\u0440\u0438\u0442\u044e\u0440\u043d\u0438\u0446\u0456","publisher":{"@id":"https:\/\/air-fryer-ninja.fr\/#organization"},"potentialAction":[{"@type":"SearchAction","target":{"@type":"EntryPoint","urlTemplate":"https:\/\/air-fryer-ninja.fr\/?s={search_term_string}"},"query-input":{"@type":"PropertyValueSpecification","valueRequired":true,"valueName":"search_term_string"}}],"inLanguage":"uk"},{"@type":"Organization","@id":"https:\/\/air-fryer-ninja.fr\/#organization","name":"\u0424\u0440\u0438\u0442\u044e\u0440\u043d\u0438\u0446\u044f \u043d\u0456\u043d\u0434\u0437\u044f","url":"https:\/\/air-fryer-ninja.fr\/","logo":{"@type":"ImageObject","inLanguage":"uk","@id":"https:\/\/air-fryer-ninja.fr\/#\/schema\/logo\/image\/","url":"https:\/\/air-fryer-ninja.fr\/wp-content\/uploads\/2022\/09\/air-fryer-ninja.png","contentUrl":"https:\/\/air-fryer-ninja.fr\/wp-content\/uploads\/2022\/09\/air-fryer-ninja.png","width":500,"height":90,"caption":"Air fryer ninja"},"image":{"@id":"https:\/\/air-fryer-ninja.fr\/#\/schema\/logo\/image\/"}},{"@type":"Person","@id":"https:\/\/air-fryer-ninja.fr\/#\/schema\/person\/31ca83cb1c8812323af9097575aa686b","name":"\u0421\u0442\u0435\u0444\u0456.","image":{"@type":"ImageObject","inLanguage":"uk","@id":"https:\/\/air-fryer-ninja.fr\/wp-content\/uploads\/2024\/11\/cropped-Untitled-design-2024-11-04T123927.617-96x96.jpg","url":"https:\/\/air-fryer-ninja.fr\/wp-content\/uploads\/2024\/11\/cropped-Untitled-design-2024-11-04T123927.617-96x96.jpg","contentUrl":"https:\/\/air-fryer-ninja.fr\/wp-content\/uploads\/2024\/11\/cropped-Untitled-design-2024-11-04T123927.617-96x96.jpg","caption":"Stephy"},"description":"\u042f \u0421\u0442\u0435\u0444\u0456, \u0434\u043e\u043c\u043e\u0433\u043e\u0441\u043f\u043e\u0434\u0430\u0440\u043a\u0430 \u0437 \u043f\u0440\u0438\u0441\u0442\u0440\u0430\u0441\u0442\u044e \u0434\u043e \u043a\u0443\u043b\u0456\u043d\u0430\u0440\u0456\u0457! \u0412\u0456\u0434\u0442\u043e\u0434\u0456, \u044f\u043a \u044f \u0432\u0456\u0434\u043a\u0440\u0438\u043b\u0430 \u0434\u043b\u044f \u0441\u0435\u0431\u0435 \u0444\u0440\u0438\u0442\u044e\u0440\u043d\u0438\u0446\u044e, \u0432\u043e\u043d\u0430 \u0441\u0442\u0430\u043b\u0430 \u043c\u043e\u0457\u043c \u0456\u0434\u0435\u0430\u043b\u044c\u043d\u0438\u043c \u043f\u043e\u043c\u0456\u0447\u043d\u0438\u043a\u043e\u043c \u0443 \u0441\u0442\u0432\u043e\u0440\u0435\u043d\u043d\u0456 \u0441\u043c\u0430\u0447\u043d\u0438\u0445 \u0456 \u043f\u0440\u043e\u0441\u0442\u0438\u0445 \u0443 \u043f\u0440\u0438\u0433\u043e\u0442\u0443\u0432\u0430\u043d\u043d\u0456 \u0440\u0435\u0446\u0435\u043f\u0442\u0456\u0432. \u042f \u043b\u044e\u0431\u043b\u044e \u0435\u043a\u0441\u043f\u0435\u0440\u0438\u043c\u0435\u043d\u0442\u0443\u0432\u0430\u0442\u0438 \u0456 \u0432\u0438\u0433\u0430\u0434\u0443\u0432\u0430\u0442\u0438 \u0441\u0442\u0440\u0430\u0432\u0438, \u044f\u043a\u0456 \u0434\u0438\u0432\u0443\u044e\u0442\u044c \u0456 \u0440\u0430\u0434\u0443\u044e\u0442\u044c \u043c\u043e\u044e \u0441\u0456\u043c'\u044e. \u0422\u0443\u0442 \u044f \u0434\u0456\u043b\u044e\u0441\u044f \u0441\u0432\u043e\u0457\u043c\u0438 \u043d\u0430\u0439\u043a\u0440\u0430\u0449\u0438\u043c\u0438 \u043f\u043e\u0440\u0430\u0434\u0430\u043c\u0438 \u0442\u0430 \u0443\u043b\u044e\u0431\u043b\u0435\u043d\u0438\u043c\u0438 \u0440\u0435\u0446\u0435\u043f\u0442\u0430\u043c\u0438, \u0449\u043e\u0431 \u0434\u043e\u043f\u043e\u043c\u043e\u0433\u0442\u0438 \u0432\u0430\u043c \u043d\u0430\u0441\u043e\u043b\u043e\u0434\u0438\u0442\u0438\u0441\u044f \u043f\u0440\u0438\u043d\u0430\u0434\u0430\u043c\u0438 \u0434\u043e\u043c\u0430\u0448\u043d\u044c\u043e\u0457 \u043a\u0443\u0445\u043d\u0456, \u043d\u0435 \u043f\u0440\u043e\u0432\u043e\u0434\u044f\u0447\u0438 \u0433\u043e\u0434\u0438\u043d\u0438 \u0431\u0456\u043b\u044f \u043f\u043b\u0438\u0442\u0438. \u042f\u043a\u0430 \u043c\u043e\u044f \u043c\u0435\u0442\u0430? \u041f\u043e\u043a\u0430\u0437\u0430\u0442\u0438 \u0432\u0430\u043c, \u0449\u043e \u0437\u0430 \u0434\u043e\u043f\u043e\u043c\u043e\u0433\u043e\u044e \u0444\u0440\u0438\u0442\u044e\u0440\u043d\u0438\u0446\u0456 Air Fryer \u043c\u043e\u0436\u043d\u0430 \u043f\u0435\u0440\u0435\u0442\u0432\u043e\u0440\u0438\u0442\u0438 \u043a\u043e\u0436\u043d\u0443 \u0442\u0440\u0430\u043f\u0435\u0437\u0443 \u043d\u0430 \u0441\u043f\u0440\u0430\u0432\u0436\u043d\u0454 \u0437\u0430\u0434\u043e\u0432\u043e\u043b\u0435\u043d\u043d\u044f!","sameAs":["https:\/\/air-fryer-ninja.fr"],"url":"https:\/\/air-fryer-ninja.fr\/uk\/author\/a1rdy\/"}]}},"_links":{"self":[{"href":"https:\/\/air-fryer-ninja.fr\/uk\/wp-json\/wp\/v2\/posts\/2556","targetHints":{"allow":["GET"]}}],"collection":[{"href":"https:\/\/air-fryer-ninja.fr\/uk\/wp-json\/wp\/v2\/posts"}],"about":[{"href":"https:\/\/air-fryer-ninja.fr\/uk\/wp-json\/wp\/v2\/types\/post"}],"author":[{"embeddable":true,"href":"https:\/\/air-fryer-ninja.fr\/uk\/wp-json\/wp\/v2\/users\/1"}],"replies":[{"embeddable":true,"href":"https:\/\/air-fryer-ninja.fr\/uk\/wp-json\/wp\/v2\/comments?post=2556"}],"version-history":[{"count":2,"href":"https:\/\/air-fryer-ninja.fr\/uk\/wp-json\/wp\/v2\/posts\/2556\/revisions"}],"predecessor-version":[{"id":2989,"href":"https:\/\/air-fryer-ninja.fr\/uk\/wp-json\/wp\/v2\/posts\/2556\/revisions\/2989"}],"wp:featuredmedia":[{"embeddable":true,"href":"https:\/\/air-fryer-ninja.fr\/uk\/wp-json\/wp\/v2\/media\/2557"}],"wp:attachment":[{"href":"https:\/\/air-fryer-ninja.fr\/uk\/wp-json\/wp\/v2\/media?parent=2556"}],"wp:term":[{"taxonomy":"category","embeddable":true,"href":"https:\/\/air-fryer-ninja.fr\/uk\/wp-json\/wp\/v2\/categories?post=2556"},{"taxonomy":"post_tag","embeddable":true,"href":"https:\/\/air-fryer-ninja.fr\/uk\/wp-json\/wp\/v2\/tags?post=2556"}],"curies":[{"name":"wp","href":"https:\/\/api.w.org\/{rel}","templated":true}]}}