{"id":2556,"date":"2024-11-24T15:32:15","date_gmt":"2024-11-24T15:32:15","guid":{"rendered":"https:\/\/air-fryer-ninja.fr\/?p=2556"},"modified":"2025-01-06T20:13:41","modified_gmt":"2025-01-06T20:13:41","slug":"hava-fritozu-muzlu-ekmek-tarifi","status":"publish","type":"post","link":"https:\/\/air-fryer-ninja.fr\/tr\/hava-fritozu-muzlu-ekmek-tarifi\/","title":{"rendered":"Haval\u0131 Frit\u00f6zde Muzlu Ekmek Tarifi"},"content":{"rendered":"<p>Muzlu ekmek, t\u00fcm d\u00fcnyadaki gurmelerin kalbini fethetmi\u015f bir Amerikan klasi\u011fidir. K\u00f6keni 1930'lara kadar uzan\u0131r, ilk kez yemek kitaplar\u0131nda yer alm\u0131\u015f ve fazla olgunla\u015fm\u0131\u015f muzlar\u0131 ziyan etmeme ihtiyac\u0131yla pop\u00fclerle\u015fmi\u015ftir. Hava Frit\u00f6z\u00fc gibi modern pi\u015firme cihazlar\u0131n\u0131n ortaya \u00e7\u0131kmas\u0131yla, haz\u0131rlanmas\u0131 daha da basit ve h\u0131zl\u0131 hale gelmi\u015ftir. Bu yumu\u015fak, lezzetli tatl\u0131 kahvalt\u0131 veya at\u0131\u015ft\u0131rmal\u0131k i\u00e7in m\u00fckemmeldir ve benzersiz hale getirmek i\u00e7in \u00e7e\u015fitli malzemelerle ki\u015fiselle\u015ftirilebilir.<\/p>\n<h2>4 ki\u015fi i\u00e7in malzemeler<\/h2>\n<ul>\n<li>4 olgun muz (yakla\u015f\u0131k 1,2 kg)<\/li>\n<li>150 g \u015feker<\/li>\n<li>100 g tereya\u011f\u0131, yumu\u015fat\u0131lm\u0131\u015f<\/li>\n<li>2 yumurta<\/li>\n<li>200 g un<\/li>\n<li>1 po\u015fet kabartma tozu (yakla\u015f\u0131k 10 g)<\/li>\n<li>1 tutam tuz<\/li>\n<li>1 \u00e7ay ka\u015f\u0131\u011f\u0131 vanilya \u00f6z\u00fct\u00fc<\/li>\n<li>100 g ceviz (iste\u011fe ba\u011fl\u0131)<\/li>\n<\/ul>\n<h2>Haz\u0131rl\u0131k a\u015famalar\u0131<\/h2>\n<ul>\n<li><strong>Muzlar\u0131n haz\u0131rlanmas\u0131<\/strong> B\u00fcy\u00fck bir kapta muzlar\u0131 p\u00fcr\u00fczs\u00fcz olana kadar \u00e7atalla ezin.<\/li>\n<li><strong>Islak malzemelerin kar\u0131\u015ft\u0131r\u0131lmas\u0131<\/strong> Yumu\u015fat\u0131lm\u0131\u015f tereya\u011f\u0131 ve \u015fekeri muz p\u00fcresine ekleyin. P\u00fcr\u00fczs\u00fcz olana kadar iyice kar\u0131\u015ft\u0131r\u0131n.<\/li>\n<li><strong>Yumurta ekleme<\/strong> Yumurtalar\u0131 teker teker ekleyin ve her eklemeden sonra iyice kar\u0131\u015ft\u0131r\u0131n. Vanilya \u00f6z\u00fct\u00fcn\u00fc ekleyin.<\/li>\n<li><strong>Kuru malzemelerin birle\u015ftirilmesi<\/strong> Ayr\u0131 bir kapta un, kabartma tozu ve tuzu kar\u0131\u015ft\u0131r\u0131n. Bu kar\u0131\u015f\u0131m\u0131 \u0131slak malzemelere ekleyin ve p\u00fcr\u00fczs\u00fcz olana kadar kar\u0131\u015ft\u0131r\u0131n. Dilerseniz bu a\u015famada cevizleri de ekleyin.<\/li>\n<li><strong>Hava Frit\u00f6z\u00fcn\u00fcn Haz\u0131rlanmas\u0131<\/strong> Hava Frit\u00f6z\u00fcn\u00fcz\u00fc 160\u00b0C'de 5 dakika \u00f6nceden \u0131s\u0131t\u0131n.<\/li>\n<li><strong>Kal\u0131b\u0131n haz\u0131rlanmas\u0131<\/strong> Hava Frit\u00f6z\u00fcn\u00fcze uygun bir kal\u0131b\u0131 biraz tereya\u011f\u0131 veya ya\u011fl\u0131 ka\u011f\u0131t ile ya\u011flay\u0131n.<\/li>\n<li><strong>Yemek pi\u015firme<\/strong> Hamuru kal\u0131ba d\u00f6k\u00fcn ve Hava Frit\u00f6z\u00fcne yerle\u015ftirin. Yakla\u015f\u0131k 30 ila 35 dakika veya ortas\u0131na yerle\u015ftirilen bir b\u0131\u00e7ak temiz \u00e7\u0131kana kadar pi\u015firin.<\/li>\n<li><strong>So\u011futma<\/strong> Pi\u015ftikten sonra kal\u0131b\u0131 Hava Frit\u00f6z\u00fcnden \u00e7\u0131kar\u0131n ve kal\u0131ptan \u00e7\u0131karmadan \u00f6nce 10 dakika so\u011fumaya b\u0131rak\u0131n. Kesmeden \u00f6nce bir tel \u0131zgara \u00fczerinde tamamen so\u011fumaya b\u0131rak\u0131n.<\/li>\n<\/ul>\n<h2>Tavsiye edilen \u015faraplar<\/h2>\n<p>Muzlu ekme\u011finize e\u015flik etmesi i\u00e7in Muscat veya Sauternes gibi tatl\u0131 bir \u015farap harikalar yaratabilir. Beyaz \u015farap tercih ediyorsan\u0131z, hafif me\u015feli bir Chardonnay de muzlu ekme\u011fin tatl\u0131 aromalar\u0131yla iyi uyum sa\u011flayacakt\u0131r.<\/p>\n<h2>Olas\u0131 varyasyonlar<\/h2>\n<p>Muzlu ekme\u011fin bir\u00e7ok \u00e7e\u015fidi vard\u0131r. Daha da ho\u015f bir tat i\u00e7in \u00e7ikolata par\u00e7alar\u0131 ekleyebilir veya farkl\u0131 bir doku i\u00e7in f\u0131nd\u0131klar\u0131 ceviz veya badem ile de\u011fi\u015ftirebilirsiniz. Daha sa\u011fl\u0131kl\u0131 bir versiyon i\u00e7in kepekli un kullanabilir ve tar\u00e7\u0131n ya da muskat gibi baharatlar ekleyerek \u015feker miktar\u0131n\u0131 azaltabilirsiniz.<\/p>\n<h2>\u015eefin k\u00fc\u00e7\u00fck ipu\u00e7lar\u0131<\/h2>\n<p>Muzlu ekme\u011finizin ba\u015far\u0131l\u0131 olmas\u0131 i\u00e7in muzlar\u0131n olgun oldu\u011fundan emin olun, \u00e7\u00fcnk\u00fc gerekli tatl\u0131l\u0131\u011f\u0131 ve lezzeti katarlar. Unu ekledikten sonra hamuru \u00e7ok uzun s\u00fcre kar\u0131\u015ft\u0131rmay\u0131n, \u00e7\u00fcnk\u00fc bu ekme\u011fi yo\u011fun hale getirebilir. Pi\u015fip pi\u015fmedi\u011fini kontrol etmek i\u00e7in b\u0131\u00e7ak testi yapmaktan \u00e7ekinmeyin: temiz \u00e7\u0131kmal\u0131d\u0131r. Son olarak, par\u00e7alanmas\u0131n\u0131 \u00f6nlemek i\u00e7in kesmeden \u00f6nce ekme\u011fi tamamen so\u011fumaya b\u0131rak\u0131n. Afiyet olsun!<\/p>","protected":false},"excerpt":{"rendered":"<p>Le pain \u00e0 la banane est un classique am\u00e9ricain qui a su conqu\u00e9rir le c\u0153ur de nombreux gourmands \u00e0 travers le monde. Son origine remonte aux ann\u00e9es 1930, lorsqu&rsquo;il est apparu dans des livres de cuisine, popularis\u00e9 par la n\u00e9cessit\u00e9 de ne pas gaspiller les bananes trop m\u00fbres. Avec l&rsquo;av\u00e8nement des appareils de cuisson modernes, [&hellip;]<\/p>","protected":false},"author":1,"featured_media":2557,"comment_status":"open","ping_status":"open","sticky":false,"template":"","format":"standard","meta":{"wprm-recipe-roundup-name":"","wprm-recipe-roundup-description":"","footnotes":""},"categories":[31],"tags":[],"class_list":["post-2556","post","type-post","status-publish","format-standard","has-post-thumbnail","hentry","category-dessert"],"yoast_head":"<!-- This site is optimized with the Yoast SEO plugin v27.5 - https:\/\/yoast.com\/product\/yoast-seo-wordpress\/ -->\n<title>Recette de pain \u00e0 la banane au Air Fryer - Air fryer ninja Recettes<\/title>\n<meta name=\"robots\" content=\"index, follow, max-snippet:-1, max-image-preview:large, max-video-preview:-1\" \/>\n<link rel=\"canonical\" href=\"https:\/\/air-fryer-ninja.fr\/tr\/hava-fritozu-muzlu-ekmek-tarifi\/\" \/>\n<meta property=\"og:locale\" content=\"tr_TR\" \/>\n<meta property=\"og:type\" content=\"article\" \/>\n<meta property=\"og:title\" content=\"Recette de pain \u00e0 la banane au Air Fryer - Air fryer ninja Recettes\" \/>\n<meta property=\"og:description\" content=\"Le pain \u00e0 la banane est un classique am\u00e9ricain qui a su conqu\u00e9rir le c\u0153ur de nombreux gourmands \u00e0 travers le monde. Son origine remonte aux ann\u00e9es 1930, lorsqu&rsquo;il est apparu dans des livres de cuisine, popularis\u00e9 par la n\u00e9cessit\u00e9 de ne pas gaspiller les bananes trop m\u00fbres. Avec l&rsquo;av\u00e8nement des appareils de cuisson modernes, [&hellip;]\" \/>\n<meta property=\"og:url\" content=\"https:\/\/air-fryer-ninja.fr\/tr\/hava-fritozu-muzlu-ekmek-tarifi\/\" \/>\n<meta property=\"og:site_name\" content=\"Air fryer ninja Recettes\" \/>\n<meta property=\"article:published_time\" content=\"2024-11-24T15:32:15+00:00\" \/>\n<meta property=\"article:modified_time\" content=\"2025-01-06T20:13:41+00:00\" \/>\n<meta property=\"og:image\" content=\"https:\/\/air-fryer-ninja.fr\/wp-content\/uploads\/2024\/11\/recette-de-pain-a-la-banane-au-air-fryer_1_0_33822-3.webp-3.webp\" \/>\n\t<meta property=\"og:image:width\" content=\"1456\" \/>\n\t<meta property=\"og:image:height\" content=\"816\" \/>\n\t<meta property=\"og:image:type\" content=\"image\/webp\" \/>\n<meta name=\"author\" content=\"Stephy\" \/>\n<meta name=\"twitter:card\" content=\"summary_large_image\" \/>\n<meta name=\"twitter:label1\" content=\"Yazan:\" \/>\n\t<meta name=\"twitter:data1\" content=\"Stephy\" \/>\n\t<meta name=\"twitter:label2\" content=\"Tahmini okuma s\u00fcresi\" \/>\n\t<meta name=\"twitter:data2\" content=\"3 dakika\" \/>\n<!-- \/ Yoast SEO plugin. -->","yoast_head_json":{"title":"Recette de pain \u00e0 la banane au Air Fryer - Air fryer ninja Recettes","robots":{"index":"index","follow":"follow","max-snippet":"max-snippet:-1","max-image-preview":"max-image-preview:large","max-video-preview":"max-video-preview:-1"},"canonical":"https:\/\/air-fryer-ninja.fr\/tr\/hava-fritozu-muzlu-ekmek-tarifi\/","og_locale":"tr_TR","og_type":"article","og_title":"Recette de pain \u00e0 la banane au Air Fryer - Air fryer ninja Recettes","og_description":"Le pain \u00e0 la banane est un classique am\u00e9ricain qui a su conqu\u00e9rir le c\u0153ur de nombreux gourmands \u00e0 travers le monde. Son origine remonte aux ann\u00e9es 1930, lorsqu&rsquo;il est apparu dans des livres de cuisine, popularis\u00e9 par la n\u00e9cessit\u00e9 de ne pas gaspiller les bananes trop m\u00fbres. Avec l&rsquo;av\u00e8nement des appareils de cuisson modernes, [&hellip;]","og_url":"https:\/\/air-fryer-ninja.fr\/tr\/hava-fritozu-muzlu-ekmek-tarifi\/","og_site_name":"Air fryer ninja Recettes","article_published_time":"2024-11-24T15:32:15+00:00","article_modified_time":"2025-01-06T20:13:41+00:00","og_image":[{"width":1456,"height":816,"url":"https:\/\/air-fryer-ninja.fr\/wp-content\/uploads\/2024\/11\/recette-de-pain-a-la-banane-au-air-fryer_1_0_33822-3.webp-3.webp","type":"image\/webp"}],"author":"Stephy","twitter_card":"summary_large_image","twitter_misc":{"Yazan:":"Stephy","Tahmini okuma s\u00fcresi":"3 dakika"},"schema":{"@context":"https:\/\/schema.org","@graph":[{"@type":"Article","@id":"https:\/\/air-fryer-ninja.fr\/recette-de-pain-a-la-banane-au-air-fryer\/#article","isPartOf":{"@id":"https:\/\/air-fryer-ninja.fr\/recette-de-pain-a-la-banane-au-air-fryer\/"},"author":{"name":"Stephy","@id":"https:\/\/air-fryer-ninja.fr\/#\/schema\/person\/31ca83cb1c8812323af9097575aa686b"},"headline":"Recette de pain \u00e0 la banane au Air Fryer","datePublished":"2024-11-24T15:32:15+00:00","dateModified":"2025-01-06T20:13:41+00:00","mainEntityOfPage":{"@id":"https:\/\/air-fryer-ninja.fr\/recette-de-pain-a-la-banane-au-air-fryer\/"},"wordCount":589,"commentCount":0,"publisher":{"@id":"https:\/\/air-fryer-ninja.fr\/#organization"},"image":{"@id":"https:\/\/air-fryer-ninja.fr\/recette-de-pain-a-la-banane-au-air-fryer\/#primaryimage"},"thumbnailUrl":"https:\/\/air-fryer-ninja.fr\/wp-content\/uploads\/2024\/11\/recette-de-pain-a-la-banane-au-air-fryer_1_0_33822-3.webp-3.webp","articleSection":["Dessert"],"inLanguage":"tr","potentialAction":[{"@type":"CommentAction","name":"Comment","target":["https:\/\/air-fryer-ninja.fr\/recette-de-pain-a-la-banane-au-air-fryer\/#respond"]}]},{"@type":"WebPage","@id":"https:\/\/air-fryer-ninja.fr\/recette-de-pain-a-la-banane-au-air-fryer\/","url":"https:\/\/air-fryer-ninja.fr\/recette-de-pain-a-la-banane-au-air-fryer\/","name":"Recette de pain \u00e0 la banane au Air Fryer - Air fryer ninja Recettes","isPartOf":{"@id":"https:\/\/air-fryer-ninja.fr\/#website"},"primaryImageOfPage":{"@id":"https:\/\/air-fryer-ninja.fr\/recette-de-pain-a-la-banane-au-air-fryer\/#primaryimage"},"image":{"@id":"https:\/\/air-fryer-ninja.fr\/recette-de-pain-a-la-banane-au-air-fryer\/#primaryimage"},"thumbnailUrl":"https:\/\/air-fryer-ninja.fr\/wp-content\/uploads\/2024\/11\/recette-de-pain-a-la-banane-au-air-fryer_1_0_33822-3.webp-3.webp","datePublished":"2024-11-24T15:32:15+00:00","dateModified":"2025-01-06T20:13:41+00:00","breadcrumb":{"@id":"https:\/\/air-fryer-ninja.fr\/recette-de-pain-a-la-banane-au-air-fryer\/#breadcrumb"},"inLanguage":"tr","potentialAction":[{"@type":"ReadAction","target":["https:\/\/air-fryer-ninja.fr\/recette-de-pain-a-la-banane-au-air-fryer\/"]}]},{"@type":"ImageObject","inLanguage":"tr","@id":"https:\/\/air-fryer-ninja.fr\/recette-de-pain-a-la-banane-au-air-fryer\/#primaryimage","url":"https:\/\/air-fryer-ninja.fr\/wp-content\/uploads\/2024\/11\/recette-de-pain-a-la-banane-au-air-fryer_1_0_33822-3.webp-3.webp","contentUrl":"https:\/\/air-fryer-ninja.fr\/wp-content\/uploads\/2024\/11\/recette-de-pain-a-la-banane-au-air-fryer_1_0_33822-3.webp-3.webp","width":1456,"height":816},{"@type":"BreadcrumbList","@id":"https:\/\/air-fryer-ninja.fr\/recette-de-pain-a-la-banane-au-air-fryer\/#breadcrumb","itemListElement":[{"@type":"ListItem","position":1,"name":"Recette Air Fryer","item":"https:\/\/air-fryer-ninja.fr\/"},{"@type":"ListItem","position":2,"name":"Recette de pain \u00e0 la banane au Air Fryer"}]},{"@type":"WebSite","@id":"https:\/\/air-fryer-ninja.fr\/#website","url":"https:\/\/air-fryer-ninja.fr\/","name":"Hava frit\u00f6z\u00fc ninja","description":"Hava frit\u00f6z\u00fc ninja tarif blogu","publisher":{"@id":"https:\/\/air-fryer-ninja.fr\/#organization"},"potentialAction":[{"@type":"SearchAction","target":{"@type":"EntryPoint","urlTemplate":"https:\/\/air-fryer-ninja.fr\/?s={search_term_string}"},"query-input":{"@type":"PropertyValueSpecification","valueRequired":true,"valueName":"search_term_string"}}],"inLanguage":"tr"},{"@type":"Organization","@id":"https:\/\/air-fryer-ninja.fr\/#organization","name":"Hava frit\u00f6z\u00fc ninja","url":"https:\/\/air-fryer-ninja.fr\/","logo":{"@type":"ImageObject","inLanguage":"tr","@id":"https:\/\/air-fryer-ninja.fr\/#\/schema\/logo\/image\/","url":"https:\/\/air-fryer-ninja.fr\/wp-content\/uploads\/2022\/09\/air-fryer-ninja.png","contentUrl":"https:\/\/air-fryer-ninja.fr\/wp-content\/uploads\/2022\/09\/air-fryer-ninja.png","width":500,"height":90,"caption":"Air fryer ninja"},"image":{"@id":"https:\/\/air-fryer-ninja.fr\/#\/schema\/logo\/image\/"}},{"@type":"Person","@id":"https:\/\/air-fryer-ninja.fr\/#\/schema\/person\/31ca83cb1c8812323af9097575aa686b","name":"Stephy","image":{"@type":"ImageObject","inLanguage":"tr","@id":"https:\/\/air-fryer-ninja.fr\/wp-content\/uploads\/2024\/11\/cropped-Untitled-design-2024-11-04T123927.617-96x96.jpg","url":"https:\/\/air-fryer-ninja.fr\/wp-content\/uploads\/2024\/11\/cropped-Untitled-design-2024-11-04T123927.617-96x96.jpg","contentUrl":"https:\/\/air-fryer-ninja.fr\/wp-content\/uploads\/2024\/11\/cropped-Untitled-design-2024-11-04T123927.617-96x96.jpg","caption":"Stephy"},"description":"Ben Stephy, yemek pi\u015firme tutkusu olan bir ev han\u0131m\u0131y\u0131m! Air Fryer'\u0131 ke\u015ffetti\u011fimden beri, lezzetli, yap\u0131m\u0131 kolay tarifler yaratmak i\u00e7in ideal arkada\u015f\u0131m oldu. Ailemi \u015fa\u015f\u0131rtan ve memnun eden yemekleri denemeyi ve icat etmeyi seviyorum. Burada, oca\u011f\u0131n ba\u015f\u0131nda saatler ge\u00e7irmeden ev yemeklerinin tad\u0131n\u0131 \u00e7\u0131karman\u0131za yard\u0131mc\u0131 olmak i\u00e7in en iyi ipu\u00e7lar\u0131m\u0131 ve favori tariflerimi payla\u015f\u0131yorum. Amac\u0131m ne mi? Biraz yarat\u0131c\u0131l\u0131kla Air Fryer'\u0131n her yeme\u011fi ger\u00e7ek bir keyfe d\u00f6n\u00fc\u015ft\u00fcrebilece\u011fini g\u00f6stermek!","sameAs":["https:\/\/air-fryer-ninja.fr"],"url":"https:\/\/air-fryer-ninja.fr\/tr\/author\/a1rdy\/"}]}},"_links":{"self":[{"href":"https:\/\/air-fryer-ninja.fr\/tr\/wp-json\/wp\/v2\/posts\/2556","targetHints":{"allow":["GET"]}}],"collection":[{"href":"https:\/\/air-fryer-ninja.fr\/tr\/wp-json\/wp\/v2\/posts"}],"about":[{"href":"https:\/\/air-fryer-ninja.fr\/tr\/wp-json\/wp\/v2\/types\/post"}],"author":[{"embeddable":true,"href":"https:\/\/air-fryer-ninja.fr\/tr\/wp-json\/wp\/v2\/users\/1"}],"replies":[{"embeddable":true,"href":"https:\/\/air-fryer-ninja.fr\/tr\/wp-json\/wp\/v2\/comments?post=2556"}],"version-history":[{"count":2,"href":"https:\/\/air-fryer-ninja.fr\/tr\/wp-json\/wp\/v2\/posts\/2556\/revisions"}],"predecessor-version":[{"id":2989,"href":"https:\/\/air-fryer-ninja.fr\/tr\/wp-json\/wp\/v2\/posts\/2556\/revisions\/2989"}],"wp:featuredmedia":[{"embeddable":true,"href":"https:\/\/air-fryer-ninja.fr\/tr\/wp-json\/wp\/v2\/media\/2557"}],"wp:attachment":[{"href":"https:\/\/air-fryer-ninja.fr\/tr\/wp-json\/wp\/v2\/media?parent=2556"}],"wp:term":[{"taxonomy":"category","embeddable":true,"href":"https:\/\/air-fryer-ninja.fr\/tr\/wp-json\/wp\/v2\/categories?post=2556"},{"taxonomy":"post_tag","embeddable":true,"href":"https:\/\/air-fryer-ninja.fr\/tr\/wp-json\/wp\/v2\/tags?post=2556"}],"curies":[{"name":"wp","href":"https:\/\/api.w.org\/{rel}","templated":true}]}}