{"id":1343,"date":"2023-08-16T16:57:00","date_gmt":"2023-08-16T16:57:00","guid":{"rendered":"https:\/\/air-fryer-ninja.fr\/?p=1343"},"modified":"2025-09-08T09:06:31","modified_gmt":"2025-09-08T09:06:31","slug":"recette-legumes-au-air-fryer","status":"publish","type":"post","link":"https:\/\/air-fryer-ninja.fr\/sl\/recette-legumes-au-air-fryer\/","title":{"rendered":"Recette de L\u00e9gumes M\u00e9diterran\u00e9ens R\u00f4tis \u00e0 l&rsquo;Air Fryer"},"content":{"rendered":"<h2 class=\"wp-block-heading\">Les saveurs du soleil avec courgettes, aubergines et poivrons grill\u00e9s sans huile<\/h2>\n\n\n\n<p>D\u00e9couvrez comment r\u00e9aliser de d\u00e9licieux <strong>l\u00e9gumes m\u00e9diterran\u00e9ens r\u00f4tis \u00e0 l&rsquo;Air Fryer<\/strong> ! Cette <strong>recette de l\u00e9gumes du soleil<\/strong> capture toutes les saveurs estivales de la M\u00e9diterran\u00e9e gr\u00e2ce \u00e0 la <strong>cuisson Air Fryer moderne<\/strong>, pour des l\u00e9gumes croustillants et savoureux.<\/p>\n\n\n\n<h3 class=\"wp-block-heading\">Ingr\u00e9dients pour 4-6 personnes<\/h3>\n\n\n\n<p><strong>Pour les l\u00e9gumes m\u00e9diterran\u00e9ens :<\/strong><\/p>\n\n\n\n<ul class=\"wp-block-list\">\n<li>2 courgettes moyennes<\/li>\n\n\n\n<li>1 grosse aubergine<\/li>\n\n\n\n<li>1 poivron rouge<\/li>\n\n\n\n<li>1 poivron jaune<\/li>\n\n\n\n<li>1 oignon rouge<\/li>\n\n\n\n<li>200g de tomates cerises<\/li>\n\n\n\n<li>3 gousses d&rsquo;ail<\/li>\n<\/ul>\n\n\n\n<p><strong>Pour l&rsquo;assaisonnement m\u00e9diterran\u00e9en :<\/strong><\/p>\n\n\n\n<ul class=\"wp-block-list\">\n<li>4 cuill\u00e8res \u00e0 soupe d&rsquo;huile d&rsquo;olive extra vierge<\/li>\n\n\n\n<li>2 cuill\u00e8res \u00e0 caf\u00e9 d&rsquo;herbes de Provence<\/li>\n\n\n\n<li>1 cuill\u00e8re \u00e0 caf\u00e9 d&rsquo;origan s\u00e9ch\u00e9<\/li>\n\n\n\n<li>1 cuill\u00e8re \u00e0 soupe de thym frais<\/li>\n\n\n\n<li>1 cuill\u00e8re \u00e0 soupe de basilic frais cisel\u00e9<\/li>\n\n\n\n<li>Sel de mer et poivre noir du moulin<\/li>\n\n\n\n<li>1 cuill\u00e8re \u00e0 caf\u00e9 de paprika doux<\/li>\n<\/ul>\n\n\n\n<p><strong>Pour la finition (optionnel) :<\/strong><\/p>\n\n\n\n<ul class=\"wp-block-list\">\n<li>50g de parmesan r\u00e2p\u00e9<\/li>\n\n\n\n<li>2 cuill\u00e8res \u00e0 soupe de vinaigre balsamique<\/li>\n\n\n\n<li>Quelques feuilles de basilic frais<\/li>\n\n\n\n<li>Pignons de pin grill\u00e9s<\/li>\n<\/ul>\n\n\n\n<h3 class=\"wp-block-heading\">Mat\u00e9riel n\u00e9cessaire<\/h3>\n\n\n\n<ul class=\"wp-block-list\">\n<li>Air Fryer \/ Friteuse \u00e0 air<\/li>\n\n\n\n<li>Grille Air Fryer (pour \u00e9viter la cuisson dans le jus)<\/li>\n\n\n\n<li>Papier sulfuris\u00e9 perfor\u00e9 (optionnel)<\/li>\n\n\n\n<li>Grand saladier de m\u00e9lange<\/li>\n\n\n\n<li>Spatule en silicone<\/li>\n<\/ul>\n\n\n\n<h2 class=\"wp-block-heading\">Pr\u00e9paration des l\u00e9gumes m\u00e9diterran\u00e9ens<\/h2>\n\n\n\n<h3 class=\"wp-block-heading\">\u00c9tape 1 : Pr\u00e9paration et d\u00e9coupe<\/h3>\n\n\n\n<ol class=\"wp-block-list\">\n<li><strong>Pr\u00e9paration des aubergines<\/strong> : Lavez et coupez l&rsquo;aubergine en cubes de 2-3cm. Salez g\u00e9n\u00e9reusement et laissez d\u00e9gorger 30 minutes dans une passoire pour \u00e9liminer l&rsquo;amertume.<\/li>\n\n\n\n<li><strong>D\u00e9coupe des courgettes<\/strong> : Lavez et coupez les courgettes en rondelles de 1cm d&rsquo;\u00e9paisseur ou en demi-lunes.<\/li>\n\n\n\n<li><strong>Pr\u00e9paration des poivrons<\/strong> : \u00c9p\u00e9pinez et coupez les poivrons en lamelles r\u00e9guli\u00e8res de 2cm de large.<\/li>\n\n\n\n<li><strong>Autres l\u00e9gumes<\/strong> : \u00c9pluchez et \u00e9mincez l&rsquo;oignon rouge en demi-lunes. Coupez les tomates cerises en deux. \u00c9mincez l&rsquo;ail finement.<\/li>\n\n\n\n<li><strong>Rin\u00e7age des aubergines<\/strong> : Apr\u00e8s 30 minutes, rincez abondamment les aubergines et s\u00e9chez-les soigneusement avec un torchon propre.<\/li>\n<\/ol>\n\n\n\n<h3 class=\"wp-block-heading\">\u00c9tape 2 : Assaisonnement m\u00e9diterran\u00e9en<\/h3>\n\n\n\n<ol start=\"6\" class=\"wp-block-list\">\n<li><strong>M\u00e9lange des \u00e9pices<\/strong> : Dans un grand saladier, m\u00e9langez l&rsquo;huile d&rsquo;olive, les herbes de Provence, l&rsquo;origan, le thym, le sel, le poivre et le paprika.<\/li>\n\n\n\n<li><strong>Enrobage des l\u00e9gumes<\/strong> : Ajoutez tous les l\u00e9gumes pr\u00e9par\u00e9s dans le saladier et m\u00e9langez d\u00e9licatement avec vos mains pour bien les enrober d&rsquo;assaisonnement.<\/li>\n\n\n\n<li><strong>Marinade express<\/strong> : Laissez mariner 10 minutes \u00e0 temp\u00e9rature ambiante pour que les saveurs s&rsquo;impr\u00e8gnent.<\/li>\n<\/ol>\n\n\n\n<h2 class=\"wp-block-heading\">Cuisson Air Fryer optimis\u00e9e<\/h2>\n\n\n\n<h3 class=\"wp-block-heading\">\u00c9tape 3 : Configuration et cuisson<\/h3>\n\n\n\n<ol start=\"9\" class=\"wp-block-list\">\n<li><strong>Pr\u00e9chauffage<\/strong> : Pr\u00e9chauffez votre Air Fryer \u00e0 190\u00b0C (375\u00b0F) pendant 3 minutes.<\/li>\n\n\n\n<li><strong>Installation de la grille<\/strong> : Placez la grille dans le panier pour \u00e9viter que les l\u00e9gumes cuisent dans leur jus et obtenir l&rsquo;effet grill\u00e9.<\/li>\n\n\n\n<li><strong>Disposition des l\u00e9gumes<\/strong> : R\u00e9partissez les l\u00e9gumes en une seule couche autant que possible. Si n\u00e9cessaire, cuisez en plusieurs fourn\u00e9es.<\/li>\n\n\n\n<li><strong>Premi\u00e8re cuisson<\/strong> : Faites cuire pendant 15 minutes \u00e0 190\u00b0C.<\/li>\n\n\n\n<li><strong>Retournement<\/strong> : \u00c0 mi-cuisson (7-8 minutes), secouez d\u00e9licatement le panier ou m\u00e9langez avec une spatule pour assurer une cuisson uniforme.<\/li>\n<\/ol>\n\n\n\n<h3 class=\"wp-block-heading\">Param\u00e8tres de cuisson par l\u00e9gume :<\/h3>\n\n\n\n<ul class=\"wp-block-list\">\n<li><strong>Aubergines<\/strong> : 200\u00b0C pendant 15 minutes<\/li>\n\n\n\n<li><strong>Courgettes<\/strong> : 180\u00b0C pendant 10-12 minutes<\/li>\n\n\n\n<li><strong>Poivrons<\/strong> : 200\u00b0C pendant 12 minutes<\/li>\n\n\n\n<li><strong>Tomates cerises<\/strong> : 180\u00b0C pendant 8-10 minutes<\/li>\n<\/ul>\n\n\n\n<h2 class=\"wp-block-heading\">Finition m\u00e9diterran\u00e9enne<\/h2>\n\n\n\n<h3 class=\"wp-block-heading\">\u00c9tape 4 : Derni\u00e8res touches<\/h3>\n\n\n\n<ol start=\"14\" class=\"wp-block-list\">\n<li><strong>Test de cuisson<\/strong> : Les l\u00e9gumes doivent \u00eatre tendres \u00e0 l&rsquo;int\u00e9rieur et l\u00e9g\u00e8rement dor\u00e9s sur les bords.<\/li>\n\n\n\n<li><strong>Ajout du parmesan<\/strong> : Dans les 2 derni\u00e8res minutes, saupoudrez de parmesan r\u00e2p\u00e9 pour le faire fondre l\u00e9g\u00e8rement.<\/li>\n\n\n\n<li><strong>R\u00e9cup\u00e9ration du jus<\/strong> : Conservez le jus rendu sous la grille, il est d\u00e9licieux pour assaisonner !<\/li>\n<\/ol>\n\n\n\n<h2 class=\"wp-block-heading\">Conseils de r\u00e9ussite pour l\u00e9gumes parfaits<\/h2>\n\n\n\n<h3 class=\"wp-block-heading\">Astuces de chef m\u00e9diterran\u00e9en :<\/h3>\n\n\n\n<ul class=\"wp-block-list\">\n<li><strong>Taille uniforme<\/strong> : Coupez tous les l\u00e9gumes \u00e0 taille \u00e9gale pour une cuisson homog\u00e8ne<\/li>\n\n\n\n<li><strong>Pas de surcharge<\/strong> : Ne remplissez pas trop le panier, l&rsquo;air doit circuler librement<\/li>\n\n\n\n<li><strong>Grille indispensable<\/strong> : Sans grille, les l\u00e9gumes cuiront dans leur jus au lieu de griller<\/li>\n\n\n\n<li><strong>Surveillance active<\/strong> : V\u00e9rifiez et m\u00e9langez r\u00e9guli\u00e8rement toutes les 5 minutes<\/li>\n<\/ul>\n\n\n\n<h3 class=\"wp-block-heading\">Techniques de pr\u00e9paration avanc\u00e9es :<\/h3>\n\n\n\n<ul class=\"wp-block-list\">\n<li><strong>D\u00e9gorgeage des aubergines<\/strong> : \u00c9tape cruciale pour \u00e9liminer l&rsquo;amertume et obtenir une meilleure texture<\/li>\n\n\n\n<li><strong>S\u00e9chage important<\/strong> : S\u00e9chez soigneusement tous les l\u00e9gumes pour un maximum de croustillant<\/li>\n\n\n\n<li><strong>Marinade courte<\/strong> : 10 minutes suffisent pour impr\u00e9gner les saveurs sans ramollir<\/li>\n<\/ul>\n\n\n\n<h2 class=\"wp-block-heading\">Variantes m\u00e9diterran\u00e9ennes<\/h2>\n\n\n\n<h3 class=\"wp-block-heading\">Variante \u00e0 l&rsquo;ail et aux herbes :<\/h3>\n\n\n\n<ul class=\"wp-block-list\">\n<li>Ajoutez 2 cuill\u00e8res \u00e0 soupe d&rsquo;ail hach\u00e9 frais<\/li>\n\n\n\n<li>Incorporez du romarin et de la sauge fra\u00eeche<\/li>\n\n\n\n<li>Finition avec du zeste de citron<\/li>\n<\/ul>\n\n\n\n<h3 class=\"wp-block-heading\">Variante piquante :<\/h3>\n\n\n\n<ul class=\"wp-block-list\">\n<li>Ajoutez 1 cuill\u00e8re \u00e0 caf\u00e9 de piment d&rsquo;Espelette<\/li>\n\n\n\n<li>Incorporez des flocons de piment rouge<\/li>\n\n\n\n<li>Finition avec quelques gouttes de sauce Tabasco<\/li>\n<\/ul>\n\n\n\n<h3 class=\"wp-block-heading\">Variante aux c\u00e2pres :<\/h3>\n\n\n\n<ul class=\"wp-block-list\">\n<li>Ajoutez 2 cuill\u00e8res \u00e0 soupe de c\u00e2pres \u00e9goutt\u00e9es<\/li>\n\n\n\n<li>Incorporez des olives noires d\u00e9noyaut\u00e9es<\/li>\n\n\n\n<li>Finition avec du vinaigre balsamique<\/li>\n<\/ul>\n\n\n\n<h2 class=\"wp-block-heading\">Accompagnements et service<\/h2>\n\n\n\n<h3 class=\"wp-block-heading\">Utilisations multiples :<\/h3>\n\n\n\n<ul class=\"wp-block-list\">\n<li><strong>Accompagnement<\/strong> : Parfait avec poissons grill\u00e9s, volailles ou viandes<\/li>\n\n\n\n<li><strong>Plat v\u00e9g\u00e9tarien<\/strong> : Servir sur quinoa, riz ou p\u00e2tes<\/li>\n\n\n\n<li><strong>Antipasti<\/strong> : En entr\u00e9e avec pain grill\u00e9 \u00e0 l&rsquo;ail<\/li>\n\n\n\n<li><strong>Salade ti\u00e8de<\/strong> : M\u00e9lang\u00e9 \u00e0 des p\u00e2tes courtes et feta<\/li>\n<\/ul>\n\n\n\n<h3 class=\"wp-block-heading\">Sauces d&rsquo;accompagnement :<\/h3>\n\n\n\n<ul class=\"wp-block-list\">\n<li><strong>Vinaigrette m\u00e9diterran\u00e9enne<\/strong> : Huile d&rsquo;olive, vinaigre balsamique, moutarde<\/li>\n\n\n\n<li><strong>Sauce au yaourt<\/strong> : Yaourt grec, ail, menthe fra\u00eeche, citron<\/li>\n\n\n\n<li><strong>Tapenade<\/strong> : Olives noires, anchois, c\u00e2pres<\/li>\n\n\n\n<li><strong>Houmous<\/strong> : Parfait pour tremper les l\u00e9gumes ti\u00e8des<\/li>\n<\/ul>\n\n\n\n<h2 class=\"wp-block-heading\">Conservation et r\u00e9chauffage<\/h2>\n\n\n\n<h3 class=\"wp-block-heading\">M\u00e9thodes de conservation :<\/h3>\n\n\n\n<ul class=\"wp-block-list\">\n<li><strong>R\u00e9frig\u00e9rateur<\/strong> : 3-4 jours dans un r\u00e9cipient herm\u00e9tique<\/li>\n\n\n\n<li><strong>Service froid<\/strong> : D\u00e9licieux en salade le lendemain<\/li>\n\n\n\n<li><strong>Cong\u00e9lation<\/strong> : Possible mais texture moins croustillante<\/li>\n<\/ul>\n\n\n\n<h3 class=\"wp-block-heading\">R\u00e9chauffage Air Fryer :<\/h3>\n\n\n\n<ul class=\"wp-block-list\">\n<li><strong>Temp\u00e9rature<\/strong> : 160\u00b0C pendant 3-5 minutes<\/li>\n\n\n\n<li><strong>Astuce fra\u00eecheur<\/strong> : Ajoutez du basilic frais et un filet d&rsquo;huile d&rsquo;olive<\/li>\n<\/ul>\n\n\n\n<h2 class=\"wp-block-heading\">Predlogi za predstavitev<\/h2>\n\n\n\n<h3 class=\"wp-block-heading\">Service traditionnel :<\/h3>\n\n\n\n<ol start=\"17\" class=\"wp-block-list\">\n<li><strong>Dressage<\/strong> : Disposez les l\u00e9gumes sur un grand plat de service.<\/li>\n\n\n\n<li><strong>Arrosage<\/strong> : Nappez avec le jus r\u00e9cup\u00e9r\u00e9 et un filet d&rsquo;huile d&rsquo;olive.<\/li>\n\n\n\n<li><strong>Garniture<\/strong> : Parsemez de basilic frais cisel\u00e9 et de pignons grill\u00e9s.<\/li>\n\n\n\n<li><strong>Finition<\/strong> : Quelques gouttes de vinaigre balsamique pour l&rsquo;acidit\u00e9.<\/li>\n<\/ol>\n\n\n\n<h2 class=\"wp-block-heading\">Avantages de la cuisson Air Fryer<\/h2>\n\n\n\n<p>Cette <strong>recette de l\u00e9gumes m\u00e9diterran\u00e9ens Air Fryer<\/strong> offre de nombreux b\u00e9n\u00e9fices :<\/p>\n\n\n\n<ul class=\"wp-block-list\">\n<li><strong>90% moins d&rsquo;huile<\/strong> que la cuisson traditionnelle au four<\/li>\n\n\n\n<li><strong>Cuisson rapide<\/strong> : 15 minutes contre 30-40 minutes au four<\/li>\n\n\n\n<li><strong>Texture optimale<\/strong> : Croustillant ext\u00e9rieur, tendre int\u00e9rieur<\/li>\n\n\n\n<li><strong>Saveurs concentr\u00e9es<\/strong> : La circulation d&rsquo;air intensifie les ar\u00f4mes<\/li>\n\n\n\n<li><strong>Facilit\u00e9<\/strong> : Pas de surveillance constante comme \u00e0 la po\u00eale<\/li>\n<\/ul>\n\n\n\n<h2 class=\"wp-block-heading\">Informations nutritionnelles<\/h2>\n\n\n\n<p><strong>Par portion (150g) :<\/strong><\/p>\n\n\n\n<ul class=\"wp-block-list\">\n<li>Calories : ~95 kcal<\/li>\n\n\n\n<li>Glucides : 12g<\/li>\n\n\n\n<li>Fibres : 5g<\/li>\n\n\n\n<li>Prot\u00e9ines : 3g<\/li>\n\n\n\n<li>Lipides : 5g<\/li>\n\n\n\n<li>Riche en vitamines A, C et antioxydants<\/li>\n<\/ul>\n\n\n\n<p>Cette <strong>recette authentique de l\u00e9gumes du soleil Air Fryer<\/strong> capture toute l&rsquo;essence de la cuisine m\u00e9diterran\u00e9enne dans une version moderne et saine !<\/p>\n\n\n\n<p><strong>Temps total<\/strong> : 1h (30 min pr\u00e9paration + 15 min cuisson + 15 min d\u00e9gorgeage) <strong>Difficult\u00e9<\/strong> : Facile <strong>Co\u00fbt<\/strong> : \u00c9conomique <strong>Saison<\/strong> : Id\u00e9al \u00e9t\u00e9, possible toute l&rsquo;ann\u00e9e<\/p>\n\n\n\n<p><\/p>","protected":false},"excerpt":{"rendered":"<p>Les saveurs du soleil avec courgettes, aubergines et poivrons grill\u00e9s sans huile D\u00e9couvrez comment r\u00e9aliser de d\u00e9licieux l\u00e9gumes m\u00e9diterran\u00e9ens r\u00f4tis \u00e0 l&rsquo;Air Fryer ! Cette recette de l\u00e9gumes du soleil capture toutes les saveurs estivales de la M\u00e9diterran\u00e9e gr\u00e2ce \u00e0 la cuisson Air Fryer moderne, pour des l\u00e9gumes croustillants et savoureux. Ingr\u00e9dients pour 4-6 personnes [&hellip;]<\/p>","protected":false},"author":1,"featured_media":2861,"comment_status":"open","ping_status":"open","sticky":false,"template":"","format":"standard","meta":{"wprm-recipe-roundup-name":"","wprm-recipe-roundup-description":"","footnotes":""},"categories":[30],"tags":[],"class_list":["post-1343","post","type-post","status-publish","format-standard","has-post-thumbnail","hentry","category-legumes"],"yoast_head":"<!-- This site is optimized with the Yoast SEO plugin v27.5 - https:\/\/yoast.com\/product\/yoast-seo-wordpress\/ -->\n<title>Recette de L\u00e9gumes M\u00e9diterran\u00e9ens R\u00f4tis \u00e0 l&#039;Air Fryer - Air fryer ninja Recettes<\/title>\n<meta name=\"robots\" content=\"index, follow, max-snippet:-1, max-image-preview:large, max-video-preview:-1\" \/>\n<link rel=\"canonical\" href=\"https:\/\/air-fryer-ninja.fr\/sl\/recette-legumes-au-air-fryer\/\" \/>\n<meta property=\"og:locale\" content=\"sl_SI\" \/>\n<meta property=\"og:type\" content=\"article\" \/>\n<meta property=\"og:title\" content=\"Recette de L\u00e9gumes M\u00e9diterran\u00e9ens R\u00f4tis \u00e0 l&#039;Air Fryer - Air fryer ninja Recettes\" \/>\n<meta property=\"og:description\" content=\"Les saveurs du soleil avec courgettes, aubergines et poivrons grill\u00e9s sans huile D\u00e9couvrez comment r\u00e9aliser de d\u00e9licieux l\u00e9gumes m\u00e9diterran\u00e9ens r\u00f4tis \u00e0 l&rsquo;Air Fryer ! Cette recette de l\u00e9gumes du soleil capture toutes les saveurs estivales de la M\u00e9diterran\u00e9e gr\u00e2ce \u00e0 la cuisson Air Fryer moderne, pour des l\u00e9gumes croustillants et savoureux. Ingr\u00e9dients pour 4-6 personnes [&hellip;]\" \/>\n<meta property=\"og:url\" content=\"https:\/\/air-fryer-ninja.fr\/sl\/recette-legumes-au-air-fryer\/\" \/>\n<meta property=\"og:site_name\" content=\"Air fryer ninja Recettes\" \/>\n<meta property=\"article:published_time\" content=\"2023-08-16T16:57:00+00:00\" \/>\n<meta property=\"article:modified_time\" content=\"2025-09-08T09:06:31+00:00\" \/>\n<meta property=\"og:image\" content=\"https:\/\/air-fryer-ninja.fr\/wp-content\/uploads\/2023\/08\/L\u201agumes-au-Air-Fryer-min.jpg\" \/>\n\t<meta property=\"og:image:width\" content=\"1456\" \/>\n\t<meta property=\"og:image:height\" content=\"816\" \/>\n\t<meta property=\"og:image:type\" content=\"image\/jpeg\" \/>\n<meta name=\"author\" content=\"Stephy\" \/>\n<meta name=\"twitter:card\" content=\"summary_large_image\" \/>\n<meta name=\"twitter:label1\" content=\"Written by\" \/>\n\t<meta name=\"twitter:data1\" content=\"Stephy\" \/>\n\t<meta name=\"twitter:label2\" content=\"Est. reading time\" \/>\n\t<meta name=\"twitter:data2\" content=\"6 minut\" \/>\n<!-- \/ Yoast SEO plugin. -->","yoast_head_json":{"title":"Recette de L\u00e9gumes M\u00e9diterran\u00e9ens R\u00f4tis \u00e0 l'Air Fryer - Air fryer ninja Recettes","robots":{"index":"index","follow":"follow","max-snippet":"max-snippet:-1","max-image-preview":"max-image-preview:large","max-video-preview":"max-video-preview:-1"},"canonical":"https:\/\/air-fryer-ninja.fr\/sl\/recette-legumes-au-air-fryer\/","og_locale":"sl_SI","og_type":"article","og_title":"Recette de L\u00e9gumes M\u00e9diterran\u00e9ens R\u00f4tis \u00e0 l'Air Fryer - Air fryer ninja Recettes","og_description":"Les saveurs du soleil avec courgettes, aubergines et poivrons grill\u00e9s sans huile D\u00e9couvrez comment r\u00e9aliser de d\u00e9licieux l\u00e9gumes m\u00e9diterran\u00e9ens r\u00f4tis \u00e0 l&rsquo;Air Fryer ! Cette recette de l\u00e9gumes du soleil capture toutes les saveurs estivales de la M\u00e9diterran\u00e9e gr\u00e2ce \u00e0 la cuisson Air Fryer moderne, pour des l\u00e9gumes croustillants et savoureux. Ingr\u00e9dients pour 4-6 personnes [&hellip;]","og_url":"https:\/\/air-fryer-ninja.fr\/sl\/recette-legumes-au-air-fryer\/","og_site_name":"Air fryer ninja Recettes","article_published_time":"2023-08-16T16:57:00+00:00","article_modified_time":"2025-09-08T09:06:31+00:00","og_image":[{"width":1456,"height":816,"url":"https:\/\/air-fryer-ninja.fr\/wp-content\/uploads\/2023\/08\/L\u201agumes-au-Air-Fryer-min.jpg","type":"image\/jpeg"}],"author":"Stephy","twitter_card":"summary_large_image","twitter_misc":{"Written by":"Stephy","Est. reading time":"6 minut"},"schema":{"@context":"https:\/\/schema.org","@graph":[{"@type":"Article","@id":"https:\/\/air-fryer-ninja.fr\/recette-legumes-au-air-fryer\/#article","isPartOf":{"@id":"https:\/\/air-fryer-ninja.fr\/recette-legumes-au-air-fryer\/"},"author":{"name":"Stephy","@id":"https:\/\/air-fryer-ninja.fr\/#\/schema\/person\/31ca83cb1c8812323af9097575aa686b"},"headline":"Recette de L\u00e9gumes M\u00e9diterran\u00e9ens R\u00f4tis \u00e0 l&rsquo;Air Fryer","datePublished":"2023-08-16T16:57:00+00:00","dateModified":"2025-09-08T09:06:31+00:00","mainEntityOfPage":{"@id":"https:\/\/air-fryer-ninja.fr\/recette-legumes-au-air-fryer\/"},"wordCount":1135,"commentCount":1,"publisher":{"@id":"https:\/\/air-fryer-ninja.fr\/#organization"},"image":{"@id":"https:\/\/air-fryer-ninja.fr\/recette-legumes-au-air-fryer\/#primaryimage"},"thumbnailUrl":"https:\/\/air-fryer-ninja.fr\/wp-content\/uploads\/2023\/08\/L\u201agumes-au-Air-Fryer-min.jpg","articleSection":["L\u00e9gumes"],"inLanguage":"sl-SI","potentialAction":[{"@type":"CommentAction","name":"Comment","target":["https:\/\/air-fryer-ninja.fr\/recette-legumes-au-air-fryer\/#respond"]}]},{"@type":"WebPage","@id":"https:\/\/air-fryer-ninja.fr\/recette-legumes-au-air-fryer\/","url":"https:\/\/air-fryer-ninja.fr\/recette-legumes-au-air-fryer\/","name":"Recette de L\u00e9gumes M\u00e9diterran\u00e9ens R\u00f4tis \u00e0 l'Air Fryer - Air fryer ninja Recettes","isPartOf":{"@id":"https:\/\/air-fryer-ninja.fr\/#website"},"primaryImageOfPage":{"@id":"https:\/\/air-fryer-ninja.fr\/recette-legumes-au-air-fryer\/#primaryimage"},"image":{"@id":"https:\/\/air-fryer-ninja.fr\/recette-legumes-au-air-fryer\/#primaryimage"},"thumbnailUrl":"https:\/\/air-fryer-ninja.fr\/wp-content\/uploads\/2023\/08\/L\u201agumes-au-Air-Fryer-min.jpg","datePublished":"2023-08-16T16:57:00+00:00","dateModified":"2025-09-08T09:06:31+00:00","breadcrumb":{"@id":"https:\/\/air-fryer-ninja.fr\/recette-legumes-au-air-fryer\/#breadcrumb"},"inLanguage":"sl-SI","potentialAction":[{"@type":"ReadAction","target":["https:\/\/air-fryer-ninja.fr\/recette-legumes-au-air-fryer\/"]}]},{"@type":"ImageObject","inLanguage":"sl-SI","@id":"https:\/\/air-fryer-ninja.fr\/recette-legumes-au-air-fryer\/#primaryimage","url":"https:\/\/air-fryer-ninja.fr\/wp-content\/uploads\/2023\/08\/L\u201agumes-au-Air-Fryer-min.jpg","contentUrl":"https:\/\/air-fryer-ninja.fr\/wp-content\/uploads\/2023\/08\/L\u201agumes-au-Air-Fryer-min.jpg","width":1456,"height":816},{"@type":"BreadcrumbList","@id":"https:\/\/air-fryer-ninja.fr\/recette-legumes-au-air-fryer\/#breadcrumb","itemListElement":[{"@type":"ListItem","position":1,"name":"Recette Air Fryer","item":"https:\/\/air-fryer-ninja.fr\/"},{"@type":"ListItem","position":2,"name":"Recette de L\u00e9gumes M\u00e9diterran\u00e9ens R\u00f4tis \u00e0 l&#8217;Air Fryer"}]},{"@type":"WebSite","@id":"https:\/\/air-fryer-ninja.fr\/#website","url":"https:\/\/air-fryer-ninja.fr\/","name":"Air fryer ninja","description":"Zra\u010dni cvrtnik ninja recept blog","publisher":{"@id":"https:\/\/air-fryer-ninja.fr\/#organization"},"potentialAction":[{"@type":"SearchAction","target":{"@type":"EntryPoint","urlTemplate":"https:\/\/air-fryer-ninja.fr\/?s={search_term_string}"},"query-input":{"@type":"PropertyValueSpecification","valueRequired":true,"valueName":"search_term_string"}}],"inLanguage":"sl-SI"},{"@type":"Organization","@id":"https:\/\/air-fryer-ninja.fr\/#organization","name":"Air fryer ninja","url":"https:\/\/air-fryer-ninja.fr\/","logo":{"@type":"ImageObject","inLanguage":"sl-SI","@id":"https:\/\/air-fryer-ninja.fr\/#\/schema\/logo\/image\/","url":"https:\/\/air-fryer-ninja.fr\/wp-content\/uploads\/2022\/09\/air-fryer-ninja.png","contentUrl":"https:\/\/air-fryer-ninja.fr\/wp-content\/uploads\/2022\/09\/air-fryer-ninja.png","width":500,"height":90,"caption":"Air fryer ninja"},"image":{"@id":"https:\/\/air-fryer-ninja.fr\/#\/schema\/logo\/image\/"}},{"@type":"Person","@id":"https:\/\/air-fryer-ninja.fr\/#\/schema\/person\/31ca83cb1c8812323af9097575aa686b","name":"Stephy","image":{"@type":"ImageObject","inLanguage":"sl-SI","@id":"https:\/\/air-fryer-ninja.fr\/wp-content\/uploads\/2024\/11\/cropped-Untitled-design-2024-11-04T123927.617-96x96.jpg","url":"https:\/\/air-fryer-ninja.fr\/wp-content\/uploads\/2024\/11\/cropped-Untitled-design-2024-11-04T123927.617-96x96.jpg","contentUrl":"https:\/\/air-fryer-ninja.fr\/wp-content\/uploads\/2024\/11\/cropped-Untitled-design-2024-11-04T123927.617-96x96.jpg","caption":"Stephy"},"description":"Sem Stephy, gospodinja s strastjo do kuhanja! Odkar sem odkrila cvrtnik na zraku, je moj idealen spremljevalec pri ustvarjanju okusnih in enostavnih receptov. Rada eksperimentiram in izumljam jedi, ki presene\u010dajo in navdu\u0161ujejo mojo dru\u017eino. Tukaj delim svoje najbolj\u0161e nasvete in najljub\u0161e recepte, ki vam bodo pomagali u\u017eivati v u\u017eitkih doma\u010de kuhinje, ne da bi za \u0161tedilnikom pre\u017eiveli ve\u010d ur. Moj cilj? Pokazati vam, da lahko zra\u010dni cvrtnik z malo ustvarjalnosti vsak obrok spremeni v pravi u\u017eitek!","sameAs":["https:\/\/air-fryer-ninja.fr"],"url":"https:\/\/air-fryer-ninja.fr\/sl\/author\/a1rdy\/"}]}},"_links":{"self":[{"href":"https:\/\/air-fryer-ninja.fr\/sl\/wp-json\/wp\/v2\/posts\/1343","targetHints":{"allow":["GET"]}}],"collection":[{"href":"https:\/\/air-fryer-ninja.fr\/sl\/wp-json\/wp\/v2\/posts"}],"about":[{"href":"https:\/\/air-fryer-ninja.fr\/sl\/wp-json\/wp\/v2\/types\/post"}],"author":[{"embeddable":true,"href":"https:\/\/air-fryer-ninja.fr\/sl\/wp-json\/wp\/v2\/users\/1"}],"replies":[{"embeddable":true,"href":"https:\/\/air-fryer-ninja.fr\/sl\/wp-json\/wp\/v2\/comments?post=1343"}],"version-history":[{"count":2,"href":"https:\/\/air-fryer-ninja.fr\/sl\/wp-json\/wp\/v2\/posts\/1343\/revisions"}],"predecessor-version":[{"id":3827,"href":"https:\/\/air-fryer-ninja.fr\/sl\/wp-json\/wp\/v2\/posts\/1343\/revisions\/3827"}],"wp:featuredmedia":[{"embeddable":true,"href":"https:\/\/air-fryer-ninja.fr\/sl\/wp-json\/wp\/v2\/media\/2861"}],"wp:attachment":[{"href":"https:\/\/air-fryer-ninja.fr\/sl\/wp-json\/wp\/v2\/media?parent=1343"}],"wp:term":[{"taxonomy":"category","embeddable":true,"href":"https:\/\/air-fryer-ninja.fr\/sl\/wp-json\/wp\/v2\/categories?post=1343"},{"taxonomy":"post_tag","embeddable":true,"href":"https:\/\/air-fryer-ninja.fr\/sl\/wp-json\/wp\/v2\/tags?post=1343"}],"curies":[{"name":"wp","href":"https:\/\/api.w.org\/{rel}","templated":true}]}}