{"id":4639,"date":"2025-11-02T14:16:00","date_gmt":"2025-11-02T14:16:00","guid":{"rendered":"https:\/\/air-fryer-ninja.fr\/?p=4639"},"modified":"2025-09-17T14:26:01","modified_gmt":"2025-09-17T14:26:01","slug":"recette-de-pommes-de-terre-grenaille-air-fryer","status":"publish","type":"post","link":"https:\/\/air-fryer-ninja.fr\/sk\/recette-de-pommes-de-terre-grenaille-air-fryer\/","title":{"rendered":"Recette de pommes de terre grenaille air fryer"},"content":{"rendered":"<p>L\u2019id\u00e9e de pr\u00e9parer des <strong>pommes de terre grenaille<\/strong> avec un <strong>frit\u00e9za na vzduchu<\/strong> s\u00e9duit de plus en plus de gourmands. Ce mode de <strong>cuisson<\/strong> s\u2019invite d\u00e9sormais dans les cuisines gr\u00e2ce \u00e0 son efficacit\u00e9, sa rapidit\u00e9 et la gourmandise retrouv\u00e9e dans chaque bouch\u00e9e. Plongeons ensemble dans la pr\u00e9paration de ce plat simple mais tellement go\u00fbteux, agr\u00e9ment\u00e9 de toutes ces petites astuces qui font vraiment la diff\u00e9rence.<\/p>\n\n<h2>Pourquoi choisir les pommes de terre grenaille pour l\u2019air fryer ?<\/h2>\n<p>La petite taille des <strong>pommes de terre grenaille<\/strong> permet une <strong>cuisson homog\u00e8ne et rapide<\/strong> dans un air fryer. Leur chair tendre et leur peau fine r\u00e9agissent merveilleusement bien \u00e0 ce type d\u2019appareil, assurant un m\u00e9lange parfait entre croustillant \u00e0 l\u2019ext\u00e9rieur et moelleux \u00e0 c\u0153ur.<\/p>\n<p>Contrairement aux autres vari\u00e9t\u00e9s, ces petites <strong>zemiaky<\/strong> demandent peu de pr\u00e9paration. Un bon <strong>lavage ou rin\u00e7age<\/strong> sous l\u2019eau claire suffit g\u00e9n\u00e9ralement. En \u00e9vitant l\u2019\u00e9pluchage, on conserve toute la saveur naturelle et une texture agr\u00e9able apr\u00e8s <strong>cuisson<\/strong>.<\/p>\n\n<h2>Quels ingr\u00e9dients r\u00e9unir pour r\u00e9ussir ce plat ?<\/h2>\n<p>Le v\u00e9ritable secret d\u2019une bonne <strong>recette de pommes de terre grenaille \u00e0 l\u2019air fryer<\/strong> se cache dans le choix des <strong>ingr\u00e9dients<\/strong> et l\u2019\u00e9quilibre des saveurs. Miser sur la simplicit\u00e9 permet souvent de sublimer ce tubercule si populaire. Voici ce qu\u2019il faut pr\u00e9voir avant de passer aux fourneaux :<\/p>\n<ul>\n  <li>\ud83e\udd54 <strong>Pommes de terre grenaille<\/strong> (quantit\u00e9 selon le nombre de convives)<\/li>\n  <li>\ud83e\uded2 <strong>Huile d\u2019olive<\/strong> pour enrober les pommes de terre<\/li>\n  <li>\ud83c\udf3f <strong>Herbes aromatiques<\/strong> comme thym, origan, persil ou herbes de Provence<\/li>\n  <li>\ud83e\uddc4 <strong>Ail<\/strong> frais ou semoule d\u2019ail pour relever le go\u00fbt<\/li>\n  <li>\ud83e\uddc2 <strong>Sel fin<\/strong><\/li>\n  <li>\u26ab <strong>Poivre noir moulu<\/strong><\/li>\n<\/ul>\n<p>Pour varier les plaisirs, il est aussi possible de suivre d&rsquo;autres inspirations faciles et gourmandes, telles que la pr\u00e9paration de <a href=\"https:\/\/air-fryer-ninja.fr\/sk\/recette-pommes-de-terre-duchesse-air-fryer\/\">pommes duchesse \u00e0 l\u2019air fryer<\/a>, id\u00e9ale pour un accompagnement \u00e9l\u00e9gant et croustillant lors d\u2019un repas festif.<\/p>\n\n<h2>\u00c9tapes essentielles de la pr\u00e9paration des pommes de terre grenaille<\/h2>\n<h3>Comment s\u2019y prendre pour laver et rincer les pommes de terre correctement ?<\/h3>\n<p>D\u00e9buter cette recette par le <strong>lavage ou rin\u00e7age soigneux des pommes de terre grenaille<\/strong> s\u2019av\u00e8re essentiel. Avec une brosse douce ou simplement avec les mains, enlever toute trace de terre tout en pr\u00e9servant leur <strong>peau d\u00e9licate<\/strong>. Cette \u00e9tape garantit une <strong>texture impeccable apr\u00e8s la cuisson dans l\u2019air fryer<\/strong>.<\/p>\n<p>Une fois nettoy\u00e9es, s\u00e9cher d\u00e9licatement les pommes de terre avec un torchon propre. Cela aide \u00e0 faire adh\u00e9rer plus facilement <strong>l\u2019huile d\u2019olive<\/strong> a <strong>herbes aromatiques<\/strong> lors du <strong>m\u00e9lange des ingr\u00e9dients<\/strong>, juste avant la cuisson.<\/p>\n<h3>Quel est le meilleur proc\u00e9d\u00e9 pour m\u00e9langer les ingr\u00e9dients ?<\/h3>\n<p>Dans un grand saladier, d\u00e9poser les <strong>pommes de terre grenaille<\/strong> puis ajouter <strong>l\u2019huile d\u2019olive<\/strong>, les <strong>herbes aromatiques choisies<\/strong>, un filet d\u2019ail, le sel et le poivre. M\u00e9langer doucement avec les mains ou une spatule afin d\u2019enrober chaque pomme de terre uniform\u00e9ment. Ce geste assure une distribution homog\u00e8ne des saveurs lors de la <strong>cuisson<\/strong>.<\/p>\n<p>Si vous souhaitez d\u00e9couvrir la pr\u00e9paration d\u00e9taill\u00e9e de cette garniture incontournable, consultez la <a href=\"https:\/\/air-fryer-ninja.fr\/sk\/recette-pommes-de-terre-grenailles-au-airfryer\/\">recette pas \u00e0 pas des pommes de terre grenailles au Airfryer<\/a> qui d\u00e9voile tous les secrets pour une version parfaitement assaisonn\u00e9e et \u00e9quilibr\u00e9e.<\/p>\n<h3>Combien de temps dure la cuisson dans un air fryer et \u00e0 quelle temp\u00e9rature ?<\/h3>\n<p>Verser ensuite le m\u00e9lange directement dans la cuve de <strong>l\u2019air fryer<\/strong>. Programmer l\u2019appareil entre <strong>180\u00b0 et 200\u00b0C<\/strong> pour environ <strong>18 \u00e0 22 minutes<\/strong>. Secouer le panier \u00e0 mi-cuisson permet d\u2019obtenir une couleur dor\u00e9e uniforme sur chaque face.<\/p>\n<p>Surveiller attentivement les derni\u00e8res minutes pour ajuster la <strong>cuisson<\/strong> en fonction de la taille des pommes de terre et du niveau de <strong>croustillance<\/strong> d\u00e9sir\u00e9. Le r\u00e9sultat final doit \u00eatre fondant au centre et dor\u00e9 autour, sans exc\u00e8s de gras ni br\u00fblure.<\/p>\n\n<h2>Astuces et variantes pour personnaliser les pommes de terre grenaille \u00e0 l\u2019air fryer<\/h2>\n<h3>Quelles associations d\u2019herbes aromatiques subliment ce plat ?<\/h3>\n<p>Str\u00e1nka <strong>herbes aromatiques<\/strong> sont des alli\u00e9es incontournables lorsqu\u2019il s\u2019agit de donner du caract\u00e8re \u00e0 ce plat. <strong>Thym, origan, persil plat ou herbes de Provence<\/strong> apportent chacun leur note parfum\u00e9e et accentuent le c\u00f4t\u00e9 m\u00e9diterran\u00e9en. Pour varier, glisser quelques branches fra\u00eeches enti\u00e8res dans la cuve ajoute encore plus de subtilit\u00e9.<\/p>\n<p>Associer plusieurs <strong>herbes<\/strong> ne pose aucun souci. Une pinc\u00e9e de <strong>thym s\u00e9ch\u00e9<\/strong> avec un peu de <strong>persil hach\u00e9<\/strong> sublime la recette en un tour de main, surtout si l\u2019on cherche \u00e0 changer des m\u00e9langes classiques propos\u00e9s dans le commerce.<\/p>\n<h3>Quels extras ajouter pour surprendre lors d\u2019un ap\u00e9ritif ou d\u2019un repas ?<\/h3>\n<p>Z adresy <strong>quartiers de citron<\/strong> d\u00e9pos\u00e9s dans l\u2019air fryer en m\u00eame temps que les <strong>pommes de terre grenaille<\/strong> apportent une touche acidul\u00e9e bienvenue. Ajouter des <strong>copeaux de parmesan<\/strong> ou quelques <strong>noisettes concass\u00e9es<\/strong> juste avant de servir rel\u00e8ve la gourmandise de ce plat simple.<\/p>\n<p>Inspirations gourmandes possibles :<\/p>\n<ul>\n  <li>\ud83c\udf4b <strong>Citron zest\u00e9 ou en jus<\/strong> pour rafra\u00eechir<\/li>\n  <li>\ud83e\uddc0 <strong>Parmesan r\u00e2p\u00e9 minute<\/strong> pour le c\u00f4t\u00e9 croquant-fondant<\/li>\n  <li>\ud83c\udf36\ufe0f <strong>Pinc\u00e9e de piment doux ou paprika fum\u00e9<\/strong> pour relever d\u00e9licatement<\/li>\n<\/ul>\n\n<h2>Accompagnements parfaits pour des pommes de terre grenaille \u00e0 l\u2019air fryer<\/h2>\n<p>Ce <strong>plat polyvalent<\/strong> prend ais\u00e9ment place \u00e0 c\u00f4t\u00e9 de grillades, viandes blanches, poissons ou salades fra\u00eeches. Les <strong>saveurs discr\u00e8tes des herbes<\/strong>, relev\u00e9es par <strong>l\u2019ail<\/strong> a <strong>l\u2019huile d\u2019olive<\/strong>, s\u2019accordent aussi bien avec des mets d\u2019\u00e9t\u00e9 qu\u2019avec des plats mijot\u00e9s en hiver.<\/p>\n<p>Pour les v\u00e9g\u00e9tariens, on aime les proposer avec une <strong>sauce yaourt-ail-ciboulette<\/strong> alebo <strong>houmous maison<\/strong>. Les enfants raffolent de ce c\u00f4t\u00e9 croquant \u00e0 tremper dans diff\u00e9rentes sauces color\u00e9es !<\/p>\n<table>\n  <tr>\n    <th>\ud83c\udf7d\ufe0f Plat principal<\/th>\n    <th>\ud83c\udf60 Accompagnement id\u00e9al<\/th>\n  <\/tr>\n  <tr>\n    <td>Poulet r\u00f4ti<\/td>\n    <td><strong>Pommes de terre grenaille air fryer<\/strong> + salade verte<\/td>\n  <\/tr>\n  <tr>\n    <td>Poisson grill\u00e9<\/td>\n    <td><strong>Pommes de terre grenaille air fryer<\/strong> + ratatouille<\/td>\n  <\/tr>\n  <tr>\n    <td>Barbecue v\u00e9g\u00e9tarien<\/td>\n    <td><strong>Pommes de terre grenaille air fryer<\/strong> + houmous<\/td>\n  <\/tr>\n<\/table>\n\n<h2>Questions courantes sur la recette de pommes de terre grenaille \u00e0 l\u2019air fryer<\/h2>\n\n<div itemscope itemtype=\"https:\/\/schema.org\/FAQPage\">\n  <div itemscope itemprop='mainEntity' itemtype='https:\/\/schema.org\/Question'>\n    <h3 itemprop='name'>Faut-il \u00e9plucher les pommes de terre grenaille avant de les cuire \u00e0 l\u2019air fryer&nbsp;?<\/h3>\n    <div itemscope itemprop='acceptedAnswer' itemtype='https:\/\/schema.org\/Answer'><div itemprop='text'>\n      <p>L\u2019\u00e9pluchage n\u2019est pas n\u00e9cessaire pour cette recette, car la <strong>peau fine des pommes de terre grenaille<\/strong> prot\u00e8ge la chair pendant la cuisson et concentre les saveurs. Un simple <strong>lavage ou rin\u00e7age des pommes de terre<\/strong> suffit amplement, surtout si elles proviennent d\u2019une culture biologique ou locale.<\/p>\n      <ul>\n        <li>\ud83e\uddfc <strong>Lavage efficace<\/strong> \u00e0 privil\u00e9gier<\/li>\n        <li>\ud83d\udeab <strong>Pas d\u2019\u00e9pluchage requis<\/strong><\/li>\n      <\/ul>\n    <\/div><\/div>\n  <\/div>\n  <div itemscope itemprop='mainEntity' itemtype='https:\/\/schema.org\/Question'>\n    <h3 itemprop='name'>Quelle quantit\u00e9 d\u2019huile d\u2019olive utiliser pour une cuisson r\u00e9ussie&nbsp;?<\/h3>\n    <div itemscope itemprop='acceptedAnswer' itemtype='https:\/\/schema.org\/Answer'><div itemprop='text'>\n      <p>Il suffit souvent d\u2019une \u00e0 deux cuill\u00e8res \u00e0 soupe d\u2019<strong>huile d\u2019olive<\/strong> pour 500g de <strong>pommes de terre grenaille<\/strong>. Bien r\u00e9partir l\u2019huile permet d\u2019obtenir une <strong>chrumkav\u00e1 text\u00fara<\/strong> sans exc\u00e8s de mati\u00e8res grasses.<\/p>\n      <table>\n        <tr><th>\ud83e\udd54 Quantit\u00e9<\/th><th>\ud83e\uded2 Huile d\u2019olive recommand\u00e9e<\/th><\/tr>\n        <tr><td>500g<\/td><td>1 \u00e0 2 c. \u00e0 soupe<\/td><\/tr>\n        <tr><td>1 kg<\/td><td>2 \u00e0 3 c. \u00e0 soupe<\/td><\/tr>\n      <\/table>\n    <\/div><\/div>\n  <\/div>\n  <div itemscope itemprop='mainEntity' itemtype='https:\/\/schema.org\/Question'>\n    <h3 itemprop='name'>Peut-on varier les assaisonnements lors du m\u00e9lange des ingr\u00e9dients&nbsp;?<\/h3>\n    <div itemscope itemprop='acceptedAnswer' itemtype='https:\/\/schema.org\/Answer'><div itemprop='text'>\n      <p>Absolument, la recette classique laisse toute latitude\u2009! Outre les <strong>herbes de provence<\/strong>. <strong>tymi\u00e1n<\/strong> et l\u2019<strong>oregano<\/strong>, l\u2019ajout de <strong>kari<\/strong>z <strong>rasca<\/strong> alebo <strong>paprika<\/strong> donne une nouvelle dimension \u00e0 la d\u00e9gustation. Il suffit d\u2019int\u00e9grer la ou les \u00e9pices au moment du <strong>m\u00e9lange des ingr\u00e9dients<\/strong>.<\/p>\n      <ul>\n        <li>\ud83c\udf31 <strong>Thym, origan, basilic frais<\/strong> possibles<\/li>\n        <li>\ud83e\udd57 <strong>Paprika, cumin, curry<\/strong> pour des notes originales<\/li>\n      <\/ul>\n    <\/div><\/div>\n  <\/div>\n  <div itemscope itemprop='mainEntity' itemtype='https:\/\/schema.org\/Question'>\n    <h3 itemprop='name'>Que faire si les pommes de terre accrochent au fond de l\u2019air fryer&nbsp;?<\/h3>\n    <div itemscope itemprop='acceptedAnswer' itemtype='https:\/\/schema.org\/Answer'><div itemprop='text'>\n      <p>Graisser tr\u00e8s l\u00e9g\u00e8rement la cuve avant de placer les <strong>pommes de terre grenaille<\/strong> permet d\u2019\u00e9viter cet inconv\u00e9nient. On peut \u00e9galement tapisser le fond de <strong>papier cuisson sp\u00e9cial air fryer<\/strong> pour une manipulation facilit\u00e9e \u00e0 la sortie de l\u2019appareil.<\/p>\n      <ul>\n        <li>\ud83d\udcdd <strong>Papier cuisson compatible<\/strong> conseill\u00e9<\/li>\n        <li>\ud83e\uded2 Quelques gouttes d\u2019<strong>olej<\/strong> suffisent pour limiter l\u2019adh\u00e9rence<\/li>\n      <\/ul>\n    <\/div><\/div>\n  <\/div>\n<\/div>","protected":false},"excerpt":{"rendered":"<p>L\u2019id\u00e9e de pr\u00e9parer des pommes de terre grenaille avec un air fryer s\u00e9duit de plus en plus de gourmands. Ce mode de cuisson s\u2019invite d\u00e9sormais dans les cuisines gr\u00e2ce \u00e0 son efficacit\u00e9, sa rapidit\u00e9 et la gourmandise retrouv\u00e9e dans chaque bouch\u00e9e. Plongeons ensemble dans la pr\u00e9paration de ce plat simple mais tellement go\u00fbteux, agr\u00e9ment\u00e9 de [&hellip;]<\/p>","protected":false},"author":1,"featured_media":4638,"comment_status":"open","ping_status":"open","sticky":false,"template":"","format":"standard","meta":{"wprm-recipe-roundup-name":"","wprm-recipe-roundup-description":"","footnotes":""},"categories":[27],"tags":[],"class_list":["post-4639","post","type-post","status-publish","format-standard","has-post-thumbnail","hentry","category-viande"],"yoast_head":"<!-- This site is optimized with the Yoast SEO plugin v27.5 - https:\/\/yoast.com\/product\/yoast-seo-wordpress\/ -->\n<title>Recette de pommes de terre grenaille air fryer - Air fryer ninja Recettes<\/title>\n<meta name=\"robots\" content=\"index, follow, max-snippet:-1, max-image-preview:large, max-video-preview:-1\" \/>\n<link rel=\"canonical\" href=\"https:\/\/air-fryer-ninja.fr\/sk\/recette-de-pommes-de-terre-grenaille-air-fryer\/\" \/>\n<meta property=\"og:locale\" content=\"sk_SK\" \/>\n<meta property=\"og:type\" content=\"article\" \/>\n<meta property=\"og:title\" content=\"Recette de pommes de terre grenaille air fryer - Air fryer ninja Recettes\" \/>\n<meta property=\"og:description\" content=\"L\u2019id\u00e9e de pr\u00e9parer des pommes de terre grenaille avec un air fryer s\u00e9duit de plus en plus de gourmands. Ce mode de cuisson s\u2019invite d\u00e9sormais dans les cuisines gr\u00e2ce \u00e0 son efficacit\u00e9, sa rapidit\u00e9 et la gourmandise retrouv\u00e9e dans chaque bouch\u00e9e. Plongeons ensemble dans la pr\u00e9paration de ce plat simple mais tellement go\u00fbteux, agr\u00e9ment\u00e9 de [&hellip;]\" \/>\n<meta property=\"og:url\" content=\"https:\/\/air-fryer-ninja.fr\/sk\/recette-de-pommes-de-terre-grenaille-air-fryer\/\" \/>\n<meta property=\"og:site_name\" content=\"Air fryer ninja Recettes\" \/>\n<meta property=\"article:published_time\" content=\"2025-11-02T14:16:00+00:00\" \/>\n<meta property=\"og:image\" content=\"https:\/\/air-fryer-ninja.fr\/wp-content\/uploads\/2025\/09\/recette_de_pommes_de_terre_grenaille_lair_fryer_tout_pour_une_cuisson_croustillante_et_savoureuse-1.webp\" \/>\n\t<meta property=\"og:image:width\" content=\"1344\" \/>\n\t<meta property=\"og:image:height\" content=\"768\" \/>\n\t<meta property=\"og:image:type\" content=\"image\/webp\" \/>\n<meta name=\"author\" content=\"Stephy\" \/>\n<meta name=\"twitter:card\" content=\"summary_large_image\" \/>\n<meta name=\"twitter:label1\" content=\"Autor\" \/>\n\t<meta name=\"twitter:data1\" content=\"Stephy\" \/>\n\t<meta name=\"twitter:label2\" content=\"Predpokladan\u00fd \u010das \u010d\u00edtania\" \/>\n\t<meta name=\"twitter:data2\" content=\"7 min\u00fat\" \/>\n<!-- \/ Yoast SEO plugin. -->","yoast_head_json":{"title":"Recette de pommes de terre grenaille air fryer - Air fryer ninja Recettes","robots":{"index":"index","follow":"follow","max-snippet":"max-snippet:-1","max-image-preview":"max-image-preview:large","max-video-preview":"max-video-preview:-1"},"canonical":"https:\/\/air-fryer-ninja.fr\/sk\/recette-de-pommes-de-terre-grenaille-air-fryer\/","og_locale":"sk_SK","og_type":"article","og_title":"Recette de pommes de terre grenaille air fryer - Air fryer ninja Recettes","og_description":"L\u2019id\u00e9e de pr\u00e9parer des pommes de terre grenaille avec un air fryer s\u00e9duit de plus en plus de gourmands. Ce mode de cuisson s\u2019invite d\u00e9sormais dans les cuisines gr\u00e2ce \u00e0 son efficacit\u00e9, sa rapidit\u00e9 et la gourmandise retrouv\u00e9e dans chaque bouch\u00e9e. Plongeons ensemble dans la pr\u00e9paration de ce plat simple mais tellement go\u00fbteux, agr\u00e9ment\u00e9 de [&hellip;]","og_url":"https:\/\/air-fryer-ninja.fr\/sk\/recette-de-pommes-de-terre-grenaille-air-fryer\/","og_site_name":"Air fryer ninja Recettes","article_published_time":"2025-11-02T14:16:00+00:00","og_image":[{"width":1344,"height":768,"url":"https:\/\/air-fryer-ninja.fr\/wp-content\/uploads\/2025\/09\/recette_de_pommes_de_terre_grenaille_lair_fryer_tout_pour_une_cuisson_croustillante_et_savoureuse-1.webp","type":"image\/webp"}],"author":"Stephy","twitter_card":"summary_large_image","twitter_misc":{"Autor":"Stephy","Predpokladan\u00fd \u010das \u010d\u00edtania":"7 min\u00fat"},"schema":{"@context":"https:\/\/schema.org","@graph":[{"@type":"Article","@id":"https:\/\/air-fryer-ninja.fr\/recette-de-pommes-de-terre-grenaille-air-fryer\/#article","isPartOf":{"@id":"https:\/\/air-fryer-ninja.fr\/recette-de-pommes-de-terre-grenaille-air-fryer\/"},"author":{"name":"Stephy","@id":"https:\/\/air-fryer-ninja.fr\/#\/schema\/person\/31ca83cb1c8812323af9097575aa686b"},"headline":"Recette de pommes de terre grenaille air fryer","datePublished":"2025-11-02T14:16:00+00:00","mainEntityOfPage":{"@id":"https:\/\/air-fryer-ninja.fr\/recette-de-pommes-de-terre-grenaille-air-fryer\/"},"wordCount":1320,"commentCount":0,"publisher":{"@id":"https:\/\/air-fryer-ninja.fr\/#organization"},"image":{"@id":"https:\/\/air-fryer-ninja.fr\/recette-de-pommes-de-terre-grenaille-air-fryer\/#primaryimage"},"thumbnailUrl":"https:\/\/air-fryer-ninja.fr\/wp-content\/uploads\/2025\/09\/recette_de_pommes_de_terre_grenaille_lair_fryer_tout_pour_une_cuisson_croustillante_et_savoureuse-1.webp","articleSection":["Viande"],"inLanguage":"sk-SK","potentialAction":[{"@type":"CommentAction","name":"Comment","target":["https:\/\/air-fryer-ninja.fr\/recette-de-pommes-de-terre-grenaille-air-fryer\/#respond"]}]},{"@type":"WebPage","@id":"https:\/\/air-fryer-ninja.fr\/recette-de-pommes-de-terre-grenaille-air-fryer\/","url":"https:\/\/air-fryer-ninja.fr\/recette-de-pommes-de-terre-grenaille-air-fryer\/","name":"Recette de pommes de terre grenaille air fryer - Air fryer ninja Recettes","isPartOf":{"@id":"https:\/\/air-fryer-ninja.fr\/#website"},"primaryImageOfPage":{"@id":"https:\/\/air-fryer-ninja.fr\/recette-de-pommes-de-terre-grenaille-air-fryer\/#primaryimage"},"image":{"@id":"https:\/\/air-fryer-ninja.fr\/recette-de-pommes-de-terre-grenaille-air-fryer\/#primaryimage"},"thumbnailUrl":"https:\/\/air-fryer-ninja.fr\/wp-content\/uploads\/2025\/09\/recette_de_pommes_de_terre_grenaille_lair_fryer_tout_pour_une_cuisson_croustillante_et_savoureuse-1.webp","datePublished":"2025-11-02T14:16:00+00:00","breadcrumb":{"@id":"https:\/\/air-fryer-ninja.fr\/recette-de-pommes-de-terre-grenaille-air-fryer\/#breadcrumb"},"inLanguage":"sk-SK","potentialAction":[{"@type":"ReadAction","target":["https:\/\/air-fryer-ninja.fr\/recette-de-pommes-de-terre-grenaille-air-fryer\/"]}]},{"@type":"ImageObject","inLanguage":"sk-SK","@id":"https:\/\/air-fryer-ninja.fr\/recette-de-pommes-de-terre-grenaille-air-fryer\/#primaryimage","url":"https:\/\/air-fryer-ninja.fr\/wp-content\/uploads\/2025\/09\/recette_de_pommes_de_terre_grenaille_lair_fryer_tout_pour_une_cuisson_croustillante_et_savoureuse-1.webp","contentUrl":"https:\/\/air-fryer-ninja.fr\/wp-content\/uploads\/2025\/09\/recette_de_pommes_de_terre_grenaille_lair_fryer_tout_pour_une_cuisson_croustillante_et_savoureuse-1.webp","width":1344,"height":768},{"@type":"BreadcrumbList","@id":"https:\/\/air-fryer-ninja.fr\/recette-de-pommes-de-terre-grenaille-air-fryer\/#breadcrumb","itemListElement":[{"@type":"ListItem","position":1,"name":"Recette Air Fryer","item":"https:\/\/air-fryer-ninja.fr\/"},{"@type":"ListItem","position":2,"name":"Recette de pommes de terre grenaille air fryer"}]},{"@type":"WebSite","@id":"https:\/\/air-fryer-ninja.fr\/#website","url":"https:\/\/air-fryer-ninja.fr\/","name":"Vzduchov\u00e1 frit\u00e9za Ninja","description":"Vzduchov\u00fd fritovac\u00ed hrniec ninja recept blog","publisher":{"@id":"https:\/\/air-fryer-ninja.fr\/#organization"},"potentialAction":[{"@type":"SearchAction","target":{"@type":"EntryPoint","urlTemplate":"https:\/\/air-fryer-ninja.fr\/?s={search_term_string}"},"query-input":{"@type":"PropertyValueSpecification","valueRequired":true,"valueName":"search_term_string"}}],"inLanguage":"sk-SK"},{"@type":"Organization","@id":"https:\/\/air-fryer-ninja.fr\/#organization","name":"Vzduchov\u00e1 frit\u00e9za Ninja","url":"https:\/\/air-fryer-ninja.fr\/","logo":{"@type":"ImageObject","inLanguage":"sk-SK","@id":"https:\/\/air-fryer-ninja.fr\/#\/schema\/logo\/image\/","url":"https:\/\/air-fryer-ninja.fr\/wp-content\/uploads\/2022\/09\/air-fryer-ninja.png","contentUrl":"https:\/\/air-fryer-ninja.fr\/wp-content\/uploads\/2022\/09\/air-fryer-ninja.png","width":500,"height":90,"caption":"Air fryer ninja"},"image":{"@id":"https:\/\/air-fryer-ninja.fr\/#\/schema\/logo\/image\/"}},{"@type":"Person","@id":"https:\/\/air-fryer-ninja.fr\/#\/schema\/person\/31ca83cb1c8812323af9097575aa686b","name":"Stephy","image":{"@type":"ImageObject","inLanguage":"sk-SK","@id":"https:\/\/air-fryer-ninja.fr\/wp-content\/uploads\/2024\/11\/cropped-Untitled-design-2024-11-04T123927.617-96x96.jpg","url":"https:\/\/air-fryer-ninja.fr\/wp-content\/uploads\/2024\/11\/cropped-Untitled-design-2024-11-04T123927.617-96x96.jpg","contentUrl":"https:\/\/air-fryer-ninja.fr\/wp-content\/uploads\/2024\/11\/cropped-Untitled-design-2024-11-04T123927.617-96x96.jpg","caption":"Stephy"},"description":"Som Stephy, \u017eena v dom\u00e1cnosti s v\u00e1\u0161\u0148ou pre varenie! Odkedy som objavila frit\u00e9zu Air Fryer, stala sa moj\u00edm ide\u00e1lnym spolo\u010dn\u00edkom pri tvorbe chutn\u00fdch a \u013eahko pripravite\u013en\u00fdch receptov. Rada experimentujem a vym\u00fd\u0161\u013eam jedl\u00e1, ktor\u00e9 prekvapia a pote\u0161ia moju rodinu. Tu sa s vami podel\u00edm o svoje najlep\u0161ie tipy a ob\u013e\u00faben\u00e9 recepty, ktor\u00e9 v\u00e1m pom\u00f4\u017eu vychutna\u0165 si p\u00f4\u017eitky z dom\u00e1ceho varenia bez toho, aby ste museli tr\u00e1vi\u0165 hodiny za spor\u00e1kom. M\u00f4j cie\u013e? Uk\u00e1za\u0165 v\u00e1m, \u017ee s trochou tvorivosti m\u00f4\u017ee frit\u00e9za na vzduchu premeni\u0165 ka\u017ed\u00e9 jedlo na skuto\u010dn\u00e9 pote\u0161enie!","sameAs":["https:\/\/air-fryer-ninja.fr"],"url":"https:\/\/air-fryer-ninja.fr\/sk\/author\/a1rdy\/"}]}},"_links":{"self":[{"href":"https:\/\/air-fryer-ninja.fr\/sk\/wp-json\/wp\/v2\/posts\/4639","targetHints":{"allow":["GET"]}}],"collection":[{"href":"https:\/\/air-fryer-ninja.fr\/sk\/wp-json\/wp\/v2\/posts"}],"about":[{"href":"https:\/\/air-fryer-ninja.fr\/sk\/wp-json\/wp\/v2\/types\/post"}],"author":[{"embeddable":true,"href":"https:\/\/air-fryer-ninja.fr\/sk\/wp-json\/wp\/v2\/users\/1"}],"replies":[{"embeddable":true,"href":"https:\/\/air-fryer-ninja.fr\/sk\/wp-json\/wp\/v2\/comments?post=4639"}],"version-history":[{"count":1,"href":"https:\/\/air-fryer-ninja.fr\/sk\/wp-json\/wp\/v2\/posts\/4639\/revisions"}],"predecessor-version":[{"id":4640,"href":"https:\/\/air-fryer-ninja.fr\/sk\/wp-json\/wp\/v2\/posts\/4639\/revisions\/4640"}],"wp:featuredmedia":[{"embeddable":true,"href":"https:\/\/air-fryer-ninja.fr\/sk\/wp-json\/wp\/v2\/media\/4638"}],"wp:attachment":[{"href":"https:\/\/air-fryer-ninja.fr\/sk\/wp-json\/wp\/v2\/media?parent=4639"}],"wp:term":[{"taxonomy":"category","embeddable":true,"href":"https:\/\/air-fryer-ninja.fr\/sk\/wp-json\/wp\/v2\/categories?post=4639"},{"taxonomy":"post_tag","embeddable":true,"href":"https:\/\/air-fryer-ninja.fr\/sk\/wp-json\/wp\/v2\/tags?post=4639"}],"curies":[{"name":"wp","href":"https:\/\/api.w.org\/{rel}","templated":true}]}}