{"id":3618,"date":"2025-02-14T14:25:00","date_gmt":"2025-02-14T14:25:00","guid":{"rendered":"https:\/\/air-fryer-ninja.fr\/?p=3618"},"modified":"2025-02-18T17:35:46","modified_gmt":"2025-02-18T17:35:46","slug":"recette-pain-a-partager-fromage-et-ail-au-airfryer","status":"publish","type":"post","link":"https:\/\/air-fryer-ninja.fr\/sk\/recette-pain-a-partager-fromage-et-ail-au-airfryer\/","title":{"rendered":"Recette pain \u00e0 partager fromage et ail au Airfryer"},"content":{"rendered":"<p><strong>Vous cherchez une recette de\u00a0pain \u00e0 partager au fromage et \u00e0 l&rsquo;ail\u00a0qui soit moelleuse et savoureuse ? Ce d\u00e9licieux pain cuit au Airfryer est parfait pour accompagner vos repas ou pour un ap\u00e9ritif convivial. Les spirales de p\u00e2te sont g\u00e9n\u00e9reusement garnies de fromage fondant et d&rsquo;ail aromatique, cr\u00e9ant une explosion de saveurs \u00e0 chaque bouch\u00e9e. Suivez notre guide \u00e9tape par \u00e9tape pour r\u00e9aliser cette recette inratable de\u00a0pain \u00e0 partager au fromage et \u00e0 l&rsquo;ail\u00a0dans votre Airfryer. !<\/strong><\/p>\n\n\n\n<p><strong>\u23f1\ufe0f<\/strong>\u00a0<strong>Temps de pr\u00e9paration:<\/strong>\u00a020 min\u00fat<br><strong>\u23f1\ufe0f<\/strong>\u00a0<strong>Temps de cuisson:<\/strong>\u00a025 minutes<br><strong>\u23f1\ufe0f<\/strong>\u00a0<strong>Temps total:<\/strong>\u00a01h45 (incluant le temps de lev\u00e9e)<\/p>\n\n\n\n<h2 class=\"wp-block-heading\">Ingr\u00e9dients (pour 8 personnes)<\/h2>\n\n\n\n<ul class=\"wp-block-list\">\n<li>250 g de farine tout usage<\/li>\n\n\n\n<li>1 sachet de levure instantan\u00e9e (7 g)<\/li>\n\n\n\n<li>1 c. \u00e0 caf\u00e9 de sucre fin<\/li>\n\n\n\n<li>1 c. \u00e0 caf\u00e9 de sel fin de mer<\/li>\n\n\n\n<li>150 ml d&rsquo;eau ti\u00e8de<\/li>\n\n\n\n<li>3 c. \u00e0 caf\u00e9 d&rsquo;huile d&rsquo;olive, plus un peu pour graisser<\/li>\n\n\n\n<li>50 g de mozzarella r\u00e2p\u00e9e<\/li>\n\n\n\n<li>50 g de cheddar r\u00e2p\u00e9<\/li>\n\n\n\n<li>10 g de feuilles de persil, finement hach\u00e9es<\/li>\n\n\n\n<li>4 gousses d&rsquo;ail, finement hach\u00e9es<\/li>\n\n\n\n<li>10 g de beurre<\/li>\n<\/ul>\n\n\n\n<h2 class=\"wp-block-heading\">Ustensiles<\/h2>\n\n\n\n<ul class=\"wp-block-list\">\n<li>Un Airfryer<\/li>\n\n\n\n<li>Un grand bol<\/li>\n\n\n\n<li>Un moule \u00e0 cake de 900 g<\/li>\n\n\n\n<li>Un contenant avec couvercle ou un bol pour la lev\u00e9e<\/li>\n\n\n\n<li>Un rouleau \u00e0 p\u00e2tisserie<\/li>\n\n\n\n<li>Une planche \u00e0 d\u00e9couper<\/li>\n<\/ul>\n\n\n\n<h2 class=\"wp-block-heading\">R\u00e9alisation pas \u00e0 pas<\/h2>\n\n\n\n<ol class=\"wp-block-list\">\n<li><strong>Pr\u00e9parez la p\u00e2te<\/strong>\u00a0en m\u00e9langeant la farine, la levure, le sucre et le sel de mer dans un grand bol. Faites un puits au centre. Ajoutez progressivement l&rsquo;eau ti\u00e8de tout en m\u00e9langeant. Une fois que la p\u00e2te forme une boule irr\u00e9guli\u00e8re, avec encore quelques morceaux secs, versez-la sur un plan de travail propre et rassemblez-la avec vos mains. P\u00e9trissez pendant 5 minutes jusqu&rsquo;\u00e0 ce qu&rsquo;elle devienne lisse. Si la p\u00e2te colle trop au plan de travail, ajoutez juste un peu de farine.<\/li>\n\n\n\n<li><strong>Laissez lever la p\u00e2te<\/strong>\u00a0dans un contenant ou un bol l\u00e9g\u00e8rement huil\u00e9. Couvrez et placez dans un endroit chaud pendant 45 \u00e0 60 minutes, jusqu&rsquo;\u00e0 ce que la p\u00e2te double de volume.<\/li>\n\n\n\n<li><strong>Pr\u00e9parez la garniture<\/strong>\u00a0pendant ce temps en m\u00e9langeant les fromages, le persil et l&rsquo;ail dans un petit bol.<\/li>\n\n\n\n<li><strong>Fa\u00e7onnez le pain<\/strong>\u00a0en huilant d&rsquo;abord un moule \u00e0 cake de 900 g. Une fois la p\u00e2te lev\u00e9e, \u00e9talez-la sur un plan de travail l\u00e9g\u00e8rement huil\u00e9 pour former un carr\u00e9 de 30 x 30 cm. \u00c9talez la pr\u00e9paration au fromage sur toute la surface. Commencez \u00e0 rouler la p\u00e2te depuis un c\u00f4t\u00e9. Humidifiez l\u00e9g\u00e8rement le bord oppos\u00e9 avec de l&rsquo;eau et terminez de rouler de fa\u00e7on \u00e0 ce que la jointure se retrouve en dessous. Coupez en huit morceaux et disposez-les dans le moule pr\u00e9par\u00e9, spirales vers le haut. Couvrez et laissez reposer dans un endroit chaud pendant 30 minutes suppl\u00e9mentaires, jusqu&rsquo;\u00e0 ce que la p\u00e2te gonfle.<\/li>\n\n\n\n<li><strong>Cuisez au Airfryer<\/strong>\u00a0pr\u00e9chauff\u00e9 \u00e0 160\u00b0C. Arrosez le pain avec une cuill\u00e8re \u00e0 soupe d&rsquo;huile et d\u00e9posez un peu de beurre sur chaque spirale, puis faites cuire pendant 25 \u00e0 30 minutes jusqu&rsquo;\u00e0 ce que le pain soit dor\u00e9 et gonfl\u00e9.<\/li>\n<\/ol>\n\n\n\n<h2 class=\"wp-block-heading\">Conseils du chef<\/h2>\n\n\n\n<ul class=\"wp-block-list\">\n<li>Assurez-vous que l&rsquo;eau est ti\u00e8de et non chaude pour ne pas tuer la levure<\/li>\n\n\n\n<li>Vous pouvez varier les fromages selon vos pr\u00e9f\u00e9rences, tant que vous gardez un total d&rsquo;environ 100 g<\/li>\n\n\n\n<li>Pour un\u00a0<strong>pain \u00e0 partager au fromage et \u00e0 l&rsquo;ail<\/strong>\u00a0encore plus savoureux, ajoutez une pinc\u00e9e de flocons de piment<\/li>\n\n\n\n<li>La p\u00e2te est pr\u00eate \u00e0 \u00eatre travaill\u00e9e lorsqu&rsquo;elle est souple et \u00e9lastique<\/li>\n\n\n\n<li>V\u00e9rifiez la cuisson en tapotant le dessous du pain &#8211; un son creux indique qu&rsquo;il est cuit<\/li>\n<\/ul>\n\n\n\n<h3 class=\"wp-block-heading\">La phrase du chef :<\/h3>\n\n\n\n<blockquote class=\"wp-block-quote is-layout-flow wp-block-quote-is-layout-flow\">\n<p>\u00ab\u00a0<em>Un bon\u00a0<strong>pain \u00e0 partager au fromage et \u00e0 l&rsquo;ail<\/strong>\u00a0doit \u00eatre aussi g\u00e9n\u00e9reux que l&rsquo;h\u00f4te qui le sert &#8211; ne l\u00e9sinez pas sur le fromage!<\/em>\u00ab\u00a0<\/p>\n<\/blockquote>\n\n\n\n<h2 class=\"wp-block-heading\">Questions fr\u00e9quentes<\/h2>\n\n\n\n<p><strong>Puis-je pr\u00e9parer la p\u00e2te la veille ?<\/strong>\u00a0<\/p>\n\n\n\n<p>Oui, vous pouvez pr\u00e9parer la p\u00e2te la veille et la laisser lever lentement au r\u00e9frig\u00e9rateur. Sortez-la 30 minutes avant de la fa\u00e7onner.<\/p>\n\n\n\n<p><strong>Puis-je utiliser de la farine compl\u00e8te ?<\/strong>\u00a0<\/p>\n\n\n\n<p>Vous pouvez remplacer jusqu&rsquo;\u00e0 la moiti\u00e9 de la farine blanche par de la farine compl\u00e8te, mais gardez \u00e0 l&rsquo;esprit que le pain sera plus dense.<\/p>\n\n\n\n<p><strong>Comment conserver ce pain \u00e0 partager ?<\/strong>\u00a0<\/p>\n\n\n\n<p>Ce\u00a0<strong>pain \u00e0 partager au fromage et \u00e0 l&rsquo;ail<\/strong>\u00a0se conserve 2 jours \u00e0 temp\u00e9rature ambiante dans un contenant herm\u00e9tique. Vous pouvez le r\u00e9chauffer quelques minutes au Airfryer avant de servir.<\/p>\n\n\n\n<p><strong>Puis-je congeler ce pain?<\/strong>&nbsp;Absolument! Enveloppez-le bien dans du film alimentaire puis dans du papier aluminium et congelez jusqu&rsquo;\u00e0 3 mois. D\u00e9congelez \u00e0 temp\u00e9rature ambiante et r\u00e9chauffez au Airfryer.<\/p>\n\n\n\n<p><strong>Mon Airfryer est plus petit que 5,7 litres, puis-je quand m\u00eame r\u00e9aliser cette recette ?<\/strong>\u00a0<\/p>\n\n\n\n<p>Si votre Airfryer est plus petit, divisez la recette en deux et cuisez en deux fois, ou r\u00e9duisez les proportions de moiti\u00e9.<\/p>\n\n\n\n<p>Ce&nbsp;<strong>pain \u00e0 partager au fromage et \u00e0 l&rsquo;ail au Airfryer<\/strong>&nbsp;est devenu rapidement l&rsquo;un de nos favoris pour les repas en famille. La combinaison du fromage fondant, de l&rsquo;ail aromatique et de la texture moelleuse de la p\u00e2te en fait un accompagnement parfait pour vos soupes, salades ou plats principaux. La cuisson au Airfryer permet d&rsquo;obtenir une cro\u00fbte dor\u00e9e et croustillante tout en gardant l&rsquo;int\u00e9rieur tendre et a\u00e9r\u00e9.<\/p>\n\n\n\n<p>N&rsquo;h\u00e9sitez pas \u00e0 partager vos commentaires apr\u00e8s avoir essay\u00e9 cette recette de\u00a0<strong>pain \u00e0 partager au fromage et \u00e0 l&rsquo;ail<\/strong> ! Quelles herbes aromatiques avez-vous utilis\u00e9es ? Avez-vous essay\u00e9 d&rsquo;autres combinaisons de fromages? Nous adorons d\u00e9couvrir vos variations personnelles !<\/p>","protected":false},"excerpt":{"rendered":"<p>Vous cherchez une recette de\u00a0pain \u00e0 partager au fromage et \u00e0 l&rsquo;ail\u00a0qui soit moelleuse et savoureuse ? Ce d\u00e9licieux pain cuit au Airfryer est parfait pour accompagner vos repas ou pour un ap\u00e9ritif convivial. Les spirales de p\u00e2te sont g\u00e9n\u00e9reusement garnies de fromage fondant et d&rsquo;ail aromatique, cr\u00e9ant une explosion de saveurs \u00e0 chaque bouch\u00e9e. [&hellip;]<\/p>","protected":false},"author":1,"featured_media":3620,"comment_status":"open","ping_status":"open","sticky":false,"template":"","format":"standard","meta":{"wprm-recipe-roundup-name":"","wprm-recipe-roundup-description":"","footnotes":""},"categories":[1],"tags":[326,183,325],"class_list":["post-3618","post","type-post","status-publish","format-standard","has-post-thumbnail","hentry","category-entrees","tag-ail","tag-fromage","tag-pain"],"yoast_head":"<!-- This site is optimized with the Yoast SEO plugin v27.5 - https:\/\/yoast.com\/product\/yoast-seo-wordpress\/ -->\n<title>Recette pain \u00e0 partager fromage et ail au Airfryer - Air fryer ninja Recettes<\/title>\n<meta name=\"description\" content=\"D\u00e9couvrez comment pr\u00e9parer un savoureux pain \u00e0 partager au fromage et \u00e0 l&#039;ail au Airfryer. Une recette simple et d\u00e9licieuse avec une garniture fondante qui ravira vos convives \u00e0 chaque bouch\u00e9e !\" \/>\n<meta name=\"robots\" content=\"index, follow, max-snippet:-1, max-image-preview:large, max-video-preview:-1\" \/>\n<link rel=\"canonical\" href=\"https:\/\/air-fryer-ninja.fr\/sk\/recette-pain-a-partager-fromage-et-ail-au-airfryer\/\" \/>\n<meta property=\"og:locale\" content=\"sk_SK\" \/>\n<meta property=\"og:type\" content=\"article\" \/>\n<meta property=\"og:title\" content=\"Recette pain \u00e0 partager fromage et ail au Airfryer - Air fryer ninja Recettes\" \/>\n<meta property=\"og:description\" content=\"D\u00e9couvrez comment pr\u00e9parer un savoureux pain \u00e0 partager au fromage et \u00e0 l&#039;ail au Airfryer. Une recette simple et d\u00e9licieuse avec une garniture fondante qui ravira vos convives \u00e0 chaque bouch\u00e9e !\" \/>\n<meta property=\"og:url\" content=\"https:\/\/air-fryer-ninja.fr\/sk\/recette-pain-a-partager-fromage-et-ail-au-airfryer\/\" \/>\n<meta property=\"og:site_name\" content=\"Air fryer ninja Recettes\" \/>\n<meta property=\"article:published_time\" content=\"2025-02-14T14:25:00+00:00\" \/>\n<meta property=\"article:modified_time\" content=\"2025-02-18T17:35:46+00:00\" \/>\n<meta property=\"og:image\" content=\"https:\/\/air-fryer-ninja.fr\/wp-content\/uploads\/2026\/02\/Recette-pain-a-partager-fromage-et-ail-au-Airfryer.jpg\" \/>\n\t<meta property=\"og:image:width\" content=\"1200\" \/>\n\t<meta property=\"og:image:height\" content=\"675\" \/>\n\t<meta property=\"og:image:type\" content=\"image\/jpeg\" \/>\n<meta name=\"author\" content=\"Stephy\" \/>\n<meta name=\"twitter:card\" content=\"summary_large_image\" \/>\n<meta name=\"twitter:label1\" content=\"Autor\" \/>\n\t<meta name=\"twitter:data1\" content=\"Stephy\" \/>\n\t<meta name=\"twitter:label2\" content=\"Predpokladan\u00fd \u010das \u010d\u00edtania\" \/>\n\t<meta name=\"twitter:data2\" content=\"5 min\u00fat\" \/>\n<!-- \/ Yoast SEO plugin. -->","yoast_head_json":{"title":"Recette pain \u00e0 partager fromage et ail au Airfryer - Air fryer ninja Recettes","description":"D\u00e9couvrez comment pr\u00e9parer un savoureux pain \u00e0 partager au fromage et \u00e0 l'ail au Airfryer. Une recette simple et d\u00e9licieuse avec une garniture fondante qui ravira vos convives \u00e0 chaque bouch\u00e9e !","robots":{"index":"index","follow":"follow","max-snippet":"max-snippet:-1","max-image-preview":"max-image-preview:large","max-video-preview":"max-video-preview:-1"},"canonical":"https:\/\/air-fryer-ninja.fr\/sk\/recette-pain-a-partager-fromage-et-ail-au-airfryer\/","og_locale":"sk_SK","og_type":"article","og_title":"Recette pain \u00e0 partager fromage et ail au Airfryer - Air fryer ninja Recettes","og_description":"D\u00e9couvrez comment pr\u00e9parer un savoureux pain \u00e0 partager au fromage et \u00e0 l'ail au Airfryer. Une recette simple et d\u00e9licieuse avec une garniture fondante qui ravira vos convives \u00e0 chaque bouch\u00e9e !","og_url":"https:\/\/air-fryer-ninja.fr\/sk\/recette-pain-a-partager-fromage-et-ail-au-airfryer\/","og_site_name":"Air fryer ninja Recettes","article_published_time":"2025-02-14T14:25:00+00:00","article_modified_time":"2025-02-18T17:35:46+00:00","og_image":[{"width":1200,"height":675,"url":"https:\/\/air-fryer-ninja.fr\/wp-content\/uploads\/2026\/02\/Recette-pain-a-partager-fromage-et-ail-au-Airfryer.jpg","type":"image\/jpeg"}],"author":"Stephy","twitter_card":"summary_large_image","twitter_misc":{"Autor":"Stephy","Predpokladan\u00fd \u010das \u010d\u00edtania":"5 min\u00fat"},"schema":{"@context":"https:\/\/schema.org","@graph":[{"@type":"Article","@id":"https:\/\/air-fryer-ninja.fr\/recette-pain-a-partager-fromage-et-ail-au-airfryer\/#article","isPartOf":{"@id":"https:\/\/air-fryer-ninja.fr\/recette-pain-a-partager-fromage-et-ail-au-airfryer\/"},"author":{"name":"Stephy","@id":"https:\/\/air-fryer-ninja.fr\/#\/schema\/person\/31ca83cb1c8812323af9097575aa686b"},"headline":"Recette pain \u00e0 partager fromage et ail au Airfryer","datePublished":"2025-02-14T14:25:00+00:00","dateModified":"2025-02-18T17:35:46+00:00","mainEntityOfPage":{"@id":"https:\/\/air-fryer-ninja.fr\/recette-pain-a-partager-fromage-et-ail-au-airfryer\/"},"wordCount":940,"commentCount":0,"publisher":{"@id":"https:\/\/air-fryer-ninja.fr\/#organization"},"image":{"@id":"https:\/\/air-fryer-ninja.fr\/recette-pain-a-partager-fromage-et-ail-au-airfryer\/#primaryimage"},"thumbnailUrl":"https:\/\/air-fryer-ninja.fr\/wp-content\/uploads\/2026\/02\/Recette-pain-a-partager-fromage-et-ail-au-Airfryer.jpg","keywords":["ail","fromage","pain"],"articleSection":["Entr\u00e9es"],"inLanguage":"sk-SK","potentialAction":[{"@type":"CommentAction","name":"Comment","target":["https:\/\/air-fryer-ninja.fr\/recette-pain-a-partager-fromage-et-ail-au-airfryer\/#respond"]}]},{"@type":"WebPage","@id":"https:\/\/air-fryer-ninja.fr\/recette-pain-a-partager-fromage-et-ail-au-airfryer\/","url":"https:\/\/air-fryer-ninja.fr\/recette-pain-a-partager-fromage-et-ail-au-airfryer\/","name":"Recette pain \u00e0 partager fromage et ail au Airfryer - Air fryer ninja Recettes","isPartOf":{"@id":"https:\/\/air-fryer-ninja.fr\/#website"},"primaryImageOfPage":{"@id":"https:\/\/air-fryer-ninja.fr\/recette-pain-a-partager-fromage-et-ail-au-airfryer\/#primaryimage"},"image":{"@id":"https:\/\/air-fryer-ninja.fr\/recette-pain-a-partager-fromage-et-ail-au-airfryer\/#primaryimage"},"thumbnailUrl":"https:\/\/air-fryer-ninja.fr\/wp-content\/uploads\/2026\/02\/Recette-pain-a-partager-fromage-et-ail-au-Airfryer.jpg","datePublished":"2025-02-14T14:25:00+00:00","dateModified":"2025-02-18T17:35:46+00:00","description":"D\u00e9couvrez comment pr\u00e9parer un savoureux pain \u00e0 partager au fromage et \u00e0 l'ail au Airfryer. Une recette simple et d\u00e9licieuse avec une garniture fondante qui ravira vos convives \u00e0 chaque bouch\u00e9e !","breadcrumb":{"@id":"https:\/\/air-fryer-ninja.fr\/recette-pain-a-partager-fromage-et-ail-au-airfryer\/#breadcrumb"},"inLanguage":"sk-SK","potentialAction":[{"@type":"ReadAction","target":["https:\/\/air-fryer-ninja.fr\/recette-pain-a-partager-fromage-et-ail-au-airfryer\/"]}]},{"@type":"ImageObject","inLanguage":"sk-SK","@id":"https:\/\/air-fryer-ninja.fr\/recette-pain-a-partager-fromage-et-ail-au-airfryer\/#primaryimage","url":"https:\/\/air-fryer-ninja.fr\/wp-content\/uploads\/2026\/02\/Recette-pain-a-partager-fromage-et-ail-au-Airfryer.jpg","contentUrl":"https:\/\/air-fryer-ninja.fr\/wp-content\/uploads\/2026\/02\/Recette-pain-a-partager-fromage-et-ail-au-Airfryer.jpg","width":1200,"height":675,"caption":"Recette pain \u00e0 partager fromage et ail au Airfryer"},{"@type":"BreadcrumbList","@id":"https:\/\/air-fryer-ninja.fr\/recette-pain-a-partager-fromage-et-ail-au-airfryer\/#breadcrumb","itemListElement":[{"@type":"ListItem","position":1,"name":"Recette Air Fryer","item":"https:\/\/air-fryer-ninja.fr\/"},{"@type":"ListItem","position":2,"name":"Recette pain \u00e0 partager fromage et ail au Airfryer"}]},{"@type":"WebSite","@id":"https:\/\/air-fryer-ninja.fr\/#website","url":"https:\/\/air-fryer-ninja.fr\/","name":"Vzduchov\u00e1 frit\u00e9za Ninja","description":"Vzduchov\u00fd fritovac\u00ed hrniec ninja recept blog","publisher":{"@id":"https:\/\/air-fryer-ninja.fr\/#organization"},"potentialAction":[{"@type":"SearchAction","target":{"@type":"EntryPoint","urlTemplate":"https:\/\/air-fryer-ninja.fr\/?s={search_term_string}"},"query-input":{"@type":"PropertyValueSpecification","valueRequired":true,"valueName":"search_term_string"}}],"inLanguage":"sk-SK"},{"@type":"Organization","@id":"https:\/\/air-fryer-ninja.fr\/#organization","name":"Vzduchov\u00e1 frit\u00e9za Ninja","url":"https:\/\/air-fryer-ninja.fr\/","logo":{"@type":"ImageObject","inLanguage":"sk-SK","@id":"https:\/\/air-fryer-ninja.fr\/#\/schema\/logo\/image\/","url":"https:\/\/air-fryer-ninja.fr\/wp-content\/uploads\/2022\/09\/air-fryer-ninja.png","contentUrl":"https:\/\/air-fryer-ninja.fr\/wp-content\/uploads\/2022\/09\/air-fryer-ninja.png","width":500,"height":90,"caption":"Air fryer ninja"},"image":{"@id":"https:\/\/air-fryer-ninja.fr\/#\/schema\/logo\/image\/"}},{"@type":"Person","@id":"https:\/\/air-fryer-ninja.fr\/#\/schema\/person\/31ca83cb1c8812323af9097575aa686b","name":"Stephy","image":{"@type":"ImageObject","inLanguage":"sk-SK","@id":"https:\/\/air-fryer-ninja.fr\/wp-content\/uploads\/2024\/11\/cropped-Untitled-design-2024-11-04T123927.617-96x96.jpg","url":"https:\/\/air-fryer-ninja.fr\/wp-content\/uploads\/2024\/11\/cropped-Untitled-design-2024-11-04T123927.617-96x96.jpg","contentUrl":"https:\/\/air-fryer-ninja.fr\/wp-content\/uploads\/2024\/11\/cropped-Untitled-design-2024-11-04T123927.617-96x96.jpg","caption":"Stephy"},"description":"Som Stephy, \u017eena v dom\u00e1cnosti s v\u00e1\u0161\u0148ou pre varenie! Odkedy som objavila frit\u00e9zu Air Fryer, stala sa moj\u00edm ide\u00e1lnym spolo\u010dn\u00edkom pri tvorbe chutn\u00fdch a \u013eahko pripravite\u013en\u00fdch receptov. Rada experimentujem a vym\u00fd\u0161\u013eam jedl\u00e1, ktor\u00e9 prekvapia a pote\u0161ia moju rodinu. Tu sa s vami podel\u00edm o svoje najlep\u0161ie tipy a ob\u013e\u00faben\u00e9 recepty, ktor\u00e9 v\u00e1m pom\u00f4\u017eu vychutna\u0165 si p\u00f4\u017eitky z dom\u00e1ceho varenia bez toho, aby ste museli tr\u00e1vi\u0165 hodiny za spor\u00e1kom. M\u00f4j cie\u013e? Uk\u00e1za\u0165 v\u00e1m, \u017ee s trochou tvorivosti m\u00f4\u017ee frit\u00e9za na vzduchu premeni\u0165 ka\u017ed\u00e9 jedlo na skuto\u010dn\u00e9 pote\u0161enie!","sameAs":["https:\/\/air-fryer-ninja.fr"],"url":"https:\/\/air-fryer-ninja.fr\/sk\/author\/a1rdy\/"}]}},"_links":{"self":[{"href":"https:\/\/air-fryer-ninja.fr\/sk\/wp-json\/wp\/v2\/posts\/3618","targetHints":{"allow":["GET"]}}],"collection":[{"href":"https:\/\/air-fryer-ninja.fr\/sk\/wp-json\/wp\/v2\/posts"}],"about":[{"href":"https:\/\/air-fryer-ninja.fr\/sk\/wp-json\/wp\/v2\/types\/post"}],"author":[{"embeddable":true,"href":"https:\/\/air-fryer-ninja.fr\/sk\/wp-json\/wp\/v2\/users\/1"}],"replies":[{"embeddable":true,"href":"https:\/\/air-fryer-ninja.fr\/sk\/wp-json\/wp\/v2\/comments?post=3618"}],"version-history":[{"count":1,"href":"https:\/\/air-fryer-ninja.fr\/sk\/wp-json\/wp\/v2\/posts\/3618\/revisions"}],"predecessor-version":[{"id":3619,"href":"https:\/\/air-fryer-ninja.fr\/sk\/wp-json\/wp\/v2\/posts\/3618\/revisions\/3619"}],"wp:featuredmedia":[{"embeddable":true,"href":"https:\/\/air-fryer-ninja.fr\/sk\/wp-json\/wp\/v2\/media\/3620"}],"wp:attachment":[{"href":"https:\/\/air-fryer-ninja.fr\/sk\/wp-json\/wp\/v2\/media?parent=3618"}],"wp:term":[{"taxonomy":"category","embeddable":true,"href":"https:\/\/air-fryer-ninja.fr\/sk\/wp-json\/wp\/v2\/categories?post=3618"},{"taxonomy":"post_tag","embeddable":true,"href":"https:\/\/air-fryer-ninja.fr\/sk\/wp-json\/wp\/v2\/tags?post=3618"}],"curies":[{"name":"wp","href":"https:\/\/api.w.org\/{rel}","templated":true}]}}