{"id":3301,"date":"2025-01-23T14:25:00","date_gmt":"2025-01-23T14:25:00","guid":{"rendered":"https:\/\/air-fryer-ninja.fr\/?p=3301"},"modified":"2025-01-23T00:09:20","modified_gmt":"2025-01-23T00:09:20","slug":"recette-tartiflette-au-airfryer","status":"publish","type":"post","link":"https:\/\/air-fryer-ninja.fr\/ro\/recette-tartiflette-au-airfryer\/","title":{"rendered":"Recette tartiflette au Airfryer"},"content":{"rendered":"<p><strong>La tartiflette au airfryer repr\u00e9sente la parfaite fusion entre tradition savoyarde et innovation culinaire moderne. Ce plat embl\u00e9matique des montagnes fran\u00e7aises se r\u00e9invente aujourd&rsquo;hui gr\u00e2ce \u00e0 la technologie de l&rsquo;airfryer, offrant une version plus rapide et tout aussi savoureuse que l&rsquo;originale. Imaginez la d\u00e9licieuse combinaison du reblochon fondant, des pommes de terre dor\u00e9es et des lardons croustillants, le tout pr\u00eat en seulement 40 minutes ! Cette recette simplifi\u00e9e conserve toute l&rsquo;authenticit\u00e9 des saveurs traditionnelles tout en s&rsquo;adaptant \u00e0 notre mode de vie contemporain. Que vous soyez press\u00e9 par le temps ou simplement curieux d&rsquo;explorer de nouvelles fa\u00e7ons de cuisiner, cette tartiflette revisit\u00e9e saura conqu\u00e9rir vos papilles.<\/strong><\/p>\n\n\n\n<p><strong><strong>\u23f1\ufe0f<\/strong> Temps de pr\u00e9paration :<\/strong> 20 minutes <\/p>\n\n\n\n<p><strong><strong>\u23f1\ufe0f<\/strong> Temps de cuisson :<\/strong> 20 minutes <\/p>\n\n\n\n<p><strong><strong>\u23f1\ufe0f<\/strong> Temps total :<\/strong> 40 minutes<\/p>\n\n\n\n<h2 class=\"wp-block-heading\">Ingr\u00e9dients (pour 4 personnes)<\/h2>\n\n\n\n<ul class=\"wp-block-list\">\n<li>500 g de cartofi<\/li>\n\n\n\n<li>200g de lardons<\/li>\n\n\n\n<li>1 ceap\u0103<\/li>\n\n\n\n<li>200g de reblochon<\/li>\n\n\n\n<li>Sare \u0219i piper dup\u0103 gust<\/li>\n\n\n\n<li>Herbes de Provence<\/li>\n<\/ul>\n\n\n\n<h2 class=\"wp-block-heading\">Ustensiles<\/h2>\n\n\n\n<ul class=\"wp-block-list\">\n<li>Un airfryer<\/li>\n\n\n\n<li>Une po\u00eale<\/li>\n\n\n\n<li>Un \u00e9conome<\/li>\n\n\n\n<li>Un couteau de cuisine<\/li>\n\n\n\n<li>Une planche \u00e0 d\u00e9couper<\/li>\n<\/ul>\n\n\n\n<h2 class=\"wp-block-heading\">R\u00e9alisation pas \u00e0 pas<\/h2>\n\n\n\n<ol class=\"wp-block-list\">\n<li><strong>Preg\u0103tirea ingredientelor<\/strong> : Commencez par \u00e9plucher soigneusement les pommes de terre, puis d\u00e9coupez-les en fines rondelles r\u00e9guli\u00e8res.<\/li>\n\n\n\n<li><strong>Preg\u0103tirea umpluturii<\/strong> : Dans une po\u00eale chaude, faites revenir les lardons avec l&rsquo;oignon finement \u00e9minc\u00e9 jusqu&rsquo;\u00e0 ce qu&rsquo;ils soient bien dor\u00e9s.<\/li>\n\n\n\n<li><strong>Assemblage de la tartiflette<\/strong> : Dans le panier de votre airfryer, disposez en couches successives : pommes de terre, m\u00e9lange lardons-oignons, et morceaux de reblochon.<\/li>\n\n\n\n<li><strong>Assaisonnement<\/strong> :  Parsemez g\u00e9n\u00e9reusement d&rsquo;herbes de Provence, salez et poivrez selon votre go\u00fbt.<\/li>\n\n\n\n<li>Cuisson au airfryer Programmez votre airfryer \u00e0 180\u00b0C et laissez cuire pendant 20 minutes jusqu&rsquo;\u00e0 ce que le fromage soit bien fondu et l\u00e9g\u00e8rement gratin\u00e9.<\/li>\n<\/ol>\n\n\n\n<h2 class=\"wp-block-heading\">Conseils du chef<\/h2>\n\n\n\n<ul class=\"wp-block-list\">\n<li>Choisissez des pommes de terre \u00e0 chair ferme pour une meilleure tenue \u00e0 la cuisson<\/li>\n\n\n\n<li>Pr\u00e9chauffez votre airfryer pour une cuisson optimale<\/li>\n\n\n\n<li>Surveillez la cuisson les derni\u00e8res minutes pour obtenir un gratin parfait<\/li>\n<\/ul>\n\n\n\n<p>Pour sublimer davantage votre tartiflette, pensez \u00e0 varier les fromages en ajoutant une touche de raclette ou de beaufort avec le reblochon. Cette association apportera une richesse suppl\u00e9mentaire aux saveurs de votre plat. N&rsquo;oubliez pas que la cl\u00e9 d&rsquo;une tartiflette r\u00e9ussie r\u00e9side aussi dans le choix de pommes de terre de qualit\u00e9 et dans leur d\u00e9coupe r\u00e9guli\u00e8re.<\/p>\n\n\n\n<h3 class=\"wp-block-heading\">La phrase du chef :<\/h3>\n\n\n\n<blockquote class=\"wp-block-quote is-layout-flow wp-block-quote-is-layout-flow\">\n<p><em>\u00ab\u00a0La tartiflette au airfryer, c&rsquo;est le mariage parfait entre tradition savoyarde et cuisine moderne !\u00a0\u00bb<\/em><\/p>\n<\/blockquote>\n\n\n\n<h2 class=\"wp-block-heading\">Questions fr\u00e9quentes<\/h2>\n\n\n\n<p><strong>Puis-je pr\u00e9parer la tartiflette \u00e0 l&rsquo;avance ? <\/strong><\/p>\n\n\n\n<p>Oui, vous pouvez pr\u00e9parer tous les \u00e9l\u00e9ments \u00e0 l&rsquo;avance et assembler au moment de la cuisson.<\/p>\n\n\n\n<p><strong>Quel type de reblochon utiliser ? <\/strong><\/p>\n\n\n\n<p>Privil\u00e9giez un reblochon fermier pour des saveurs plus intenses.<\/p>\n\n\n\n<p><strong>Comment conserver les restes ? <\/strong><\/p>\n\n\n\n<p>Conservez au r\u00e9frig\u00e9rateur jusqu&rsquo;\u00e0 48h et r\u00e9chauffez au airfryer pour garder le croustillant.<\/p>\n\n\n\n<p>Comment savoir si ma tartiflette est bien cuite ? La tartiflette est pr\u00eate lorsque les pommes de terre sont tendres (testez avec la pointe d&rsquo;un couteau) et que le fromage est bien dor\u00e9 en surface. Un l\u00e9ger gratin doit se former sur le dessus.<\/p>\n\n\n\n<p>Cette tartiflette au airfryer marie \u00e0 merveille l&rsquo;authenticit\u00e9 de la cuisine savoyarde avec la praticit\u00e9 de la cuisine moderne. Sa pr\u00e9paration simple et rapide en fait un plat id\u00e9al pour les soir\u00e9es d&rsquo;hiver comme pour les repas improvis\u00e9s entre amis. Vous avez aim\u00e9 cette recette ? D\u00e9couvrez <a href=\"https:\/\/air-fryer-ninja.fr\/ro\/categorie\/branza\/\">nos autres d\u00e9lices fromager pr\u00e9par\u00e9s au airfryer<\/a>. N&rsquo;oubliez pas de partager vos cr\u00e9ations culinaires en commentaires et de sauvegarder cette recette pour vos prochaines envies gourmandes !<\/p>","protected":false},"excerpt":{"rendered":"<p>La tartiflette au airfryer repr\u00e9sente la parfaite fusion entre tradition savoyarde et innovation culinaire moderne. Ce plat embl\u00e9matique des montagnes fran\u00e7aises se r\u00e9invente aujourd&rsquo;hui gr\u00e2ce \u00e0 la technologie de l&rsquo;airfryer, offrant une version plus rapide et tout aussi savoureuse que l&rsquo;originale. Imaginez la d\u00e9licieuse combinaison du reblochon fondant, des pommes de terre dor\u00e9es et des [&hellip;]<\/p>","protected":false},"author":1,"featured_media":3303,"comment_status":"open","ping_status":"open","sticky":false,"template":"","format":"standard","meta":{"wprm-recipe-roundup-name":"","wprm-recipe-roundup-description":"","footnotes":""},"categories":[35],"tags":[183,201,224],"class_list":["post-3301","post","type-post","status-publish","format-standard","has-post-thumbnail","hentry","category-fromage","tag-fromage","tag-pommes-de-terre","tag-tartiflette"],"yoast_head":"<!-- This site is optimized with the Yoast SEO plugin v27.5 - https:\/\/yoast.com\/product\/yoast-seo-wordpress\/ -->\n<title>Recette tartiflette au Airfryer - Air fryer ninja Recettes<\/title>\n<meta name=\"description\" content=\"D\u00e9couvrez notre recette de tartiflette au airfryer : un plat traditionnel savoyard revisit\u00e9 pour plus de rapidit\u00e9 et de praticit\u00e9. Une recette gourmande pr\u00eate en 40 minutes qui conserve toute l&#039;authenticit\u00e9 de ce plat r\u00e9confortant.\" \/>\n<meta name=\"robots\" content=\"index, follow, max-snippet:-1, max-image-preview:large, max-video-preview:-1\" \/>\n<link rel=\"canonical\" href=\"https:\/\/air-fryer-ninja.fr\/ro\/recette-tartiflette-au-airfryer\/\" \/>\n<meta property=\"og:locale\" content=\"ro_RO\" \/>\n<meta property=\"og:type\" content=\"article\" \/>\n<meta property=\"og:title\" content=\"Recette tartiflette au Airfryer - Air fryer ninja Recettes\" \/>\n<meta property=\"og:description\" content=\"D\u00e9couvrez notre recette de tartiflette au airfryer : un plat traditionnel savoyard revisit\u00e9 pour plus de rapidit\u00e9 et de praticit\u00e9. Une recette gourmande pr\u00eate en 40 minutes qui conserve toute l&#039;authenticit\u00e9 de ce plat r\u00e9confortant.\" \/>\n<meta property=\"og:url\" content=\"https:\/\/air-fryer-ninja.fr\/ro\/recette-tartiflette-au-airfryer\/\" \/>\n<meta property=\"og:site_name\" content=\"Air fryer ninja Recettes\" \/>\n<meta property=\"article:published_time\" content=\"2025-01-23T14:25:00+00:00\" \/>\n<meta property=\"og:image\" content=\"https:\/\/air-fryer-ninja.fr\/wp-content\/uploads\/2025\/01\/recette-tartiflette-au-airfryer.jpg\" \/>\n\t<meta property=\"og:image:width\" content=\"1200\" \/>\n\t<meta property=\"og:image:height\" content=\"675\" \/>\n\t<meta property=\"og:image:type\" content=\"image\/jpeg\" \/>\n<meta name=\"author\" content=\"Stephy\" \/>\n<meta name=\"twitter:card\" content=\"summary_large_image\" \/>\n<meta name=\"twitter:label1\" content=\"Scris de\" \/>\n\t<meta name=\"twitter:data1\" content=\"Stephy\" \/>\n\t<meta name=\"twitter:label2\" content=\"Timp estimat pentru citire\" \/>\n\t<meta name=\"twitter:data2\" content=\"3 minute\" \/>\n<!-- \/ Yoast SEO plugin. -->","yoast_head_json":{"title":"Recette tartiflette au Airfryer - Air fryer ninja Recettes","description":"D\u00e9couvrez notre recette de tartiflette au airfryer : un plat traditionnel savoyard revisit\u00e9 pour plus de rapidit\u00e9 et de praticit\u00e9. Une recette gourmande pr\u00eate en 40 minutes qui conserve toute l'authenticit\u00e9 de ce plat r\u00e9confortant.","robots":{"index":"index","follow":"follow","max-snippet":"max-snippet:-1","max-image-preview":"max-image-preview:large","max-video-preview":"max-video-preview:-1"},"canonical":"https:\/\/air-fryer-ninja.fr\/ro\/recette-tartiflette-au-airfryer\/","og_locale":"ro_RO","og_type":"article","og_title":"Recette tartiflette au Airfryer - Air fryer ninja Recettes","og_description":"D\u00e9couvrez notre recette de tartiflette au airfryer : un plat traditionnel savoyard revisit\u00e9 pour plus de rapidit\u00e9 et de praticit\u00e9. Une recette gourmande pr\u00eate en 40 minutes qui conserve toute l'authenticit\u00e9 de ce plat r\u00e9confortant.","og_url":"https:\/\/air-fryer-ninja.fr\/ro\/recette-tartiflette-au-airfryer\/","og_site_name":"Air fryer ninja Recettes","article_published_time":"2025-01-23T14:25:00+00:00","og_image":[{"width":1200,"height":675,"url":"https:\/\/air-fryer-ninja.fr\/wp-content\/uploads\/2025\/01\/recette-tartiflette-au-airfryer.jpg","type":"image\/jpeg"}],"author":"Stephy","twitter_card":"summary_large_image","twitter_misc":{"Scris de":"Stephy","Timp estimat pentru citire":"3 minute"},"schema":{"@context":"https:\/\/schema.org","@graph":[{"@type":"Article","@id":"https:\/\/air-fryer-ninja.fr\/recette-tartiflette-au-airfryer\/#article","isPartOf":{"@id":"https:\/\/air-fryer-ninja.fr\/recette-tartiflette-au-airfryer\/"},"author":{"name":"Stephy","@id":"https:\/\/air-fryer-ninja.fr\/#\/schema\/person\/31ca83cb1c8812323af9097575aa686b"},"headline":"Recette tartiflette au Airfryer","datePublished":"2025-01-23T14:25:00+00:00","mainEntityOfPage":{"@id":"https:\/\/air-fryer-ninja.fr\/recette-tartiflette-au-airfryer\/"},"wordCount":606,"commentCount":0,"publisher":{"@id":"https:\/\/air-fryer-ninja.fr\/#organization"},"image":{"@id":"https:\/\/air-fryer-ninja.fr\/recette-tartiflette-au-airfryer\/#primaryimage"},"thumbnailUrl":"https:\/\/air-fryer-ninja.fr\/wp-content\/uploads\/2025\/01\/recette-tartiflette-au-airfryer.jpg","keywords":["fromage","pommes de terre","tartiflette"],"articleSection":["Fromage"],"inLanguage":"ro-RO","potentialAction":[{"@type":"CommentAction","name":"Comment","target":["https:\/\/air-fryer-ninja.fr\/recette-tartiflette-au-airfryer\/#respond"]}]},{"@type":"WebPage","@id":"https:\/\/air-fryer-ninja.fr\/recette-tartiflette-au-airfryer\/","url":"https:\/\/air-fryer-ninja.fr\/recette-tartiflette-au-airfryer\/","name":"Recette tartiflette au Airfryer - Air fryer ninja Recettes","isPartOf":{"@id":"https:\/\/air-fryer-ninja.fr\/#website"},"primaryImageOfPage":{"@id":"https:\/\/air-fryer-ninja.fr\/recette-tartiflette-au-airfryer\/#primaryimage"},"image":{"@id":"https:\/\/air-fryer-ninja.fr\/recette-tartiflette-au-airfryer\/#primaryimage"},"thumbnailUrl":"https:\/\/air-fryer-ninja.fr\/wp-content\/uploads\/2025\/01\/recette-tartiflette-au-airfryer.jpg","datePublished":"2025-01-23T14:25:00+00:00","description":"D\u00e9couvrez notre recette de tartiflette au airfryer : un plat traditionnel savoyard revisit\u00e9 pour plus de rapidit\u00e9 et de praticit\u00e9. Une recette gourmande pr\u00eate en 40 minutes qui conserve toute l'authenticit\u00e9 de ce plat r\u00e9confortant.","breadcrumb":{"@id":"https:\/\/air-fryer-ninja.fr\/recette-tartiflette-au-airfryer\/#breadcrumb"},"inLanguage":"ro-RO","potentialAction":[{"@type":"ReadAction","target":["https:\/\/air-fryer-ninja.fr\/recette-tartiflette-au-airfryer\/"]}]},{"@type":"ImageObject","inLanguage":"ro-RO","@id":"https:\/\/air-fryer-ninja.fr\/recette-tartiflette-au-airfryer\/#primaryimage","url":"https:\/\/air-fryer-ninja.fr\/wp-content\/uploads\/2025\/01\/recette-tartiflette-au-airfryer.jpg","contentUrl":"https:\/\/air-fryer-ninja.fr\/wp-content\/uploads\/2025\/01\/recette-tartiflette-au-airfryer.jpg","width":1200,"height":675,"caption":"recette tartiflette au airfryer"},{"@type":"BreadcrumbList","@id":"https:\/\/air-fryer-ninja.fr\/recette-tartiflette-au-airfryer\/#breadcrumb","itemListElement":[{"@type":"ListItem","position":1,"name":"Recette Air Fryer","item":"https:\/\/air-fryer-ninja.fr\/"},{"@type":"ListItem","position":2,"name":"Recette tartiflette au Airfryer"}]},{"@type":"WebSite","@id":"https:\/\/air-fryer-ninja.fr\/#website","url":"https:\/\/air-fryer-ninja.fr\/","name":"Frigider ninja cu aer","description":"Frigider cu aer ninja reteta blog","publisher":{"@id":"https:\/\/air-fryer-ninja.fr\/#organization"},"potentialAction":[{"@type":"SearchAction","target":{"@type":"EntryPoint","urlTemplate":"https:\/\/air-fryer-ninja.fr\/?s={search_term_string}"},"query-input":{"@type":"PropertyValueSpecification","valueRequired":true,"valueName":"search_term_string"}}],"inLanguage":"ro-RO"},{"@type":"Organization","@id":"https:\/\/air-fryer-ninja.fr\/#organization","name":"Frigider ninja cu aer","url":"https:\/\/air-fryer-ninja.fr\/","logo":{"@type":"ImageObject","inLanguage":"ro-RO","@id":"https:\/\/air-fryer-ninja.fr\/#\/schema\/logo\/image\/","url":"https:\/\/air-fryer-ninja.fr\/wp-content\/uploads\/2022\/09\/air-fryer-ninja.png","contentUrl":"https:\/\/air-fryer-ninja.fr\/wp-content\/uploads\/2022\/09\/air-fryer-ninja.png","width":500,"height":90,"caption":"Air fryer ninja"},"image":{"@id":"https:\/\/air-fryer-ninja.fr\/#\/schema\/logo\/image\/"}},{"@type":"Person","@id":"https:\/\/air-fryer-ninja.fr\/#\/schema\/person\/31ca83cb1c8812323af9097575aa686b","name":"Stephy","image":{"@type":"ImageObject","inLanguage":"ro-RO","@id":"https:\/\/air-fryer-ninja.fr\/wp-content\/uploads\/2024\/11\/cropped-Untitled-design-2024-11-04T123927.617-96x96.jpg","url":"https:\/\/air-fryer-ninja.fr\/wp-content\/uploads\/2024\/11\/cropped-Untitled-design-2024-11-04T123927.617-96x96.jpg","contentUrl":"https:\/\/air-fryer-ninja.fr\/wp-content\/uploads\/2024\/11\/cropped-Untitled-design-2024-11-04T123927.617-96x96.jpg","caption":"Stephy"},"description":"Sunt Stephy, o gospodin\u0103 cu o pasiune pentru g\u0103tit! De c\u00e2nd am descoperit Air Fryer-ul, acesta a devenit partenerul meu ideal pentru a crea re\u021bete gustoase \u0219i u\u0219or de realizat. \u00cemi place s\u0103 experimentez \u0219i s\u0103 inventez m\u00e2nc\u0103ruri care \u00eemi surprind \u0219i \u00eemi \u00eenc\u00e2nt\u0103 familia. Aici, v\u0103 \u00eemp\u0103rt\u0103\u0219esc cele mai bune sfaturi \u0219i re\u021betele mele preferate pentru a v\u0103 ajuta s\u0103 v\u0103 bucura\u021bi de deliciile g\u0103titului acas\u0103, f\u0103r\u0103 a petrece ore \u00eentregi \u00een spatele aragazului. Scopul meu? S\u0103 v\u0103 ar\u0103t c\u0103, cu pu\u021bin\u0103 creativitate, Air Fryer poate transforma fiecare mas\u0103 \u00eentr-o adev\u0103rat\u0103 pl\u0103cere!","sameAs":["https:\/\/air-fryer-ninja.fr"],"url":"https:\/\/air-fryer-ninja.fr\/ro\/author\/a1rdy\/"}]}},"_links":{"self":[{"href":"https:\/\/air-fryer-ninja.fr\/ro\/wp-json\/wp\/v2\/posts\/3301","targetHints":{"allow":["GET"]}}],"collection":[{"href":"https:\/\/air-fryer-ninja.fr\/ro\/wp-json\/wp\/v2\/posts"}],"about":[{"href":"https:\/\/air-fryer-ninja.fr\/ro\/wp-json\/wp\/v2\/types\/post"}],"author":[{"embeddable":true,"href":"https:\/\/air-fryer-ninja.fr\/ro\/wp-json\/wp\/v2\/users\/1"}],"replies":[{"embeddable":true,"href":"https:\/\/air-fryer-ninja.fr\/ro\/wp-json\/wp\/v2\/comments?post=3301"}],"version-history":[{"count":1,"href":"https:\/\/air-fryer-ninja.fr\/ro\/wp-json\/wp\/v2\/posts\/3301\/revisions"}],"predecessor-version":[{"id":3304,"href":"https:\/\/air-fryer-ninja.fr\/ro\/wp-json\/wp\/v2\/posts\/3301\/revisions\/3304"}],"wp:featuredmedia":[{"embeddable":true,"href":"https:\/\/air-fryer-ninja.fr\/ro\/wp-json\/wp\/v2\/media\/3303"}],"wp:attachment":[{"href":"https:\/\/air-fryer-ninja.fr\/ro\/wp-json\/wp\/v2\/media?parent=3301"}],"wp:term":[{"taxonomy":"category","embeddable":true,"href":"https:\/\/air-fryer-ninja.fr\/ro\/wp-json\/wp\/v2\/categories?post=3301"},{"taxonomy":"post_tag","embeddable":true,"href":"https:\/\/air-fryer-ninja.fr\/ro\/wp-json\/wp\/v2\/tags?post=3301"}],"curies":[{"name":"wp","href":"https:\/\/api.w.org\/{rel}","templated":true}]}}