{"id":2556,"date":"2024-11-24T15:32:15","date_gmt":"2024-11-24T15:32:15","guid":{"rendered":"https:\/\/air-fryer-ninja.fr\/?p=2556"},"modified":"2025-01-06T20:13:41","modified_gmt":"2025-01-06T20:13:41","slug":"reteta-de-paine-cu-banane-pentru-frigider-cu-aer","status":"publish","type":"post","link":"https:\/\/air-fryer-ninja.fr\/ro\/reteta-de-paine-cu-banane-pentru-frigider-cu-aer\/","title":{"rendered":"Re\u021bet\u0103 de p\u00e2ine cu banane Air Fryer"},"content":{"rendered":"<p>Banana bread este un clasic american care a cucerit inimile gurmanzilor din \u00eentreaga lume. Originile sale dateaz\u0103 din anii 1930, c\u00e2nd a ap\u0103rut pentru prima dat\u0103 \u00een c\u0103r\u021bile de bucate, popularizat\u0103 de necesitatea de a evita irosirea bananelor prea coapte. Odat\u0103 cu apari\u021bia aparatelor moderne de g\u0103tit, cum ar fi Air Fryer, prepararea sa a devenit \u0219i mai simpl\u0103 \u0219i mai rapid\u0103. Acest desert moale \u0219i gustos este perfect pentru micul dejun sau pentru o gustare \u0219i poate fi personalizat cu o varietate de ingrediente pentru a-l face unic.<\/p>\n<h2>Ingrediente pentru 4 persoane<\/h2>\n<ul>\n<li>4 banane coapte (aprox. 1,2 kg)<\/li>\n<li>150 g zah\u0103r<\/li>\n<li>100 g unt, \u00eenmuiat<\/li>\n<li>2 ou\u0103<\/li>\n<li>200 g f\u0103in\u0103<\/li>\n<li>1 plic de praf de copt (aproximativ 10 g)<\/li>\n<li>1 v\u00e2rf de cu\u021bit de sare<\/li>\n<li>1 linguri\u021b\u0103 extract de vanilie<\/li>\n<li>100 g nuci (op\u021bional)<\/li>\n<\/ul>\n<h2>Etape de preg\u0103tire<\/h2>\n<ul>\n<li><strong>Preg\u0103tirea bananelor<\/strong> \u00centr-un castron mare, se zdrobesc bananele cu o furculi\u021b\u0103 p\u00e2n\u0103 se omogenizeaz\u0103.<\/li>\n<li><strong>Amestecarea ingredientelor umede<\/strong> Se adaug\u0103 untul \u00eenmuiat \u0219i zah\u0103rul la piureul de banane. Se amestec\u0103 bine p\u00e2n\u0103 la omogenizare.<\/li>\n<li><strong>Ad\u0103ugarea ou\u0103lor<\/strong> Se adaug\u0103 ou\u0103le unul c\u00e2te unul, amestec\u00e2nd bine dup\u0103 fiecare ad\u0103ugare. Se adaug\u0103 extractul de vanilie.<\/li>\n<li><strong>\u00cencorporarea ingredientelor uscate<\/strong> \u00centr-un bol separat, combina\u021bi f\u0103ina, praful de copt \u0219i sarea. Ad\u0103uga\u021bi acest amestec la ingredientele umede \u0219i amesteca\u021bi p\u00e2n\u0103 la omogenizare. Dac\u0103 dori\u021bi, ad\u0103uga\u021bi nucile \u00een aceast\u0103 etap\u0103.<\/li>\n<li><strong>Preg\u0103tirea Air Fryer<\/strong> Pre\u00eenc\u0103lzi\u021bi Air Fryer-ul la 160\u00b0C timp de 5 minute.<\/li>\n<li><strong>Preg\u0103tirea matri\u021bei<\/strong> Unge\u021bi o form\u0103 potrivit\u0103 pentru Air Fryer cu pu\u021bin unt sau cu h\u00e2rtie degresat\u0103.<\/li>\n<li><strong>G\u0103titul<\/strong> Se toarn\u0103 aluatul \u00een form\u0103 \u0219i se introduce \u00een Air Fryer. Coace\u021bi timp de aproximativ 30 p\u00e2n\u0103 la 35 de minute sau p\u00e2n\u0103 c\u00e2nd un cu\u021bit introdus \u00een centru iese curat.<\/li>\n<li><strong>R\u0103cire<\/strong> Dup\u0103 ce sunt fierte, scoate\u021bi forma din Air Fryer \u0219i l\u0103sa\u021bi s\u0103 se r\u0103ceasc\u0103 timp de 10 minute \u00eenainte de a le scoate din form\u0103. Se las\u0103 s\u0103 se r\u0103ceasc\u0103 complet pe un suport de s\u00e2rm\u0103 \u00eenainte de t\u0103iere.<\/li>\n<\/ul>\n<h2>Vinuri recomandate<\/h2>\n<p>Pentru a \u00eenso\u021bi p\u00e2inea cu banane, un vin dulce precum Muscat sau Sauternes poate face minuni. Dac\u0103 prefera\u021bi vinul alb, un Chardonnay u\u0219or cu arom\u0103 de stejar se va potrivi de asemenea cu aromele dulci ale p\u00e2inii cu banane.<\/p>\n<h2>Varia\u021bii posibile<\/h2>\n<p>Exist\u0103 multe variante de p\u00e2ine cu banane. Pute\u021bi ad\u0103uga buc\u0103\u021bi de ciocolat\u0103 pentru un gust \u0219i mai indulgent sau pute\u021bi \u00eenlocui nucile cu nuci pecan sau migdale pentru o textur\u0103 diferit\u0103. Pentru o versiune mai s\u0103n\u0103toas\u0103, pute\u021bi folosi f\u0103in\u0103 integral\u0103 \u0219i reduce cantitatea de zah\u0103r, ad\u0103ug\u00e2nd condimente precum scor\u021bi\u0219oar\u0103 sau nuc\u0219oar\u0103 pentru a condimenta aroma.<\/p>\n<h2>Micile sfaturi ale buc\u0103tarului-\u0219ef<\/h2>\n<p>Pentru ca p\u00e2inea dvs. cu banane s\u0103 fie un succes, asigura\u021bi-v\u0103 c\u0103 bananele sunt coapte, deoarece acestea adaug\u0103 dulcea\u021ba \u0219i aroma necesare. Nu amesteca\u021bi aluatul prea mult timp dup\u0103 ce a\u021bi ad\u0103ugat f\u0103ina, deoarece acest lucru poate face p\u00e2inea dens\u0103. Pentru a verifica dac\u0103 aluatul este gata, nu ezita\u021bi s\u0103 face\u021bi testul cu cu\u021bitul: acesta trebuie s\u0103 ias\u0103 curat. \u00cen cele din urm\u0103, l\u0103sa\u021bi p\u00e2inea s\u0103 se r\u0103ceasc\u0103 complet \u00eenainte de a o t\u0103ia, pentru a preveni sf\u0103r\u00e2marea ei. Poft\u0103 bun\u0103!<\/p>","protected":false},"excerpt":{"rendered":"<p>Le pain \u00e0 la banane est un classique am\u00e9ricain qui a su conqu\u00e9rir le c\u0153ur de nombreux gourmands \u00e0 travers le monde. Son origine remonte aux ann\u00e9es 1930, lorsqu&rsquo;il est apparu dans des livres de cuisine, popularis\u00e9 par la n\u00e9cessit\u00e9 de ne pas gaspiller les bananes trop m\u00fbres. Avec l&rsquo;av\u00e8nement des appareils de cuisson modernes, [&hellip;]<\/p>","protected":false},"author":1,"featured_media":2557,"comment_status":"open","ping_status":"open","sticky":false,"template":"","format":"standard","meta":{"wprm-recipe-roundup-name":"","wprm-recipe-roundup-description":"","footnotes":""},"categories":[31],"tags":[],"class_list":["post-2556","post","type-post","status-publish","format-standard","has-post-thumbnail","hentry","category-dessert"],"yoast_head":"<!-- This site is optimized with the Yoast SEO plugin v27.5 - https:\/\/yoast.com\/product\/yoast-seo-wordpress\/ -->\n<title>Recette de pain \u00e0 la banane au Air Fryer - Air fryer ninja Recettes<\/title>\n<meta name=\"robots\" content=\"index, follow, max-snippet:-1, max-image-preview:large, max-video-preview:-1\" \/>\n<link rel=\"canonical\" href=\"https:\/\/air-fryer-ninja.fr\/ro\/reteta-de-paine-cu-banane-pentru-frigider-cu-aer\/\" \/>\n<meta property=\"og:locale\" content=\"ro_RO\" \/>\n<meta property=\"og:type\" content=\"article\" \/>\n<meta property=\"og:title\" content=\"Recette de pain \u00e0 la banane au Air Fryer - Air fryer ninja Recettes\" \/>\n<meta property=\"og:description\" content=\"Le pain \u00e0 la banane est un classique am\u00e9ricain qui a su conqu\u00e9rir le c\u0153ur de nombreux gourmands \u00e0 travers le monde. Son origine remonte aux ann\u00e9es 1930, lorsqu&rsquo;il est apparu dans des livres de cuisine, popularis\u00e9 par la n\u00e9cessit\u00e9 de ne pas gaspiller les bananes trop m\u00fbres. Avec l&rsquo;av\u00e8nement des appareils de cuisson modernes, [&hellip;]\" \/>\n<meta property=\"og:url\" content=\"https:\/\/air-fryer-ninja.fr\/ro\/reteta-de-paine-cu-banane-pentru-frigider-cu-aer\/\" \/>\n<meta property=\"og:site_name\" content=\"Air fryer ninja Recettes\" \/>\n<meta property=\"article:published_time\" content=\"2024-11-24T15:32:15+00:00\" \/>\n<meta property=\"article:modified_time\" content=\"2025-01-06T20:13:41+00:00\" \/>\n<meta property=\"og:image\" content=\"https:\/\/air-fryer-ninja.fr\/wp-content\/uploads\/2024\/11\/recette-de-pain-a-la-banane-au-air-fryer_1_0_33822-3.webp-3.webp\" \/>\n\t<meta property=\"og:image:width\" content=\"1456\" \/>\n\t<meta property=\"og:image:height\" content=\"816\" \/>\n\t<meta property=\"og:image:type\" content=\"image\/webp\" \/>\n<meta name=\"author\" content=\"Stephy\" \/>\n<meta name=\"twitter:card\" content=\"summary_large_image\" \/>\n<meta name=\"twitter:label1\" content=\"Scris de\" \/>\n\t<meta name=\"twitter:data1\" content=\"Stephy\" \/>\n\t<meta name=\"twitter:label2\" content=\"Timp estimat pentru citire\" \/>\n\t<meta name=\"twitter:data2\" content=\"3 minute\" \/>\n<!-- \/ Yoast SEO plugin. -->","yoast_head_json":{"title":"Recette de pain \u00e0 la banane au Air Fryer - Air fryer ninja Recettes","robots":{"index":"index","follow":"follow","max-snippet":"max-snippet:-1","max-image-preview":"max-image-preview:large","max-video-preview":"max-video-preview:-1"},"canonical":"https:\/\/air-fryer-ninja.fr\/ro\/reteta-de-paine-cu-banane-pentru-frigider-cu-aer\/","og_locale":"ro_RO","og_type":"article","og_title":"Recette de pain \u00e0 la banane au Air Fryer - Air fryer ninja Recettes","og_description":"Le pain \u00e0 la banane est un classique am\u00e9ricain qui a su conqu\u00e9rir le c\u0153ur de nombreux gourmands \u00e0 travers le monde. Son origine remonte aux ann\u00e9es 1930, lorsqu&rsquo;il est apparu dans des livres de cuisine, popularis\u00e9 par la n\u00e9cessit\u00e9 de ne pas gaspiller les bananes trop m\u00fbres. Avec l&rsquo;av\u00e8nement des appareils de cuisson modernes, [&hellip;]","og_url":"https:\/\/air-fryer-ninja.fr\/ro\/reteta-de-paine-cu-banane-pentru-frigider-cu-aer\/","og_site_name":"Air fryer ninja Recettes","article_published_time":"2024-11-24T15:32:15+00:00","article_modified_time":"2025-01-06T20:13:41+00:00","og_image":[{"width":1456,"height":816,"url":"https:\/\/air-fryer-ninja.fr\/wp-content\/uploads\/2024\/11\/recette-de-pain-a-la-banane-au-air-fryer_1_0_33822-3.webp-3.webp","type":"image\/webp"}],"author":"Stephy","twitter_card":"summary_large_image","twitter_misc":{"Scris de":"Stephy","Timp estimat pentru citire":"3 minute"},"schema":{"@context":"https:\/\/schema.org","@graph":[{"@type":"Article","@id":"https:\/\/air-fryer-ninja.fr\/recette-de-pain-a-la-banane-au-air-fryer\/#article","isPartOf":{"@id":"https:\/\/air-fryer-ninja.fr\/recette-de-pain-a-la-banane-au-air-fryer\/"},"author":{"name":"Stephy","@id":"https:\/\/air-fryer-ninja.fr\/#\/schema\/person\/31ca83cb1c8812323af9097575aa686b"},"headline":"Recette de pain \u00e0 la banane au Air Fryer","datePublished":"2024-11-24T15:32:15+00:00","dateModified":"2025-01-06T20:13:41+00:00","mainEntityOfPage":{"@id":"https:\/\/air-fryer-ninja.fr\/recette-de-pain-a-la-banane-au-air-fryer\/"},"wordCount":589,"commentCount":0,"publisher":{"@id":"https:\/\/air-fryer-ninja.fr\/#organization"},"image":{"@id":"https:\/\/air-fryer-ninja.fr\/recette-de-pain-a-la-banane-au-air-fryer\/#primaryimage"},"thumbnailUrl":"https:\/\/air-fryer-ninja.fr\/wp-content\/uploads\/2024\/11\/recette-de-pain-a-la-banane-au-air-fryer_1_0_33822-3.webp-3.webp","articleSection":["Dessert"],"inLanguage":"ro-RO","potentialAction":[{"@type":"CommentAction","name":"Comment","target":["https:\/\/air-fryer-ninja.fr\/recette-de-pain-a-la-banane-au-air-fryer\/#respond"]}]},{"@type":"WebPage","@id":"https:\/\/air-fryer-ninja.fr\/recette-de-pain-a-la-banane-au-air-fryer\/","url":"https:\/\/air-fryer-ninja.fr\/recette-de-pain-a-la-banane-au-air-fryer\/","name":"Recette de pain \u00e0 la banane au Air Fryer - Air fryer ninja Recettes","isPartOf":{"@id":"https:\/\/air-fryer-ninja.fr\/#website"},"primaryImageOfPage":{"@id":"https:\/\/air-fryer-ninja.fr\/recette-de-pain-a-la-banane-au-air-fryer\/#primaryimage"},"image":{"@id":"https:\/\/air-fryer-ninja.fr\/recette-de-pain-a-la-banane-au-air-fryer\/#primaryimage"},"thumbnailUrl":"https:\/\/air-fryer-ninja.fr\/wp-content\/uploads\/2024\/11\/recette-de-pain-a-la-banane-au-air-fryer_1_0_33822-3.webp-3.webp","datePublished":"2024-11-24T15:32:15+00:00","dateModified":"2025-01-06T20:13:41+00:00","breadcrumb":{"@id":"https:\/\/air-fryer-ninja.fr\/recette-de-pain-a-la-banane-au-air-fryer\/#breadcrumb"},"inLanguage":"ro-RO","potentialAction":[{"@type":"ReadAction","target":["https:\/\/air-fryer-ninja.fr\/recette-de-pain-a-la-banane-au-air-fryer\/"]}]},{"@type":"ImageObject","inLanguage":"ro-RO","@id":"https:\/\/air-fryer-ninja.fr\/recette-de-pain-a-la-banane-au-air-fryer\/#primaryimage","url":"https:\/\/air-fryer-ninja.fr\/wp-content\/uploads\/2024\/11\/recette-de-pain-a-la-banane-au-air-fryer_1_0_33822-3.webp-3.webp","contentUrl":"https:\/\/air-fryer-ninja.fr\/wp-content\/uploads\/2024\/11\/recette-de-pain-a-la-banane-au-air-fryer_1_0_33822-3.webp-3.webp","width":1456,"height":816},{"@type":"BreadcrumbList","@id":"https:\/\/air-fryer-ninja.fr\/recette-de-pain-a-la-banane-au-air-fryer\/#breadcrumb","itemListElement":[{"@type":"ListItem","position":1,"name":"Recette Air Fryer","item":"https:\/\/air-fryer-ninja.fr\/"},{"@type":"ListItem","position":2,"name":"Recette de pain \u00e0 la banane au Air Fryer"}]},{"@type":"WebSite","@id":"https:\/\/air-fryer-ninja.fr\/#website","url":"https:\/\/air-fryer-ninja.fr\/","name":"Frigider ninja cu aer","description":"Frigider cu aer ninja reteta blog","publisher":{"@id":"https:\/\/air-fryer-ninja.fr\/#organization"},"potentialAction":[{"@type":"SearchAction","target":{"@type":"EntryPoint","urlTemplate":"https:\/\/air-fryer-ninja.fr\/?s={search_term_string}"},"query-input":{"@type":"PropertyValueSpecification","valueRequired":true,"valueName":"search_term_string"}}],"inLanguage":"ro-RO"},{"@type":"Organization","@id":"https:\/\/air-fryer-ninja.fr\/#organization","name":"Frigider ninja cu aer","url":"https:\/\/air-fryer-ninja.fr\/","logo":{"@type":"ImageObject","inLanguage":"ro-RO","@id":"https:\/\/air-fryer-ninja.fr\/#\/schema\/logo\/image\/","url":"https:\/\/air-fryer-ninja.fr\/wp-content\/uploads\/2022\/09\/air-fryer-ninja.png","contentUrl":"https:\/\/air-fryer-ninja.fr\/wp-content\/uploads\/2022\/09\/air-fryer-ninja.png","width":500,"height":90,"caption":"Air fryer ninja"},"image":{"@id":"https:\/\/air-fryer-ninja.fr\/#\/schema\/logo\/image\/"}},{"@type":"Person","@id":"https:\/\/air-fryer-ninja.fr\/#\/schema\/person\/31ca83cb1c8812323af9097575aa686b","name":"Stephy","image":{"@type":"ImageObject","inLanguage":"ro-RO","@id":"https:\/\/air-fryer-ninja.fr\/wp-content\/uploads\/2024\/11\/cropped-Untitled-design-2024-11-04T123927.617-96x96.jpg","url":"https:\/\/air-fryer-ninja.fr\/wp-content\/uploads\/2024\/11\/cropped-Untitled-design-2024-11-04T123927.617-96x96.jpg","contentUrl":"https:\/\/air-fryer-ninja.fr\/wp-content\/uploads\/2024\/11\/cropped-Untitled-design-2024-11-04T123927.617-96x96.jpg","caption":"Stephy"},"description":"Sunt Stephy, o gospodin\u0103 cu o pasiune pentru g\u0103tit! De c\u00e2nd am descoperit Air Fryer-ul, acesta a devenit partenerul meu ideal pentru a crea re\u021bete gustoase \u0219i u\u0219or de realizat. \u00cemi place s\u0103 experimentez \u0219i s\u0103 inventez m\u00e2nc\u0103ruri care \u00eemi surprind \u0219i \u00eemi \u00eenc\u00e2nt\u0103 familia. Aici, v\u0103 \u00eemp\u0103rt\u0103\u0219esc cele mai bune sfaturi \u0219i re\u021betele mele preferate pentru a v\u0103 ajuta s\u0103 v\u0103 bucura\u021bi de deliciile g\u0103titului acas\u0103, f\u0103r\u0103 a petrece ore \u00eentregi \u00een spatele aragazului. Scopul meu? S\u0103 v\u0103 ar\u0103t c\u0103, cu pu\u021bin\u0103 creativitate, Air Fryer poate transforma fiecare mas\u0103 \u00eentr-o adev\u0103rat\u0103 pl\u0103cere!","sameAs":["https:\/\/air-fryer-ninja.fr"],"url":"https:\/\/air-fryer-ninja.fr\/ro\/author\/a1rdy\/"}]}},"_links":{"self":[{"href":"https:\/\/air-fryer-ninja.fr\/ro\/wp-json\/wp\/v2\/posts\/2556","targetHints":{"allow":["GET"]}}],"collection":[{"href":"https:\/\/air-fryer-ninja.fr\/ro\/wp-json\/wp\/v2\/posts"}],"about":[{"href":"https:\/\/air-fryer-ninja.fr\/ro\/wp-json\/wp\/v2\/types\/post"}],"author":[{"embeddable":true,"href":"https:\/\/air-fryer-ninja.fr\/ro\/wp-json\/wp\/v2\/users\/1"}],"replies":[{"embeddable":true,"href":"https:\/\/air-fryer-ninja.fr\/ro\/wp-json\/wp\/v2\/comments?post=2556"}],"version-history":[{"count":2,"href":"https:\/\/air-fryer-ninja.fr\/ro\/wp-json\/wp\/v2\/posts\/2556\/revisions"}],"predecessor-version":[{"id":2989,"href":"https:\/\/air-fryer-ninja.fr\/ro\/wp-json\/wp\/v2\/posts\/2556\/revisions\/2989"}],"wp:featuredmedia":[{"embeddable":true,"href":"https:\/\/air-fryer-ninja.fr\/ro\/wp-json\/wp\/v2\/media\/2557"}],"wp:attachment":[{"href":"https:\/\/air-fryer-ninja.fr\/ro\/wp-json\/wp\/v2\/media?parent=2556"}],"wp:term":[{"taxonomy":"category","embeddable":true,"href":"https:\/\/air-fryer-ninja.fr\/ro\/wp-json\/wp\/v2\/categories?post=2556"},{"taxonomy":"post_tag","embeddable":true,"href":"https:\/\/air-fryer-ninja.fr\/ro\/wp-json\/wp\/v2\/tags?post=2556"}],"curies":[{"name":"wp","href":"https:\/\/api.w.org\/{rel}","templated":true}]}}