{"id":1946,"date":"2024-08-20T15:55:00","date_gmt":"2024-08-20T15:55:00","guid":{"rendered":"https:\/\/air-fryer-ninja.fr\/?p=1946"},"modified":"2025-01-06T20:13:44","modified_gmt":"2025-01-06T20:13:44","slug":"recette-pommes-de-terre-gratinees-air-fryer","status":"publish","type":"post","link":"https:\/\/air-fryer-ninja.fr\/ro\/recette-pommes-de-terre-gratinees-air-fryer\/","title":{"rendered":"Recette Pommes de terre gratin\u00e9es air fryer"},"content":{"rendered":"<p>Aujourd\u2019hui, nous allons explorer une <strong>recette irr\u00e9sistible<\/strong> qui combine le <strong>croquant des pommes de terre cuites \u00e0 la perfection<\/strong> avec la <strong>rapidit\u00e9<\/strong> et l&rsquo;<strong>efficacit\u00e9<\/strong> de l\u2019air fryer. Parfaite pour les amateurs de <strong>cuisine facile et d\u00e9licieuse<\/strong>, cette recette de pommes de terre gratin\u00e9es deviendra rapidement un incontournable dans votre menu. Que ce soit pour accompagner un plat principal ou pour \u00eatre savour\u00e9e seule, cette pr\u00e9paration saura ravir les papilles des petits et des grands.<\/p>\n<h2>Les ingr\u00e9dients n\u00e9cessaires pour r\u00e9aliser les pommes de terre gratin\u00e9es<\/h2>\n<p>Pour commencer, voyons quels sont les <strong>ingr\u00e9dients indispensables<\/strong> pour pr\u00e9parer ce plat gourmand. Voici la liste des \u00e9l\u00e9ments dont vous aurez besoin :<\/p>\n<ul>\n<li><strong>Cartofi<\/strong> : 4 grosses pommes de terre<\/li>\n<li><strong>Lait<\/strong> : 20 cl<\/li>\n<li><strong>Cr\u00e8me<\/strong> : 10 cl<\/li>\n<li><strong>Sare<\/strong> : Une pinc\u00e9e<\/li>\n<li><strong>Piper<\/strong> : \u00c0 votre convenance<\/li>\n<li><strong>Noix de muscade<\/strong> : Une pinc\u00e9e r\u00e2p\u00e9e<\/li>\n<li><strong>Gousse d&rsquo;ail<\/strong> : 1 gousse<\/li>\n<\/ul>\n<h2>Pr\u00e9paration des pommes de terre<\/h2>\n<h3>\u00c9tape 1 : \u00c9pluchage et d\u00e9coupe des pommes de terre<\/h3>\n<p>D&rsquo;abord, \u00e9pluchez les pommes de terre et coupez-les en fines rondelles. Plus les tranches seront fines, plus elles <strong>cuiront rapidement et uniform\u00e9ment<\/strong>. Rincez les tranches sous l&rsquo;eau froide pour retirer l&rsquo;exc\u00e8s d&rsquo;amidon et <strong>s\u00e9chiez-les bien<\/strong>.<\/p>\n<h3>\u00c9tape 2 : Pr\u00e9paration du m\u00e9lange lait-cr\u00e8me<\/h3>\n<p>Ensuite, \u00e9crasez la gousse d&rsquo;ail et frottez-la au fond de votre plat avant de d\u00e9poser les pommes de terre. Dans un bol, m\u00e9langez le lait et la cr\u00e8me. Faites chauffer l\u00e9g\u00e8rement ce m\u00e9lange, puis ajoutez le sel, le poivre et la noix de muscade r\u00e2p\u00e9e. Cette \u00e9tape permettra de d\u00e9velopper toutes les saveurs et d&rsquo;obtenir une <strong>texture cr\u00e9meuse et onctueuse apr\u00e8s cuisson<\/strong>.<\/p>\n<h3>\u00c9tape 3 : Assemblage du gratin<\/h3>\n<p>Disposez les tranches de pommes de terre dans le plat en couches successives. Entre chaque couche, versez un peu de m\u00e9lange lait-cr\u00e8me jusqu&rsquo;\u00e0 \u00e9puisement des ingr\u00e9dients. Assurez-vous que toutes les tranches soient bien imbib\u00e9es pour garantir une <strong>g\u0103tire uniform\u0103<\/strong>.<\/p>\n<h2>Cuisson des pommes de terre \u00e0 l\u2019air fryer<\/h2>\n<h3>Pre\u00eenc\u0103lzirea friteuzei cu aer<\/h3>\n<p>Avant de mettre votre plat de pommes de terre dans l&rsquo;air fryer, pr\u00e9chauffez celui-ci \u00e0 <strong>180\u00b0C pendant environ 5 minutes<\/strong>. Un air fryer chaud assurera une meilleure r\u00e9partition de la chaleur et une <strong>cuisson plus uniforme<\/strong> de vos pommes de terre gratin\u00e9es.<\/p>\n<h3>Temps de cuisson optimal<\/h3>\n<p>Placez ensuite le plat contenant vos pommes de terre dans l&rsquo;air fryer. La cuisson devrait durer entre <strong>30 et 35 minutes \u00e0 180\u00b0C<\/strong>. V\u00e9rifiez r\u00e9guli\u00e8rement pour \u00e9viter que le dessus ne br\u00fble tout en s\u2019assurant que l\u2019int\u00e9rieur soit bien tendre et cuit. Vous pouvez couvrir le plat avec du papier aluminium si n\u00e9cessaire lors des derni\u00e8res minutes de cuisson pour \u00e9viter un brunissement excessif.<\/p>\n<h2>Variantes et recettes alternatives<\/h2>\n<h3>Ajout d&rsquo;\u00e9pinards et de carottes<\/h3>\n<p>Pour donner une touche encore plus gourmande \u00e0 votre recette, vous pouvez ajouter des l\u00e9gumes comme les <strong>\u00e9pinards<\/strong> ou les <strong>morcovi<\/strong>. Les \u00e9pinards apporteront une note verte et nutritionnelle, tandis que les carottes ajouteront une douce saveur sucr\u00e9e. Blanchissez les \u00e9pinards et r\u00e2pez finement les carottes avant de les incorporer entre les couches de pommes de terre. Cette variante s\u00e9duira \u00e0 coup s\u00fbr ceux qui aiment les <strong>plats color\u00e9s et \u00e9quilibr\u00e9s<\/strong>.<\/p>\n<h3>Gratin dauphinois revisit\u00e9<\/h3>\n<p>Pour une version revisit\u00e9e du classique gratin dauphinois, suivez les m\u00eames \u00e9tapes de pr\u00e9paration et de cuisson, mais incorporez-y des touches personnelles telles que quelques <strong>lardons<\/strong> ou du <strong>br\u00e2nz\u0103 ras\u0103<\/strong> (comme du gruy\u00e8re ou du comt\u00e9). Le gratin n\u2019en sera que plus riche et savoureux, avec cet <strong>effet gratin\u00e9 typique<\/strong> au-dessus.<\/p>\n<h2>Conseils pour r\u00e9ussir vos pommes de terre gratin\u00e9es<\/h2>\n<h3>Choix des pommes de terre<\/h3>\n<p>Optez pour des vari\u00e9t\u00e9s de pommes de terre adapt\u00e9es aux gratins, comme les vari\u00e9t\u00e9s <strong>Agria<\/strong>, <strong>Bintje<\/strong> sau <strong>Charlotte<\/strong>. Ces pommes de terre ont la particularit\u00e9 de bien retenir leur forme et de s\u2019impr\u00e9gner parfaitement des liquides sans se transformer en pur\u00e9e.<\/p>\n<h3>Assaisonnements compl\u00e9mentaires<\/h3>\n<p>N&rsquo;h\u00e9sitez pas \u00e0 exp\u00e9rimenter avec diff\u00e9rents assaisonnements pour enrichir votre recette. Des <strong>herbes de Provence<\/strong>a <strong>thym frais<\/strong> ou du <strong>rozmarin<\/strong> peuvent ajouter une dimension aromatique suppl\u00e9mentaire \u00e0 votre plat. En ajoutant par petites doses, vous trouverez le parfait \u00e9quilibre gustatif selon vos pr\u00e9f\u00e9rences.<\/p>\n<h3>Cuisson anticip\u00e9e<\/h3>\n<p>Pour gagner du temps, vous pouvez pr\u00e9cuire l\u00e9g\u00e8rement les tranches de pommes de terre dans de l&rsquo;eau bouillante sal\u00e9e pendant 5 \u00e0 7 minutes avant de les assembler en gratin. Cela r\u00e9duira le <strong>temps total de cuisson<\/strong> \u00e0 l&rsquo;air fryer et garantira une <strong>texture fondante d\u00e8s la premi\u00e8re bouch\u00e9e<\/strong>.<\/p>","protected":false},"excerpt":{"rendered":"<p>Aujourd\u2019hui, nous allons explorer une recette irr\u00e9sistible qui combine le croquant des pommes de terre cuites \u00e0 la perfection avec la rapidit\u00e9 et l&rsquo;efficacit\u00e9 de l\u2019air fryer. Parfaite pour les amateurs de cuisine facile et d\u00e9licieuse, cette recette de pommes de terre gratin\u00e9es deviendra rapidement un incontournable dans votre menu. Que ce soit pour accompagner [&hellip;]<\/p>","protected":false},"author":1,"featured_media":2903,"comment_status":"open","ping_status":"open","sticky":false,"template":"","format":"standard","meta":{"wprm-recipe-roundup-name":"","wprm-recipe-roundup-description":"","footnotes":""},"categories":[30],"tags":[],"class_list":["post-1946","post","type-post","status-publish","format-standard","has-post-thumbnail","hentry","category-legumes"],"yoast_head":"<!-- This site is optimized with the Yoast SEO plugin v27.5 - https:\/\/yoast.com\/product\/yoast-seo-wordpress\/ -->\n<title>Recette Pommes de terre gratin\u00e9es air fryer - Air fryer ninja Recettes<\/title>\n<meta name=\"robots\" content=\"index, follow, max-snippet:-1, max-image-preview:large, max-video-preview:-1\" \/>\n<link rel=\"canonical\" href=\"https:\/\/air-fryer-ninja.fr\/ro\/recette-pommes-de-terre-gratinees-air-fryer\/\" \/>\n<meta property=\"og:locale\" content=\"ro_RO\" \/>\n<meta property=\"og:type\" content=\"article\" \/>\n<meta property=\"og:title\" content=\"Recette Pommes de terre gratin\u00e9es air fryer - Air fryer ninja Recettes\" \/>\n<meta property=\"og:description\" content=\"Aujourd\u2019hui, nous allons explorer une recette irr\u00e9sistible qui combine le croquant des pommes de terre cuites \u00e0 la perfection avec la rapidit\u00e9 et l&rsquo;efficacit\u00e9 de l\u2019air fryer. Parfaite pour les amateurs de cuisine facile et d\u00e9licieuse, cette recette de pommes de terre gratin\u00e9es deviendra rapidement un incontournable dans votre menu. Que ce soit pour accompagner [&hellip;]\" \/>\n<meta property=\"og:url\" content=\"https:\/\/air-fryer-ninja.fr\/ro\/recette-pommes-de-terre-gratinees-air-fryer\/\" \/>\n<meta property=\"og:site_name\" content=\"Air fryer ninja Recettes\" \/>\n<meta property=\"article:published_time\" content=\"2024-08-20T15:55:00+00:00\" \/>\n<meta property=\"article:modified_time\" content=\"2025-01-06T20:13:44+00:00\" \/>\n<meta property=\"og:image\" content=\"https:\/\/air-fryer-ninja.fr\/wp-content\/uploads\/2024\/08\/Pommes-de-terre-gratin\u201aes-air-fryer-min.jpg\" \/>\n\t<meta property=\"og:image:width\" content=\"1456\" \/>\n\t<meta property=\"og:image:height\" content=\"816\" \/>\n\t<meta property=\"og:image:type\" content=\"image\/jpeg\" \/>\n<meta name=\"author\" content=\"Stephy\" \/>\n<meta name=\"twitter:card\" content=\"summary_large_image\" \/>\n<meta name=\"twitter:label1\" content=\"Scris de\" \/>\n\t<meta name=\"twitter:data1\" content=\"Stephy\" \/>\n\t<meta name=\"twitter:label2\" content=\"Timp estimat pentru citire\" \/>\n\t<meta name=\"twitter:data2\" content=\"4 minute\" \/>\n<!-- \/ Yoast SEO plugin. -->","yoast_head_json":{"title":"Recette Pommes de terre gratin\u00e9es air fryer - Air fryer ninja Recettes","robots":{"index":"index","follow":"follow","max-snippet":"max-snippet:-1","max-image-preview":"max-image-preview:large","max-video-preview":"max-video-preview:-1"},"canonical":"https:\/\/air-fryer-ninja.fr\/ro\/recette-pommes-de-terre-gratinees-air-fryer\/","og_locale":"ro_RO","og_type":"article","og_title":"Recette Pommes de terre gratin\u00e9es air fryer - Air fryer ninja Recettes","og_description":"Aujourd\u2019hui, nous allons explorer une recette irr\u00e9sistible qui combine le croquant des pommes de terre cuites \u00e0 la perfection avec la rapidit\u00e9 et l&rsquo;efficacit\u00e9 de l\u2019air fryer. Parfaite pour les amateurs de cuisine facile et d\u00e9licieuse, cette recette de pommes de terre gratin\u00e9es deviendra rapidement un incontournable dans votre menu. Que ce soit pour accompagner [&hellip;]","og_url":"https:\/\/air-fryer-ninja.fr\/ro\/recette-pommes-de-terre-gratinees-air-fryer\/","og_site_name":"Air fryer ninja Recettes","article_published_time":"2024-08-20T15:55:00+00:00","article_modified_time":"2025-01-06T20:13:44+00:00","og_image":[{"width":1456,"height":816,"url":"https:\/\/air-fryer-ninja.fr\/wp-content\/uploads\/2024\/08\/Pommes-de-terre-gratin\u201aes-air-fryer-min.jpg","type":"image\/jpeg"}],"author":"Stephy","twitter_card":"summary_large_image","twitter_misc":{"Scris de":"Stephy","Timp estimat pentru citire":"4 minute"},"schema":{"@context":"https:\/\/schema.org","@graph":[{"@type":"Article","@id":"https:\/\/air-fryer-ninja.fr\/recette-pommes-de-terre-gratinees-air-fryer\/#article","isPartOf":{"@id":"https:\/\/air-fryer-ninja.fr\/recette-pommes-de-terre-gratinees-air-fryer\/"},"author":{"name":"Stephy","@id":"https:\/\/air-fryer-ninja.fr\/#\/schema\/person\/31ca83cb1c8812323af9097575aa686b"},"headline":"Recette Pommes de terre gratin\u00e9es air fryer","datePublished":"2024-08-20T15:55:00+00:00","dateModified":"2025-01-06T20:13:44+00:00","mainEntityOfPage":{"@id":"https:\/\/air-fryer-ninja.fr\/recette-pommes-de-terre-gratinees-air-fryer\/"},"wordCount":801,"commentCount":0,"publisher":{"@id":"https:\/\/air-fryer-ninja.fr\/#organization"},"image":{"@id":"https:\/\/air-fryer-ninja.fr\/recette-pommes-de-terre-gratinees-air-fryer\/#primaryimage"},"thumbnailUrl":"https:\/\/air-fryer-ninja.fr\/wp-content\/uploads\/2024\/08\/Pommes-de-terre-gratin\u201aes-air-fryer-min.jpg","articleSection":["L\u00e9gumes"],"inLanguage":"ro-RO","potentialAction":[{"@type":"CommentAction","name":"Comment","target":["https:\/\/air-fryer-ninja.fr\/recette-pommes-de-terre-gratinees-air-fryer\/#respond"]}]},{"@type":"WebPage","@id":"https:\/\/air-fryer-ninja.fr\/recette-pommes-de-terre-gratinees-air-fryer\/","url":"https:\/\/air-fryer-ninja.fr\/recette-pommes-de-terre-gratinees-air-fryer\/","name":"Recette Pommes de terre gratin\u00e9es air fryer - Air fryer ninja Recettes","isPartOf":{"@id":"https:\/\/air-fryer-ninja.fr\/#website"},"primaryImageOfPage":{"@id":"https:\/\/air-fryer-ninja.fr\/recette-pommes-de-terre-gratinees-air-fryer\/#primaryimage"},"image":{"@id":"https:\/\/air-fryer-ninja.fr\/recette-pommes-de-terre-gratinees-air-fryer\/#primaryimage"},"thumbnailUrl":"https:\/\/air-fryer-ninja.fr\/wp-content\/uploads\/2024\/08\/Pommes-de-terre-gratin\u201aes-air-fryer-min.jpg","datePublished":"2024-08-20T15:55:00+00:00","dateModified":"2025-01-06T20:13:44+00:00","breadcrumb":{"@id":"https:\/\/air-fryer-ninja.fr\/recette-pommes-de-terre-gratinees-air-fryer\/#breadcrumb"},"inLanguage":"ro-RO","potentialAction":[{"@type":"ReadAction","target":["https:\/\/air-fryer-ninja.fr\/recette-pommes-de-terre-gratinees-air-fryer\/"]}]},{"@type":"ImageObject","inLanguage":"ro-RO","@id":"https:\/\/air-fryer-ninja.fr\/recette-pommes-de-terre-gratinees-air-fryer\/#primaryimage","url":"https:\/\/air-fryer-ninja.fr\/wp-content\/uploads\/2024\/08\/Pommes-de-terre-gratin\u201aes-air-fryer-min.jpg","contentUrl":"https:\/\/air-fryer-ninja.fr\/wp-content\/uploads\/2024\/08\/Pommes-de-terre-gratin\u201aes-air-fryer-min.jpg","width":1456,"height":816},{"@type":"BreadcrumbList","@id":"https:\/\/air-fryer-ninja.fr\/recette-pommes-de-terre-gratinees-air-fryer\/#breadcrumb","itemListElement":[{"@type":"ListItem","position":1,"name":"Recette Air Fryer","item":"https:\/\/air-fryer-ninja.fr\/"},{"@type":"ListItem","position":2,"name":"Recette Pommes de terre gratin\u00e9es air fryer"}]},{"@type":"WebSite","@id":"https:\/\/air-fryer-ninja.fr\/#website","url":"https:\/\/air-fryer-ninja.fr\/","name":"Frigider ninja cu aer","description":"Frigider cu aer ninja reteta blog","publisher":{"@id":"https:\/\/air-fryer-ninja.fr\/#organization"},"potentialAction":[{"@type":"SearchAction","target":{"@type":"EntryPoint","urlTemplate":"https:\/\/air-fryer-ninja.fr\/?s={search_term_string}"},"query-input":{"@type":"PropertyValueSpecification","valueRequired":true,"valueName":"search_term_string"}}],"inLanguage":"ro-RO"},{"@type":"Organization","@id":"https:\/\/air-fryer-ninja.fr\/#organization","name":"Frigider ninja cu aer","url":"https:\/\/air-fryer-ninja.fr\/","logo":{"@type":"ImageObject","inLanguage":"ro-RO","@id":"https:\/\/air-fryer-ninja.fr\/#\/schema\/logo\/image\/","url":"https:\/\/air-fryer-ninja.fr\/wp-content\/uploads\/2022\/09\/air-fryer-ninja.png","contentUrl":"https:\/\/air-fryer-ninja.fr\/wp-content\/uploads\/2022\/09\/air-fryer-ninja.png","width":500,"height":90,"caption":"Air fryer ninja"},"image":{"@id":"https:\/\/air-fryer-ninja.fr\/#\/schema\/logo\/image\/"}},{"@type":"Person","@id":"https:\/\/air-fryer-ninja.fr\/#\/schema\/person\/31ca83cb1c8812323af9097575aa686b","name":"Stephy","image":{"@type":"ImageObject","inLanguage":"ro-RO","@id":"https:\/\/air-fryer-ninja.fr\/wp-content\/uploads\/2024\/11\/cropped-Untitled-design-2024-11-04T123927.617-96x96.jpg","url":"https:\/\/air-fryer-ninja.fr\/wp-content\/uploads\/2024\/11\/cropped-Untitled-design-2024-11-04T123927.617-96x96.jpg","contentUrl":"https:\/\/air-fryer-ninja.fr\/wp-content\/uploads\/2024\/11\/cropped-Untitled-design-2024-11-04T123927.617-96x96.jpg","caption":"Stephy"},"description":"Sunt Stephy, o gospodin\u0103 cu o pasiune pentru g\u0103tit! De c\u00e2nd am descoperit Air Fryer-ul, acesta a devenit partenerul meu ideal pentru a crea re\u021bete gustoase \u0219i u\u0219or de realizat. \u00cemi place s\u0103 experimentez \u0219i s\u0103 inventez m\u00e2nc\u0103ruri care \u00eemi surprind \u0219i \u00eemi \u00eenc\u00e2nt\u0103 familia. Aici, v\u0103 \u00eemp\u0103rt\u0103\u0219esc cele mai bune sfaturi \u0219i re\u021betele mele preferate pentru a v\u0103 ajuta s\u0103 v\u0103 bucura\u021bi de deliciile g\u0103titului acas\u0103, f\u0103r\u0103 a petrece ore \u00eentregi \u00een spatele aragazului. Scopul meu? S\u0103 v\u0103 ar\u0103t c\u0103, cu pu\u021bin\u0103 creativitate, Air Fryer poate transforma fiecare mas\u0103 \u00eentr-o adev\u0103rat\u0103 pl\u0103cere!","sameAs":["https:\/\/air-fryer-ninja.fr"],"url":"https:\/\/air-fryer-ninja.fr\/ro\/author\/a1rdy\/"}]}},"_links":{"self":[{"href":"https:\/\/air-fryer-ninja.fr\/ro\/wp-json\/wp\/v2\/posts\/1946","targetHints":{"allow":["GET"]}}],"collection":[{"href":"https:\/\/air-fryer-ninja.fr\/ro\/wp-json\/wp\/v2\/posts"}],"about":[{"href":"https:\/\/air-fryer-ninja.fr\/ro\/wp-json\/wp\/v2\/types\/post"}],"author":[{"embeddable":true,"href":"https:\/\/air-fryer-ninja.fr\/ro\/wp-json\/wp\/v2\/users\/1"}],"replies":[{"embeddable":true,"href":"https:\/\/air-fryer-ninja.fr\/ro\/wp-json\/wp\/v2\/comments?post=1946"}],"version-history":[{"count":1,"href":"https:\/\/air-fryer-ninja.fr\/ro\/wp-json\/wp\/v2\/posts\/1946\/revisions"}],"predecessor-version":[{"id":2905,"href":"https:\/\/air-fryer-ninja.fr\/ro\/wp-json\/wp\/v2\/posts\/1946\/revisions\/2905"}],"wp:featuredmedia":[{"embeddable":true,"href":"https:\/\/air-fryer-ninja.fr\/ro\/wp-json\/wp\/v2\/media\/2903"}],"wp:attachment":[{"href":"https:\/\/air-fryer-ninja.fr\/ro\/wp-json\/wp\/v2\/media?parent=1946"}],"wp:term":[{"taxonomy":"category","embeddable":true,"href":"https:\/\/air-fryer-ninja.fr\/ro\/wp-json\/wp\/v2\/categories?post=1946"},{"taxonomy":"post_tag","embeddable":true,"href":"https:\/\/air-fryer-ninja.fr\/ro\/wp-json\/wp\/v2\/tags?post=1946"}],"curies":[{"name":"wp","href":"https:\/\/api.w.org\/{rel}","templated":true}]}}