{"id":1940,"date":"2024-10-01T15:55:00","date_gmt":"2024-10-01T15:55:00","guid":{"rendered":"https:\/\/air-fryer-ninja.fr\/?p=1940"},"modified":"2025-01-06T20:13:42","modified_gmt":"2025-01-06T20:13:42","slug":"recette-souffle-a-la-vanille-air-fryer","status":"publish","type":"post","link":"https:\/\/air-fryer-ninja.fr\/ro\/recette-souffle-a-la-vanille-air-fryer\/","title":{"rendered":"Re\u021bet\u0103 Air Fryer Souffl\u00e9 de vanilie"},"content":{"rendered":"<p>Avez-vous d\u00e9j\u00e0 pens\u00e9 \u00e0 utiliser votre <strong>friteuz\u0103 cu aer<\/strong> pour pr\u00e9parer des desserts l\u00e9gers et d\u00e9licieux ? Aujourd\u2019hui, nous allons d\u00e9couvrir ensemble comment r\u00e9aliser un <strong>souffl\u00e9 \u00e0 la vanille<\/strong> en utilisant cet appareil incroyable. Cette recette simple et accessible va vous permettre de surprendre vos invit\u00e9s avec un <strong>dessert fran\u00e7ais classique<\/strong>, revisit\u00e9 avec une touche moderne.<\/p>\n<h2>Les ingr\u00e9dients n\u00e9cessaires pour le souffl\u00e9 \u00e0 la vanille<\/h2>\n<p>Pour r\u00e9ussir votre souffl\u00e9, assurez-vous d&rsquo;avoir tous les ingr\u00e9dients suivants sous la main :<\/p>\n<ul>\n<li><strong>4 \u0153ufs<\/strong><\/li>\n<li><strong>60 g de sucre<\/strong><\/li>\n<li><strong>30 g de farine<\/strong><\/li>\n<li><strong>20 g de ma\u00efzena<\/strong><\/li>\n<li><strong>250 ml de lait<\/strong><\/li>\n<li><strong>1 gousse de vanille ou 1 cuill\u00e8re \u00e0 caf\u00e9 d&rsquo;extrait de vanille<\/strong><\/li>\n<li><strong>40 g de beurre (et un peu plus pour graisser les moules)<\/strong><\/li>\n<li><strong>Un v\u00e2rf de cu\u021bit de sare<\/strong><\/li>\n<li><strong>\u00c9ventuellement : sucre glace pour la finition<\/strong><\/li>\n<\/ul>\n<h2>Pr\u00e9paration de la base du souffl\u00e9<\/h2>\n<h3>\u00c9tape 1 : Pr\u00e9parer les ramequins<\/h3>\n<p>Prenez vos <strong>ramequins<\/strong> et graissez-les g\u00e9n\u00e9reusement avec du beurre. Ensuite, saupoudrez l\u2019int\u00e9rieur avec du sucre. Cela aidera votre souffl\u00e9 \u00e0 monter uniform\u00e9ment et ajoutera une d\u00e9licieuse cro\u00fbte sucr\u00e9e. Mettez-les ensuite au r\u00e9frig\u00e9rateur pendant que vous pr\u00e9parez la p\u00e2te.<\/p>\n<h3>\u00c9tape 2 : Faire chauffer le lait et la vanille<\/h3>\n<p>Dans une casserole, versez le <strong>lapte<\/strong> et ajoutez la <strong>gousse de vanille fendue en deux et gratt\u00e9e<\/strong> (ou l\u2019extrait de vanille). Faites chauffer doucement jusqu\u2019\u00e0 \u00e9bullition, puis retirez du feu et laissez infuser pour lib\u00e9rer toute la saveur de la vanille.<\/p>\n<h3>\u00c9tape 3 : Pr\u00e9parer les jaunes d&rsquo;\u0153ufs et le m\u00e9lange sec<\/h3>\n<p>S\u00e9parez les blancs des <strong>jaunes d&rsquo;\u0153ufs<\/strong>. R\u00e9servez les blancs pour plus tard. Dans un grand bol, fouettez les jaunes avec le <strong>zah\u0103r<\/strong> jusqu&rsquo;\u00e0 ce que le m\u00e9lange blanchisse. Ajoutez ensuite la <strong>f\u0103in\u0103<\/strong> \u0219i <strong>ma\u00efzena tamis\u00e9es<\/strong>, puis m\u00e9langez bien pour obtenir une p\u00e2te homog\u00e8ne.<\/p>\n<h2>Cuisson de la cr\u00e8me p\u00e2tissi\u00e8re \u00e0 la vanille<\/h2>\n<h3>\u00c9tape 4 : Combiner le lait chaud et le m\u00e9lange de jaunes<\/h3>\n<p>Retirez la gousse de vanille du <strong>lait chaud<\/strong> et versez-le progressivement sur le m\u00e9lange de <strong>jaunes d&rsquo;\u0153ufs<\/strong> tout en fouettant constamment. Remettez cette pr\u00e9paration dans la casserole et faites cuire \u00e0 feu doux sans cesser de remuer jusqu&rsquo;\u00e0 \u00e9paississement. Vous devez obtenir la texture d&rsquo;une <strong>cr\u00e8me p\u00e2tissi\u00e8re<\/strong>.<\/p>\n<h3>\u00c9tape 5 : Incorporer le beurre<\/h3>\n<p>Une fois votre <strong>cr\u00e8me p\u00e2tissi\u00e8re<\/strong> \u00e9paissie, retirez-la du feu et ajoutez le <strong>beurre<\/strong>. M\u00e9langez bien jusqu&rsquo;\u00e0 ce qu&rsquo;il soit compl\u00e8tement fondu et incorpor\u00e9. Laissez refroidir l\u00e9g\u00e8rement.<\/p>\n<h2>Pr\u00e9paration des blancs d&rsquo;\u0153ufs<\/h2>\n<h3>\u00c9tape 6 : Monter les blancs en neige<\/h3>\n<p>Dans un bol propre et sec, montez les <strong>blancs d&rsquo;\u0153ufs<\/strong> en neige bien ferme avec une pinc\u00e9e de <strong>sare<\/strong>. Les blancs en neige doivent former des pics fermes mais souples.<\/p>\n<h3>\u00c9tape 7 : Incorporer les blancs \u00e0 la cr\u00e8me p\u00e2tissi\u00e8re<\/h3>\n<p>Incorporez une petite quantit\u00e9 des <strong>blancs en neige<\/strong> dans la <strong>cr\u00e8me p\u00e2tissi\u00e8re<\/strong> refroidie pour l\u2019assouplir. Puis, ajoutez d\u00e9licatement le reste des blancs en plusieurs fois en soulevant la masse pour ne pas casser les bulles d\u2019air form\u00e9es par les blancs.<\/p>\n<h2>Cuisson du souffl\u00e9 avec l\u2019air fryer<\/h2>\n<h3>\u00c9tape 8 : Remplir les ramequins<\/h3>\n<p>Sortez les ramequins du r\u00e9frig\u00e9rateur et remplissez-les aux trois-quarts avec votre m\u00e9lange de souffl\u00e9. Lissez le dessus avec une spatule plate. Pour aider votre souffl\u00e9 \u00e0 monter droit, passez un pouce propre autour du bord int\u00e9rieur du ramequin.<\/p>\n<h3>\u00c9tape 9 : R\u00e9gler l&rsquo;air fryer<\/h3>\n<p>Pre\u00eenc\u0103lzi\u021bi <strong>friteuz\u0103 cu aer<\/strong> \u00e0 180 degr\u00e9s Celsius. Une fois chauff\u00e9, placez soigneusement les ramequins dans le panier de cuisson. \u00c0 noter que les temps de cuisson peuvent varier selon les mod\u00e8les d\u2019air fryer, donc surveillez attentivement la cuisson.<\/p>\n<h3>\u00c9tape 10 : Cuisson parfaite<\/h3>\n<p>Laissez cuire le souffl\u00e9 pendant environ 12-15 minutes jusqu&rsquo;\u00e0 ce qu\u2019il soit bien gonfl\u00e9 et dor\u00e9. \u00c9vitez d&rsquo;ouvrir l\u2019air fryer pendant la cuisson, car cela pourrait faire retomber vos souffl\u00e9s. Un souffl\u00e9 parfaitement cuit doit \u00eatre dor\u00e9 \u00e0 l\u2019ext\u00e9rieur et encore l\u00e9g\u00e8rement cr\u00e9meux \u00e0 l\u2019int\u00e9rieur.<\/p>\n<h2>Conseils et astuces pour r\u00e9ussir son souffl\u00e9<\/h2>\n<h3>S\u00e9lectionner les bons ingr\u00e9dients<\/h3>\n<p>L&rsquo;utilisation de produits frais et de haute qualit\u00e9, en particulier pour la <strong>vanille<\/strong> \u0219i <strong>ou\u0103<\/strong>, fera une grande diff\u00e9rence dans le go\u00fbt et la texture finale de votre souffl\u00e9. N&rsquo;h\u00e9sitez pas \u00e0 choisir des \u0153ufs bio et de la vanille bourbon pour un ar\u00f4me incomparable.<\/p>\n<h3>Technologie moderne et tradition<\/h3>\n<p>L'<strong>friteuz\u0103 cu aer<\/strong> r\u00e9unit c\u00e9l\u00e9rit\u00e9 et efficacit\u00e9, ce qui est parfait pour cuisiner rapidement sans compromettre la qualit\u00e9. Il fournit une cuisson uniforme indispensable pour obtenir ce fameux gonflement du souffl\u00e9. En ajoutant une touche technologique \u00e0 cette <strong>recette traditionnelle<\/strong>, on peut facilement maintenir la nature l\u00e9g\u00e8re et a\u00e9rienne de la pr\u00e9paration.<\/p>\n<h3>Optimisation du temps<\/h3>\n<p>La possibilit\u00e9 de pr\u00e9parer la <strong>cr\u00e8me p\u00e2tissi\u00e8re<\/strong> \u00e0 l&rsquo;avance et de la conserver au r\u00e9frig\u00e9rateur permet de gagner beaucoup de temps le jour o\u00f9 vous souhaitez servir le souffl\u00e9. Monter les <strong>blancs d&rsquo;\u0153ufs<\/strong> juste avant la cuisson garantit aussi une qualit\u00e9 optimale. Ainsi, vous pouvez incorporer les blancs et cuire d\u00e8s que vos invit\u00e9s arrivent.<\/p>\n<h3>D\u00e9fauts courants \u00e0 \u00e9viter<\/h3>\n<p>Plusieurs erreurs peuvent g\u00e2cher vos efforts. \u00c9vitez de :<\/p>\n<ul>\n<li>Monter les <strong>blancs d&rsquo;\u0153ufs<\/strong> trop t\u00f4t et les laisser reposer; ils perdront leur volume.<\/li>\n<li>Ouvrir l&rsquo;<strong>friteuz\u0103 cu aer<\/strong> en cours de cuisson; cela stoppera la mont\u00e9e du souffl\u00e9.<\/li>\n<li>Sous-cuire ou surcuire; respectez les temps et temp\u00e9ratures.<\/li>\n<\/ul>\n<h2>Cr\u00e9ativit\u00e9 et variations autour du souffl\u00e9 \u00e0 la vanille<\/h2>\n<p>Bien que le souffl\u00e9 \u00e0 la vanille soit un classique, il offre \u00e9galement une excellente base pour exp\u00e9rimenter d&rsquo;autres saveurs. Voici quelques id\u00e9es pour varier cette recette :<\/p>\n<ul>\n<li>Ajoutez des >zestes d&rsquo;agrumes< (citron, orange) dans la <strong>cr\u00e8me p\u00e2tissi\u00e8re<\/strong> pour une note fra\u00eeche et parfum\u00e9e.<\/li>\n<li>Incorporez des fruits frais coup\u00e9s finement comme des framboises ou des morceaux de mangue pour une touche fruit\u00e9e.<\/li>\n<li>Si vous aimez les \u00e9pices, pourquoi ne pas essayer d&rsquo;ajouter une pinc\u00e9e de cannelle ou de cardamome ?<\/li>\n<li>Pour les amateurs de chocolat, incorporez quelques p\u00e9pites de chocolat \u00e0 la pr\u00e9paration juste avant de remplir les ramequins.<\/li>\n<\/ul>\n<p>Le souffl\u00e9 reste un <strong>dessert technique<\/strong> mais incroyablement satisfaisant lorsqu&rsquo;il est r\u00e9ussi. Utiliser l\u2019<strong>friteuz\u0103 cu aer<\/strong> simplifie grandement certaines \u00e9tapes, rendant ce d\u00e9lice fran\u00e7ais accessible m\u00eame aux novices en cuisine. Gr\u00e2ce \u00e0 cette approche moderne, vous pouvez d\u00e9sormais profiter de ce dessert raffin\u00e9 chez vous en toute simplicit\u00e9.<\/p>","protected":false},"excerpt":{"rendered":"<p>Avez-vous d\u00e9j\u00e0 pens\u00e9 \u00e0 utiliser votre air fryer pour pr\u00e9parer des desserts l\u00e9gers et d\u00e9licieux ? Aujourd\u2019hui, nous allons d\u00e9couvrir ensemble comment r\u00e9aliser un souffl\u00e9 \u00e0 la vanille en utilisant cet appareil incroyable. Cette recette simple et accessible va vous permettre de surprendre vos invit\u00e9s avec un dessert fran\u00e7ais classique, revisit\u00e9 avec une touche moderne. [&hellip;]<\/p>","protected":false},"author":1,"featured_media":1939,"comment_status":"open","ping_status":"open","sticky":false,"template":"","format":"standard","meta":{"wprm-recipe-roundup-name":"","wprm-recipe-roundup-description":"","footnotes":""},"categories":[31],"tags":[],"class_list":["post-1940","post","type-post","status-publish","format-standard","has-post-thumbnail","hentry","category-dessert"],"yoast_head":"<!-- This site is optimized with the Yoast SEO plugin v27.5 - https:\/\/yoast.com\/product\/yoast-seo-wordpress\/ -->\n<title>Recette Souffl\u00e9 \u00e0 la vanille air fryer - Air fryer ninja Recettes<\/title>\n<meta name=\"robots\" content=\"index, follow, max-snippet:-1, max-image-preview:large, max-video-preview:-1\" \/>\n<link rel=\"canonical\" href=\"https:\/\/air-fryer-ninja.fr\/ro\/recette-souffle-a-la-vanille-air-fryer\/\" \/>\n<meta property=\"og:locale\" content=\"ro_RO\" \/>\n<meta property=\"og:type\" content=\"article\" \/>\n<meta property=\"og:title\" content=\"Recette Souffl\u00e9 \u00e0 la vanille air fryer - Air fryer ninja Recettes\" \/>\n<meta property=\"og:description\" content=\"Avez-vous d\u00e9j\u00e0 pens\u00e9 \u00e0 utiliser votre air fryer pour pr\u00e9parer des desserts l\u00e9gers et d\u00e9licieux ? Aujourd\u2019hui, nous allons d\u00e9couvrir ensemble comment r\u00e9aliser un souffl\u00e9 \u00e0 la vanille en utilisant cet appareil incroyable. Cette recette simple et accessible va vous permettre de surprendre vos invit\u00e9s avec un dessert fran\u00e7ais classique, revisit\u00e9 avec une touche moderne. [&hellip;]\" \/>\n<meta property=\"og:url\" content=\"https:\/\/air-fryer-ninja.fr\/ro\/recette-souffle-a-la-vanille-air-fryer\/\" \/>\n<meta property=\"og:site_name\" content=\"Air fryer ninja Recettes\" \/>\n<meta property=\"article:published_time\" content=\"2024-10-01T15:55:00+00:00\" \/>\n<meta property=\"article:modified_time\" content=\"2025-01-06T20:13:42+00:00\" \/>\n<meta property=\"og:image\" content=\"https:\/\/air-fryer-ninja.fr\/wp-content\/uploads\/2024\/07\/recette-de-souffle-a-la-vanille-avec-lair-fryer-un-delice-aerien-a-portee-de-main.jpg\" \/>\n\t<meta property=\"og:image:width\" content=\"1456\" \/>\n\t<meta property=\"og:image:height\" content=\"816\" \/>\n\t<meta property=\"og:image:type\" content=\"image\/jpeg\" \/>\n<meta name=\"author\" content=\"Stephy\" \/>\n<meta name=\"twitter:card\" content=\"summary_large_image\" \/>\n<meta name=\"twitter:label1\" content=\"Scris de\" \/>\n\t<meta name=\"twitter:data1\" content=\"Stephy\" \/>\n\t<meta name=\"twitter:label2\" content=\"Timp estimat pentru citire\" \/>\n\t<meta name=\"twitter:data2\" content=\"5 minute\" \/>\n<!-- \/ Yoast SEO plugin. -->","yoast_head_json":{"title":"Recette Souffl\u00e9 \u00e0 la vanille air fryer - Air fryer ninja Recettes","robots":{"index":"index","follow":"follow","max-snippet":"max-snippet:-1","max-image-preview":"max-image-preview:large","max-video-preview":"max-video-preview:-1"},"canonical":"https:\/\/air-fryer-ninja.fr\/ro\/recette-souffle-a-la-vanille-air-fryer\/","og_locale":"ro_RO","og_type":"article","og_title":"Recette Souffl\u00e9 \u00e0 la vanille air fryer - Air fryer ninja Recettes","og_description":"Avez-vous d\u00e9j\u00e0 pens\u00e9 \u00e0 utiliser votre air fryer pour pr\u00e9parer des desserts l\u00e9gers et d\u00e9licieux ? Aujourd\u2019hui, nous allons d\u00e9couvrir ensemble comment r\u00e9aliser un souffl\u00e9 \u00e0 la vanille en utilisant cet appareil incroyable. Cette recette simple et accessible va vous permettre de surprendre vos invit\u00e9s avec un dessert fran\u00e7ais classique, revisit\u00e9 avec une touche moderne. [&hellip;]","og_url":"https:\/\/air-fryer-ninja.fr\/ro\/recette-souffle-a-la-vanille-air-fryer\/","og_site_name":"Air fryer ninja Recettes","article_published_time":"2024-10-01T15:55:00+00:00","article_modified_time":"2025-01-06T20:13:42+00:00","og_image":[{"width":1456,"height":816,"url":"https:\/\/air-fryer-ninja.fr\/wp-content\/uploads\/2024\/07\/recette-de-souffle-a-la-vanille-avec-lair-fryer-un-delice-aerien-a-portee-de-main.jpg","type":"image\/jpeg"}],"author":"Stephy","twitter_card":"summary_large_image","twitter_misc":{"Scris de":"Stephy","Timp estimat pentru citire":"5 minute"},"schema":{"@context":"https:\/\/schema.org","@graph":[{"@type":"Article","@id":"https:\/\/air-fryer-ninja.fr\/recette-souffle-a-la-vanille-air-fryer\/#article","isPartOf":{"@id":"https:\/\/air-fryer-ninja.fr\/recette-souffle-a-la-vanille-air-fryer\/"},"author":{"name":"Stephy","@id":"https:\/\/air-fryer-ninja.fr\/#\/schema\/person\/31ca83cb1c8812323af9097575aa686b"},"headline":"Recette Souffl\u00e9 \u00e0 la vanille air fryer","datePublished":"2024-10-01T15:55:00+00:00","dateModified":"2025-01-06T20:13:42+00:00","mainEntityOfPage":{"@id":"https:\/\/air-fryer-ninja.fr\/recette-souffle-a-la-vanille-air-fryer\/"},"wordCount":1106,"commentCount":0,"publisher":{"@id":"https:\/\/air-fryer-ninja.fr\/#organization"},"image":{"@id":"https:\/\/air-fryer-ninja.fr\/recette-souffle-a-la-vanille-air-fryer\/#primaryimage"},"thumbnailUrl":"https:\/\/air-fryer-ninja.fr\/wp-content\/uploads\/2024\/07\/recette-de-souffle-a-la-vanille-avec-lair-fryer-un-delice-aerien-a-portee-de-main.jpg","articleSection":["Dessert"],"inLanguage":"ro-RO","potentialAction":[{"@type":"CommentAction","name":"Comment","target":["https:\/\/air-fryer-ninja.fr\/recette-souffle-a-la-vanille-air-fryer\/#respond"]}]},{"@type":"WebPage","@id":"https:\/\/air-fryer-ninja.fr\/recette-souffle-a-la-vanille-air-fryer\/","url":"https:\/\/air-fryer-ninja.fr\/recette-souffle-a-la-vanille-air-fryer\/","name":"Recette Souffl\u00e9 \u00e0 la vanille air fryer - Air fryer ninja Recettes","isPartOf":{"@id":"https:\/\/air-fryer-ninja.fr\/#website"},"primaryImageOfPage":{"@id":"https:\/\/air-fryer-ninja.fr\/recette-souffle-a-la-vanille-air-fryer\/#primaryimage"},"image":{"@id":"https:\/\/air-fryer-ninja.fr\/recette-souffle-a-la-vanille-air-fryer\/#primaryimage"},"thumbnailUrl":"https:\/\/air-fryer-ninja.fr\/wp-content\/uploads\/2024\/07\/recette-de-souffle-a-la-vanille-avec-lair-fryer-un-delice-aerien-a-portee-de-main.jpg","datePublished":"2024-10-01T15:55:00+00:00","dateModified":"2025-01-06T20:13:42+00:00","breadcrumb":{"@id":"https:\/\/air-fryer-ninja.fr\/recette-souffle-a-la-vanille-air-fryer\/#breadcrumb"},"inLanguage":"ro-RO","potentialAction":[{"@type":"ReadAction","target":["https:\/\/air-fryer-ninja.fr\/recette-souffle-a-la-vanille-air-fryer\/"]}]},{"@type":"ImageObject","inLanguage":"ro-RO","@id":"https:\/\/air-fryer-ninja.fr\/recette-souffle-a-la-vanille-air-fryer\/#primaryimage","url":"https:\/\/air-fryer-ninja.fr\/wp-content\/uploads\/2024\/07\/recette-de-souffle-a-la-vanille-avec-lair-fryer-un-delice-aerien-a-portee-de-main.jpg","contentUrl":"https:\/\/air-fryer-ninja.fr\/wp-content\/uploads\/2024\/07\/recette-de-souffle-a-la-vanille-avec-lair-fryer-un-delice-aerien-a-portee-de-main.jpg","width":1456,"height":816,"caption":"Recette de souffl\u00e9 \u00e0 la vanille avec l\u2019air fryer&nbsp;: Un d\u00e9lice a\u00e9rien \u00e0 port\u00e9e de main"},{"@type":"BreadcrumbList","@id":"https:\/\/air-fryer-ninja.fr\/recette-souffle-a-la-vanille-air-fryer\/#breadcrumb","itemListElement":[{"@type":"ListItem","position":1,"name":"Recette Air Fryer","item":"https:\/\/air-fryer-ninja.fr\/"},{"@type":"ListItem","position":2,"name":"Recette Souffl\u00e9 \u00e0 la vanille air fryer"}]},{"@type":"WebSite","@id":"https:\/\/air-fryer-ninja.fr\/#website","url":"https:\/\/air-fryer-ninja.fr\/","name":"Frigider ninja cu aer","description":"Frigider cu aer ninja reteta blog","publisher":{"@id":"https:\/\/air-fryer-ninja.fr\/#organization"},"potentialAction":[{"@type":"SearchAction","target":{"@type":"EntryPoint","urlTemplate":"https:\/\/air-fryer-ninja.fr\/?s={search_term_string}"},"query-input":{"@type":"PropertyValueSpecification","valueRequired":true,"valueName":"search_term_string"}}],"inLanguage":"ro-RO"},{"@type":"Organization","@id":"https:\/\/air-fryer-ninja.fr\/#organization","name":"Frigider ninja cu aer","url":"https:\/\/air-fryer-ninja.fr\/","logo":{"@type":"ImageObject","inLanguage":"ro-RO","@id":"https:\/\/air-fryer-ninja.fr\/#\/schema\/logo\/image\/","url":"https:\/\/air-fryer-ninja.fr\/wp-content\/uploads\/2022\/09\/air-fryer-ninja.png","contentUrl":"https:\/\/air-fryer-ninja.fr\/wp-content\/uploads\/2022\/09\/air-fryer-ninja.png","width":500,"height":90,"caption":"Air fryer ninja"},"image":{"@id":"https:\/\/air-fryer-ninja.fr\/#\/schema\/logo\/image\/"}},{"@type":"Person","@id":"https:\/\/air-fryer-ninja.fr\/#\/schema\/person\/31ca83cb1c8812323af9097575aa686b","name":"Stephy","image":{"@type":"ImageObject","inLanguage":"ro-RO","@id":"https:\/\/air-fryer-ninja.fr\/wp-content\/uploads\/2024\/11\/cropped-Untitled-design-2024-11-04T123927.617-96x96.jpg","url":"https:\/\/air-fryer-ninja.fr\/wp-content\/uploads\/2024\/11\/cropped-Untitled-design-2024-11-04T123927.617-96x96.jpg","contentUrl":"https:\/\/air-fryer-ninja.fr\/wp-content\/uploads\/2024\/11\/cropped-Untitled-design-2024-11-04T123927.617-96x96.jpg","caption":"Stephy"},"description":"Sunt Stephy, o gospodin\u0103 cu o pasiune pentru g\u0103tit! De c\u00e2nd am descoperit Air Fryer-ul, acesta a devenit partenerul meu ideal pentru a crea re\u021bete gustoase \u0219i u\u0219or de realizat. \u00cemi place s\u0103 experimentez \u0219i s\u0103 inventez m\u00e2nc\u0103ruri care \u00eemi surprind \u0219i \u00eemi \u00eenc\u00e2nt\u0103 familia. Aici, v\u0103 \u00eemp\u0103rt\u0103\u0219esc cele mai bune sfaturi \u0219i re\u021betele mele preferate pentru a v\u0103 ajuta s\u0103 v\u0103 bucura\u021bi de deliciile g\u0103titului acas\u0103, f\u0103r\u0103 a petrece ore \u00eentregi \u00een spatele aragazului. Scopul meu? S\u0103 v\u0103 ar\u0103t c\u0103, cu pu\u021bin\u0103 creativitate, Air Fryer poate transforma fiecare mas\u0103 \u00eentr-o adev\u0103rat\u0103 pl\u0103cere!","sameAs":["https:\/\/air-fryer-ninja.fr"],"url":"https:\/\/air-fryer-ninja.fr\/ro\/author\/a1rdy\/"}]}},"_links":{"self":[{"href":"https:\/\/air-fryer-ninja.fr\/ro\/wp-json\/wp\/v2\/posts\/1940","targetHints":{"allow":["GET"]}}],"collection":[{"href":"https:\/\/air-fryer-ninja.fr\/ro\/wp-json\/wp\/v2\/posts"}],"about":[{"href":"https:\/\/air-fryer-ninja.fr\/ro\/wp-json\/wp\/v2\/types\/post"}],"author":[{"embeddable":true,"href":"https:\/\/air-fryer-ninja.fr\/ro\/wp-json\/wp\/v2\/users\/1"}],"replies":[{"embeddable":true,"href":"https:\/\/air-fryer-ninja.fr\/ro\/wp-json\/wp\/v2\/comments?post=1940"}],"version-history":[{"count":1,"href":"https:\/\/air-fryer-ninja.fr\/ro\/wp-json\/wp\/v2\/posts\/1940\/revisions"}],"predecessor-version":[{"id":3026,"href":"https:\/\/air-fryer-ninja.fr\/ro\/wp-json\/wp\/v2\/posts\/1940\/revisions\/3026"}],"wp:featuredmedia":[{"embeddable":true,"href":"https:\/\/air-fryer-ninja.fr\/ro\/wp-json\/wp\/v2\/media\/1939"}],"wp:attachment":[{"href":"https:\/\/air-fryer-ninja.fr\/ro\/wp-json\/wp\/v2\/media?parent=1940"}],"wp:term":[{"taxonomy":"category","embeddable":true,"href":"https:\/\/air-fryer-ninja.fr\/ro\/wp-json\/wp\/v2\/categories?post=1940"},{"taxonomy":"post_tag","embeddable":true,"href":"https:\/\/air-fryer-ninja.fr\/ro\/wp-json\/wp\/v2\/tags?post=1940"}],"curies":[{"name":"wp","href":"https:\/\/api.w.org\/{rel}","templated":true}]}}