{"id":1325,"date":"2023-08-29T16:57:00","date_gmt":"2023-08-29T16:57:00","guid":{"rendered":"https:\/\/air-fryer-ninja.fr\/?p=1325"},"modified":"2024-12-21T16:11:46","modified_gmt":"2024-12-21T16:11:46","slug":"reteta-pentru-quiche-pentru-frigider-cu-aer","status":"publish","type":"post","link":"https:\/\/air-fryer-ninja.fr\/ro\/reteta-pentru-quiche-pentru-frigider-cu-aer\/","title":{"rendered":"Re\u021bet\u0103 Air Fryer Quiche"},"content":{"rendered":"<h2><span style=\"vertical-align: inherit;\"><span style=\"vertical-align: inherit;\">Re\u021beta indispensabil\u0103 de quiche pentru Air Fryer<\/span><\/span><\/h2>\n<p><span style=\"vertical-align: inherit;\"><span style=\"vertical-align: inherit;\">Odat\u0103 cu apari\u021bia aparatelor de buc\u0103t\u0103rie inovatoare, cum ar fi Air Fryer, este acum posibil s\u0103 prepara\u021bi o varietate de mese delicioase \u0219i s\u0103n\u0103toase \u00een cel mai scurt timp. <\/span><span style=\"vertical-align: inherit;\">Printre aceste preparate savuroase, quiche-ul Air Fryer este o alegere ideal\u0103 pentru o mas\u0103 rapid\u0103 \u0219i echilibrat\u0103. <\/span><span style=\"vertical-align: inherit;\">\u00cen acest articol, v\u0103 prezent\u0103m to\u021bi pa\u0219ii pentru ca quiche-ul dvs. cu Air Fryer s\u0103 fie un succes.<\/span><\/span><\/p>\n<h2><span style=\"vertical-align: inherit;\"><span style=\"vertical-align: inherit;\">Ingredientele necesare pentru o quiche reu\u0219it\u0103<\/span><\/span><\/h2>\n<p><span style=\"vertical-align: inherit;\"><span style=\"vertical-align: inherit;\">Pentru a preg\u0103ti o quiche delicioas\u0103 pentru Air Fryer, ve\u021bi avea nevoie de urm\u0103toarele ingrediente:<\/span><\/span><\/p>\n<ul>\n<li><strong><span style=\"vertical-align: inherit;\"><span style=\"vertical-align: inherit;\">1 aluat scurt sau pufos<\/span><\/span><\/strong><span style=\"vertical-align: inherit;\"><span style=\"vertical-align: inherit;\"> \u00cen func\u021bie de preferin\u021bele dumneavoastr\u0103, pute\u021bi opta pentru o aluat scurt sau pufos. <\/span><span style=\"vertical-align: inherit;\">Dac\u0103 v\u0103 gr\u0103bi\u021bi, nu ezita\u021bi s\u0103 folosi\u021bi un aluat comercial gata preparat. <\/span><span style=\"vertical-align: inherit;\">\u00cen caz contrar, \u00eel pute\u021bi face singur cu f\u0103in\u0103, unt, ap\u0103 \u0219i un v\u00e2rf de sare.<\/span><\/span><\/li>\n<li><strong><span style=\"vertical-align: inherit;\"><span style=\"vertical-align: inherit;\">4 ou\u0103<\/span><\/span><\/strong><span style=\"vertical-align: inherit;\"><span style=\"vertical-align: inherit;\"> Acestea vor fi baza amestecului de quiche \u0219i vor aduce o textur\u0103 cremoas\u0103 \u0219i onctuoas\u0103 preparatului.<\/span><\/span><\/li>\n<li><strong><span style=\"vertical-align: inherit;\"><span style=\"vertical-align: inherit;\">20 cl de sm\u00e2nt\u00e2n\u0103 proasp\u0103t\u0103<\/span><\/span><\/strong><span style=\"vertical-align: inherit;\"><span style=\"vertical-align: inherit;\"> Acest lucru va completa amestecul de quiche \u0219i va da preparatului o consisten\u021b\u0103 perfect\u0103.<\/span><\/span><\/li>\n<li><strong><span style=\"vertical-align: inherit;\"><span style=\"vertical-align: inherit;\">200 g de \u0219unc\u0103, \u0219unc\u0103 sau somon<\/span><\/span><\/strong><span style=\"vertical-align: inherit;\"><span style=\"vertical-align: inherit;\"> \u00cen func\u021bie de gustul dumneavoastr\u0103, pute\u021bi alege \u00eentre \u0219unc\u0103, \u0219unc\u0103 sau somon pentru a garnisi quiche-ul dumneavoastr\u0103. <\/span><span style=\"vertical-align: inherit;\">Pentru o versiune vegetarian\u0103, \u00eenlocui\u021bi carnea cu legume de sezon.<\/span><\/span><\/li>\n<li><strong><span style=\"vertical-align: inherit;\"><span style=\"vertical-align: inherit;\">100 g de br\u00e2nz\u0103 ras\u0103<\/span><\/span><\/strong><span style=\"vertical-align: inherit;\"><span style=\"vertical-align: inherit;\"> Emmental, Gruy\u00e8re sau Comt\u00e9, alegerea br\u00e2nzei va depinde de preferin\u021bele dvs. \u0219i de restul umpluturii.<\/span><\/span><\/li>\n<li><strong><span style=\"vertical-align: inherit;\"><span style=\"vertical-align: inherit;\">Sare, piper \u0219i nuc\u0219oar\u0103<\/span><\/span><\/strong><span style=\"vertical-align: inherit;\"><span style=\"vertical-align: inherit;\"> Aceste condimente v\u0103 vor asezona quiche-ul la perfec\u021biune.<\/span><\/span><\/li>\n<li><strong><span style=\"vertical-align: inherit;\"><span style=\"vertical-align: inherit;\">Suc de l\u0103m\u00e2ie<\/span><\/span><\/strong><span style=\"vertical-align: inherit;\"><span style=\"vertical-align: inherit;\"> Dac\u0103 opta\u021bi pentru o umplutur\u0103 de somon, nu ezita\u021bi s\u0103 ad\u0103uga\u021bi pu\u021bin suc de l\u0103m\u00e2ie pentru a spori gustul.<\/span><\/span><\/li>\n<\/ul>\n<h2><span style=\"vertical-align: inherit;\"><span style=\"vertical-align: inherit;\">Preg\u0103tirea quiche-ului la Air Fryer<\/span><\/span><\/h2>\n<p><span style=\"vertical-align: inherit;\"><span style=\"vertical-align: inherit;\">Acum c\u0103 ave\u021bi toate ingredientele necesare, iat\u0103 pa\u0219ii necesari pentru a realiza quiche-ul Air Fryer:<\/span><\/span><\/p>\n<h3><span style=\"vertical-align: inherit;\"><span style=\"vertical-align: inherit;\">1. Pre\u00eenc\u0103lzi\u021bi Air Fryer-ul<\/span><\/span><\/h3>\n<p><span style=\"vertical-align: inherit;\"><span style=\"vertical-align: inherit;\">\u00cen primul r\u00e2nd, este esen\u021bial s\u0103 v\u0103 pre\u00eenc\u0103lzi\u021bi Air Fryer-ul pentru a ob\u021bine o g\u0103tire uniform\u0103 a quiche-ului. <\/span><span style=\"vertical-align: inherit;\">Seta\u021bi temperatura la <\/span><\/span><strong><span style=\"vertical-align: inherit;\"><span style=\"vertical-align: inherit;\">180\u00b0C (350\u00b0F)<\/span><\/span><\/strong><span style=\"vertical-align: inherit;\"><span style=\"vertical-align: inherit;\"> \u0219i se \u00eenc\u0103lze\u0219te timp de aproximativ <\/span><\/span><strong><span style=\"vertical-align: inherit;\"><span style=\"vertical-align: inherit;\">5 minute<\/span><\/span><\/strong><span style=\"vertical-align: inherit;\"><span style=\"vertical-align: inherit;\"> .<\/span><\/span><\/p>\n<h3><span style=\"vertical-align: inherit;\"><span style=\"vertical-align: inherit;\">2. Preg\u0103ti\u021bi aluatul<\/span><\/span><\/h3>\n<p><span style=\"vertical-align: inherit;\"><span style=\"vertical-align: inherit;\">\u00cen timp ce Air Fryer-ul se \u00eenc\u0103lze\u0219te, \u00eentinde\u021bi foitajul scurt sau foitajul pufos pe o suprafa\u021b\u0103 de lucru pres\u0103rat\u0103 cu f\u0103in\u0103. <\/span><span style=\"vertical-align: inherit;\">Cu ajutorul unui rulou, se \u00eentinde aluatul la o grosime de aproximativ <\/span><\/span><strong><span style=\"vertical-align: inherit;\"><span style=\"vertical-align: inherit;\">3mm<\/span><\/span><\/strong><span style=\"vertical-align: inherit;\"><span style=\"vertical-align: inherit;\"> . <\/span><span style=\"vertical-align: inherit;\">Apoi, pune\u021bi-o u\u0219or \u00eentr-o form\u0103 de quiche compatibil\u0103 cu Air Fryer \u0219i ap\u0103sa\u021bi marginile pentru a o face s\u0103 adere bine.<\/span><\/span><\/p>\n<h3><span style=\"vertical-align: inherit;\"><span style=\"vertical-align: inherit;\">3. Preg\u0103ti\u021bi umplutura<\/span><\/span><\/h3>\n<p><span style=\"vertical-align: inherit;\"><span style=\"vertical-align: inherit;\">T\u0103ia\u021bi ingredientele la alegere (bacon, \u0219unc\u0103, somon sau legume) \u00een buc\u0103\u021bi mici. <\/span><span style=\"vertical-align: inherit;\">\u00centr-o tigaie \u00eencins\u0103, se rumene\u0219te baconul sau \u0219unca timp de c\u00e2teva minute, p\u00e2n\u0103 se rumene\u0219te u\u0219or. <\/span><span style=\"vertical-align: inherit;\">Dac\u0103 folosi\u021bi somon, pur \u0219i simplu pres\u0103ra\u021bi cu pu\u021bin <\/span><\/span><strong><span style=\"vertical-align: inherit;\"><span style=\"vertical-align: inherit;\">suc de l\u0103m\u00e2ie<\/span><\/span><\/strong><span style=\"vertical-align: inherit;\"><span style=\"vertical-align: inherit;\"> \u0219i se pune deoparte.<\/span><\/span><\/p>\n<h3><span style=\"vertical-align: inherit;\"><span style=\"vertical-align: inherit;\">4. Preg\u0103ti\u021bi aparatul de f\u0103cut quiche<\/span><\/span><\/h3>\n<p><span style=\"vertical-align: inherit;\"><span style=\"vertical-align: inherit;\">\u00centr-un bol, se bat ou\u0103le \u00een omlet\u0103 cu sm\u00e2nt\u00e2na proasp\u0103t\u0103. <\/span><span style=\"vertical-align: inherit;\">Se condimenteaz\u0103 cu <\/span><\/span><strong><span style=\"vertical-align: inherit;\"><span style=\"vertical-align: inherit;\">sare, piper<\/span><\/span><\/strong><span style=\"vertical-align: inherit;\"><span style=\"vertical-align: inherit;\"> \u0219i un v\u00e2rf de cu\u021bit de <\/span><\/span><strong><span style=\"vertical-align: inherit;\"><span style=\"vertical-align: inherit;\">nuc\u0219oar\u0103<\/span><\/span><\/strong><span style=\"vertical-align: inherit;\"><span style=\"vertical-align: inherit;\"> . <\/span><span style=\"vertical-align: inherit;\">Apoi se adaug\u0103 br\u00e2nza ras\u0103 \u0219i se amestec\u0103 bine.<\/span><\/span><\/p>\n<h3><span style=\"vertical-align: inherit;\"><span style=\"vertical-align: inherit;\">5. Asambla\u021bi quiche-ul<\/span><\/span><\/h3>\n<p><span style=\"vertical-align: inherit;\"><span style=\"vertical-align: inherit;\">Se \u00eentind buc\u0103\u021bile de umplutur\u0103 \u00een partea de jos a aluatului \u0219i se toarn\u0103 amestecul de quiche. <\/span><span style=\"vertical-align: inherit;\">Asigura\u021bi-v\u0103 c\u0103 preparatul este bine echilibrat \u0219i \u00eentinde\u021bi deasupra restul de br\u00e2nz\u0103 ras\u0103.<\/span><\/span><\/p>\n<h3><span style=\"vertical-align: inherit;\"><span style=\"vertical-align: inherit;\">6. G\u0103tirea quiche-ului pentru friteuza cu aer<\/span><\/span><\/h3>\n<p><span style=\"vertical-align: inherit;\"><span style=\"vertical-align: inherit;\">Pune\u021bi quiche-ul \u00een co\u0219ul Air Fryer \u0219i g\u0103ti\u021bi timp de <\/span><\/span><strong><span style=\"vertical-align: inherit;\"><span style=\"vertical-align: inherit;\">20 p\u00e2n\u0103 la 25 de minute<\/span><\/span><\/strong><span style=\"vertical-align: inherit;\"><span style=\"vertical-align: inherit;\"> p\u00e2n\u0103 c\u00e2nd aluatul este auriu \u0219i dispozitivul este gata. <\/span><span style=\"vertical-align: inherit;\">Urm\u0103ri\u021bi cu aten\u021bie g\u0103titul pentru a preveni arderea quiche-ului. <\/span><span style=\"vertical-align: inherit;\">Dac\u0103 este necesar, ajusta\u021bi timpul de g\u0103tire \u00een func\u021bie de puterea aparatului dvs. \u0219i de grosimea quiche-ului.<\/span><\/span><\/p>\n<h2><span style=\"vertical-align: inherit;\"><span style=\"vertical-align: inherit;\">Sfaturi \u0219i varia\u021bii pentru a v\u0103 personaliza quiche-ul Air Fryer<\/span><\/span><\/h2>\n<p><span style=\"vertical-align: inherit;\"><span style=\"vertical-align: inherit;\">Quiche este un fel de m\u00e2ncare foarte versatil care se preteaz\u0103 la multe varia\u021bii \u0219i personaliz\u0103ri. <\/span><span style=\"vertical-align: inherit;\">Iat\u0103 c\u00e2teva idei pentru a varia pl\u0103cerile:<\/span><\/span><\/p>\n<ul>\n<li><strong><span style=\"vertical-align: inherit;\"><span style=\"vertical-align: inherit;\">Quiche cu legume<\/span><\/span><\/strong><span style=\"vertical-align: inherit;\"><span style=\"vertical-align: inherit;\"> \u00cenlocui\u021bi buc\u0103\u021bile de bacon sau \u0219unca cu legume de sezon pr\u0103jite la tigaie (dovlecei, ro\u0219ii, spanac, ceap\u0103 etc.). <\/span><span style=\"vertical-align: inherit;\">Pute\u021bi ad\u0103uga \u0219i br\u00e2nz\u0103 de capr\u0103 proasp\u0103t\u0103 pentru o not\u0103 \u0219i mai gourmet.<\/span><\/span><\/li>\n<li><strong><span style=\"vertical-align: inherit;\"><span style=\"vertical-align: inherit;\">Quiche f\u0103r\u0103 aluat<\/span><\/span><\/strong><span style=\"vertical-align: inherit;\"><span style=\"vertical-align: inherit;\"> Pentru o versiune u\u0219oar\u0103 \u0219i f\u0103r\u0103 gluten, pute\u021bi prepara o quiche f\u0103r\u0103 aluat turn\u00e2nd amestecul de quiche direct \u00eentr-o form\u0103 acoperit\u0103 cu h\u00e2rtie de copt.<\/span><\/span><\/li>\n<li><strong><span style=\"vertical-align: inherit;\"><span style=\"vertical-align: inherit;\">Mini quiche-uri<\/span><\/span><\/strong><span style=\"vertical-align: inherit;\"><span style=\"vertical-align: inherit;\"> Pentru un aperitiv convivial sau o mas\u0103 pe drum, pute\u021bi face mini-quiche-uri folosind forme de brio\u0219e \u0219i ajust\u00e2nd timpul de g\u0103tire (aproximativ 12 p\u00e2n\u0103 la 15 minute).<\/span><\/span><\/li>\n<\/ul>\n<p><span style=\"vertical-align: inherit;\"><span style=\"vertical-align: inherit;\">Urm\u00e2nd aceste sfaturi \u0219i trucuri, v\u0103 pute\u021bi bucura de o quiche delicioas\u0103, s\u0103n\u0103toas\u0103 \u0219i indulgent\u0103 la Air Fryer. <\/span><span style=\"vertical-align: inherit;\">Nu ezita\u021bi s\u0103 v\u0103 da\u021bi fr\u00e2u liber imagina\u021biei pentru a v\u0103 crea propriile re\u021bete de quiche Air Fryer.<\/span><\/span><\/p>","protected":false},"excerpt":{"rendered":"<p>The must-have Air Fryer quiche recipe With the arrival of innovative kitchen appliances like the Air Fryer, it is now possible to make a variety of delicious and healthy meals in no time. Among these tasty preparations, the Air Fryer quiche is an ideal choice for a quick and balanced meal. In this article, we [&hellip;]<\/p>","protected":false},"author":1,"featured_media":2914,"comment_status":"open","ping_status":"open","sticky":false,"template":"","format":"standard","meta":{"wprm-recipe-roundup-name":"","wprm-recipe-roundup-description":"","footnotes":""},"categories":[31],"tags":[],"class_list":["post-1325","post","type-post","status-publish","format-standard","has-post-thumbnail","hentry","category-dessert"],"yoast_head":"<!-- This site is optimized with the Yoast SEO plugin v27.5 - https:\/\/yoast.com\/product\/yoast-seo-wordpress\/ -->\n<title>Recette Quiche au Air Fryer - Air fryer ninja Recettes<\/title>\n<meta name=\"robots\" content=\"index, follow, max-snippet:-1, max-image-preview:large, max-video-preview:-1\" \/>\n<link rel=\"canonical\" href=\"https:\/\/air-fryer-ninja.fr\/ro\/reteta-pentru-quiche-pentru-frigider-cu-aer\/\" \/>\n<meta property=\"og:locale\" content=\"ro_RO\" \/>\n<meta property=\"og:type\" content=\"article\" \/>\n<meta property=\"og:title\" content=\"Recette Quiche au Air Fryer - Air fryer ninja Recettes\" \/>\n<meta property=\"og:description\" content=\"The must-have Air Fryer quiche recipe With the arrival of innovative kitchen appliances like the Air Fryer, it is now possible to make a variety of delicious and healthy meals in no time. Among these tasty preparations, the Air Fryer quiche is an ideal choice for a quick and balanced meal. In this article, we [&hellip;]\" \/>\n<meta property=\"og:url\" content=\"https:\/\/air-fryer-ninja.fr\/ro\/reteta-pentru-quiche-pentru-frigider-cu-aer\/\" \/>\n<meta property=\"og:site_name\" content=\"Air fryer ninja Recettes\" \/>\n<meta property=\"article:published_time\" content=\"2023-08-29T16:57:00+00:00\" \/>\n<meta property=\"article:modified_time\" content=\"2024-12-21T16:11:46+00:00\" \/>\n<meta property=\"og:image\" content=\"https:\/\/air-fryer-ninja.fr\/wp-content\/uploads\/2023\/08\/Quiche-au-Air-Fryer-min.jpg\" \/>\n\t<meta property=\"og:image:width\" content=\"1456\" \/>\n\t<meta property=\"og:image:height\" content=\"816\" \/>\n\t<meta property=\"og:image:type\" content=\"image\/jpeg\" \/>\n<meta name=\"author\" content=\"Stephy\" \/>\n<meta name=\"twitter:card\" content=\"summary_large_image\" \/>\n<meta name=\"twitter:label1\" content=\"Scris de\" \/>\n\t<meta name=\"twitter:data1\" content=\"Stephy\" \/>\n\t<meta name=\"twitter:label2\" content=\"Timp estimat pentru citire\" \/>\n\t<meta name=\"twitter:data2\" content=\"4 minute\" \/>\n<!-- \/ Yoast SEO plugin. -->","yoast_head_json":{"title":"Recette Quiche au Air Fryer - Air fryer ninja Recettes","robots":{"index":"index","follow":"follow","max-snippet":"max-snippet:-1","max-image-preview":"max-image-preview:large","max-video-preview":"max-video-preview:-1"},"canonical":"https:\/\/air-fryer-ninja.fr\/ro\/reteta-pentru-quiche-pentru-frigider-cu-aer\/","og_locale":"ro_RO","og_type":"article","og_title":"Recette Quiche au Air Fryer - Air fryer ninja Recettes","og_description":"The must-have Air Fryer quiche recipe With the arrival of innovative kitchen appliances like the Air Fryer, it is now possible to make a variety of delicious and healthy meals in no time. Among these tasty preparations, the Air Fryer quiche is an ideal choice for a quick and balanced meal. In this article, we [&hellip;]","og_url":"https:\/\/air-fryer-ninja.fr\/ro\/reteta-pentru-quiche-pentru-frigider-cu-aer\/","og_site_name":"Air fryer ninja Recettes","article_published_time":"2023-08-29T16:57:00+00:00","article_modified_time":"2024-12-21T16:11:46+00:00","og_image":[{"width":1456,"height":816,"url":"https:\/\/air-fryer-ninja.fr\/wp-content\/uploads\/2023\/08\/Quiche-au-Air-Fryer-min.jpg","type":"image\/jpeg"}],"author":"Stephy","twitter_card":"summary_large_image","twitter_misc":{"Scris de":"Stephy","Timp estimat pentru citire":"4 minute"},"schema":{"@context":"https:\/\/schema.org","@graph":[{"@type":"Article","@id":"https:\/\/air-fryer-ninja.fr\/recette-quiche-au-air-fryer\/#article","isPartOf":{"@id":"https:\/\/air-fryer-ninja.fr\/recette-quiche-au-air-fryer\/"},"author":{"name":"Stephy","@id":"https:\/\/air-fryer-ninja.fr\/#\/schema\/person\/31ca83cb1c8812323af9097575aa686b"},"headline":"Recette Quiche au Air Fryer","datePublished":"2023-08-29T16:57:00+00:00","dateModified":"2024-12-21T16:11:46+00:00","mainEntityOfPage":{"@id":"https:\/\/air-fryer-ninja.fr\/recette-quiche-au-air-fryer\/"},"wordCount":712,"commentCount":0,"publisher":{"@id":"https:\/\/air-fryer-ninja.fr\/#organization"},"image":{"@id":"https:\/\/air-fryer-ninja.fr\/recette-quiche-au-air-fryer\/#primaryimage"},"thumbnailUrl":"https:\/\/air-fryer-ninja.fr\/wp-content\/uploads\/2023\/08\/Quiche-au-Air-Fryer-min.jpg","articleSection":["Dessert"],"inLanguage":"ro-RO","potentialAction":[{"@type":"CommentAction","name":"Comment","target":["https:\/\/air-fryer-ninja.fr\/recette-quiche-au-air-fryer\/#respond"]}]},{"@type":"WebPage","@id":"https:\/\/air-fryer-ninja.fr\/recette-quiche-au-air-fryer\/","url":"https:\/\/air-fryer-ninja.fr\/recette-quiche-au-air-fryer\/","name":"Recette Quiche au Air Fryer - Air fryer ninja Recettes","isPartOf":{"@id":"https:\/\/air-fryer-ninja.fr\/#website"},"primaryImageOfPage":{"@id":"https:\/\/air-fryer-ninja.fr\/recette-quiche-au-air-fryer\/#primaryimage"},"image":{"@id":"https:\/\/air-fryer-ninja.fr\/recette-quiche-au-air-fryer\/#primaryimage"},"thumbnailUrl":"https:\/\/air-fryer-ninja.fr\/wp-content\/uploads\/2023\/08\/Quiche-au-Air-Fryer-min.jpg","datePublished":"2023-08-29T16:57:00+00:00","dateModified":"2024-12-21T16:11:46+00:00","breadcrumb":{"@id":"https:\/\/air-fryer-ninja.fr\/recette-quiche-au-air-fryer\/#breadcrumb"},"inLanguage":"ro-RO","potentialAction":[{"@type":"ReadAction","target":["https:\/\/air-fryer-ninja.fr\/recette-quiche-au-air-fryer\/"]}]},{"@type":"ImageObject","inLanguage":"ro-RO","@id":"https:\/\/air-fryer-ninja.fr\/recette-quiche-au-air-fryer\/#primaryimage","url":"https:\/\/air-fryer-ninja.fr\/wp-content\/uploads\/2023\/08\/Quiche-au-Air-Fryer-min.jpg","contentUrl":"https:\/\/air-fryer-ninja.fr\/wp-content\/uploads\/2023\/08\/Quiche-au-Air-Fryer-min.jpg","width":1456,"height":816},{"@type":"BreadcrumbList","@id":"https:\/\/air-fryer-ninja.fr\/recette-quiche-au-air-fryer\/#breadcrumb","itemListElement":[{"@type":"ListItem","position":1,"name":"Recette Air Fryer","item":"https:\/\/air-fryer-ninja.fr\/"},{"@type":"ListItem","position":2,"name":"Recette Quiche au Air Fryer"}]},{"@type":"WebSite","@id":"https:\/\/air-fryer-ninja.fr\/#website","url":"https:\/\/air-fryer-ninja.fr\/","name":"Frigider ninja cu aer","description":"Frigider cu aer ninja reteta blog","publisher":{"@id":"https:\/\/air-fryer-ninja.fr\/#organization"},"potentialAction":[{"@type":"SearchAction","target":{"@type":"EntryPoint","urlTemplate":"https:\/\/air-fryer-ninja.fr\/?s={search_term_string}"},"query-input":{"@type":"PropertyValueSpecification","valueRequired":true,"valueName":"search_term_string"}}],"inLanguage":"ro-RO"},{"@type":"Organization","@id":"https:\/\/air-fryer-ninja.fr\/#organization","name":"Frigider ninja cu aer","url":"https:\/\/air-fryer-ninja.fr\/","logo":{"@type":"ImageObject","inLanguage":"ro-RO","@id":"https:\/\/air-fryer-ninja.fr\/#\/schema\/logo\/image\/","url":"https:\/\/air-fryer-ninja.fr\/wp-content\/uploads\/2022\/09\/air-fryer-ninja.png","contentUrl":"https:\/\/air-fryer-ninja.fr\/wp-content\/uploads\/2022\/09\/air-fryer-ninja.png","width":500,"height":90,"caption":"Air fryer ninja"},"image":{"@id":"https:\/\/air-fryer-ninja.fr\/#\/schema\/logo\/image\/"}},{"@type":"Person","@id":"https:\/\/air-fryer-ninja.fr\/#\/schema\/person\/31ca83cb1c8812323af9097575aa686b","name":"Stephy","image":{"@type":"ImageObject","inLanguage":"ro-RO","@id":"https:\/\/air-fryer-ninja.fr\/wp-content\/uploads\/2024\/11\/cropped-Untitled-design-2024-11-04T123927.617-96x96.jpg","url":"https:\/\/air-fryer-ninja.fr\/wp-content\/uploads\/2024\/11\/cropped-Untitled-design-2024-11-04T123927.617-96x96.jpg","contentUrl":"https:\/\/air-fryer-ninja.fr\/wp-content\/uploads\/2024\/11\/cropped-Untitled-design-2024-11-04T123927.617-96x96.jpg","caption":"Stephy"},"description":"Sunt Stephy, o gospodin\u0103 cu o pasiune pentru g\u0103tit! De c\u00e2nd am descoperit Air Fryer-ul, acesta a devenit partenerul meu ideal pentru a crea re\u021bete gustoase \u0219i u\u0219or de realizat. \u00cemi place s\u0103 experimentez \u0219i s\u0103 inventez m\u00e2nc\u0103ruri care \u00eemi surprind \u0219i \u00eemi \u00eenc\u00e2nt\u0103 familia. Aici, v\u0103 \u00eemp\u0103rt\u0103\u0219esc cele mai bune sfaturi \u0219i re\u021betele mele preferate pentru a v\u0103 ajuta s\u0103 v\u0103 bucura\u021bi de deliciile g\u0103titului acas\u0103, f\u0103r\u0103 a petrece ore \u00eentregi \u00een spatele aragazului. Scopul meu? S\u0103 v\u0103 ar\u0103t c\u0103, cu pu\u021bin\u0103 creativitate, Air Fryer poate transforma fiecare mas\u0103 \u00eentr-o adev\u0103rat\u0103 pl\u0103cere!","sameAs":["https:\/\/air-fryer-ninja.fr"],"url":"https:\/\/air-fryer-ninja.fr\/ro\/author\/a1rdy\/"}]}},"_links":{"self":[{"href":"https:\/\/air-fryer-ninja.fr\/ro\/wp-json\/wp\/v2\/posts\/1325","targetHints":{"allow":["GET"]}}],"collection":[{"href":"https:\/\/air-fryer-ninja.fr\/ro\/wp-json\/wp\/v2\/posts"}],"about":[{"href":"https:\/\/air-fryer-ninja.fr\/ro\/wp-json\/wp\/v2\/types\/post"}],"author":[{"embeddable":true,"href":"https:\/\/air-fryer-ninja.fr\/ro\/wp-json\/wp\/v2\/users\/1"}],"replies":[{"embeddable":true,"href":"https:\/\/air-fryer-ninja.fr\/ro\/wp-json\/wp\/v2\/comments?post=1325"}],"version-history":[{"count":1,"href":"https:\/\/air-fryer-ninja.fr\/ro\/wp-json\/wp\/v2\/posts\/1325\/revisions"}],"predecessor-version":[{"id":2915,"href":"https:\/\/air-fryer-ninja.fr\/ro\/wp-json\/wp\/v2\/posts\/1325\/revisions\/2915"}],"wp:featuredmedia":[{"embeddable":true,"href":"https:\/\/air-fryer-ninja.fr\/ro\/wp-json\/wp\/v2\/media\/2914"}],"wp:attachment":[{"href":"https:\/\/air-fryer-ninja.fr\/ro\/wp-json\/wp\/v2\/media?parent=1325"}],"wp:term":[{"taxonomy":"category","embeddable":true,"href":"https:\/\/air-fryer-ninja.fr\/ro\/wp-json\/wp\/v2\/categories?post=1325"},{"taxonomy":"post_tag","embeddable":true,"href":"https:\/\/air-fryer-ninja.fr\/ro\/wp-json\/wp\/v2\/tags?post=1325"}],"curies":[{"name":"wp","href":"https:\/\/api.w.org\/{rel}","templated":true}]}}