{"id":1053,"date":"2023-01-24T16:06:37","date_gmt":"2023-01-24T16:06:37","guid":{"rendered":"https:\/\/air-fryer-ninja.fr\/bouchees-de-saumon-noirci-a-la-friteuse\/"},"modified":"2023-01-24T16:06:37","modified_gmt":"2023-01-24T16:06:37","slug":"guri-de-somon-innegrit-prajit-adanc","status":"publish","type":"post","link":"https:\/\/air-fryer-ninja.fr\/ro\/guri-de-somon-innegrit-prajit-adanc\/","title":{"rendered":"Mu\u0219c\u0103turi de somon \u00eennegrit pr\u0103jit"},"content":{"rendered":"","protected":false},"excerpt":{"rendered":"","protected":false},"author":1,"featured_media":1054,"comment_status":"open","ping_status":"closed","sticky":false,"template":"","format":"standard","meta":{"wprm-recipe-roundup-name":"","wprm-recipe-roundup-description":"","footnotes":""},"categories":[29],"tags":[],"class_list":["post-1053","post","type-post","status-publish","format-standard","has-post-thumbnail","hentry","category-fruit-de-mer"],"yoast_head":"<!-- This site is optimized with the Yoast SEO plugin v27.5 - https:\/\/yoast.com\/product\/yoast-seo-wordpress\/ -->\n<title>Bouch\u00e9es de saumon noirci \u00e0 la friteuse - Air fryer ninja Recettes<\/title>\n<meta name=\"robots\" content=\"index, follow, max-snippet:-1, max-image-preview:large, max-video-preview:-1\" \/>\n<link rel=\"canonical\" href=\"https:\/\/air-fryer-ninja.fr\/ro\/guri-de-somon-innegrit-prajit-adanc\/\" \/>\n<meta property=\"og:locale\" content=\"ro_RO\" \/>\n<meta property=\"og:type\" content=\"article\" \/>\n<meta property=\"og:title\" content=\"Bouch\u00e9es de saumon noirci \u00e0 la friteuse - Air fryer ninja Recettes\" \/>\n<meta property=\"og:url\" content=\"https:\/\/air-fryer-ninja.fr\/ro\/guri-de-somon-innegrit-prajit-adanc\/\" \/>\n<meta property=\"og:site_name\" content=\"Air fryer ninja Recettes\" \/>\n<meta property=\"article:published_time\" content=\"2023-01-24T16:06:37+00:00\" \/>\n<meta name=\"author\" content=\"Stephy\" \/>\n<meta name=\"twitter:card\" content=\"summary_large_image\" \/>\n<meta name=\"twitter:label1\" content=\"Scris de\" \/>\n\t<meta name=\"twitter:data1\" content=\"Stephy\" \/>\n<!-- \/ Yoast SEO plugin. -->","yoast_head_json":{"title":"Bouch\u00e9es de saumon noirci \u00e0 la friteuse - Air fryer ninja Recettes","robots":{"index":"index","follow":"follow","max-snippet":"max-snippet:-1","max-image-preview":"max-image-preview:large","max-video-preview":"max-video-preview:-1"},"canonical":"https:\/\/air-fryer-ninja.fr\/ro\/guri-de-somon-innegrit-prajit-adanc\/","og_locale":"ro_RO","og_type":"article","og_title":"Bouch\u00e9es de saumon noirci \u00e0 la friteuse - Air fryer ninja Recettes","og_url":"https:\/\/air-fryer-ninja.fr\/ro\/guri-de-somon-innegrit-prajit-adanc\/","og_site_name":"Air fryer ninja Recettes","article_published_time":"2023-01-24T16:06:37+00:00","author":"Stephy","twitter_card":"summary_large_image","twitter_misc":{"Scris de":"Stephy"},"schema":{"@context":"https:\/\/schema.org","@graph":[{"@type":"Article","@id":"https:\/\/air-fryer-ninja.fr\/bouchees-de-saumon-noirci-a-la-friteuse\/#article","isPartOf":{"@id":"https:\/\/air-fryer-ninja.fr\/bouchees-de-saumon-noirci-a-la-friteuse\/"},"author":{"name":"Stephy","@id":"https:\/\/air-fryer-ninja.fr\/#\/schema\/person\/31ca83cb1c8812323af9097575aa686b"},"headline":"Bouch\u00e9es de saumon noirci \u00e0 la friteuse","datePublished":"2023-01-24T16:06:37+00:00","mainEntityOfPage":{"@id":"https:\/\/air-fryer-ninja.fr\/bouchees-de-saumon-noirci-a-la-friteuse\/"},"wordCount":7,"commentCount":1,"publisher":{"@id":"https:\/\/air-fryer-ninja.fr\/#organization"},"image":{"@id":"https:\/\/air-fryer-ninja.fr\/bouchees-de-saumon-noirci-a-la-friteuse\/#primaryimage"},"thumbnailUrl":"https:\/\/air-fryer-ninja.fr\/wp-content\/uploads\/2023\/01\/bouchees-de-saumon-noirci-a-la-friteuse_63d0020e26fa3.jpeg","articleSection":["Fruit de mer"],"inLanguage":"ro-RO","potentialAction":[{"@type":"CommentAction","name":"Comment","target":["https:\/\/air-fryer-ninja.fr\/bouchees-de-saumon-noirci-a-la-friteuse\/#respond"]}]},{"@type":"WebPage","@id":"https:\/\/air-fryer-ninja.fr\/bouchees-de-saumon-noirci-a-la-friteuse\/","url":"https:\/\/air-fryer-ninja.fr\/bouchees-de-saumon-noirci-a-la-friteuse\/","name":"Bouch\u00e9es de saumon noirci \u00e0 la friteuse - Air fryer ninja Recettes","isPartOf":{"@id":"https:\/\/air-fryer-ninja.fr\/#website"},"primaryImageOfPage":{"@id":"https:\/\/air-fryer-ninja.fr\/bouchees-de-saumon-noirci-a-la-friteuse\/#primaryimage"},"image":{"@id":"https:\/\/air-fryer-ninja.fr\/bouchees-de-saumon-noirci-a-la-friteuse\/#primaryimage"},"thumbnailUrl":"https:\/\/air-fryer-ninja.fr\/wp-content\/uploads\/2023\/01\/bouchees-de-saumon-noirci-a-la-friteuse_63d0020e26fa3.jpeg","datePublished":"2023-01-24T16:06:37+00:00","breadcrumb":{"@id":"https:\/\/air-fryer-ninja.fr\/bouchees-de-saumon-noirci-a-la-friteuse\/#breadcrumb"},"inLanguage":"ro-RO","potentialAction":[{"@type":"ReadAction","target":["https:\/\/air-fryer-ninja.fr\/bouchees-de-saumon-noirci-a-la-friteuse\/"]}]},{"@type":"ImageObject","inLanguage":"ro-RO","@id":"https:\/\/air-fryer-ninja.fr\/bouchees-de-saumon-noirci-a-la-friteuse\/#primaryimage","url":"https:\/\/air-fryer-ninja.fr\/wp-content\/uploads\/2023\/01\/bouchees-de-saumon-noirci-a-la-friteuse_63d0020e26fa3.jpeg","contentUrl":"https:\/\/air-fryer-ninja.fr\/wp-content\/uploads\/2023\/01\/bouchees-de-saumon-noirci-a-la-friteuse_63d0020e26fa3.jpeg","width":1200,"height":630},{"@type":"BreadcrumbList","@id":"https:\/\/air-fryer-ninja.fr\/bouchees-de-saumon-noirci-a-la-friteuse\/#breadcrumb","itemListElement":[{"@type":"ListItem","position":1,"name":"Recette Air Fryer","item":"https:\/\/air-fryer-ninja.fr\/"},{"@type":"ListItem","position":2,"name":"Bouch\u00e9es de saumon noirci \u00e0 la friteuse"}]},{"@type":"WebSite","@id":"https:\/\/air-fryer-ninja.fr\/#website","url":"https:\/\/air-fryer-ninja.fr\/","name":"Frigider ninja cu aer","description":"Frigider cu aer ninja reteta blog","publisher":{"@id":"https:\/\/air-fryer-ninja.fr\/#organization"},"potentialAction":[{"@type":"SearchAction","target":{"@type":"EntryPoint","urlTemplate":"https:\/\/air-fryer-ninja.fr\/?s={search_term_string}"},"query-input":{"@type":"PropertyValueSpecification","valueRequired":true,"valueName":"search_term_string"}}],"inLanguage":"ro-RO"},{"@type":"Organization","@id":"https:\/\/air-fryer-ninja.fr\/#organization","name":"Frigider ninja cu aer","url":"https:\/\/air-fryer-ninja.fr\/","logo":{"@type":"ImageObject","inLanguage":"ro-RO","@id":"https:\/\/air-fryer-ninja.fr\/#\/schema\/logo\/image\/","url":"https:\/\/air-fryer-ninja.fr\/wp-content\/uploads\/2022\/09\/air-fryer-ninja.png","contentUrl":"https:\/\/air-fryer-ninja.fr\/wp-content\/uploads\/2022\/09\/air-fryer-ninja.png","width":500,"height":90,"caption":"Air fryer ninja"},"image":{"@id":"https:\/\/air-fryer-ninja.fr\/#\/schema\/logo\/image\/"}},{"@type":"Person","@id":"https:\/\/air-fryer-ninja.fr\/#\/schema\/person\/31ca83cb1c8812323af9097575aa686b","name":"Stephy","image":{"@type":"ImageObject","inLanguage":"ro-RO","@id":"https:\/\/air-fryer-ninja.fr\/wp-content\/uploads\/2024\/11\/cropped-Untitled-design-2024-11-04T123927.617-96x96.jpg","url":"https:\/\/air-fryer-ninja.fr\/wp-content\/uploads\/2024\/11\/cropped-Untitled-design-2024-11-04T123927.617-96x96.jpg","contentUrl":"https:\/\/air-fryer-ninja.fr\/wp-content\/uploads\/2024\/11\/cropped-Untitled-design-2024-11-04T123927.617-96x96.jpg","caption":"Stephy"},"description":"Sunt Stephy, o gospodin\u0103 cu o pasiune pentru g\u0103tit! De c\u00e2nd am descoperit Air Fryer-ul, acesta a devenit partenerul meu ideal pentru a crea re\u021bete gustoase \u0219i u\u0219or de realizat. \u00cemi place s\u0103 experimentez \u0219i s\u0103 inventez m\u00e2nc\u0103ruri care \u00eemi surprind \u0219i \u00eemi \u00eenc\u00e2nt\u0103 familia. Aici, v\u0103 \u00eemp\u0103rt\u0103\u0219esc cele mai bune sfaturi \u0219i re\u021betele mele preferate pentru a v\u0103 ajuta s\u0103 v\u0103 bucura\u021bi de deliciile g\u0103titului acas\u0103, f\u0103r\u0103 a petrece ore \u00eentregi \u00een spatele aragazului. Scopul meu? S\u0103 v\u0103 ar\u0103t c\u0103, cu pu\u021bin\u0103 creativitate, Air Fryer poate transforma fiecare mas\u0103 \u00eentr-o adev\u0103rat\u0103 pl\u0103cere!","sameAs":["https:\/\/air-fryer-ninja.fr"],"url":"https:\/\/air-fryer-ninja.fr\/ro\/author\/a1rdy\/"}]}},"_links":{"self":[{"href":"https:\/\/air-fryer-ninja.fr\/ro\/wp-json\/wp\/v2\/posts\/1053","targetHints":{"allow":["GET"]}}],"collection":[{"href":"https:\/\/air-fryer-ninja.fr\/ro\/wp-json\/wp\/v2\/posts"}],"about":[{"href":"https:\/\/air-fryer-ninja.fr\/ro\/wp-json\/wp\/v2\/types\/post"}],"author":[{"embeddable":true,"href":"https:\/\/air-fryer-ninja.fr\/ro\/wp-json\/wp\/v2\/users\/1"}],"replies":[{"embeddable":true,"href":"https:\/\/air-fryer-ninja.fr\/ro\/wp-json\/wp\/v2\/comments?post=1053"}],"version-history":[{"count":0,"href":"https:\/\/air-fryer-ninja.fr\/ro\/wp-json\/wp\/v2\/posts\/1053\/revisions"}],"wp:featuredmedia":[{"embeddable":true,"href":"https:\/\/air-fryer-ninja.fr\/ro\/wp-json\/wp\/v2\/media\/1054"}],"wp:attachment":[{"href":"https:\/\/air-fryer-ninja.fr\/ro\/wp-json\/wp\/v2\/media?parent=1053"}],"wp:term":[{"taxonomy":"category","embeddable":true,"href":"https:\/\/air-fryer-ninja.fr\/ro\/wp-json\/wp\/v2\/categories?post=1053"},{"taxonomy":"post_tag","embeddable":true,"href":"https:\/\/air-fryer-ninja.fr\/ro\/wp-json\/wp\/v2\/tags?post=1053"}],"curies":[{"name":"wp","href":"https:\/\/api.w.org\/{rel}","templated":true}]}}