{"id":3549,"date":"2025-02-10T14:25:00","date_gmt":"2025-02-10T14:25:00","guid":{"rendered":"https:\/\/air-fryer-ninja.fr\/?p=3549"},"modified":"2025-02-12T13:14:59","modified_gmt":"2025-02-12T13:14:59","slug":"recette-barre-de-cereales-au-airfryer","status":"publish","type":"post","link":"https:\/\/air-fryer-ninja.fr\/pt_br\/recette-barre-de-cereales-au-airfryer\/","title":{"rendered":"Recette barre de c\u00e9r\u00e9ales au Airfryer"},"content":{"rendered":"<p><strong>Vous cherchez une alternative saine et gourmande aux barres industrielles ? Laissez-vous tenter par nos barres de c\u00e9r\u00e9ales au Airfryer ! Croquantes \u00e0 l&rsquo;ext\u00e9rieur et moelleuses \u00e0 l&rsquo;int\u00e9rieur, ces petites merveilles nourrissantes sont parfaites pour un boost d&rsquo;\u00e9nergie \u00e0 tout moment de la journ\u00e9e. Avec leur pr\u00e9paration simple et rapide, elles deviendront vite votre en-cas pr\u00e9f\u00e9r\u00e9 pour les petits creux. D\u00e9couvrez sans plus attendre cette recette qui allie plaisir gustatif et bienfaits nutritionnels !<\/strong><\/p>\n\n\n\n<p><strong>\u23f1\ufe0f\u00a0Temps de pr\u00e9paration :<\/strong> 12 minutes<br><strong>\u23f1\ufe0f\u00a0Temps de cuisson :<\/strong> 17-18 minutes<br><strong>\u23f1\ufe0f\u00a0Temps total :<\/strong> 30 minutes<\/p>\n\n\n\n<h2 class=\"wp-block-heading\">Ingr\u00e9dients (pour 6 personnes)<\/h2>\n\n\n\n<ul class=\"wp-block-list\">\n<li>1,5 tasse de flocons d&rsquo;avoine<\/li>\n\n\n\n<li>1\/3 tasse de noix de cajou<\/li>\n\n\n\n<li>1\/3 tasse de miel<\/li>\n\n\n\n<li>1\/3 tasse de graines de chia<\/li>\n\n\n\n<li>1\/3 tasse de p\u00e9pites de chocolat<\/li>\n\n\n\n<li>1 colher de ch\u00e1 de extrato de baunilha<\/li>\n\n\n\n<li>1\/2 cuill\u00e8re \u00e0 caf\u00e9 de cannelle<\/li>\n\n\n\n<li>2 cuill\u00e8res \u00e0 soupe de noix de coco r\u00e2p\u00e9e<\/li>\n\n\n\n<li>1 pinc\u00e9e de sel<\/li>\n<\/ul>\n\n\n\n<h2 class=\"wp-block-heading\">Ustensiles<\/h2>\n\n\n\n<ul class=\"wp-block-list\">\n<li>Un Airfryer<\/li>\n\n\n\n<li>Un grand bol m\u00e9langeur<\/li>\n\n\n\n<li>Un moule \u00e0 barres en silicone<\/li>\n\n\n\n<li>Des ustensiles de mesure<\/li>\n\n\n\n<li>Papier cuisson (facultatif)<\/li>\n<\/ul>\n\n\n\n<h2 class=\"wp-block-heading\">R\u00e9alisation pas \u00e0 pas<\/h2>\n\n\n\n<ol class=\"wp-block-list\">\n<li><strong>Pr\u00e9paration des ingr\u00e9dients secs<\/strong>\u00a0: Dans un grand bol, m\u00e9langez les flocons d&rsquo;avoine, les graines de chia, la cannelle et le sel.<\/li>\n\n\n\n<li><strong>Pr\u00e9paration des fruits secs<\/strong>\u00a0: Concassez grossi\u00e8rement les noix de cajou et incorporez-les au m\u00e9lange avec la noix de coco r\u00e2p\u00e9e.<\/li>\n\n\n\n<li><strong>Pr\u00e9paration des ingr\u00e9dients humides<\/strong>\u00a0: Dans un bol s\u00e9par\u00e9, m\u00e9langez le miel et l&rsquo;extrait de vanille jusqu&rsquo;\u00e0 obtention d&rsquo;un m\u00e9lange homog\u00e8ne.<\/li>\n\n\n\n<li><strong>Montagem<\/strong>\u00a0: Versez progressivement les ingr\u00e9dients humides sur le m\u00e9lange sec en remuant constamment. Ajoutez les p\u00e9pites de chocolat en dernier.<\/li>\n\n\n\n<li><strong>Mise en forme<\/strong>\u00a0: Transf\u00e9rez la pr\u00e9paration dans le moule en silicone. Pressez fermement la surface avec le dos d&rsquo;une cuill\u00e8re pour bien compacter le m\u00e9lange.<\/li>\n\n\n\n<li><strong>Cuisson<\/strong>\u00a0: Pr\u00e9chauffez votre Airfryer \u00e0 170\u00b0C. Placez d\u00e9licatement le moule et cuisez pendant 17-18 minutes jusqu&rsquo;\u00e0 ce que les barres soient dor\u00e9es.<\/li>\n\n\n\n<li><strong>Refroidissement<\/strong>\u00a0: Laissez refroidir compl\u00e8tement dans le moule pendant au moins 30 minutes avant de d\u00e9mouler.<\/li>\n<\/ol>\n\n\n\n<h2 class=\"wp-block-heading\">Conseils du chef<\/h2>\n\n\n\n<ul class=\"wp-block-list\">\n<li>Utilisez des ingr\u00e9dients \u00e0 temp\u00e9rature ambiante pour un m\u00e9lange plus homog\u00e8ne<\/li>\n\n\n\n<li>Le m\u00e9lange doit \u00eatre suffisamment compact pour tenir en forme<\/li>\n\n\n\n<li>Surveillez la coloration pendant la cuisson<\/li>\n\n\n\n<li>Pour un d\u00e9moulage facile, tapissez le moule de papier cuisson<\/li>\n<\/ul>\n\n\n\n<p>La r\u00e9ussite de vos barres de c\u00e9r\u00e9ales d\u00e9pend principalement du bon \u00e9quilibre entre les ingr\u00e9dients secs et humides. Si le m\u00e9lange semble trop sec, n&rsquo;h\u00e9sitez pas \u00e0 ajouter une cuill\u00e8re de miel suppl\u00e9mentaire.<\/p>\n\n\n\n<h3 class=\"wp-block-heading\">La phrase du chef :<\/h3>\n\n\n\n<p><em>\u00ab\u00a0Une barre de c\u00e9r\u00e9ales r\u00e9ussie, c&rsquo;est comme une petite parenth\u00e8se gourmande qui nous rappelle que le fait-maison a toujours plus de saveur.\u00a0\u00bb<\/em><\/p>\n\n\n\n<h2 class=\"wp-block-heading\">Questions fr\u00e9quentes<\/h2>\n\n\n\n<p><strong>Comment savoir si les barres sont bien cuites ?<\/strong><br>Les barres doivent \u00eatre l\u00e9g\u00e8rement dor\u00e9es sur le dessus et fermes au toucher. En refroidissant, elles deviendront plus fermes.<\/p>\n\n\n\n<p><strong>Peut-on les pr\u00e9parer \u00e0 l&rsquo;avance pour la semaine ?<\/strong><br>Oui, pr\u00e9parez un lot le dimanche et conservez-les dans une bo\u00eete herm\u00e9tique avec du papier cuisson entre chaque couche.<\/p>\n\n\n\n<p><strong>Quelle est la meilleure fa\u00e7on de les transporter ?<\/strong><br>Emballez-les individuellement dans du papier cuisson ou du film alimentaire r\u00e9utilisable. Pour plus de protection, placez-les dans une bo\u00eete rigide.<\/p>\n\n\n\n<p><strong>Peut-on remplacer le miel par un autre \u00e9dulcorant ?<\/strong><br>Le sirop d&rsquo;\u00e9rable, le sirop d&rsquo;agave ou la pur\u00e9e de dattes fonctionnent tr\u00e8s bien comme alternatives.<\/p>\n\n\n\n<p><strong>Peut-on rendre ces barres plus prot\u00e9in\u00e9es ?<\/strong><br>Ajoutez une cuill\u00e8re de prot\u00e9ines en poudre ou remplacez une partie des flocons d&rsquo;avoine par des graines de courge ou de tournesol.<\/p>\n\n\n\n<p><strong>Comment rendre les barres plus croquantes ?<\/strong><br>Prolongez l\u00e9g\u00e8rement le temps de cuisson de 2-3 minutes et laissez-les refroidir compl\u00e8tement avant d\u00e9gustation.<\/p>\n\n\n\n<p>Pr\u00e9parer ses barres de c\u00e9r\u00e9ales au Airfryer est une excellente fa\u00e7on de contr\u00f4ler la qualit\u00e9 des ingr\u00e9dients tout en se faisant plaisir. Cette recette \u00e9quilibr\u00e9e et personnalisable deviendra rapidement votre alli\u00e9 pour des collations saines et gourmandes. N&rsquo;h\u00e9sitez pas \u00e0 exp\u00e9rimenter avec diff\u00e9rentes combinaisons d&rsquo;ingr\u00e9dients pour cr\u00e9er vos propres variations ! Et si vous avez aim\u00e9 cette recette, laissez-vous tenter par <a href=\"https:\/\/air-fryer-ninja.fr\/pt_br\/categoria\/confeitaria\/\">nos autres cr\u00e9ations sucr\u00e9es au Airfryer<\/a> : nos cookies aux p\u00e9pites de chocolat ultra-moelleux, nos muffins aux fruits rouges ou encore notre irr\u00e9sistible g\u00e2teau marbr\u00e9 !<\/p>","protected":false},"excerpt":{"rendered":"<p>Vous cherchez une alternative saine et gourmande aux barres industrielles ? Laissez-vous tenter par nos barres de c\u00e9r\u00e9ales au Airfryer ! Croquantes \u00e0 l&rsquo;ext\u00e9rieur et moelleuses \u00e0 l&rsquo;int\u00e9rieur, ces petites merveilles nourrissantes sont parfaites pour un boost d&rsquo;\u00e9nergie \u00e0 tout moment de la journ\u00e9e. Avec leur pr\u00e9paration simple et rapide, elles deviendront vite votre en-cas [&hellip;]<\/p>","protected":false},"author":1,"featured_media":3551,"comment_status":"open","ping_status":"open","sticky":false,"template":"","format":"standard","meta":{"wprm-recipe-roundup-name":"","wprm-recipe-roundup-description":"","footnotes":""},"categories":[31],"tags":[303,295],"class_list":["post-3549","post","type-post","status-publish","format-standard","has-post-thumbnail","hentry","category-dessert","tag-cereales","tag-petit-dejeuner"],"yoast_head":"<!-- This site is optimized with the Yoast SEO plugin v27.5 - https:\/\/yoast.com\/product\/yoast-seo-wordpress\/ -->\n<title>Recette barre de c\u00e9r\u00e9ales au Airfryer - Air fryer ninja Recettes<\/title>\n<meta name=\"description\" content=\"D\u00e9couvrez comment pr\u00e9parer de d\u00e9licieuses barres de c\u00e9r\u00e9ales au Airfryer en 30 minutes. Une recette simple et saine, enrichie en fibres et prot\u00e9ines, id\u00e9ale pour vos collations quotidiennes. Personnalisable selon vos envies !\" \/>\n<meta name=\"robots\" content=\"index, follow, max-snippet:-1, max-image-preview:large, max-video-preview:-1\" \/>\n<link rel=\"canonical\" href=\"https:\/\/air-fryer-ninja.fr\/pt_br\/recette-barre-de-cereales-au-airfryer\/\" \/>\n<meta property=\"og:locale\" content=\"pt_BR\" \/>\n<meta property=\"og:type\" content=\"article\" \/>\n<meta property=\"og:title\" content=\"Recette barre de c\u00e9r\u00e9ales au Airfryer - Air fryer ninja Recettes\" \/>\n<meta property=\"og:description\" content=\"D\u00e9couvrez comment pr\u00e9parer de d\u00e9licieuses barres de c\u00e9r\u00e9ales au Airfryer en 30 minutes. Une recette simple et saine, enrichie en fibres et prot\u00e9ines, id\u00e9ale pour vos collations quotidiennes. Personnalisable selon vos envies !\" \/>\n<meta property=\"og:url\" content=\"https:\/\/air-fryer-ninja.fr\/pt_br\/recette-barre-de-cereales-au-airfryer\/\" \/>\n<meta property=\"og:site_name\" content=\"Air fryer ninja Recettes\" \/>\n<meta property=\"article:published_time\" content=\"2025-02-10T14:25:00+00:00\" \/>\n<meta property=\"article:modified_time\" content=\"2025-02-12T13:14:59+00:00\" \/>\n<meta property=\"og:image\" content=\"https:\/\/air-fryer-ninja.fr\/wp-content\/uploads\/2026\/02\/recette-barre-de-cereales-au-airfryer.jpg\" \/>\n\t<meta property=\"og:image:width\" content=\"1200\" \/>\n\t<meta property=\"og:image:height\" content=\"675\" \/>\n\t<meta property=\"og:image:type\" content=\"image\/jpeg\" \/>\n<meta name=\"author\" content=\"Stephy\" \/>\n<meta name=\"twitter:card\" content=\"summary_large_image\" \/>\n<meta name=\"twitter:label1\" content=\"Escrito por\" \/>\n\t<meta name=\"twitter:data1\" content=\"Stephy\" \/>\n\t<meta name=\"twitter:label2\" content=\"Est. tempo de leitura\" \/>\n\t<meta name=\"twitter:data2\" content=\"4 minutos\" \/>\n<!-- \/ Yoast SEO plugin. -->","yoast_head_json":{"title":"Recette barre de c\u00e9r\u00e9ales au Airfryer - Air fryer ninja Recettes","description":"D\u00e9couvrez comment pr\u00e9parer de d\u00e9licieuses barres de c\u00e9r\u00e9ales au Airfryer en 30 minutes. Une recette simple et saine, enrichie en fibres et prot\u00e9ines, id\u00e9ale pour vos collations quotidiennes. Personnalisable selon vos envies !","robots":{"index":"index","follow":"follow","max-snippet":"max-snippet:-1","max-image-preview":"max-image-preview:large","max-video-preview":"max-video-preview:-1"},"canonical":"https:\/\/air-fryer-ninja.fr\/pt_br\/recette-barre-de-cereales-au-airfryer\/","og_locale":"pt_BR","og_type":"article","og_title":"Recette barre de c\u00e9r\u00e9ales au Airfryer - Air fryer ninja Recettes","og_description":"D\u00e9couvrez comment pr\u00e9parer de d\u00e9licieuses barres de c\u00e9r\u00e9ales au Airfryer en 30 minutes. Une recette simple et saine, enrichie en fibres et prot\u00e9ines, id\u00e9ale pour vos collations quotidiennes. Personnalisable selon vos envies !","og_url":"https:\/\/air-fryer-ninja.fr\/pt_br\/recette-barre-de-cereales-au-airfryer\/","og_site_name":"Air fryer ninja Recettes","article_published_time":"2025-02-10T14:25:00+00:00","article_modified_time":"2025-02-12T13:14:59+00:00","og_image":[{"width":1200,"height":675,"url":"https:\/\/air-fryer-ninja.fr\/wp-content\/uploads\/2026\/02\/recette-barre-de-cereales-au-airfryer.jpg","type":"image\/jpeg"}],"author":"Stephy","twitter_card":"summary_large_image","twitter_misc":{"Escrito por":"Stephy","Est. tempo de leitura":"4 minutos"},"schema":{"@context":"https:\/\/schema.org","@graph":[{"@type":"Article","@id":"https:\/\/air-fryer-ninja.fr\/recette-barre-de-cereales-au-airfryer\/#article","isPartOf":{"@id":"https:\/\/air-fryer-ninja.fr\/recette-barre-de-cereales-au-airfryer\/"},"author":{"name":"Stephy","@id":"https:\/\/air-fryer-ninja.fr\/#\/schema\/person\/31ca83cb1c8812323af9097575aa686b"},"headline":"Recette barre de c\u00e9r\u00e9ales au Airfryer","datePublished":"2025-02-10T14:25:00+00:00","dateModified":"2025-02-12T13:14:59+00:00","mainEntityOfPage":{"@id":"https:\/\/air-fryer-ninja.fr\/recette-barre-de-cereales-au-airfryer\/"},"wordCount":751,"commentCount":0,"publisher":{"@id":"https:\/\/air-fryer-ninja.fr\/#organization"},"image":{"@id":"https:\/\/air-fryer-ninja.fr\/recette-barre-de-cereales-au-airfryer\/#primaryimage"},"thumbnailUrl":"https:\/\/air-fryer-ninja.fr\/wp-content\/uploads\/2026\/02\/recette-barre-de-cereales-au-airfryer.jpg","keywords":["c\u00e9r\u00e9ales","petit-d\u00e9jeuner"],"articleSection":["Dessert"],"inLanguage":"pt-BR","potentialAction":[{"@type":"CommentAction","name":"Comment","target":["https:\/\/air-fryer-ninja.fr\/recette-barre-de-cereales-au-airfryer\/#respond"]}]},{"@type":"WebPage","@id":"https:\/\/air-fryer-ninja.fr\/recette-barre-de-cereales-au-airfryer\/","url":"https:\/\/air-fryer-ninja.fr\/recette-barre-de-cereales-au-airfryer\/","name":"Recette barre de c\u00e9r\u00e9ales au Airfryer - Air fryer ninja Recettes","isPartOf":{"@id":"https:\/\/air-fryer-ninja.fr\/#website"},"primaryImageOfPage":{"@id":"https:\/\/air-fryer-ninja.fr\/recette-barre-de-cereales-au-airfryer\/#primaryimage"},"image":{"@id":"https:\/\/air-fryer-ninja.fr\/recette-barre-de-cereales-au-airfryer\/#primaryimage"},"thumbnailUrl":"https:\/\/air-fryer-ninja.fr\/wp-content\/uploads\/2026\/02\/recette-barre-de-cereales-au-airfryer.jpg","datePublished":"2025-02-10T14:25:00+00:00","dateModified":"2025-02-12T13:14:59+00:00","description":"D\u00e9couvrez comment pr\u00e9parer de d\u00e9licieuses barres de c\u00e9r\u00e9ales au Airfryer en 30 minutes. Une recette simple et saine, enrichie en fibres et prot\u00e9ines, id\u00e9ale pour vos collations quotidiennes. Personnalisable selon vos envies !","breadcrumb":{"@id":"https:\/\/air-fryer-ninja.fr\/recette-barre-de-cereales-au-airfryer\/#breadcrumb"},"inLanguage":"pt-BR","potentialAction":[{"@type":"ReadAction","target":["https:\/\/air-fryer-ninja.fr\/recette-barre-de-cereales-au-airfryer\/"]}]},{"@type":"ImageObject","inLanguage":"pt-BR","@id":"https:\/\/air-fryer-ninja.fr\/recette-barre-de-cereales-au-airfryer\/#primaryimage","url":"https:\/\/air-fryer-ninja.fr\/wp-content\/uploads\/2026\/02\/recette-barre-de-cereales-au-airfryer.jpg","contentUrl":"https:\/\/air-fryer-ninja.fr\/wp-content\/uploads\/2026\/02\/recette-barre-de-cereales-au-airfryer.jpg","width":1200,"height":675,"caption":"recette barre de cereales au airfryer"},{"@type":"BreadcrumbList","@id":"https:\/\/air-fryer-ninja.fr\/recette-barre-de-cereales-au-airfryer\/#breadcrumb","itemListElement":[{"@type":"ListItem","position":1,"name":"Recette Air Fryer","item":"https:\/\/air-fryer-ninja.fr\/"},{"@type":"ListItem","position":2,"name":"Recette barre de c\u00e9r\u00e9ales au Airfryer"}]},{"@type":"WebSite","@id":"https:\/\/air-fryer-ninja.fr\/#website","url":"https:\/\/air-fryer-ninja.fr\/","name":"Fritadeira ninja","description":"Blog de receitas da Air fryer ninja","publisher":{"@id":"https:\/\/air-fryer-ninja.fr\/#organization"},"potentialAction":[{"@type":"SearchAction","target":{"@type":"EntryPoint","urlTemplate":"https:\/\/air-fryer-ninja.fr\/?s={search_term_string}"},"query-input":{"@type":"PropertyValueSpecification","valueRequired":true,"valueName":"search_term_string"}}],"inLanguage":"pt-BR"},{"@type":"Organization","@id":"https:\/\/air-fryer-ninja.fr\/#organization","name":"Fritadeira ninja","url":"https:\/\/air-fryer-ninja.fr\/","logo":{"@type":"ImageObject","inLanguage":"pt-BR","@id":"https:\/\/air-fryer-ninja.fr\/#\/schema\/logo\/image\/","url":"https:\/\/air-fryer-ninja.fr\/wp-content\/uploads\/2022\/09\/air-fryer-ninja.png","contentUrl":"https:\/\/air-fryer-ninja.fr\/wp-content\/uploads\/2022\/09\/air-fryer-ninja.png","width":500,"height":90,"caption":"Air fryer ninja"},"image":{"@id":"https:\/\/air-fryer-ninja.fr\/#\/schema\/logo\/image\/"}},{"@type":"Person","@id":"https:\/\/air-fryer-ninja.fr\/#\/schema\/person\/31ca83cb1c8812323af9097575aa686b","name":"Stephy","image":{"@type":"ImageObject","inLanguage":"pt-BR","@id":"https:\/\/air-fryer-ninja.fr\/wp-content\/uploads\/2024\/11\/cropped-Untitled-design-2024-11-04T123927.617-96x96.jpg","url":"https:\/\/air-fryer-ninja.fr\/wp-content\/uploads\/2024\/11\/cropped-Untitled-design-2024-11-04T123927.617-96x96.jpg","contentUrl":"https:\/\/air-fryer-ninja.fr\/wp-content\/uploads\/2024\/11\/cropped-Untitled-design-2024-11-04T123927.617-96x96.jpg","caption":"Stephy"},"description":"Eu sou a Stephy, uma dona de casa apaixonada por cozinhar! Desde que descobri a Air Fryer, ela tem sido minha companheira ideal para criar receitas saborosas e f\u00e1ceis de fazer. Adoro fazer experi\u00eancias e inventar pratos que surpreendam e encantem minha fam\u00edlia. Aqui, compartilho minhas melhores dicas e receitas favoritas para ajud\u00e1-lo a desfrutar das del\u00edcias da culin\u00e1ria caseira, sem passar horas atr\u00e1s do fog\u00e3o. Meu objetivo? Mostrar a voc\u00ea que, com um pouco de criatividade, a Air Fryer pode transformar cada refei\u00e7\u00e3o em um verdadeiro prazer!","sameAs":["https:\/\/air-fryer-ninja.fr"],"url":"https:\/\/air-fryer-ninja.fr\/pt_br\/author\/a1rdy\/"}]}},"_links":{"self":[{"href":"https:\/\/air-fryer-ninja.fr\/pt_br\/wp-json\/wp\/v2\/posts\/3549","targetHints":{"allow":["GET"]}}],"collection":[{"href":"https:\/\/air-fryer-ninja.fr\/pt_br\/wp-json\/wp\/v2\/posts"}],"about":[{"href":"https:\/\/air-fryer-ninja.fr\/pt_br\/wp-json\/wp\/v2\/types\/post"}],"author":[{"embeddable":true,"href":"https:\/\/air-fryer-ninja.fr\/pt_br\/wp-json\/wp\/v2\/users\/1"}],"replies":[{"embeddable":true,"href":"https:\/\/air-fryer-ninja.fr\/pt_br\/wp-json\/wp\/v2\/comments?post=3549"}],"version-history":[{"count":1,"href":"https:\/\/air-fryer-ninja.fr\/pt_br\/wp-json\/wp\/v2\/posts\/3549\/revisions"}],"predecessor-version":[{"id":3550,"href":"https:\/\/air-fryer-ninja.fr\/pt_br\/wp-json\/wp\/v2\/posts\/3549\/revisions\/3550"}],"wp:featuredmedia":[{"embeddable":true,"href":"https:\/\/air-fryer-ninja.fr\/pt_br\/wp-json\/wp\/v2\/media\/3551"}],"wp:attachment":[{"href":"https:\/\/air-fryer-ninja.fr\/pt_br\/wp-json\/wp\/v2\/media?parent=3549"}],"wp:term":[{"taxonomy":"category","embeddable":true,"href":"https:\/\/air-fryer-ninja.fr\/pt_br\/wp-json\/wp\/v2\/categories?post=3549"},{"taxonomy":"post_tag","embeddable":true,"href":"https:\/\/air-fryer-ninja.fr\/pt_br\/wp-json\/wp\/v2\/tags?post=3549"}],"curies":[{"name":"wp","href":"https:\/\/api.w.org\/{rel}","templated":true}]}}