{"id":1053,"date":"2023-01-24T16:06:37","date_gmt":"2023-01-24T16:06:37","guid":{"rendered":"https:\/\/air-fryer-ninja.fr\/bouchees-de-saumon-noirci-a-la-friteuse\/"},"modified":"2023-01-24T16:06:37","modified_gmt":"2023-01-24T16:06:37","slug":"bocados-de-salmao-enegrecido-frito","status":"publish","type":"post","link":"https:\/\/air-fryer-ninja.fr\/pt_br\/bocados-de-salmao-enegrecido-frito\/","title":{"rendered":"Peda\u00e7os de salm\u00e3o frito e escurecido"},"content":{"rendered":"","protected":false},"excerpt":{"rendered":"","protected":false},"author":1,"featured_media":1054,"comment_status":"open","ping_status":"closed","sticky":false,"template":"","format":"standard","meta":{"wprm-recipe-roundup-name":"","wprm-recipe-roundup-description":"","footnotes":""},"categories":[29],"tags":[],"class_list":["post-1053","post","type-post","status-publish","format-standard","has-post-thumbnail","hentry","category-fruit-de-mer"],"yoast_head":"<!-- This site is optimized with the Yoast SEO plugin v27.5 - https:\/\/yoast.com\/product\/yoast-seo-wordpress\/ -->\n<title>Bouch\u00e9es de saumon noirci \u00e0 la friteuse - Air fryer ninja Recettes<\/title>\n<meta name=\"robots\" content=\"index, follow, max-snippet:-1, max-image-preview:large, max-video-preview:-1\" \/>\n<link rel=\"canonical\" href=\"https:\/\/air-fryer-ninja.fr\/pt_br\/bocados-de-salmao-enegrecido-frito\/\" \/>\n<meta property=\"og:locale\" content=\"pt_BR\" \/>\n<meta property=\"og:type\" content=\"article\" \/>\n<meta property=\"og:title\" content=\"Bouch\u00e9es de saumon noirci \u00e0 la friteuse - Air fryer ninja Recettes\" \/>\n<meta property=\"og:url\" content=\"https:\/\/air-fryer-ninja.fr\/pt_br\/bocados-de-salmao-enegrecido-frito\/\" \/>\n<meta property=\"og:site_name\" content=\"Air fryer ninja Recettes\" \/>\n<meta property=\"article:published_time\" content=\"2023-01-24T16:06:37+00:00\" \/>\n<meta name=\"author\" content=\"Stephy\" \/>\n<meta name=\"twitter:card\" content=\"summary_large_image\" \/>\n<meta name=\"twitter:label1\" content=\"Escrito por\" \/>\n\t<meta name=\"twitter:data1\" content=\"Stephy\" \/>\n<!-- \/ Yoast SEO plugin. -->","yoast_head_json":{"title":"Bouch\u00e9es de saumon noirci \u00e0 la friteuse - Air fryer ninja Recettes","robots":{"index":"index","follow":"follow","max-snippet":"max-snippet:-1","max-image-preview":"max-image-preview:large","max-video-preview":"max-video-preview:-1"},"canonical":"https:\/\/air-fryer-ninja.fr\/pt_br\/bocados-de-salmao-enegrecido-frito\/","og_locale":"pt_BR","og_type":"article","og_title":"Bouch\u00e9es de saumon noirci \u00e0 la friteuse - Air fryer ninja Recettes","og_url":"https:\/\/air-fryer-ninja.fr\/pt_br\/bocados-de-salmao-enegrecido-frito\/","og_site_name":"Air fryer ninja Recettes","article_published_time":"2023-01-24T16:06:37+00:00","author":"Stephy","twitter_card":"summary_large_image","twitter_misc":{"Escrito por":"Stephy"},"schema":{"@context":"https:\/\/schema.org","@graph":[{"@type":"Article","@id":"https:\/\/air-fryer-ninja.fr\/bouchees-de-saumon-noirci-a-la-friteuse\/#article","isPartOf":{"@id":"https:\/\/air-fryer-ninja.fr\/bouchees-de-saumon-noirci-a-la-friteuse\/"},"author":{"name":"Stephy","@id":"https:\/\/air-fryer-ninja.fr\/#\/schema\/person\/31ca83cb1c8812323af9097575aa686b"},"headline":"Bouch\u00e9es de saumon noirci \u00e0 la friteuse","datePublished":"2023-01-24T16:06:37+00:00","mainEntityOfPage":{"@id":"https:\/\/air-fryer-ninja.fr\/bouchees-de-saumon-noirci-a-la-friteuse\/"},"wordCount":7,"commentCount":1,"publisher":{"@id":"https:\/\/air-fryer-ninja.fr\/#organization"},"image":{"@id":"https:\/\/air-fryer-ninja.fr\/bouchees-de-saumon-noirci-a-la-friteuse\/#primaryimage"},"thumbnailUrl":"https:\/\/air-fryer-ninja.fr\/wp-content\/uploads\/2023\/01\/bouchees-de-saumon-noirci-a-la-friteuse_63d0020e26fa3.jpeg","articleSection":["Fruit de mer"],"inLanguage":"pt-BR","potentialAction":[{"@type":"CommentAction","name":"Comment","target":["https:\/\/air-fryer-ninja.fr\/bouchees-de-saumon-noirci-a-la-friteuse\/#respond"]}]},{"@type":"WebPage","@id":"https:\/\/air-fryer-ninja.fr\/bouchees-de-saumon-noirci-a-la-friteuse\/","url":"https:\/\/air-fryer-ninja.fr\/bouchees-de-saumon-noirci-a-la-friteuse\/","name":"Bouch\u00e9es de saumon noirci \u00e0 la friteuse - Air fryer ninja Recettes","isPartOf":{"@id":"https:\/\/air-fryer-ninja.fr\/#website"},"primaryImageOfPage":{"@id":"https:\/\/air-fryer-ninja.fr\/bouchees-de-saumon-noirci-a-la-friteuse\/#primaryimage"},"image":{"@id":"https:\/\/air-fryer-ninja.fr\/bouchees-de-saumon-noirci-a-la-friteuse\/#primaryimage"},"thumbnailUrl":"https:\/\/air-fryer-ninja.fr\/wp-content\/uploads\/2023\/01\/bouchees-de-saumon-noirci-a-la-friteuse_63d0020e26fa3.jpeg","datePublished":"2023-01-24T16:06:37+00:00","breadcrumb":{"@id":"https:\/\/air-fryer-ninja.fr\/bouchees-de-saumon-noirci-a-la-friteuse\/#breadcrumb"},"inLanguage":"pt-BR","potentialAction":[{"@type":"ReadAction","target":["https:\/\/air-fryer-ninja.fr\/bouchees-de-saumon-noirci-a-la-friteuse\/"]}]},{"@type":"ImageObject","inLanguage":"pt-BR","@id":"https:\/\/air-fryer-ninja.fr\/bouchees-de-saumon-noirci-a-la-friteuse\/#primaryimage","url":"https:\/\/air-fryer-ninja.fr\/wp-content\/uploads\/2023\/01\/bouchees-de-saumon-noirci-a-la-friteuse_63d0020e26fa3.jpeg","contentUrl":"https:\/\/air-fryer-ninja.fr\/wp-content\/uploads\/2023\/01\/bouchees-de-saumon-noirci-a-la-friteuse_63d0020e26fa3.jpeg","width":1200,"height":630},{"@type":"BreadcrumbList","@id":"https:\/\/air-fryer-ninja.fr\/bouchees-de-saumon-noirci-a-la-friteuse\/#breadcrumb","itemListElement":[{"@type":"ListItem","position":1,"name":"Recette Air Fryer","item":"https:\/\/air-fryer-ninja.fr\/"},{"@type":"ListItem","position":2,"name":"Bouch\u00e9es de saumon noirci \u00e0 la friteuse"}]},{"@type":"WebSite","@id":"https:\/\/air-fryer-ninja.fr\/#website","url":"https:\/\/air-fryer-ninja.fr\/","name":"Fritadeira ninja","description":"Blog de receitas da Air fryer ninja","publisher":{"@id":"https:\/\/air-fryer-ninja.fr\/#organization"},"potentialAction":[{"@type":"SearchAction","target":{"@type":"EntryPoint","urlTemplate":"https:\/\/air-fryer-ninja.fr\/?s={search_term_string}"},"query-input":{"@type":"PropertyValueSpecification","valueRequired":true,"valueName":"search_term_string"}}],"inLanguage":"pt-BR"},{"@type":"Organization","@id":"https:\/\/air-fryer-ninja.fr\/#organization","name":"Fritadeira ninja","url":"https:\/\/air-fryer-ninja.fr\/","logo":{"@type":"ImageObject","inLanguage":"pt-BR","@id":"https:\/\/air-fryer-ninja.fr\/#\/schema\/logo\/image\/","url":"https:\/\/air-fryer-ninja.fr\/wp-content\/uploads\/2022\/09\/air-fryer-ninja.png","contentUrl":"https:\/\/air-fryer-ninja.fr\/wp-content\/uploads\/2022\/09\/air-fryer-ninja.png","width":500,"height":90,"caption":"Air fryer ninja"},"image":{"@id":"https:\/\/air-fryer-ninja.fr\/#\/schema\/logo\/image\/"}},{"@type":"Person","@id":"https:\/\/air-fryer-ninja.fr\/#\/schema\/person\/31ca83cb1c8812323af9097575aa686b","name":"Stephy","image":{"@type":"ImageObject","inLanguage":"pt-BR","@id":"https:\/\/air-fryer-ninja.fr\/wp-content\/uploads\/2024\/11\/cropped-Untitled-design-2024-11-04T123927.617-96x96.jpg","url":"https:\/\/air-fryer-ninja.fr\/wp-content\/uploads\/2024\/11\/cropped-Untitled-design-2024-11-04T123927.617-96x96.jpg","contentUrl":"https:\/\/air-fryer-ninja.fr\/wp-content\/uploads\/2024\/11\/cropped-Untitled-design-2024-11-04T123927.617-96x96.jpg","caption":"Stephy"},"description":"Eu sou a Stephy, uma dona de casa apaixonada por cozinhar! Desde que descobri a Air Fryer, ela tem sido minha companheira ideal para criar receitas saborosas e f\u00e1ceis de fazer. Adoro fazer experi\u00eancias e inventar pratos que surpreendam e encantem minha fam\u00edlia. Aqui, compartilho minhas melhores dicas e receitas favoritas para ajud\u00e1-lo a desfrutar das del\u00edcias da culin\u00e1ria caseira, sem passar horas atr\u00e1s do fog\u00e3o. Meu objetivo? Mostrar a voc\u00ea que, com um pouco de criatividade, a Air Fryer pode transformar cada refei\u00e7\u00e3o em um verdadeiro prazer!","sameAs":["https:\/\/air-fryer-ninja.fr"],"url":"https:\/\/air-fryer-ninja.fr\/pt_br\/author\/a1rdy\/"}]}},"_links":{"self":[{"href":"https:\/\/air-fryer-ninja.fr\/pt_br\/wp-json\/wp\/v2\/posts\/1053","targetHints":{"allow":["GET"]}}],"collection":[{"href":"https:\/\/air-fryer-ninja.fr\/pt_br\/wp-json\/wp\/v2\/posts"}],"about":[{"href":"https:\/\/air-fryer-ninja.fr\/pt_br\/wp-json\/wp\/v2\/types\/post"}],"author":[{"embeddable":true,"href":"https:\/\/air-fryer-ninja.fr\/pt_br\/wp-json\/wp\/v2\/users\/1"}],"replies":[{"embeddable":true,"href":"https:\/\/air-fryer-ninja.fr\/pt_br\/wp-json\/wp\/v2\/comments?post=1053"}],"version-history":[{"count":0,"href":"https:\/\/air-fryer-ninja.fr\/pt_br\/wp-json\/wp\/v2\/posts\/1053\/revisions"}],"wp:featuredmedia":[{"embeddable":true,"href":"https:\/\/air-fryer-ninja.fr\/pt_br\/wp-json\/wp\/v2\/media\/1054"}],"wp:attachment":[{"href":"https:\/\/air-fryer-ninja.fr\/pt_br\/wp-json\/wp\/v2\/media?parent=1053"}],"wp:term":[{"taxonomy":"category","embeddable":true,"href":"https:\/\/air-fryer-ninja.fr\/pt_br\/wp-json\/wp\/v2\/categories?post=1053"},{"taxonomy":"post_tag","embeddable":true,"href":"https:\/\/air-fryer-ninja.fr\/pt_br\/wp-json\/wp\/v2\/tags?post=1053"}],"curies":[{"name":"wp","href":"https:\/\/api.w.org\/{rel}","templated":true}]}}