{"id":1972,"date":"2024-08-14T15:55:00","date_gmt":"2024-08-14T15:55:00","guid":{"rendered":"https:\/\/air-fryer-ninja.fr\/?p=1972"},"modified":"2025-01-06T20:13:44","modified_gmt":"2025-01-06T20:13:44","slug":"recette-poires-pochees-air-fryer","status":"publish","type":"post","link":"https:\/\/air-fryer-ninja.fr\/pl\/recette-poires-pochees-air-fryer\/","title":{"rendered":"Recette Poires poch\u00e9es air fryer"},"content":{"rendered":"<p>\nCuire des <strong>poires dans un airfryer<\/strong> est une m\u00e9thode innovante qui permet de conserver la texture et le go\u00fbt d\u00e9licat de ce fruit merveilleux. Cette approche moderne transforme une recette traditionnelle en une pr\u00e9paration rapide et facile, parfaite pour les amateurs de dessert comme pour les d\u00e9butants en cuisine.\n<\/p>\n<h2>Les ingr\u00e9dients n\u00e9cessaires pour pr\u00e9parer des poires poch\u00e9es<\/h2>\n<p>\nPour r\u00e9aliser cette recette, il est recommand\u00e9 d&rsquo;utiliser des fruits bien m\u00fbrs mais encore fermes. Voici la liste des <strong>sk\u0142adniki<\/strong> dont vous aurez besoin :\n<\/p>\n<ul>\n<li>4 <strong>poires de taille moyenne<\/strong>, pel\u00e9es et \u00e9vid\u00e9es<\/li>\n<li>100 g de <strong>sucre<\/strong><\/li>\n<li>50 g de <strong>mas\u0142o<\/strong><\/li>\n<li>1 \u0142y\u017ceczka <strong>ma\u00efzena<\/strong><\/li>\n<li>1 pinc\u00e9e de <strong>s\u00f3l<\/strong><\/li>\n<li>200 ml <strong>cr\u00e8me liquide<\/strong><\/li>\n<li>150 ml d&rsquo;<strong>eau<\/strong><\/li>\n<\/ul>\n<h3>S\u00e9lection des poires<\/h3>\n<p>\nLe choix des poires est crucial pour obtenir une texture ad\u00e9quate lors de la cuisson dans l&rsquo;air fryer. Pr\u00e9f\u00e9rez des poires telles que la <strong>Conference<\/strong> lub <strong>Comice<\/strong>, connues pour leur douceur et leur fermet\u00e9 sous cuisson.\n<\/p>\n<h3>Przygotowanie sk\u0142adnik\u00f3w<\/h3>\n<p>\nAvant de commencer la cuisson, assurez-vous que tous les <strong>ingr\u00e9dients soient pr\u00eats<\/strong>. Pelez soigneusement les poires, puis coupez-les en deux pour retirer le c\u0153ur. M\u00e9langez ensuite la ma\u00efzena avec une petite quantit\u00e9 d&rsquo;eau pour former une p\u00e2te homog\u00e8ne.\n<\/p>\n<h2>La m\u00e9thodologie de cuisson avec un airfryer<\/h2>\n<h3>Pr\u00e9chauffage de l&rsquo;airfryer<\/h3>\n<p>\nZacznij od <strong>pr\u00e9chauffer votre airfryer \u00e0 180\u00b0C<\/strong> pendant environ 5 minutes. Cela garantit une cuisson homog\u00e8ne des poires.\n<\/p>\n<h3>\u00c9tapes de cuisson<\/h3>\n<p>\nVoici les <strong>\u00e9tapes d\u00e9taill\u00e9es<\/strong> pour cuire vos poires \u00e0 la perfection&nbsp;&nbsp;:\n<\/p>\n<ol>\n<li>Dans un bol, m\u00e9langez le sucre, la ma\u00efzena dilu\u00e9e et le beurre fondu.<\/li>\n<li>Disposez les poires dans le panier de l&rsquo;airfryer, puis versez-y le m\u00e9lange pr\u00e9c\u00e9demment pr\u00e9par\u00e9.<\/li>\n<li>Ajustez la temp\u00e9rature de l&rsquo;airfryer \u00e0 160\u00b0C et laissez cuire les poires pendant 15 \u00e0 20 minutes.<\/li>\n<li>Durant la cuisson, surveillez r\u00e9guli\u00e8rement et remuez l\u00e9g\u00e8rement le panier pour \u00e9viter que les poires collent entre elles.<\/li>\n<li>Apr\u00e8s la cuisson, transf\u00e9rez les poires dans un plat de service et versez la cr\u00e8me liquide par-dessus pour apporter une touche de fra\u00eecheur.<\/li>\n<\/ol>\n<h3>Astuce pour une saveur suppl\u00e9mentaire<\/h3>\n<p>\nPour ajouter une <strong>note aromatique<\/strong>, n&rsquo;h\u00e9sitez pas \u00e0 int\u00e9grer quelques gouttes d&rsquo;extrait de vanille ou saupoudrer l\u00e9g\u00e8rement de cannelle sur vos poires avant la cuisson.\n<\/p>\n<h2>Accompagner les poires poch\u00e9es<\/h2>\n<h3>Servir avec diff\u00e9rents accompagnements<\/h3>\n<p>\nCes poires peuvent \u00eatre servies seules ou accompagn\u00e9es de diverses fa\u00e7ons. Voici quelques id\u00e9es :\n<\/p>\n<ul>\n<li>Avec une <strong>boule de glace \u00e0 la vanille<\/strong> pour cr\u00e9er une sensation chaude-froide irr\u00e9sistible.<\/li>\n<li>Parsem\u00e9es de <strong>noix concass\u00e9es<\/strong> pour ajouter du croquant.<\/li>\n<li>Surmont\u00e9es d&rsquo;une <strong>sauce caramel maison<\/strong> pour un dessert encore plus gourmand.<\/li>\n<\/ul>\n<h3>R\u00e9utiliser la sauce des poires poch\u00e9es<\/h3>\n<p>\nLa <strong>sauce recueillie durant la cuisson<\/strong> peut \u00e9galement \u00eatre utilis\u00e9e pour agr\u00e9menter d&rsquo;autres desserts tels que des cr\u00eapes ou du riz au lait.\n<\/p>\n<h2>Allergies et ajustements alimentaires<\/h2>\n<h3>Options sans lactose<\/h3>\n<p>\nPour ceux qui sont intol\u00e9rants au lactose, il est possible d&rsquo;utiliser de la <strong>cr\u00e8me de soja et de la margarine<\/strong> \u00e0 la place de la cr\u00e8me liquide et du beurre.\n<\/p>\n<h3>Alternative faible en sucre<\/h3>\n<p>\nSi vous souhaitez r\u00e9duire l&rsquo;apport en sucre, optez pour un <strong>\u00e9dulcorant naturel<\/strong> comme le miel ou le sirop d&rsquo;\u00e9rable en remplacement du sucre raffin\u00e9.\n<\/p>\n<h2>Les avantages de la cuisson \u00e0 l&rsquo;air fryer<\/h2>\n<h3>Cuisine \u00e9conomique et rapide<\/h3>\n<p>\nL&rsquo;un des principaux b\u00e9n\u00e9fices de l&rsquo;utilisation de l&rsquo;<strong>frytkownica powietrzna<\/strong> est sa capacit\u00e9 \u00e0 cuisiner rapidement tout en \u00e9conomisant de l&rsquo;\u00e9nergie par rapport aux m\u00e9thodes de cuisson traditionnelles.\n<\/p>\n<h3>Des r\u00e9sultats sains et savoureux<\/h3>\n<p>\n<strong>Utiliser un air fryer<\/strong> permet \u00e9galement de minimiser l&rsquo;ajout de graisses et d&rsquo;huiles, rendant ainsi les plats plus sains sans compromis sur le go\u00fbt.\n<\/p>\n<p>\nVoil\u00e0 tout ce qu&rsquo;il faut pour concocter des <strong>poires poch\u00e9es parfaites<\/strong> gr\u00e2ce \u00e0 un air fryer. En suivant ces \u00e9tapes simples, vous pouvez cr\u00e9er un dessert d\u00e9licieux et \u00e9l\u00e9gant qui plaira \u00e0 coup s\u00fbr \u00e0 vos convives. Bon app\u00e9tit !<\/p>","protected":false},"excerpt":{"rendered":"<p>Cuire des poires dans un airfryer est une m\u00e9thode innovante qui permet de conserver la texture et le go\u00fbt d\u00e9licat de ce fruit merveilleux. Cette approche moderne transforme une recette traditionnelle en une pr\u00e9paration rapide et facile, parfaite pour les amateurs de dessert comme pour les d\u00e9butants en cuisine. Les ingr\u00e9dients n\u00e9cessaires pour pr\u00e9parer des [&hellip;]<\/p>","protected":false},"author":1,"featured_media":2894,"comment_status":"open","ping_status":"open","sticky":false,"template":"","format":"standard","meta":{"wprm-recipe-roundup-name":"","wprm-recipe-roundup-description":"","footnotes":""},"categories":[31],"tags":[],"class_list":["post-1972","post","type-post","status-publish","format-standard","has-post-thumbnail","hentry","category-dessert"],"yoast_head":"<!-- This site is optimized with the Yoast SEO plugin v27.5 - https:\/\/yoast.com\/product\/yoast-seo-wordpress\/ -->\n<title>Recette Poires poch\u00e9es air fryer - Air fryer ninja Recettes<\/title>\n<meta name=\"robots\" content=\"index, follow, max-snippet:-1, max-image-preview:large, max-video-preview:-1\" \/>\n<link rel=\"canonical\" href=\"https:\/\/air-fryer-ninja.fr\/pl\/recette-poires-pochees-air-fryer\/\" \/>\n<meta property=\"og:locale\" content=\"pl_PL\" \/>\n<meta property=\"og:type\" content=\"article\" \/>\n<meta property=\"og:title\" content=\"Recette Poires poch\u00e9es air fryer - Air fryer ninja Recettes\" \/>\n<meta property=\"og:description\" content=\"Cuire des poires dans un airfryer est une m\u00e9thode innovante qui permet de conserver la texture et le go\u00fbt d\u00e9licat de ce fruit merveilleux. Cette approche moderne transforme une recette traditionnelle en une pr\u00e9paration rapide et facile, parfaite pour les amateurs de dessert comme pour les d\u00e9butants en cuisine. Les ingr\u00e9dients n\u00e9cessaires pour pr\u00e9parer des [&hellip;]\" \/>\n<meta property=\"og:url\" content=\"https:\/\/air-fryer-ninja.fr\/pl\/recette-poires-pochees-air-fryer\/\" \/>\n<meta property=\"og:site_name\" content=\"Air fryer ninja Recettes\" \/>\n<meta property=\"article:published_time\" content=\"2024-08-14T15:55:00+00:00\" \/>\n<meta property=\"article:modified_time\" content=\"2025-01-06T20:13:44+00:00\" \/>\n<meta property=\"og:image\" content=\"https:\/\/air-fryer-ninja.fr\/wp-content\/uploads\/2024\/08\/Poires-poch\u201aes-air-fryer-min.jpg\" \/>\n\t<meta property=\"og:image:width\" content=\"1456\" \/>\n\t<meta property=\"og:image:height\" content=\"816\" \/>\n\t<meta property=\"og:image:type\" content=\"image\/jpeg\" \/>\n<meta name=\"author\" content=\"Stephy\" \/>\n<meta name=\"twitter:card\" content=\"summary_large_image\" \/>\n<meta name=\"twitter:label1\" content=\"Napisane przez\" \/>\n\t<meta name=\"twitter:data1\" content=\"Stephy\" \/>\n\t<meta name=\"twitter:label2\" content=\"Szacowany czas czytania\" \/>\n\t<meta name=\"twitter:data2\" content=\"4 minuty\" \/>\n<!-- \/ Yoast SEO plugin. -->","yoast_head_json":{"title":"Recette Poires poch\u00e9es air fryer - Air fryer ninja Recettes","robots":{"index":"index","follow":"follow","max-snippet":"max-snippet:-1","max-image-preview":"max-image-preview:large","max-video-preview":"max-video-preview:-1"},"canonical":"https:\/\/air-fryer-ninja.fr\/pl\/recette-poires-pochees-air-fryer\/","og_locale":"pl_PL","og_type":"article","og_title":"Recette Poires poch\u00e9es air fryer - Air fryer ninja Recettes","og_description":"Cuire des poires dans un airfryer est une m\u00e9thode innovante qui permet de conserver la texture et le go\u00fbt d\u00e9licat de ce fruit merveilleux. Cette approche moderne transforme une recette traditionnelle en une pr\u00e9paration rapide et facile, parfaite pour les amateurs de dessert comme pour les d\u00e9butants en cuisine. Les ingr\u00e9dients n\u00e9cessaires pour pr\u00e9parer des [&hellip;]","og_url":"https:\/\/air-fryer-ninja.fr\/pl\/recette-poires-pochees-air-fryer\/","og_site_name":"Air fryer ninja Recettes","article_published_time":"2024-08-14T15:55:00+00:00","article_modified_time":"2025-01-06T20:13:44+00:00","og_image":[{"width":1456,"height":816,"url":"https:\/\/air-fryer-ninja.fr\/wp-content\/uploads\/2024\/08\/Poires-poch\u201aes-air-fryer-min.jpg","type":"image\/jpeg"}],"author":"Stephy","twitter_card":"summary_large_image","twitter_misc":{"Napisane przez":"Stephy","Szacowany czas czytania":"4 minuty"},"schema":{"@context":"https:\/\/schema.org","@graph":[{"@type":"Article","@id":"https:\/\/air-fryer-ninja.fr\/recette-poires-pochees-air-fryer\/#article","isPartOf":{"@id":"https:\/\/air-fryer-ninja.fr\/recette-poires-pochees-air-fryer\/"},"author":{"name":"Stephy","@id":"https:\/\/air-fryer-ninja.fr\/#\/schema\/person\/31ca83cb1c8812323af9097575aa686b"},"headline":"Recette Poires poch\u00e9es air fryer","datePublished":"2024-08-14T15:55:00+00:00","dateModified":"2025-01-06T20:13:44+00:00","mainEntityOfPage":{"@id":"https:\/\/air-fryer-ninja.fr\/recette-poires-pochees-air-fryer\/"},"wordCount":705,"commentCount":0,"publisher":{"@id":"https:\/\/air-fryer-ninja.fr\/#organization"},"image":{"@id":"https:\/\/air-fryer-ninja.fr\/recette-poires-pochees-air-fryer\/#primaryimage"},"thumbnailUrl":"https:\/\/air-fryer-ninja.fr\/wp-content\/uploads\/2024\/08\/Poires-poch\u201aes-air-fryer-min.jpg","articleSection":["Dessert"],"inLanguage":"pl-PL","potentialAction":[{"@type":"CommentAction","name":"Comment","target":["https:\/\/air-fryer-ninja.fr\/recette-poires-pochees-air-fryer\/#respond"]}]},{"@type":"WebPage","@id":"https:\/\/air-fryer-ninja.fr\/recette-poires-pochees-air-fryer\/","url":"https:\/\/air-fryer-ninja.fr\/recette-poires-pochees-air-fryer\/","name":"Recette Poires poch\u00e9es air fryer - Air fryer ninja Recettes","isPartOf":{"@id":"https:\/\/air-fryer-ninja.fr\/#website"},"primaryImageOfPage":{"@id":"https:\/\/air-fryer-ninja.fr\/recette-poires-pochees-air-fryer\/#primaryimage"},"image":{"@id":"https:\/\/air-fryer-ninja.fr\/recette-poires-pochees-air-fryer\/#primaryimage"},"thumbnailUrl":"https:\/\/air-fryer-ninja.fr\/wp-content\/uploads\/2024\/08\/Poires-poch\u201aes-air-fryer-min.jpg","datePublished":"2024-08-14T15:55:00+00:00","dateModified":"2025-01-06T20:13:44+00:00","breadcrumb":{"@id":"https:\/\/air-fryer-ninja.fr\/recette-poires-pochees-air-fryer\/#breadcrumb"},"inLanguage":"pl-PL","potentialAction":[{"@type":"ReadAction","target":["https:\/\/air-fryer-ninja.fr\/recette-poires-pochees-air-fryer\/"]}]},{"@type":"ImageObject","inLanguage":"pl-PL","@id":"https:\/\/air-fryer-ninja.fr\/recette-poires-pochees-air-fryer\/#primaryimage","url":"https:\/\/air-fryer-ninja.fr\/wp-content\/uploads\/2024\/08\/Poires-poch\u201aes-air-fryer-min.jpg","contentUrl":"https:\/\/air-fryer-ninja.fr\/wp-content\/uploads\/2024\/08\/Poires-poch\u201aes-air-fryer-min.jpg","width":1456,"height":816},{"@type":"BreadcrumbList","@id":"https:\/\/air-fryer-ninja.fr\/recette-poires-pochees-air-fryer\/#breadcrumb","itemListElement":[{"@type":"ListItem","position":1,"name":"Recette Air Fryer","item":"https:\/\/air-fryer-ninja.fr\/"},{"@type":"ListItem","position":2,"name":"Recette Poires poch\u00e9es air fryer"}]},{"@type":"WebSite","@id":"https:\/\/air-fryer-ninja.fr\/#website","url":"https:\/\/air-fryer-ninja.fr\/","name":"Frytkownica powietrzna ninja","description":"Blog z przepisami na frytkownic\u0119 powietrzn\u0105 ninja","publisher":{"@id":"https:\/\/air-fryer-ninja.fr\/#organization"},"potentialAction":[{"@type":"SearchAction","target":{"@type":"EntryPoint","urlTemplate":"https:\/\/air-fryer-ninja.fr\/?s={search_term_string}"},"query-input":{"@type":"PropertyValueSpecification","valueRequired":true,"valueName":"search_term_string"}}],"inLanguage":"pl-PL"},{"@type":"Organization","@id":"https:\/\/air-fryer-ninja.fr\/#organization","name":"Frytkownica powietrzna ninja","url":"https:\/\/air-fryer-ninja.fr\/","logo":{"@type":"ImageObject","inLanguage":"pl-PL","@id":"https:\/\/air-fryer-ninja.fr\/#\/schema\/logo\/image\/","url":"https:\/\/air-fryer-ninja.fr\/wp-content\/uploads\/2022\/09\/air-fryer-ninja.png","contentUrl":"https:\/\/air-fryer-ninja.fr\/wp-content\/uploads\/2022\/09\/air-fryer-ninja.png","width":500,"height":90,"caption":"Air fryer ninja"},"image":{"@id":"https:\/\/air-fryer-ninja.fr\/#\/schema\/logo\/image\/"}},{"@type":"Person","@id":"https:\/\/air-fryer-ninja.fr\/#\/schema\/person\/31ca83cb1c8812323af9097575aa686b","name":"Stephy","image":{"@type":"ImageObject","inLanguage":"pl-PL","@id":"https:\/\/air-fryer-ninja.fr\/wp-content\/uploads\/2024\/11\/cropped-Untitled-design-2024-11-04T123927.617-96x96.jpg","url":"https:\/\/air-fryer-ninja.fr\/wp-content\/uploads\/2024\/11\/cropped-Untitled-design-2024-11-04T123927.617-96x96.jpg","contentUrl":"https:\/\/air-fryer-ninja.fr\/wp-content\/uploads\/2024\/11\/cropped-Untitled-design-2024-11-04T123927.617-96x96.jpg","caption":"Stephy"},"description":"Jestem Stephy, gospodyni domowa z pasj\u0105 do gotowania! Odk\u0105d odkry\u0142am frytownic\u0119 powietrzn\u0105, sta\u0142a si\u0119 ona moim idealnym towarzyszem w tworzeniu smacznych i \u0142atwych w przygotowaniu przepis\u00f3w. Uwielbiam eksperymentowa\u0107 i wymy\u015bla\u0107 dania, kt\u00f3re zaskakuj\u0105 i zachwycaj\u0105 moj\u0105 rodzin\u0119. Tutaj dziel\u0119 si\u0119 moimi najlepszymi wskaz\u00f3wkami i ulubionymi przepisami, aby pom\u00f3c ci cieszy\u0107 si\u0119 urokami domowej kuchni bez sp\u0119dzania godzin za kuchenk\u0105. M\u00f3j cel? Pokaza\u0107, \u017ce przy odrobinie kreatywno\u015bci frytkownica powietrzna mo\u017ce zamieni\u0107 ka\u017cdy posi\u0142ek w prawdziw\u0105 przyjemno\u015b\u0107!","sameAs":["https:\/\/air-fryer-ninja.fr"],"url":"https:\/\/air-fryer-ninja.fr\/pl\/author\/a1rdy\/"}]}},"_links":{"self":[{"href":"https:\/\/air-fryer-ninja.fr\/pl\/wp-json\/wp\/v2\/posts\/1972","targetHints":{"allow":["GET"]}}],"collection":[{"href":"https:\/\/air-fryer-ninja.fr\/pl\/wp-json\/wp\/v2\/posts"}],"about":[{"href":"https:\/\/air-fryer-ninja.fr\/pl\/wp-json\/wp\/v2\/types\/post"}],"author":[{"embeddable":true,"href":"https:\/\/air-fryer-ninja.fr\/pl\/wp-json\/wp\/v2\/users\/1"}],"replies":[{"embeddable":true,"href":"https:\/\/air-fryer-ninja.fr\/pl\/wp-json\/wp\/v2\/comments?post=1972"}],"version-history":[{"count":1,"href":"https:\/\/air-fryer-ninja.fr\/pl\/wp-json\/wp\/v2\/posts\/1972\/revisions"}],"predecessor-version":[{"id":2896,"href":"https:\/\/air-fryer-ninja.fr\/pl\/wp-json\/wp\/v2\/posts\/1972\/revisions\/2896"}],"wp:featuredmedia":[{"embeddable":true,"href":"https:\/\/air-fryer-ninja.fr\/pl\/wp-json\/wp\/v2\/media\/2894"}],"wp:attachment":[{"href":"https:\/\/air-fryer-ninja.fr\/pl\/wp-json\/wp\/v2\/media?parent=1972"}],"wp:term":[{"taxonomy":"category","embeddable":true,"href":"https:\/\/air-fryer-ninja.fr\/pl\/wp-json\/wp\/v2\/categories?post=1972"},{"taxonomy":"post_tag","embeddable":true,"href":"https:\/\/air-fryer-ninja.fr\/pl\/wp-json\/wp\/v2\/tags?post=1972"}],"curies":[{"name":"wp","href":"https:\/\/api.w.org\/{rel}","templated":true}]}}