{"id":3536,"date":"2024-02-08T08:25:00","date_gmt":"2024-02-08T08:25:00","guid":{"rendered":"https:\/\/air-fryer-ninja.fr\/?p=3536"},"modified":"2025-02-12T13:08:10","modified_gmt":"2025-02-12T13:08:10","slug":"ma-revolution-culinaire-au-airfryer-lexperience-midea-flexify-qui-remplace-mon-four-traditionnel","status":"publish","type":"post","link":"https:\/\/air-fryer-ninja.fr\/nb\/ma-revolution-culinaire-au-airfryer-lexperience-midea-flexify-qui-remplace-mon-four-traditionnel\/","title":{"rendered":"Ma r\u00e9volution culinaire au Airfryer : l&rsquo;exp\u00e9rience Midea Flexify qui remplace mon four traditionnel"},"content":{"rendered":"<p><strong>La cuisine moderne \u00e9volue rapidement, et avec elle, nos habitudes culinaires se transforment. Depuis pr\u00e8s d&rsquo;une d\u00e9cennie, j&rsquo;utilise diff\u00e9rents mod\u00e8les d&rsquo;Airfryer, mais aucun n&rsquo;avait r\u00e9ussi \u00e0 v\u00e9ritablement bouleverser ma fa\u00e7on de cuisiner jusqu&rsquo;\u00e0 maintenant. Malgr\u00e9 un four parfaitement fonctionnel, j&rsquo;ai compl\u00e8tement chang\u00e9 mes habitudes gr\u00e2ce \u00e0 cet appareil polyvalent qui m&rsquo;offre une cuisson plus rapide et plus saine, sans compromis sur le go\u00fbt et la texture.<\/strong><\/p>\n\n\n\n<p>Ce qui m&rsquo;a particuli\u00e8rement s\u00e9duit avec cet&nbsp;<strong>Airfryer nouvelle g\u00e9n\u00e9ration<\/strong>, c&rsquo;est sa capacit\u00e9 \u00e0 r\u00e9duire consid\u00e9rablement l&rsquo;utilisation d&rsquo;huile tout en garantissant des r\u00e9sultats croustillants \u00e0 l&rsquo;ext\u00e9rieur et moelleux \u00e0 l&rsquo;int\u00e9rieur. Une v\u00e9ritable r\u00e9volution pour ceux qui, comme moi, cherchent \u00e0 allier plaisir gustatif et cuisine \u00e9quilibr\u00e9e.<\/p>\n\n\n\n<h2 class=\"wp-block-heading\">Le Midea Flexify : bien plus qu&rsquo;un simple Airfryer<\/h2>\n\n\n\n<p>Le&nbsp;<strong>Midea Flexify Airfryer<\/strong>&nbsp;se d\u00e9marque imm\u00e9diatement par son design \u00e9l\u00e9gant en acier inoxydable et ses portes fran\u00e7aises qui lui donnent un aspect premium. Avec sa capacit\u00e9 impressionnante de 24,6 litres, il red\u00e9finit ce qu&rsquo;on peut attendre d&rsquo;une friteuse \u00e0 air. Son \u00e9cran LCD lumineux et intuitif s&rsquo;int\u00e8gre parfaitement dans l&rsquo;ensemble, tandis que ses commandes tactiles et sa molette de contr\u00f4le offrent une exp\u00e9rience utilisateur des plus agr\u00e9ables.<\/p>\n\n\n\n<p>Au-del\u00e0 de son apparence soign\u00e9e, c&rsquo;est sa conception technique qui impressionne.&nbsp;<strong>L&rsquo;appareil combine<\/strong>&nbsp;la puissance d&rsquo;un ventilateur \u00e0 convection avec six tubes chauffants strat\u00e9giquement positionn\u00e9s, garantissant une distribution uniforme de la chaleur et des r\u00e9sultats de cuisson constants.<\/p>\n\n\n\n<h2 class=\"wp-block-heading\">Caract\u00e9ristiques techniques<\/h2>\n\n\n\n<p>Cet&nbsp;<strong>appareil multifonction<\/strong>&nbsp;propose :<\/p>\n\n\n\n<ul class=\"wp-block-list\">\n<li>10 modes de cuisson diff\u00e9rents (r\u00f4tir, griller, cuire, toaster, frire \u00e0 l&rsquo;air, pizza, cuisson lente, d\u00e9shydrater, maintenir au chaud, r\u00e9chauffer)<\/li>\n\n\n\n<li>Une temp\u00e9rature r\u00e9glable jusqu&rsquo;\u00e0 230\u00b0C avec des incr\u00e9ments pr\u00e9cis de 5 degr\u00e9s<\/li>\n\n\n\n<li>Un \u00e9cran LCD digital avec interface intuitive<\/li>\n\n\n\n<li>Un syst\u00e8me de ventilation avanc\u00e9 pour une cuisson homog\u00e8ne<\/li>\n\n\n\n<li>Un \u00e9clairage int\u00e9rieur LED pour un contr\u00f4le optimal de la cuisson<\/li>\n<\/ul>\n\n\n\n<h2 class=\"wp-block-heading\">L&rsquo;exp\u00e9rience au quotidien<\/h2>\n\n\n\n<p>Dans mon utilisation quotidienne, le&nbsp;<strong>Midea Flexify<\/strong>&nbsp;a d\u00e9pass\u00e9 toutes mes attentes. J&rsquo;ai \u00e9t\u00e9 particuli\u00e8rement impressionn\u00e9 par sa polyvalence lors de la pr\u00e9paration de diff\u00e9rentes recettes. La cuisson d&rsquo;une douzaine de cookies s&rsquo;est r\u00e9v\u00e9l\u00e9e parfaite, avec une dorure uniforme et une texture id\u00e9ale. Mon exp\u00e9rience avec la pr\u00e9paration du pain a \u00e9t\u00e9 tout aussi concluante, obtenant une cro\u00fbte croustillante et une mie moelleuse qui n&rsquo;a rien \u00e0 envier \u00e0 celle d&rsquo;un four traditionnel. M\u00eame la cuisson des blancs de poulet, souvent d\u00e9licate, donne des r\u00e9sultats remarquables, conservant toute leur jutosit\u00e9 tout en d\u00e9veloppant une belle coloration ext\u00e9rieure.<\/p>\n\n\n\n<h3 class=\"wp-block-heading\">Les points forts<\/h3>\n\n\n\n<p>Ce qui distingue vraiment cet&nbsp;<strong>Airfryer premium<\/strong>&nbsp;:<\/p>\n\n\n\n<ul class=\"wp-block-list\">\n<li>Le pr\u00e9chauffage ultra-rapide qui permet un gain de temps consid\u00e9rable<\/li>\n\n\n\n<li>La cuisson homog\u00e8ne gr\u00e2ce au syst\u00e8me de ventilation avanc\u00e9<\/li>\n\n\n\n<li>L&rsquo;\u00e9clairage int\u00e9gr\u00e9 pour surveiller la cuisson en temps r\u00e9el<\/li>\n<\/ul>\n\n\n\n<h2 class=\"wp-block-heading\">Accessoires inclus<\/h2>\n\n\n\n<p>L&rsquo;appareil est livr\u00e9 avec un&nbsp;<strong>ensemble complet d&rsquo;accessoires<\/strong>&nbsp;:<\/p>\n\n\n\n<ul class=\"wp-block-list\">\n<li>Un ramasse-miettes pour un entretien facilit\u00e9<\/li>\n\n\n\n<li>Une plaque de cuisson polyvalente<\/li>\n\n\n\n<li>Une grille de cuisson robuste<\/li>\n\n\n\n<li>Un panier de friture \u00e0 air sp\u00e9cialement con\u00e7u pour une circulation optimale de l&rsquo;air<\/li>\n<\/ul>\n\n\n\n<h2 class=\"wp-block-heading\">Questions fr\u00e9quentes<\/h2>\n\n\n\n<p><strong>Quelle est la capacit\u00e9 maximale ?<\/strong><br>La capacit\u00e9 de 24,6 litres permet de cuire une pizza de 30 cm de diam\u00e8tre.<\/p>\n\n\n\n<p><strong>Est-ce que \u00e7a remplace vraiment un four ?<\/strong><br>Pour la plupart des utilisations quotidiennes, oui. Il peut g\u00e9rer pratiquement toutes les t\u00e2ches d&rsquo;un four traditionnel.<\/p>\n\n\n\n<p><strong>Comment est la consommation d&rsquo;\u00e9nergie ?<\/strong><br>Gr\u00e2ce \u00e0 sa rapidit\u00e9 de chauffe et son volume compact, il consomme g\u00e9n\u00e9ralement moins qu&rsquo;un four traditionnel.<\/p>\n\n\n\n<p>Si vous cherchez \u00e0 moderniser votre cuisine avec un&nbsp;<strong>appareil multifonction<\/strong>&nbsp;qui peut v\u00e9ritablement remplacer votre four traditionnel, le Midea Flexify m\u00e9rite toute votre attention. Il combine intelligence de conception, performances de cuisson et facilit\u00e9 d&rsquo;utilisation dans un package \u00e9l\u00e9gant qui trouvera facilement sa place dans votre cuisine.<\/p>\n\n\n\n<p>N&rsquo;h\u00e9sitez pas \u00e0 partager vos exp\u00e9riences avec cet appareil dans les commentaires ci-dessous. Et si vous avez d\u00e9j\u00e0 franchi le pas vers la cuisine \u00e0 l&rsquo;Airfryer, racontez-nous comment cela a chang\u00e9 vos habitudes culinaires !<\/p>","protected":false},"excerpt":{"rendered":"<p>La cuisine moderne \u00e9volue rapidement, et avec elle, nos habitudes culinaires se transforment. Depuis pr\u00e8s d&rsquo;une d\u00e9cennie, j&rsquo;utilise diff\u00e9rents mod\u00e8les d&rsquo;Airfryer, mais aucun n&rsquo;avait r\u00e9ussi \u00e0 v\u00e9ritablement bouleverser ma fa\u00e7on de cuisiner jusqu&rsquo;\u00e0 maintenant. Malgr\u00e9 un four parfaitement fonctionnel, j&rsquo;ai compl\u00e8tement chang\u00e9 mes habitudes gr\u00e2ce \u00e0 cet appareil polyvalent qui m&rsquo;offre une cuisson plus rapide [&hellip;]<\/p>","protected":false},"author":1,"featured_media":3537,"comment_status":"open","ping_status":"open","sticky":false,"template":"","format":"standard","meta":{"wprm-recipe-roundup-name":"","wprm-recipe-roundup-description":"","footnotes":""},"categories":[33],"tags":[314],"class_list":["post-3536","post","type-post","status-publish","format-standard","has-post-thumbnail","hentry","category-astuce","tag-midea-flexify"],"yoast_head":"<!-- This site is optimized with the Yoast SEO plugin v27.5 - https:\/\/yoast.com\/product\/yoast-seo-wordpress\/ -->\n<title>Ma r\u00e9volution culinaire au Airfryer : l&#039;exp\u00e9rience Midea Flexify qui remplace mon four traditionnel - Air fryer ninja Recettes<\/title>\n<meta name=\"description\" content=\"Test complet de l&#039;Airfryer Midea Flexify : d\u00e9couvrez pourquoi ce mod\u00e8le premium de 24,6 litres remplace avantageusement votre four traditionnel. Design \u00e9l\u00e9gant, 10 modes de cuisson et r\u00e9sultats exceptionnels garantis.\" \/>\n<meta name=\"robots\" content=\"index, follow, max-snippet:-1, max-image-preview:large, max-video-preview:-1\" \/>\n<link rel=\"canonical\" href=\"https:\/\/air-fryer-ninja.fr\/nb\/ma-revolution-culinaire-au-airfryer-lexperience-midea-flexify-qui-remplace-mon-four-traditionnel\/\" \/>\n<meta property=\"og:locale\" content=\"nb_NO\" \/>\n<meta property=\"og:type\" content=\"article\" \/>\n<meta property=\"og:title\" content=\"Ma r\u00e9volution culinaire au Airfryer : l&#039;exp\u00e9rience Midea Flexify qui remplace mon four traditionnel - Air fryer ninja Recettes\" \/>\n<meta property=\"og:description\" content=\"Test complet de l&#039;Airfryer Midea Flexify : d\u00e9couvrez pourquoi ce mod\u00e8le premium de 24,6 litres remplace avantageusement votre four traditionnel. Design \u00e9l\u00e9gant, 10 modes de cuisson et r\u00e9sultats exceptionnels garantis.\" \/>\n<meta property=\"og:url\" content=\"https:\/\/air-fryer-ninja.fr\/nb\/ma-revolution-culinaire-au-airfryer-lexperience-midea-flexify-qui-remplace-mon-four-traditionnel\/\" \/>\n<meta property=\"og:site_name\" content=\"Air fryer ninja Recettes\" \/>\n<meta property=\"article:published_time\" content=\"2024-02-08T08:25:00+00:00\" \/>\n<meta property=\"article:modified_time\" content=\"2025-02-12T13:08:10+00:00\" \/>\n<meta property=\"og:image\" content=\"https:\/\/air-fryer-ninja.fr\/wp-content\/uploads\/2025\/02\/Airfryer-Midea-Flexify.jpg\" \/>\n\t<meta property=\"og:image:width\" content=\"1200\" \/>\n\t<meta property=\"og:image:height\" content=\"675\" \/>\n\t<meta property=\"og:image:type\" content=\"image\/jpeg\" \/>\n<meta name=\"author\" content=\"Stephy\" \/>\n<meta name=\"twitter:card\" content=\"summary_large_image\" \/>\n<meta name=\"twitter:label1\" content=\"Skrevet av\" \/>\n\t<meta name=\"twitter:data1\" content=\"Stephy\" \/>\n\t<meta name=\"twitter:label2\" content=\"Ansl. lesetid\" \/>\n\t<meta name=\"twitter:data2\" content=\"4 minutter\" \/>\n<!-- \/ Yoast SEO plugin. -->","yoast_head_json":{"title":"Ma r\u00e9volution culinaire au Airfryer : l'exp\u00e9rience Midea Flexify qui remplace mon four traditionnel - Air fryer ninja Recettes","description":"Test complet de l'Airfryer Midea Flexify : d\u00e9couvrez pourquoi ce mod\u00e8le premium de 24,6 litres remplace avantageusement votre four traditionnel. Design \u00e9l\u00e9gant, 10 modes de cuisson et r\u00e9sultats exceptionnels garantis.","robots":{"index":"index","follow":"follow","max-snippet":"max-snippet:-1","max-image-preview":"max-image-preview:large","max-video-preview":"max-video-preview:-1"},"canonical":"https:\/\/air-fryer-ninja.fr\/nb\/ma-revolution-culinaire-au-airfryer-lexperience-midea-flexify-qui-remplace-mon-four-traditionnel\/","og_locale":"nb_NO","og_type":"article","og_title":"Ma r\u00e9volution culinaire au Airfryer : l'exp\u00e9rience Midea Flexify qui remplace mon four traditionnel - Air fryer ninja Recettes","og_description":"Test complet de l'Airfryer Midea Flexify : d\u00e9couvrez pourquoi ce mod\u00e8le premium de 24,6 litres remplace avantageusement votre four traditionnel. Design \u00e9l\u00e9gant, 10 modes de cuisson et r\u00e9sultats exceptionnels garantis.","og_url":"https:\/\/air-fryer-ninja.fr\/nb\/ma-revolution-culinaire-au-airfryer-lexperience-midea-flexify-qui-remplace-mon-four-traditionnel\/","og_site_name":"Air fryer ninja Recettes","article_published_time":"2024-02-08T08:25:00+00:00","article_modified_time":"2025-02-12T13:08:10+00:00","og_image":[{"width":1200,"height":675,"url":"https:\/\/air-fryer-ninja.fr\/wp-content\/uploads\/2025\/02\/Airfryer-Midea-Flexify.jpg","type":"image\/jpeg"}],"author":"Stephy","twitter_card":"summary_large_image","twitter_misc":{"Skrevet av":"Stephy","Ansl. lesetid":"4 minutter"},"schema":{"@context":"https:\/\/schema.org","@graph":[{"@type":"Article","@id":"https:\/\/air-fryer-ninja.fr\/ma-revolution-culinaire-au-airfryer-lexperience-midea-flexify-qui-remplace-mon-four-traditionnel\/#article","isPartOf":{"@id":"https:\/\/air-fryer-ninja.fr\/ma-revolution-culinaire-au-airfryer-lexperience-midea-flexify-qui-remplace-mon-four-traditionnel\/"},"author":{"name":"Stephy","@id":"https:\/\/air-fryer-ninja.fr\/#\/schema\/person\/31ca83cb1c8812323af9097575aa686b"},"headline":"Ma r\u00e9volution culinaire au Airfryer : l&rsquo;exp\u00e9rience Midea Flexify qui remplace mon four traditionnel","datePublished":"2024-02-08T08:25:00+00:00","dateModified":"2025-02-12T13:08:10+00:00","mainEntityOfPage":{"@id":"https:\/\/air-fryer-ninja.fr\/ma-revolution-culinaire-au-airfryer-lexperience-midea-flexify-qui-remplace-mon-four-traditionnel\/"},"wordCount":754,"commentCount":0,"publisher":{"@id":"https:\/\/air-fryer-ninja.fr\/#organization"},"image":{"@id":"https:\/\/air-fryer-ninja.fr\/ma-revolution-culinaire-au-airfryer-lexperience-midea-flexify-qui-remplace-mon-four-traditionnel\/#primaryimage"},"thumbnailUrl":"https:\/\/air-fryer-ninja.fr\/wp-content\/uploads\/2025\/02\/Airfryer-Midea-Flexify.jpg","keywords":["Midea Flexify"],"articleSection":["Astuce"],"inLanguage":"nb-NO","potentialAction":[{"@type":"CommentAction","name":"Comment","target":["https:\/\/air-fryer-ninja.fr\/ma-revolution-culinaire-au-airfryer-lexperience-midea-flexify-qui-remplace-mon-four-traditionnel\/#respond"]}]},{"@type":"WebPage","@id":"https:\/\/air-fryer-ninja.fr\/ma-revolution-culinaire-au-airfryer-lexperience-midea-flexify-qui-remplace-mon-four-traditionnel\/","url":"https:\/\/air-fryer-ninja.fr\/ma-revolution-culinaire-au-airfryer-lexperience-midea-flexify-qui-remplace-mon-four-traditionnel\/","name":"Ma r\u00e9volution culinaire au Airfryer : l'exp\u00e9rience Midea Flexify qui remplace mon four traditionnel - Air fryer ninja Recettes","isPartOf":{"@id":"https:\/\/air-fryer-ninja.fr\/#website"},"primaryImageOfPage":{"@id":"https:\/\/air-fryer-ninja.fr\/ma-revolution-culinaire-au-airfryer-lexperience-midea-flexify-qui-remplace-mon-four-traditionnel\/#primaryimage"},"image":{"@id":"https:\/\/air-fryer-ninja.fr\/ma-revolution-culinaire-au-airfryer-lexperience-midea-flexify-qui-remplace-mon-four-traditionnel\/#primaryimage"},"thumbnailUrl":"https:\/\/air-fryer-ninja.fr\/wp-content\/uploads\/2025\/02\/Airfryer-Midea-Flexify.jpg","datePublished":"2024-02-08T08:25:00+00:00","dateModified":"2025-02-12T13:08:10+00:00","description":"Test complet de l'Airfryer Midea Flexify : d\u00e9couvrez pourquoi ce mod\u00e8le premium de 24,6 litres remplace avantageusement votre four traditionnel. Design \u00e9l\u00e9gant, 10 modes de cuisson et r\u00e9sultats exceptionnels garantis.","breadcrumb":{"@id":"https:\/\/air-fryer-ninja.fr\/ma-revolution-culinaire-au-airfryer-lexperience-midea-flexify-qui-remplace-mon-four-traditionnel\/#breadcrumb"},"inLanguage":"nb-NO","potentialAction":[{"@type":"ReadAction","target":["https:\/\/air-fryer-ninja.fr\/ma-revolution-culinaire-au-airfryer-lexperience-midea-flexify-qui-remplace-mon-four-traditionnel\/"]}]},{"@type":"ImageObject","inLanguage":"nb-NO","@id":"https:\/\/air-fryer-ninja.fr\/ma-revolution-culinaire-au-airfryer-lexperience-midea-flexify-qui-remplace-mon-four-traditionnel\/#primaryimage","url":"https:\/\/air-fryer-ninja.fr\/wp-content\/uploads\/2025\/02\/Airfryer-Midea-Flexify.jpg","contentUrl":"https:\/\/air-fryer-ninja.fr\/wp-content\/uploads\/2025\/02\/Airfryer-Midea-Flexify.jpg","width":1200,"height":675,"caption":"Airfryer Midea Flexify"},{"@type":"BreadcrumbList","@id":"https:\/\/air-fryer-ninja.fr\/ma-revolution-culinaire-au-airfryer-lexperience-midea-flexify-qui-remplace-mon-four-traditionnel\/#breadcrumb","itemListElement":[{"@type":"ListItem","position":1,"name":"Recette Air Fryer","item":"https:\/\/air-fryer-ninja.fr\/"},{"@type":"ListItem","position":2,"name":"Ma r\u00e9volution culinaire au Airfryer : l&#8217;exp\u00e9rience Midea Flexify qui remplace mon four traditionnel"}]},{"@type":"WebSite","@id":"https:\/\/air-fryer-ninja.fr\/#website","url":"https:\/\/air-fryer-ninja.fr\/","name":"Frityrgryte ninja","description":"Air fryer ninja oppskrift blogg","publisher":{"@id":"https:\/\/air-fryer-ninja.fr\/#organization"},"potentialAction":[{"@type":"SearchAction","target":{"@type":"EntryPoint","urlTemplate":"https:\/\/air-fryer-ninja.fr\/?s={search_term_string}"},"query-input":{"@type":"PropertyValueSpecification","valueRequired":true,"valueName":"search_term_string"}}],"inLanguage":"nb-NO"},{"@type":"Organization","@id":"https:\/\/air-fryer-ninja.fr\/#organization","name":"Frityrgryte ninja","url":"https:\/\/air-fryer-ninja.fr\/","logo":{"@type":"ImageObject","inLanguage":"nb-NO","@id":"https:\/\/air-fryer-ninja.fr\/#\/schema\/logo\/image\/","url":"https:\/\/air-fryer-ninja.fr\/wp-content\/uploads\/2022\/09\/air-fryer-ninja.png","contentUrl":"https:\/\/air-fryer-ninja.fr\/wp-content\/uploads\/2022\/09\/air-fryer-ninja.png","width":500,"height":90,"caption":"Air fryer ninja"},"image":{"@id":"https:\/\/air-fryer-ninja.fr\/#\/schema\/logo\/image\/"}},{"@type":"Person","@id":"https:\/\/air-fryer-ninja.fr\/#\/schema\/person\/31ca83cb1c8812323af9097575aa686b","name":"Stephy","image":{"@type":"ImageObject","inLanguage":"nb-NO","@id":"https:\/\/air-fryer-ninja.fr\/wp-content\/uploads\/2024\/11\/cropped-Untitled-design-2024-11-04T123927.617-96x96.jpg","url":"https:\/\/air-fryer-ninja.fr\/wp-content\/uploads\/2024\/11\/cropped-Untitled-design-2024-11-04T123927.617-96x96.jpg","contentUrl":"https:\/\/air-fryer-ninja.fr\/wp-content\/uploads\/2024\/11\/cropped-Untitled-design-2024-11-04T123927.617-96x96.jpg","caption":"Stephy"},"description":"Jeg heter Stephy og er en husmor med en lidenskap for matlaging! Helt siden jeg oppdaget frityrkokeren, har den v\u00e6rt min ideelle f\u00f8lgesvenn n\u00e5r det gjelder \u00e5 lage smakfulle oppskrifter som er enkle \u00e5 lage. Jeg elsker \u00e5 eksperimentere og finne p\u00e5 retter som overrasker og gleder familien min. Her deler jeg mine beste tips og favorittoppskrifter, slik at du kan nyte gleden ved \u00e5 lage mat hjemme, uten \u00e5 m\u00e5tte tilbringe timevis bak komfyren. M\u00e5let mitt? \u00c5 vise deg at med litt kreativitet kan frityrkokeren gj\u00f8re hvert m\u00e5ltid til en sann forn\u00f8yelse!","sameAs":["https:\/\/air-fryer-ninja.fr"],"url":"https:\/\/air-fryer-ninja.fr\/nb\/author\/a1rdy\/"}]}},"_links":{"self":[{"href":"https:\/\/air-fryer-ninja.fr\/nb\/wp-json\/wp\/v2\/posts\/3536","targetHints":{"allow":["GET"]}}],"collection":[{"href":"https:\/\/air-fryer-ninja.fr\/nb\/wp-json\/wp\/v2\/posts"}],"about":[{"href":"https:\/\/air-fryer-ninja.fr\/nb\/wp-json\/wp\/v2\/types\/post"}],"author":[{"embeddable":true,"href":"https:\/\/air-fryer-ninja.fr\/nb\/wp-json\/wp\/v2\/users\/1"}],"replies":[{"embeddable":true,"href":"https:\/\/air-fryer-ninja.fr\/nb\/wp-json\/wp\/v2\/comments?post=3536"}],"version-history":[{"count":1,"href":"https:\/\/air-fryer-ninja.fr\/nb\/wp-json\/wp\/v2\/posts\/3536\/revisions"}],"predecessor-version":[{"id":3538,"href":"https:\/\/air-fryer-ninja.fr\/nb\/wp-json\/wp\/v2\/posts\/3536\/revisions\/3538"}],"wp:featuredmedia":[{"embeddable":true,"href":"https:\/\/air-fryer-ninja.fr\/nb\/wp-json\/wp\/v2\/media\/3537"}],"wp:attachment":[{"href":"https:\/\/air-fryer-ninja.fr\/nb\/wp-json\/wp\/v2\/media?parent=3536"}],"wp:term":[{"taxonomy":"category","embeddable":true,"href":"https:\/\/air-fryer-ninja.fr\/nb\/wp-json\/wp\/v2\/categories?post=3536"},{"taxonomy":"post_tag","embeddable":true,"href":"https:\/\/air-fryer-ninja.fr\/nb\/wp-json\/wp\/v2\/tags?post=3536"}],"curies":[{"name":"wp","href":"https:\/\/api.w.org\/{rel}","templated":true}]}}