{"id":1927,"date":"2024-09-30T15:55:00","date_gmt":"2024-09-30T15:55:00","guid":{"rendered":"https:\/\/air-fryer-ninja.fr\/?p=1927"},"modified":"2025-01-06T20:13:42","modified_gmt":"2025-01-06T20:13:42","slug":"oppskrift-pa-frityrstekt-blabaerterte","status":"publish","type":"post","link":"https:\/\/air-fryer-ninja.fr\/nb\/oppskrift-pa-frityrstekt-blabaerterte\/","title":{"rendered":"Oppskrift Air fryer bl\u00e5b\u00e6r terte"},"content":{"rendered":"<p>Bl\u00e5b\u00e6rt\u00e6rter er generelt verdsatt for sin smak. <strong>s\u00f8t og syrlig smak<\/strong>. I dag skal vi se n\u00e6rmere p\u00e5 hvordan du kan tilberede dette vidunderet ved hjelp av en <strong>frityrgryte<\/strong>. Denne metoden reduserer ikke bare steketiden, men sikrer ogs\u00e5 en perfekt tekstur. <strong>spr\u00f8<\/strong> samtidig som du respekterer ingrediensenes delikatesse. F\u00f8lg v\u00e5re tips og praktiske r\u00e5d for \u00e5 gj\u00f8re suksess med denne originale oppskriften.<\/p>\n<h2>Ingredienser til en perfekt terte<\/h2>\n<h3>M\u00f8rdeig<\/h3>\n<p>For en vellykket terte er kvaliteten p\u00e5 bakverket helt avgj\u00f8rende. Her er ingrediensene du trenger:<\/p>\n<ul>\n<li>250 g mel<\/li>\n<li>125 g kaldt sm\u00f8r, sk\u00e5ret i terninger<\/li>\n<li>50 g str\u00f8sukker<\/li>\n<li>1 egg<\/li>\n<li>1 klype salt<\/li>\n<\/ul>\n<h3>Bl\u00e5b\u00e6rfyllet<\/h3>\n<p>Du kan bruke ferske eller frosne bl\u00e5b\u00e6r til denne oppskriften, men s\u00f8rg for at de er godt drenert hvis de er frosne. Her er hva du trenger:<\/p>\n<ul>\n<li>500 g bl\u00e5b\u00e6r<\/li>\n<li>100 g str\u00f8sukker<\/li>\n<li>2 spiseskjeer maismel<\/li>\n<li>Noen dr\u00e5per sitronsaft<\/li>\n<li>Mandelpulver (valgfritt)<\/li>\n<\/ul>\n<h3>Tilberedelse av konditorkremen (valgfritt)<\/h3>\n<p>Hvis du \u00f8nsker \u00e5 sprite opp terten med en kremet bunn, kan en <strong>lett vaniljesauskrem<\/strong> vil v\u00e6re ideelt:<\/p>\n<ul>\n<li>250 ml helmelk<\/li>\n<li>2 eggeplommer<\/li>\n<li>60 g sukker<\/li>\n<li>20 g maismel<\/li>\n<li>Vaniljeekstrakt<\/li>\n<\/ul>\n<h2>Trinn for trinn: Forberedelse og tilberedning<\/h2>\n<h3>Tilberedning av m\u00f8rdeig<\/h3>\n<p>Begynn med \u00e5 sile melet og tilsett salt og sukker. Bland inn sm\u00f8ret til du f\u00e5r en sandaktig blanding. Tilsett egget og elt lett til det blir en glatt kule. Pakk deigen inn i plastfolie og la den hvile i kj\u00f8leskapet i 30 minutter.<\/p>\n<h3>Bl\u00e5b\u00e6rpynten<\/h3>\n<p>Bland bl\u00e5b\u00e6rene med sukker, maismel og sitronsaft. La det trekke mens deigen hviler, slik at frukten frigj\u00f8r aromaene sine og absorberer sukkeret.<\/p>\n<h3>Konditorkrem (hvis alternativet er valgt)<\/h3>\n<p>Varm opp melken med vaniljeekstraktet. Visp samtidig eggeplommer og sukker til det blir lyst, og tilsett deretter maizena. Hell gradvis den varme melken over blandingen under omr\u00f8ring. Sett tilbake p\u00e5 svak varme og la det tykne under konstant omr\u00f8ring. Sett til side for avkj\u00f8ling.<\/p>\n<h2>Tilberedning i frityrkokeren<\/h2>\n<h3>Forvarming og plassering av deigen<\/h3>\n<p>F\u00f8rst og fremst m\u00e5 du forvarme frityrkokeren til <strong>180\u00b0C<\/strong>. Kjevle ut deigen tynt og trykk den ut i en form som passer til formen du bruker. Stikk i bunnen med en gaffel for \u00e5 unng\u00e5 at den sveller opp.<\/p>\n<h3>Tom matlaging<\/h3>\n<p>For \u00e5 f\u00e5 en godt stekt skorpe, lag en <strong>tom matlaging<\/strong> av deigen i 10 minutter. Du kan bruke bakevekter for \u00e5 stabilisere deigen.<\/p>\n<h3>Trim og finish<\/h3>\n<p>N\u00e5r deigen er ferdigbakt, legger du p\u00e5 et tynt lag med <strong>mandelpulver<\/strong> for \u00e5 absorbere fuktigheten fra frukten. Tilsett deretter bl\u00e5b\u00e6rblandingen og stek igjen i ca. 25 minutter, til fyllet bobler og deigen er gyllen.<\/p>\n<h2>Tips for en enda bedre terte<\/h2>\n<h3>Bruk av ulike typer frukt<\/h3>\n<p>Varier nytelsen ved \u00e5 blande bl\u00e5b\u00e6r med andre ingredienser. <strong>r\u00f8de b\u00e6r<\/strong> som bringeb\u00e6r eller kirseb\u00e6r. Dette gir en fargerik touch og en smakseksplosjon til hver eneste bit.<\/p>\n<h3>Krydder og urter<\/h3>\n<p>For en original touch kan du ogs\u00e5 tilsette krydder som kanel eller friske urter som finhakket mynte i bl\u00e5b\u00e6rfyllet.<\/p>\n<h3>Elegant presentasjon<\/h3>\n<p>For \u00e5 imponere gjestene dine kan du servere bl\u00e5b\u00e6rterten med en <strong>kule vaniljeis<\/strong> eller en <strong>chantilly maison<\/strong>. Et hint av revet sitronskall p\u00e5 toppen kan ogs\u00e5 tilf\u00f8re en forfriskende, krydret note.<\/p>\n<h3>Kombinere med sauser<\/h3>\n<p>Kombiner terten med en kremfl\u00f8tesaus med litt sm\u00f8r og ristede mandler. For en eksotisk kombinasjon, pr\u00f8v en lett s\u00f8tet pean\u00f8ttsaus.<\/p>\n<p>Bl\u00e5b\u00e6rterte bakt i frityrgryte er en kulinarisk innovasjon som kombinerer hastighet og kvalitet. Enten du er nybegynner eller en erfaren konditor, passer denne oppskriften for alle niv\u00e5er av kokker og garanterer et uts\u00f8kt resultat.<\/p>","protected":false},"excerpt":{"rendered":"<p>Les tartes aux myrtilles sont g\u00e9n\u00e9ralement appr\u00e9ci\u00e9es pour leur saveur sucr\u00e9e et acidul\u00e9e. Aujourd&rsquo;hui, on va explorer comment pr\u00e9parer cette merveille en utilisant un air fryer. Cette m\u00e9thode permet non seulement de r\u00e9duire le temps de cuisson mais aussi d&rsquo;obtenir une texture parfaitement croustillante tout en respectant la d\u00e9licatesse des ingr\u00e9dients. Suivez nos astuces et [&hellip;]<\/p>","protected":false},"author":1,"featured_media":1926,"comment_status":"open","ping_status":"open","sticky":false,"template":"","format":"standard","meta":{"wprm-recipe-roundup-name":"","wprm-recipe-roundup-description":"","footnotes":""},"categories":[31],"tags":[],"class_list":["post-1927","post","type-post","status-publish","format-standard","has-post-thumbnail","hentry","category-dessert"],"yoast_head":"<!-- This site is optimized with the Yoast SEO plugin v27.5 - https:\/\/yoast.com\/product\/yoast-seo-wordpress\/ -->\n<title>Recette Tarte aux myrtilles air fryer - Air fryer ninja Recettes<\/title>\n<meta name=\"robots\" content=\"index, follow, max-snippet:-1, max-image-preview:large, max-video-preview:-1\" \/>\n<link rel=\"canonical\" href=\"https:\/\/air-fryer-ninja.fr\/nb\/oppskrift-pa-frityrstekt-blabaerterte\/\" \/>\n<meta property=\"og:locale\" content=\"nb_NO\" \/>\n<meta property=\"og:type\" content=\"article\" \/>\n<meta property=\"og:title\" content=\"Recette Tarte aux myrtilles air fryer - Air fryer ninja Recettes\" \/>\n<meta property=\"og:description\" content=\"Les tartes aux myrtilles sont g\u00e9n\u00e9ralement appr\u00e9ci\u00e9es pour leur saveur sucr\u00e9e et acidul\u00e9e. Aujourd&rsquo;hui, on va explorer comment pr\u00e9parer cette merveille en utilisant un air fryer. Cette m\u00e9thode permet non seulement de r\u00e9duire le temps de cuisson mais aussi d&rsquo;obtenir une texture parfaitement croustillante tout en respectant la d\u00e9licatesse des ingr\u00e9dients. Suivez nos astuces et [&hellip;]\" \/>\n<meta property=\"og:url\" content=\"https:\/\/air-fryer-ninja.fr\/nb\/oppskrift-pa-frityrstekt-blabaerterte\/\" \/>\n<meta property=\"og:site_name\" content=\"Air fryer ninja Recettes\" \/>\n<meta property=\"article:published_time\" content=\"2024-09-30T15:55:00+00:00\" \/>\n<meta property=\"article:modified_time\" content=\"2025-01-06T20:13:42+00:00\" \/>\n<meta property=\"og:image\" content=\"https:\/\/air-fryer-ninja.fr\/wp-content\/uploads\/2024\/07\/recette-de-tarte-aux-myrtilles-des-delices-croustillants-avec-lair-fryer.jpg\" \/>\n\t<meta property=\"og:image:width\" content=\"1456\" \/>\n\t<meta property=\"og:image:height\" content=\"816\" \/>\n\t<meta property=\"og:image:type\" content=\"image\/jpeg\" \/>\n<meta name=\"author\" content=\"Stephy\" \/>\n<meta name=\"twitter:card\" content=\"summary_large_image\" \/>\n<meta name=\"twitter:label1\" content=\"Skrevet av\" \/>\n\t<meta name=\"twitter:data1\" content=\"Stephy\" \/>\n\t<meta name=\"twitter:label2\" content=\"Ansl. lesetid\" \/>\n\t<meta name=\"twitter:data2\" content=\"4 minutter\" \/>\n<!-- \/ Yoast SEO plugin. -->","yoast_head_json":{"title":"Recette Tarte aux myrtilles air fryer - Air fryer ninja Recettes","robots":{"index":"index","follow":"follow","max-snippet":"max-snippet:-1","max-image-preview":"max-image-preview:large","max-video-preview":"max-video-preview:-1"},"canonical":"https:\/\/air-fryer-ninja.fr\/nb\/oppskrift-pa-frityrstekt-blabaerterte\/","og_locale":"nb_NO","og_type":"article","og_title":"Recette Tarte aux myrtilles air fryer - Air fryer ninja Recettes","og_description":"Les tartes aux myrtilles sont g\u00e9n\u00e9ralement appr\u00e9ci\u00e9es pour leur saveur sucr\u00e9e et acidul\u00e9e. Aujourd&rsquo;hui, on va explorer comment pr\u00e9parer cette merveille en utilisant un air fryer. Cette m\u00e9thode permet non seulement de r\u00e9duire le temps de cuisson mais aussi d&rsquo;obtenir une texture parfaitement croustillante tout en respectant la d\u00e9licatesse des ingr\u00e9dients. Suivez nos astuces et [&hellip;]","og_url":"https:\/\/air-fryer-ninja.fr\/nb\/oppskrift-pa-frityrstekt-blabaerterte\/","og_site_name":"Air fryer ninja Recettes","article_published_time":"2024-09-30T15:55:00+00:00","article_modified_time":"2025-01-06T20:13:42+00:00","og_image":[{"width":1456,"height":816,"url":"https:\/\/air-fryer-ninja.fr\/wp-content\/uploads\/2024\/07\/recette-de-tarte-aux-myrtilles-des-delices-croustillants-avec-lair-fryer.jpg","type":"image\/jpeg"}],"author":"Stephy","twitter_card":"summary_large_image","twitter_misc":{"Skrevet av":"Stephy","Ansl. lesetid":"4 minutter"},"schema":{"@context":"https:\/\/schema.org","@graph":[{"@type":"Article","@id":"https:\/\/air-fryer-ninja.fr\/recette-tarte-aux-myrtilles-air-fryer\/#article","isPartOf":{"@id":"https:\/\/air-fryer-ninja.fr\/recette-tarte-aux-myrtilles-air-fryer\/"},"author":{"name":"Stephy","@id":"https:\/\/air-fryer-ninja.fr\/#\/schema\/person\/31ca83cb1c8812323af9097575aa686b"},"headline":"Recette Tarte aux myrtilles air fryer","datePublished":"2024-09-30T15:55:00+00:00","dateModified":"2025-01-06T20:13:42+00:00","mainEntityOfPage":{"@id":"https:\/\/air-fryer-ninja.fr\/recette-tarte-aux-myrtilles-air-fryer\/"},"wordCount":765,"commentCount":0,"publisher":{"@id":"https:\/\/air-fryer-ninja.fr\/#organization"},"image":{"@id":"https:\/\/air-fryer-ninja.fr\/recette-tarte-aux-myrtilles-air-fryer\/#primaryimage"},"thumbnailUrl":"https:\/\/air-fryer-ninja.fr\/wp-content\/uploads\/2024\/07\/recette-de-tarte-aux-myrtilles-des-delices-croustillants-avec-lair-fryer.jpg","articleSection":["Dessert"],"inLanguage":"nb-NO","potentialAction":[{"@type":"CommentAction","name":"Comment","target":["https:\/\/air-fryer-ninja.fr\/recette-tarte-aux-myrtilles-air-fryer\/#respond"]}]},{"@type":"WebPage","@id":"https:\/\/air-fryer-ninja.fr\/recette-tarte-aux-myrtilles-air-fryer\/","url":"https:\/\/air-fryer-ninja.fr\/recette-tarte-aux-myrtilles-air-fryer\/","name":"Recette Tarte aux myrtilles air fryer - Air fryer ninja Recettes","isPartOf":{"@id":"https:\/\/air-fryer-ninja.fr\/#website"},"primaryImageOfPage":{"@id":"https:\/\/air-fryer-ninja.fr\/recette-tarte-aux-myrtilles-air-fryer\/#primaryimage"},"image":{"@id":"https:\/\/air-fryer-ninja.fr\/recette-tarte-aux-myrtilles-air-fryer\/#primaryimage"},"thumbnailUrl":"https:\/\/air-fryer-ninja.fr\/wp-content\/uploads\/2024\/07\/recette-de-tarte-aux-myrtilles-des-delices-croustillants-avec-lair-fryer.jpg","datePublished":"2024-09-30T15:55:00+00:00","dateModified":"2025-01-06T20:13:42+00:00","breadcrumb":{"@id":"https:\/\/air-fryer-ninja.fr\/recette-tarte-aux-myrtilles-air-fryer\/#breadcrumb"},"inLanguage":"nb-NO","potentialAction":[{"@type":"ReadAction","target":["https:\/\/air-fryer-ninja.fr\/recette-tarte-aux-myrtilles-air-fryer\/"]}]},{"@type":"ImageObject","inLanguage":"nb-NO","@id":"https:\/\/air-fryer-ninja.fr\/recette-tarte-aux-myrtilles-air-fryer\/#primaryimage","url":"https:\/\/air-fryer-ninja.fr\/wp-content\/uploads\/2024\/07\/recette-de-tarte-aux-myrtilles-des-delices-croustillants-avec-lair-fryer.jpg","contentUrl":"https:\/\/air-fryer-ninja.fr\/wp-content\/uploads\/2024\/07\/recette-de-tarte-aux-myrtilles-des-delices-croustillants-avec-lair-fryer.jpg","width":1456,"height":816,"caption":"Recette de tarte aux myrtilles : des d\u00e9lices croustillants avec l'air fryer"},{"@type":"BreadcrumbList","@id":"https:\/\/air-fryer-ninja.fr\/recette-tarte-aux-myrtilles-air-fryer\/#breadcrumb","itemListElement":[{"@type":"ListItem","position":1,"name":"Recette Air Fryer","item":"https:\/\/air-fryer-ninja.fr\/"},{"@type":"ListItem","position":2,"name":"Recette Tarte aux myrtilles air fryer"}]},{"@type":"WebSite","@id":"https:\/\/air-fryer-ninja.fr\/#website","url":"https:\/\/air-fryer-ninja.fr\/","name":"Frityrgryte ninja","description":"Air fryer ninja oppskrift blogg","publisher":{"@id":"https:\/\/air-fryer-ninja.fr\/#organization"},"potentialAction":[{"@type":"SearchAction","target":{"@type":"EntryPoint","urlTemplate":"https:\/\/air-fryer-ninja.fr\/?s={search_term_string}"},"query-input":{"@type":"PropertyValueSpecification","valueRequired":true,"valueName":"search_term_string"}}],"inLanguage":"nb-NO"},{"@type":"Organization","@id":"https:\/\/air-fryer-ninja.fr\/#organization","name":"Frityrgryte ninja","url":"https:\/\/air-fryer-ninja.fr\/","logo":{"@type":"ImageObject","inLanguage":"nb-NO","@id":"https:\/\/air-fryer-ninja.fr\/#\/schema\/logo\/image\/","url":"https:\/\/air-fryer-ninja.fr\/wp-content\/uploads\/2022\/09\/air-fryer-ninja.png","contentUrl":"https:\/\/air-fryer-ninja.fr\/wp-content\/uploads\/2022\/09\/air-fryer-ninja.png","width":500,"height":90,"caption":"Air fryer ninja"},"image":{"@id":"https:\/\/air-fryer-ninja.fr\/#\/schema\/logo\/image\/"}},{"@type":"Person","@id":"https:\/\/air-fryer-ninja.fr\/#\/schema\/person\/31ca83cb1c8812323af9097575aa686b","name":"Stephy","image":{"@type":"ImageObject","inLanguage":"nb-NO","@id":"https:\/\/air-fryer-ninja.fr\/wp-content\/uploads\/2024\/11\/cropped-Untitled-design-2024-11-04T123927.617-96x96.jpg","url":"https:\/\/air-fryer-ninja.fr\/wp-content\/uploads\/2024\/11\/cropped-Untitled-design-2024-11-04T123927.617-96x96.jpg","contentUrl":"https:\/\/air-fryer-ninja.fr\/wp-content\/uploads\/2024\/11\/cropped-Untitled-design-2024-11-04T123927.617-96x96.jpg","caption":"Stephy"},"description":"Jeg heter Stephy og er en husmor med en lidenskap for matlaging! Helt siden jeg oppdaget frityrkokeren, har den v\u00e6rt min ideelle f\u00f8lgesvenn n\u00e5r det gjelder \u00e5 lage smakfulle oppskrifter som er enkle \u00e5 lage. Jeg elsker \u00e5 eksperimentere og finne p\u00e5 retter som overrasker og gleder familien min. Her deler jeg mine beste tips og favorittoppskrifter, slik at du kan nyte gleden ved \u00e5 lage mat hjemme, uten \u00e5 m\u00e5tte tilbringe timevis bak komfyren. M\u00e5let mitt? \u00c5 vise deg at med litt kreativitet kan frityrkokeren gj\u00f8re hvert m\u00e5ltid til en sann forn\u00f8yelse!","sameAs":["https:\/\/air-fryer-ninja.fr"],"url":"https:\/\/air-fryer-ninja.fr\/nb\/author\/a1rdy\/"}]}},"_links":{"self":[{"href":"https:\/\/air-fryer-ninja.fr\/nb\/wp-json\/wp\/v2\/posts\/1927","targetHints":{"allow":["GET"]}}],"collection":[{"href":"https:\/\/air-fryer-ninja.fr\/nb\/wp-json\/wp\/v2\/posts"}],"about":[{"href":"https:\/\/air-fryer-ninja.fr\/nb\/wp-json\/wp\/v2\/types\/post"}],"author":[{"embeddable":true,"href":"https:\/\/air-fryer-ninja.fr\/nb\/wp-json\/wp\/v2\/users\/1"}],"replies":[{"embeddable":true,"href":"https:\/\/air-fryer-ninja.fr\/nb\/wp-json\/wp\/v2\/comments?post=1927"}],"version-history":[{"count":1,"href":"https:\/\/air-fryer-ninja.fr\/nb\/wp-json\/wp\/v2\/posts\/1927\/revisions"}],"predecessor-version":[{"id":3027,"href":"https:\/\/air-fryer-ninja.fr\/nb\/wp-json\/wp\/v2\/posts\/1927\/revisions\/3027"}],"wp:featuredmedia":[{"embeddable":true,"href":"https:\/\/air-fryer-ninja.fr\/nb\/wp-json\/wp\/v2\/media\/1926"}],"wp:attachment":[{"href":"https:\/\/air-fryer-ninja.fr\/nb\/wp-json\/wp\/v2\/media?parent=1927"}],"wp:term":[{"taxonomy":"category","embeddable":true,"href":"https:\/\/air-fryer-ninja.fr\/nb\/wp-json\/wp\/v2\/categories?post=1927"},{"taxonomy":"post_tag","embeddable":true,"href":"https:\/\/air-fryer-ninja.fr\/nb\/wp-json\/wp\/v2\/tags?post=1927"}],"curies":[{"name":"wp","href":"https:\/\/api.w.org\/{rel}","templated":true}]}}