{"id":3163,"date":"2025-01-14T08:25:00","date_gmt":"2025-01-14T08:25:00","guid":{"rendered":"https:\/\/air-fryer-ninja.fr\/?p=3163"},"modified":"2025-01-15T22:15:21","modified_gmt":"2025-01-15T22:15:21","slug":"recette-pommes-au-caramel-airfryer","status":"publish","type":"post","link":"https:\/\/air-fryer-ninja.fr\/lt\/recette-pommes-au-caramel-airfryer\/","title":{"rendered":"Recette pommes au caramel au Airfryer"},"content":{"rendered":"<p><strong>Laissez-vous s\u00e9duire par cette recette de pommes au caramel pr\u00e9par\u00e9es avec votre airfryer. Facile \u00e0 r\u00e9aliser et pleine de saveurs, elle saura \u00e9gayer vos desserts ou vos pauses sucr\u00e9es. Ce mariage parfait entre la douceur des pommes et la richesse du caramel est id\u00e9al pour un moment convivial ou une touche sucr\u00e9e en fin de repas.<\/strong><\/p>\n\n\n\n<p><strong>\u23f1\ufe0f Temps de pr\u00e9paration :<\/strong>\u00a05 minut\u0117s<br><strong>\u23f1\ufe0f Temps de cuisson :<\/strong>\u00a015 minutes<br><strong>\u23f1\ufe0f Temps total :<\/strong>\u00a020 minutes<\/p>\n\n\n\n<h2 class=\"wp-block-heading\">Ingr\u00e9dients (pour 4 personnes)<\/h2>\n\n\n\n<ul class=\"wp-block-list\">\n<li>8 pommes<\/li>\n\n\n\n<li>8 cuill\u00e8res \u00e0 soupe de caramel<\/li>\n\n\n\n<li>4 cuill\u00e8res \u00e0 soupe de beurre fondu<\/li>\n\n\n\n<li>2 cuill\u00e8res \u00e0 th\u00e9 de cannelle en poudre<\/li>\n<\/ul>\n\n\n\n<h2 class=\"wp-block-heading\">Ustensiles<\/h2>\n\n\n\n<ul class=\"wp-block-list\">\n<li>Un airfryer<\/li>\n\n\n\n<li>Un vide-pomme<\/li>\n\n\n\n<li>Un couteau bien aiguis\u00e9<\/li>\n\n\n\n<li>Une planche \u00e0 d\u00e9couper<\/li>\n\n\n\n<li>Une cuill\u00e8re \u00e0 soupe<\/li>\n\n\n\n<li>Une spatule ou pince (optionnel, pour manipuler les pommes)<\/li>\n\n\n\n<li>Un bol pour m\u00e9langer les ingr\u00e9dients (si n\u00e9cessaire)<\/li>\n<\/ul>\n\n\n\n<h2 class=\"wp-block-heading\">R\u00e9alisation pas \u00e0 pas<\/h2>\n\n\n\n<ol class=\"wp-block-list\">\n<li><strong>Pr\u00e9parez votre Airfryer<\/strong> : Allumez-le et r\u00e9glez la temp\u00e9rature \u00e0 160\u00b0C pour le pr\u00e9chauffage.<\/li>\n\n\n\n<li><strong>Pr\u00e9parez les pommes<\/strong> : Rincez-les soigneusement, retirez leur c\u0153ur \u00e0 l&rsquo;aide d&rsquo;un vide-pomme, puis coupez-les en deux.<\/li>\n\n\n\n<li><strong>Ajoutez les ingr\u00e9dients<\/strong> : D\u00e9posez une petite noisette de beurre et une cuiller\u00e9e \u00e0 soupe de caramel au centre de chaque moiti\u00e9. Saupoudrez l\u00e9g\u00e8rement de cannelle pour parfumer.<\/li>\n\n\n\n<li><strong>Cuisson<\/strong> : Disposez les pommes garnies dans le panier de l&rsquo;airfryer. Faites-les cuire environ 15 \u00e0 20 minutes, jusqu\u2019\u00e0 ce qu\u2019elles soient fondantes et dor\u00e9es.<\/li>\n\n\n\n<li><strong>Service<\/strong> : Servez imm\u00e9diatement, en accompagnant \u00e9ventuellement d&rsquo;une boule de glace vanille pour un contraste gourmand chaud-froid.<\/li>\n<\/ol>\n\n\n\n<h2 class=\"wp-block-heading\">Conseils du chef<\/h2>\n\n\n\n<p>Ces astuces vous permettront de sublimer votre dessert et d\u2019en faire une exp\u00e9rience unique :<\/p>\n\n\n\n<ul class=\"wp-block-list\">\n<li><strong>Variante \u00e9pic\u00e9e :<\/strong> Ajoutez une pinc\u00e9e de muscade ou de clous de girofle moulus pour une saveur plus complexe.<\/li>\n\n\n\n<li><strong>Alternative au caramel :<\/strong> Remplacez-le par du miel ou du sirop d&rsquo;\u00e9rable pour une touche diff\u00e9rente.<\/li>\n\n\n\n<li><strong>Pr\u00e9sentation :<\/strong> Servez dans des assiettes claires avec une touche de cannelle saupoudr\u00e9e sur le bord pour un effet visuel saisissant<\/li>\n<\/ul>\n\n\n\n<p>Pr\u00eat \u00e0 impressionner vos proches avec cette recette \u00e0 la fois simple et d\u00e9licieuse ? Ce dessert, r\u00e9confortant et gourmand, est id\u00e9al pour toutes les occasions, qu\u2019il s\u2019agisse d\u2019un repas en famille ou d\u2019un moment de partage entre amis. Les pommes au caramel \u00e0 l\u2019airfryer combinent simplicit\u00e9 et raffinement, tout en mettant \u00e0 l\u2019honneur des saveurs intemporelles.<\/p>\n\n\n\n<h3 class=\"wp-block-heading\">La phrase du chef :<\/h3>\n\n\n\n<blockquote class=\"wp-block-quote is-layout-flow wp-block-quote-is-layout-flow\">\n<p><em>Pour encore plus de cr\u00e9ativit\u00e9, essayez de caram\u00e9liser l\u00e9g\u00e8rement les bords des pommes avec un chalumeau pour apporter une texture croquante. Vous pouvez aussi exp\u00e9rimenter avec des garnitures comme des noix concass\u00e9es ou des p\u00e9pites de chocolat pour surprendre vos invit\u00e9s. Ces petites touches personnelles transformeront cette recette en un v\u00e9ritable chef-d&rsquo;\u0153uvre culinaire.<\/em><\/p>\n<\/blockquote>\n\n\n\n<p>Pourquoi s\u2019arr\u00eater l\u00e0 ? L\u2019airfryer offre un monde de possibilit\u00e9s ! D\u00e9couvrez d\u2019autres recettes sucr\u00e9es et sal\u00e9es qui sublimeront vos repas. <a href=\"https:\/\/air-fryer-ninja.fr\/lt\/tinklarastis\/\">Cliquez ici pour explorer davantage !<\/a><\/p>\n\n\n\n<h2 class=\"wp-block-heading\">Questions fr\u00e9quentes<\/h2>\n\n\n\n<p><strong>Quelles pommes fonctionnent le mieux pour cette recette ?<\/strong><br>Toutes les vari\u00e9t\u00e9s de pommes peuvent convenir, mais les types plus fermes comme les Granny Smith ou les Honeycrisp sont id\u00e9ales, car elles tiennent bien \u00e0 la cuisson.<\/p>\n\n\n\n<p><strong>Comment savoir si les pommes sont pr\u00eates ?<\/strong><br>Elles sont cuites lorsque vous pouvez facilement y planter une fourchette ou un couteau sans r\u00e9sistance. La dur\u00e9e peut varier selon la taille des morceaux et la performance de l&rsquo;airfryer.<\/p>\n\n\n\n<p><strong>Puis-je pr\u00e9parer cette recette sans utiliser d&rsquo;airfryer ?<\/strong><br>Absolument ! Un four classique fait tr\u00e8s bien l&rsquo;affaire. Pr\u00e9voyez environ 25 \u00e0 30 minutes de cuisson \u00e0 180\u00b0C pour obtenir un r\u00e9sultat similaire.<\/p>\n\n\n\n<p><strong>Comment conserver les pommes au caramel ?<\/strong><br>Une fois refroidies, placez-les dans un r\u00e9cipient herm\u00e9tique au r\u00e9frig\u00e9rateur. Elles se conservent jusqu\u2019\u00e0 trois jours et peuvent \u00eatre r\u00e9chauff\u00e9es l\u00e9g\u00e8rement avant de les savourer.<\/p>\n\n\n\n<p><strong>Peut-on utiliser d&rsquo;autres \u00e9pices que la cannelle ?<\/strong><br>Oui, n\u2019h\u00e9sitez pas \u00e0 exp\u00e9rimenter ! Essayez la muscade, le gingembre ou m\u00eame un m\u00e9lange d\u2019\u00e9pices pour tarte aux pommes pour une touche diff\u00e9rente.<\/p>","protected":false},"excerpt":{"rendered":"<p>Laissez-vous s\u00e9duire par cette recette de pommes au caramel pr\u00e9par\u00e9es avec votre airfryer. Facile \u00e0 r\u00e9aliser et pleine de saveurs, elle saura \u00e9gayer vos desserts ou vos pauses sucr\u00e9es. Ce mariage parfait entre la douceur des pommes et la richesse du caramel est id\u00e9al pour un moment convivial ou une touche sucr\u00e9e en fin de [&hellip;]<\/p>","protected":false},"author":1,"featured_media":3165,"comment_status":"open","ping_status":"open","sticky":false,"template":"","format":"standard","meta":{"wprm-recipe-roundup-name":"","wprm-recipe-roundup-description":"","footnotes":""},"categories":[31],"tags":[182,181],"class_list":["post-3163","post","type-post","status-publish","format-standard","has-post-thumbnail","hentry","category-dessert","tag-caramel","tag-pommes"],"yoast_head":"<!-- This site is optimized with the Yoast SEO plugin v27.5 - https:\/\/yoast.com\/product\/yoast-seo-wordpress\/ -->\n<title>Recette pommes au caramel au Airfryer - Air fryer ninja Recettes<\/title>\n<meta name=\"description\" content=\"Apprenez \u00e0 pr\u00e9parer des pommes au caramel avec votre airfryer. Une recette simple et savoureuse pour un dessert automnal qui s\u00e9duira tous les gourmands !\" \/>\n<meta name=\"robots\" content=\"index, follow, max-snippet:-1, max-image-preview:large, max-video-preview:-1\" \/>\n<link rel=\"canonical\" href=\"https:\/\/air-fryer-ninja.fr\/lt\/recette-pommes-au-caramel-airfryer\/\" \/>\n<meta property=\"og:locale\" content=\"lt_LT\" \/>\n<meta property=\"og:type\" content=\"article\" \/>\n<meta property=\"og:title\" content=\"Recette pommes au caramel au Airfryer - Air fryer ninja Recettes\" \/>\n<meta property=\"og:description\" content=\"Apprenez \u00e0 pr\u00e9parer des pommes au caramel avec votre airfryer. Une recette simple et savoureuse pour un dessert automnal qui s\u00e9duira tous les gourmands !\" \/>\n<meta property=\"og:url\" content=\"https:\/\/air-fryer-ninja.fr\/lt\/recette-pommes-au-caramel-airfryer\/\" \/>\n<meta property=\"og:site_name\" content=\"Air fryer ninja Recettes\" \/>\n<meta property=\"article:published_time\" content=\"2025-01-14T08:25:00+00:00\" \/>\n<meta property=\"article:modified_time\" content=\"2025-01-15T22:15:21+00:00\" \/>\n<meta property=\"og:image\" content=\"https:\/\/air-fryer-ninja.fr\/wp-content\/uploads\/2026\/01\/pommes-au-caramel.jpg\" \/>\n\t<meta property=\"og:image:width\" content=\"1200\" \/>\n\t<meta property=\"og:image:height\" content=\"675\" \/>\n\t<meta property=\"og:image:type\" content=\"image\/jpeg\" \/>\n<meta name=\"author\" content=\"Stephy\" \/>\n<meta name=\"twitter:card\" content=\"summary_large_image\" \/>\n<meta name=\"twitter:label1\" content=\"Written by\" \/>\n\t<meta name=\"twitter:data1\" content=\"Stephy\" \/>\n\t<meta name=\"twitter:label2\" content=\"Est. reading time\" \/>\n\t<meta name=\"twitter:data2\" content=\"4 minut\u0117s\" \/>\n<!-- \/ Yoast SEO plugin. -->","yoast_head_json":{"title":"Recette pommes au caramel au Airfryer - Air fryer ninja Recettes","description":"Apprenez \u00e0 pr\u00e9parer des pommes au caramel avec votre airfryer. Une recette simple et savoureuse pour un dessert automnal qui s\u00e9duira tous les gourmands !","robots":{"index":"index","follow":"follow","max-snippet":"max-snippet:-1","max-image-preview":"max-image-preview:large","max-video-preview":"max-video-preview:-1"},"canonical":"https:\/\/air-fryer-ninja.fr\/lt\/recette-pommes-au-caramel-airfryer\/","og_locale":"lt_LT","og_type":"article","og_title":"Recette pommes au caramel au Airfryer - Air fryer ninja Recettes","og_description":"Apprenez \u00e0 pr\u00e9parer des pommes au caramel avec votre airfryer. Une recette simple et savoureuse pour un dessert automnal qui s\u00e9duira tous les gourmands !","og_url":"https:\/\/air-fryer-ninja.fr\/lt\/recette-pommes-au-caramel-airfryer\/","og_site_name":"Air fryer ninja Recettes","article_published_time":"2025-01-14T08:25:00+00:00","article_modified_time":"2025-01-15T22:15:21+00:00","og_image":[{"width":1200,"height":675,"url":"https:\/\/air-fryer-ninja.fr\/wp-content\/uploads\/2026\/01\/pommes-au-caramel.jpg","type":"image\/jpeg"}],"author":"Stephy","twitter_card":"summary_large_image","twitter_misc":{"Written by":"Stephy","Est. reading time":"4 minut\u0117s"},"schema":{"@context":"https:\/\/schema.org","@graph":[{"@type":"Article","@id":"https:\/\/air-fryer-ninja.fr\/recette-pommes-au-caramel-airfryer\/#article","isPartOf":{"@id":"https:\/\/air-fryer-ninja.fr\/recette-pommes-au-caramel-airfryer\/"},"author":{"name":"Stephy","@id":"https:\/\/air-fryer-ninja.fr\/#\/schema\/person\/31ca83cb1c8812323af9097575aa686b"},"headline":"Recette pommes au caramel au Airfryer","datePublished":"2025-01-14T08:25:00+00:00","dateModified":"2025-01-15T22:15:21+00:00","mainEntityOfPage":{"@id":"https:\/\/air-fryer-ninja.fr\/recette-pommes-au-caramel-airfryer\/"},"wordCount":681,"commentCount":0,"publisher":{"@id":"https:\/\/air-fryer-ninja.fr\/#organization"},"image":{"@id":"https:\/\/air-fryer-ninja.fr\/recette-pommes-au-caramel-airfryer\/#primaryimage"},"thumbnailUrl":"https:\/\/air-fryer-ninja.fr\/wp-content\/uploads\/2026\/01\/pommes-au-caramel.jpg","keywords":["Caramel","Pommes"],"articleSection":["Dessert"],"inLanguage":"lt-LT","potentialAction":[{"@type":"CommentAction","name":"Comment","target":["https:\/\/air-fryer-ninja.fr\/recette-pommes-au-caramel-airfryer\/#respond"]}]},{"@type":"WebPage","@id":"https:\/\/air-fryer-ninja.fr\/recette-pommes-au-caramel-airfryer\/","url":"https:\/\/air-fryer-ninja.fr\/recette-pommes-au-caramel-airfryer\/","name":"Recette pommes au caramel au Airfryer - Air fryer ninja Recettes","isPartOf":{"@id":"https:\/\/air-fryer-ninja.fr\/#website"},"primaryImageOfPage":{"@id":"https:\/\/air-fryer-ninja.fr\/recette-pommes-au-caramel-airfryer\/#primaryimage"},"image":{"@id":"https:\/\/air-fryer-ninja.fr\/recette-pommes-au-caramel-airfryer\/#primaryimage"},"thumbnailUrl":"https:\/\/air-fryer-ninja.fr\/wp-content\/uploads\/2026\/01\/pommes-au-caramel.jpg","datePublished":"2025-01-14T08:25:00+00:00","dateModified":"2025-01-15T22:15:21+00:00","description":"Apprenez \u00e0 pr\u00e9parer des pommes au caramel avec votre airfryer. Une recette simple et savoureuse pour un dessert automnal qui s\u00e9duira tous les gourmands !","breadcrumb":{"@id":"https:\/\/air-fryer-ninja.fr\/recette-pommes-au-caramel-airfryer\/#breadcrumb"},"inLanguage":"lt-LT","potentialAction":[{"@type":"ReadAction","target":["https:\/\/air-fryer-ninja.fr\/recette-pommes-au-caramel-airfryer\/"]}]},{"@type":"ImageObject","inLanguage":"lt-LT","@id":"https:\/\/air-fryer-ninja.fr\/recette-pommes-au-caramel-airfryer\/#primaryimage","url":"https:\/\/air-fryer-ninja.fr\/wp-content\/uploads\/2026\/01\/pommes-au-caramel.jpg","contentUrl":"https:\/\/air-fryer-ninja.fr\/wp-content\/uploads\/2026\/01\/pommes-au-caramel.jpg","width":1200,"height":675,"caption":"pommes au caramel"},{"@type":"BreadcrumbList","@id":"https:\/\/air-fryer-ninja.fr\/recette-pommes-au-caramel-airfryer\/#breadcrumb","itemListElement":[{"@type":"ListItem","position":1,"name":"Recette Air Fryer","item":"https:\/\/air-fryer-ninja.fr\/"},{"@type":"ListItem","position":2,"name":"Recette pommes au caramel au Airfryer"}]},{"@type":"WebSite","@id":"https:\/\/air-fryer-ninja.fr\/#website","url":"https:\/\/air-fryer-ninja.fr\/","name":"Oro keptuv\u0117 Ninja","description":"Oro keptuv\u0117 Ninja recept\u0173 dienora\u0161tis","publisher":{"@id":"https:\/\/air-fryer-ninja.fr\/#organization"},"potentialAction":[{"@type":"SearchAction","target":{"@type":"EntryPoint","urlTemplate":"https:\/\/air-fryer-ninja.fr\/?s={search_term_string}"},"query-input":{"@type":"PropertyValueSpecification","valueRequired":true,"valueName":"search_term_string"}}],"inLanguage":"lt-LT"},{"@type":"Organization","@id":"https:\/\/air-fryer-ninja.fr\/#organization","name":"Oro keptuv\u0117 Ninja","url":"https:\/\/air-fryer-ninja.fr\/","logo":{"@type":"ImageObject","inLanguage":"lt-LT","@id":"https:\/\/air-fryer-ninja.fr\/#\/schema\/logo\/image\/","url":"https:\/\/air-fryer-ninja.fr\/wp-content\/uploads\/2022\/09\/air-fryer-ninja.png","contentUrl":"https:\/\/air-fryer-ninja.fr\/wp-content\/uploads\/2022\/09\/air-fryer-ninja.png","width":500,"height":90,"caption":"Air fryer ninja"},"image":{"@id":"https:\/\/air-fryer-ninja.fr\/#\/schema\/logo\/image\/"}},{"@type":"Person","@id":"https:\/\/air-fryer-ninja.fr\/#\/schema\/person\/31ca83cb1c8812323af9097575aa686b","name":"Stephy","image":{"@type":"ImageObject","inLanguage":"lt-LT","@id":"https:\/\/air-fryer-ninja.fr\/wp-content\/uploads\/2024\/11\/cropped-Untitled-design-2024-11-04T123927.617-96x96.jpg","url":"https:\/\/air-fryer-ninja.fr\/wp-content\/uploads\/2024\/11\/cropped-Untitled-design-2024-11-04T123927.617-96x96.jpg","contentUrl":"https:\/\/air-fryer-ninja.fr\/wp-content\/uploads\/2024\/11\/cropped-Untitled-design-2024-11-04T123927.617-96x96.jpg","caption":"Stephy"},"description":"A\u0161 esu Stephy, nam\u0173 \u0161eiminink\u0117, aistringai m\u0117gstanti gaminti maist\u0105! Nuo tada, kai atradau orin\u0119 keptuv\u0119, ji tapo idealiu mano palydovu kuriant skanius ir lengvai pagaminamus receptus. M\u0117gstu eksperimentuoti ir i\u0161radin\u0117ti patiekalus, kurie stebina ir d\u017eiugina mano \u0161eim\u0105. \u010cia dalijuosi geriausiais patarimais ir m\u0117gstamiausiais receptais, kurie pad\u0117s jums m\u0117gautis maisto gaminimo namuose malonumais, nesugai\u0161tant valand\u0173 prie virykl\u0117s. Mano tikslas? Parodyti, kad, pasitelkus \u0161iek tiek k\u016brybi\u0161kumo, orkait\u0117 gali kiekvien\u0105 patiekal\u0105 paversti tikru malonumu!","sameAs":["https:\/\/air-fryer-ninja.fr"],"url":"https:\/\/air-fryer-ninja.fr\/lt\/author\/a1rdy\/"}]}},"_links":{"self":[{"href":"https:\/\/air-fryer-ninja.fr\/lt\/wp-json\/wp\/v2\/posts\/3163","targetHints":{"allow":["GET"]}}],"collection":[{"href":"https:\/\/air-fryer-ninja.fr\/lt\/wp-json\/wp\/v2\/posts"}],"about":[{"href":"https:\/\/air-fryer-ninja.fr\/lt\/wp-json\/wp\/v2\/types\/post"}],"author":[{"embeddable":true,"href":"https:\/\/air-fryer-ninja.fr\/lt\/wp-json\/wp\/v2\/users\/1"}],"replies":[{"embeddable":true,"href":"https:\/\/air-fryer-ninja.fr\/lt\/wp-json\/wp\/v2\/comments?post=3163"}],"version-history":[{"count":3,"href":"https:\/\/air-fryer-ninja.fr\/lt\/wp-json\/wp\/v2\/posts\/3163\/revisions"}],"predecessor-version":[{"id":3170,"href":"https:\/\/air-fryer-ninja.fr\/lt\/wp-json\/wp\/v2\/posts\/3163\/revisions\/3170"}],"wp:featuredmedia":[{"embeddable":true,"href":"https:\/\/air-fryer-ninja.fr\/lt\/wp-json\/wp\/v2\/media\/3165"}],"wp:attachment":[{"href":"https:\/\/air-fryer-ninja.fr\/lt\/wp-json\/wp\/v2\/media?parent=3163"}],"wp:term":[{"taxonomy":"category","embeddable":true,"href":"https:\/\/air-fryer-ninja.fr\/lt\/wp-json\/wp\/v2\/categories?post=3163"},{"taxonomy":"post_tag","embeddable":true,"href":"https:\/\/air-fryer-ninja.fr\/lt\/wp-json\/wp\/v2\/tags?post=3163"}],"curies":[{"name":"wp","href":"https:\/\/api.w.org\/{rel}","templated":true}]}}