{"id":3365,"date":"2025-01-27T08:25:00","date_gmt":"2025-01-27T08:25:00","guid":{"rendered":"https:\/\/air-fryer-ninja.fr\/?p=3365"},"modified":"2025-01-26T22:06:34","modified_gmt":"2025-01-26T22:06:34","slug":"recette-tarte-aux-pommes-au-airfryer","status":"publish","type":"post","link":"https:\/\/air-fryer-ninja.fr\/ko\/recette-tarte-aux-pommes-au-airfryer\/","title":{"rendered":"Recette tarte aux pommes au Airfryer"},"content":{"rendered":"<p><strong>Envie d&rsquo;un dessert qui sent bon la tradition mais avec une touche de modernit\u00e9 ? Notre&nbsp;tarte aux pommes au airfryer&nbsp;est la r\u00e9ponse parfaite ! En combinant le charme d&rsquo;une recette ancestrale avec les avantages de la cuisson \u00e0 air chaud, vous obtiendrez un&nbsp;dessert croustillant et parfum\u00e9&nbsp;qui ravira les papilles de tous vos convives. Cette version repens\u00e9e d&rsquo;un grand classique fran\u00e7ais vous promet une&nbsp;exp\u00e9rience gustative exceptionnelle&nbsp;tout en vous simplifiant la vie.<\/strong><\/p>\n\n\n\n<p>\u23f1\ufe0f<strong>\u00a0<\/strong>Dur\u00e9e de pr\u00e9paration : 15 minutes<br>\u23f1\ufe0f<strong>\u00a0<\/strong>Dur\u00e9e de cuisson : 20 minutes<br>\u23f1\ufe0f<strong>\u00a0<\/strong>Dur\u00e9e totale : 35 minutes<\/p>\n\n\n\n<h2 class=\"wp-block-heading\">Ingr\u00e9dients (pour 4 personnes)<\/h2>\n\n\n\n<ul class=\"wp-block-list\">\n<li>1 p\u00e2te bris\u00e9e<\/li>\n\n\n\n<li>4 pommes moyennes<\/li>\n\n\n\n<li>\ubc84\ud130 50g<\/li>\n\n\n\n<li>2 cuill\u00e8res \u00e0 soupe de cannelle<\/li>\n\n\n\n<li>\uafc0 2\ud070\uc220<\/li>\n\n\n\n<li>1 cuill\u00e8re \u00e0 soupe de jus de citron frais<\/li>\n<\/ul>\n\n\n\n<h2 class=\"wp-block-heading\">Ustensiles<\/h2>\n\n\n\n<ul class=\"wp-block-list\">\n<li>Un airfryer<\/li>\n\n\n\n<li>Un moule \u00e0 tarte adapt\u00e9 \u00e0 votre airfryer<\/li>\n\n\n\n<li>Un \u00e9conome<\/li>\n\n\n\n<li>Un couteau de cuisine<\/li>\n\n\n\n<li>Une po\u00eale<\/li>\n<\/ul>\n\n\n\n<h2 class=\"wp-block-heading\">\u00c9tapes de r\u00e9alisation<\/h2>\n\n\n\n<ol class=\"wp-block-list\">\n<li><strong>Mise en temp\u00e9rature<\/strong>&nbsp;: Pr\u00e9chauffez votre airfryer \u00e0 180\u00b0C pour obtenir une cuisson optimale.<\/li>\n\n\n\n<li><strong>Pr\u00e9parez vos pommes<\/strong> :&nbsp;\u00c9pluchez-les soigneusement&nbsp;puis d\u00e9coupez-les en fines lamelles r\u00e9guli\u00e8res.<\/li>\n\n\n\n<li><strong>Confection du m\u00e9lange<\/strong> : Dans une po\u00eale chaude,&nbsp;<strong>laissez doucement fondre le beurre<\/strong>. Incorporez les lamelles de pommes, parsemez de cannelle, versez le miel et arrosez de jus de citron.&nbsp;Laissez les saveurs se d\u00e9velopper pendant quelques minutes&nbsp;en m\u00e9langeant avec pr\u00e9caution.<\/li>\n\n\n\n<li><strong>Montage de la tarte<\/strong>&nbsp;: Disposez la p\u00e2te bris\u00e9e dans votre moule en pressant bien les bords. Versez harmonieusement la pr\u00e9paration aux pommes.<\/li>\n\n\n\n<li><strong>Cuisson au airfryer<\/strong> :&nbsp;Enfournez votre tarte&nbsp;pour 20 minutes de cuisson, jusqu&rsquo;\u00e0 obtenir une belle coloration dor\u00e9e.<\/li>\n<\/ol>\n\n\n\n<h2 class=\"wp-block-heading\">Conseils du chef<\/h2>\n\n\n\n<ul class=\"wp-block-list\">\n<li>Choisissez des pommes l\u00e9g\u00e8rement acidul\u00e9es pour un meilleur \u00e9quilibre des saveurs<\/li>\n\n\n\n<li>V\u00e9rifiez la cuisson \u00e0 mi-parcours et ajustez le temps si n\u00e9cessaire<\/li>\n\n\n\n<li>Laissez refroidir 10 minutes avant de d\u00e9mouler pour une meilleure tenue<\/li>\n<\/ul>\n\n\n\n<p><strong>Pour une version plus saine<\/strong>, optez pour de l&rsquo;huile de coco \u00e0 la place du beurre et du sirop d&rsquo;\u00e9rable plut\u00f4t que du miel. La p\u00e2te bris\u00e9e peut \u00eatre pr\u00e9par\u00e9e avec de la farine compl\u00e8te pour augmenter l&rsquo;apport en fibres.&nbsp;<strong>Ces alternatives permettent de conserver tout le plaisir gustatif<\/strong>&nbsp;tout en r\u00e9duisant l&rsquo;apport calorique et en augmentant les b\u00e9n\u00e9fices nutritionnels de votre dessert.<\/p>\n\n\n\n<h3 class=\"wp-block-heading\">La phrase du chef :<\/h3>\n\n\n\n<blockquote class=\"wp-block-quote is-layout-flow wp-block-quote-is-layout-flow\">\n<p>\u00ab\u00a0<em>Quand les pommes dansent avec la cannelle dans un ballet de saveurs au c\u0153ur de l&rsquo;airfryer, la magie op\u00e8re et transforme le simple en extraordinaire.<\/em>\u00ab\u00a0<\/p>\n<\/blockquote>\n\n\n\n<p><strong>N&rsquo;h\u00e9sitez pas \u00e0 tester cette recette et \u00e0 partager vos r\u00e9alisations dans les commentaires !<\/strong><\/p>\n\n\n\n<h2 class=\"wp-block-heading\">Questions fr\u00e9quentes<\/h2>\n\n\n\n<p><strong>Quelles vari\u00e9t\u00e9s de pommes utiliser ?<\/strong><br>Privil\u00e9giez des pommes comme la Golden, la Reinette ou la Pink Lady qui gardent leur texture \u00e0 la cuisson.<\/p>\n\n\n\n<p><strong>Peut-on congeler cette tarte ?<\/strong><br>Oui, la tarte se cong\u00e8le parfaitement. R\u00e9chauffez-la au airfryer quelques minutes avant d\u00e9gustation.<\/p>\n\n\n\n<p><strong>Comment personnaliser la recette ?<\/strong><br>Ajoutez des \u00e9pices comme la vanille, le gingembre ou la cardamome selon vos go\u00fbts.<\/p>\n\n\n\n<p><strong>Quelle est la meilleure temp\u00e9rature de d\u00e9gustation ?<\/strong><br>La tarte peut \u00eatre savour\u00e9e ti\u00e8de ou \u00e0 temp\u00e9rature ambiante. Pour plus de gourmandise, servez-la l\u00e9g\u00e8rement chaude avec une boule de glace \u00e0 la vanille.<\/p>\n\n\n\n<p><strong>D\u00e9couvrez nos autres <a href=\"https:\/\/air-fryer-ninja.fr\/ko\/%ec%b9%b4%ed%85%8c%ea%b3%a0%eb%a6%ac\/%ed%8c%8c%ed%8b%b0%ec%84%b8%eb%a6%ac\/\">recettes de p\u00e2tisseries au airfryer<\/a> !<\/strong>&nbsp;Croissants croustillants, chaussons aux pommes dor\u00e9s, madeleines moelleuses&#8230; Laissez-vous tenter par nos d\u00e9licieuses cr\u00e9ations qui r\u00e9inventent la p\u00e2tisserie traditionnelle.<\/p>\n\n\n\n<p>\uc774\u00a0<strong>tarte aux pommes au airfryer<\/strong>\u00a0repr\u00e9sente parfaitement l&rsquo;alliance entre tradition culinaire et innovation technologique. Sa pr\u00e9paration simple et rapide en fait un dessert id\u00e9al pour le quotidien comme pour les occasions sp\u00e9ciales. Lancez-vous dans l&rsquo;aventure et d\u00e9couvrez le plaisir d&rsquo;une p\u00e2tisserie maison cuite \u00e0 l&rsquo;air chaud !<\/p>\n\n\n\n<p><\/p>","protected":false},"excerpt":{"rendered":"<p>Envie d&rsquo;un dessert qui sent bon la tradition mais avec une touche de modernit\u00e9 ? Notre&nbsp;tarte aux pommes au airfryer&nbsp;est la r\u00e9ponse parfaite ! En combinant le charme d&rsquo;une recette ancestrale avec les avantages de la cuisson \u00e0 air chaud, vous obtiendrez un&nbsp;dessert croustillant et parfum\u00e9&nbsp;qui ravira les papilles de tous vos convives. Cette version [&hellip;]<\/p>","protected":false},"author":1,"featured_media":3367,"comment_status":"open","ping_status":"open","sticky":false,"template":"","format":"standard","meta":{"wprm-recipe-roundup-name":"","wprm-recipe-roundup-description":"","footnotes":""},"categories":[34],"tags":[211,241,181,251],"class_list":["post-3365","post","type-post","status-publish","format-standard","has-post-thumbnail","hentry","category-patisserie","tag-gateau","tag-patisserie","tag-pommes","tag-tarte-aux-pommes"],"yoast_head":"<!-- This site is optimized with the Yoast SEO plugin v27.5 - https:\/\/yoast.com\/product\/yoast-seo-wordpress\/ -->\n<title>Recette tarte aux pommes au Airfryer - Air fryer ninja Recettes<\/title>\n<meta name=\"description\" content=\"Quand votre airfryer se prend pour un boulanger du dimanche ! Laissez-vous tenter par notre tarte aux pommes aux ar\u00f4mes d&#039;antan, o\u00f9 la technologie sublime les saveurs de grand-m\u00e8re. Une recette fut\u00e9e qui transforme votre cuisine en p\u00e2tisserie 2.0 !\" \/>\n<meta name=\"robots\" content=\"index, follow, max-snippet:-1, max-image-preview:large, max-video-preview:-1\" \/>\n<link rel=\"canonical\" href=\"https:\/\/air-fryer-ninja.fr\/ko\/recette-tarte-aux-pommes-au-airfryer\/\" \/>\n<meta property=\"og:locale\" content=\"ko_KR\" \/>\n<meta property=\"og:type\" content=\"article\" \/>\n<meta property=\"og:title\" content=\"Recette tarte aux pommes au Airfryer - Air fryer ninja Recettes\" \/>\n<meta property=\"og:description\" content=\"Quand votre airfryer se prend pour un boulanger du dimanche ! Laissez-vous tenter par notre tarte aux pommes aux ar\u00f4mes d&#039;antan, o\u00f9 la technologie sublime les saveurs de grand-m\u00e8re. Une recette fut\u00e9e qui transforme votre cuisine en p\u00e2tisserie 2.0 !\" \/>\n<meta property=\"og:url\" content=\"https:\/\/air-fryer-ninja.fr\/ko\/recette-tarte-aux-pommes-au-airfryer\/\" \/>\n<meta property=\"og:site_name\" content=\"Air fryer ninja Recettes\" \/>\n<meta property=\"article:published_time\" content=\"2025-01-27T08:25:00+00:00\" \/>\n<meta property=\"og:image\" content=\"https:\/\/air-fryer-ninja.fr\/wp-content\/uploads\/2026\/01\/recette-tarte-aux-pommes-au-airfryer.jpg\" \/>\n\t<meta property=\"og:image:width\" content=\"1200\" \/>\n\t<meta property=\"og:image:height\" content=\"675\" \/>\n\t<meta property=\"og:image:type\" content=\"image\/jpeg\" \/>\n<meta name=\"author\" content=\"Stephy\" \/>\n<meta name=\"twitter:card\" content=\"summary_large_image\" \/>\n<meta name=\"twitter:label1\" content=\"\uae00\uc4f4\uc774\" \/>\n\t<meta name=\"twitter:data1\" content=\"Stephy\" \/>\n\t<meta name=\"twitter:label2\" content=\"\uc608\uc0c1 \ub418\ub294 \ud310\ub3c5 \uc2dc\uac04\" \/>\n\t<meta name=\"twitter:data2\" content=\"3\ubd84\" \/>\n<!-- \/ Yoast SEO plugin. -->","yoast_head_json":{"title":"Recette tarte aux pommes au Airfryer - Air fryer ninja Recettes","description":"Quand votre airfryer se prend pour un boulanger du dimanche ! Laissez-vous tenter par notre tarte aux pommes aux ar\u00f4mes d'antan, o\u00f9 la technologie sublime les saveurs de grand-m\u00e8re. Une recette fut\u00e9e qui transforme votre cuisine en p\u00e2tisserie 2.0 !","robots":{"index":"index","follow":"follow","max-snippet":"max-snippet:-1","max-image-preview":"max-image-preview:large","max-video-preview":"max-video-preview:-1"},"canonical":"https:\/\/air-fryer-ninja.fr\/ko\/recette-tarte-aux-pommes-au-airfryer\/","og_locale":"ko_KR","og_type":"article","og_title":"Recette tarte aux pommes au Airfryer - Air fryer ninja Recettes","og_description":"Quand votre airfryer se prend pour un boulanger du dimanche ! Laissez-vous tenter par notre tarte aux pommes aux ar\u00f4mes d'antan, o\u00f9 la technologie sublime les saveurs de grand-m\u00e8re. Une recette fut\u00e9e qui transforme votre cuisine en p\u00e2tisserie 2.0 !","og_url":"https:\/\/air-fryer-ninja.fr\/ko\/recette-tarte-aux-pommes-au-airfryer\/","og_site_name":"Air fryer ninja Recettes","article_published_time":"2025-01-27T08:25:00+00:00","og_image":[{"width":1200,"height":675,"url":"https:\/\/air-fryer-ninja.fr\/wp-content\/uploads\/2026\/01\/recette-tarte-aux-pommes-au-airfryer.jpg","type":"image\/jpeg"}],"author":"Stephy","twitter_card":"summary_large_image","twitter_misc":{"\uae00\uc4f4\uc774":"Stephy","\uc608\uc0c1 \ub418\ub294 \ud310\ub3c5 \uc2dc\uac04":"3\ubd84"},"schema":{"@context":"https:\/\/schema.org","@graph":[{"@type":"Article","@id":"https:\/\/air-fryer-ninja.fr\/recette-tarte-aux-pommes-au-airfryer\/#article","isPartOf":{"@id":"https:\/\/air-fryer-ninja.fr\/recette-tarte-aux-pommes-au-airfryer\/"},"author":{"name":"Stephy","@id":"https:\/\/air-fryer-ninja.fr\/#\/schema\/person\/31ca83cb1c8812323af9097575aa686b"},"headline":"Recette tarte aux pommes au Airfryer","datePublished":"2025-01-27T08:25:00+00:00","mainEntityOfPage":{"@id":"https:\/\/air-fryer-ninja.fr\/recette-tarte-aux-pommes-au-airfryer\/"},"wordCount":646,"commentCount":0,"publisher":{"@id":"https:\/\/air-fryer-ninja.fr\/#organization"},"image":{"@id":"https:\/\/air-fryer-ninja.fr\/recette-tarte-aux-pommes-au-airfryer\/#primaryimage"},"thumbnailUrl":"https:\/\/air-fryer-ninja.fr\/wp-content\/uploads\/2026\/01\/recette-tarte-aux-pommes-au-airfryer.jpg","keywords":["g\u00e2teau","p\u00e2tisserie","Pommes","tarte aux pommes"],"articleSection":["P\u00e2tisserie"],"inLanguage":"ko-KR","potentialAction":[{"@type":"CommentAction","name":"Comment","target":["https:\/\/air-fryer-ninja.fr\/recette-tarte-aux-pommes-au-airfryer\/#respond"]}]},{"@type":"WebPage","@id":"https:\/\/air-fryer-ninja.fr\/recette-tarte-aux-pommes-au-airfryer\/","url":"https:\/\/air-fryer-ninja.fr\/recette-tarte-aux-pommes-au-airfryer\/","name":"Recette tarte aux pommes au Airfryer - Air fryer ninja Recettes","isPartOf":{"@id":"https:\/\/air-fryer-ninja.fr\/#website"},"primaryImageOfPage":{"@id":"https:\/\/air-fryer-ninja.fr\/recette-tarte-aux-pommes-au-airfryer\/#primaryimage"},"image":{"@id":"https:\/\/air-fryer-ninja.fr\/recette-tarte-aux-pommes-au-airfryer\/#primaryimage"},"thumbnailUrl":"https:\/\/air-fryer-ninja.fr\/wp-content\/uploads\/2026\/01\/recette-tarte-aux-pommes-au-airfryer.jpg","datePublished":"2025-01-27T08:25:00+00:00","description":"Quand votre airfryer se prend pour un boulanger du dimanche ! Laissez-vous tenter par notre tarte aux pommes aux ar\u00f4mes d'antan, o\u00f9 la technologie sublime les saveurs de grand-m\u00e8re. Une recette fut\u00e9e qui transforme votre cuisine en p\u00e2tisserie 2.0 !","breadcrumb":{"@id":"https:\/\/air-fryer-ninja.fr\/recette-tarte-aux-pommes-au-airfryer\/#breadcrumb"},"inLanguage":"ko-KR","potentialAction":[{"@type":"ReadAction","target":["https:\/\/air-fryer-ninja.fr\/recette-tarte-aux-pommes-au-airfryer\/"]}]},{"@type":"ImageObject","inLanguage":"ko-KR","@id":"https:\/\/air-fryer-ninja.fr\/recette-tarte-aux-pommes-au-airfryer\/#primaryimage","url":"https:\/\/air-fryer-ninja.fr\/wp-content\/uploads\/2026\/01\/recette-tarte-aux-pommes-au-airfryer.jpg","contentUrl":"https:\/\/air-fryer-ninja.fr\/wp-content\/uploads\/2026\/01\/recette-tarte-aux-pommes-au-airfryer.jpg","width":1200,"height":675,"caption":"recette tarte aux pommes au airfryer"},{"@type":"BreadcrumbList","@id":"https:\/\/air-fryer-ninja.fr\/recette-tarte-aux-pommes-au-airfryer\/#breadcrumb","itemListElement":[{"@type":"ListItem","position":1,"name":"Recette Air Fryer","item":"https:\/\/air-fryer-ninja.fr\/"},{"@type":"ListItem","position":2,"name":"Recette tarte aux pommes au Airfryer"}]},{"@type":"WebSite","@id":"https:\/\/air-fryer-ninja.fr\/#website","url":"https:\/\/air-fryer-ninja.fr\/","name":"\uc5d0\uc5b4 \ud504\ub77c\uc774\uc5b4 \ub2cc\uc790","description":"\uc5d0\uc5b4\ud504\ub77c\uc774\uc5b4 \ub2cc\uc790 \ub808\uc2dc\ud53c \ube14\ub85c\uadf8","publisher":{"@id":"https:\/\/air-fryer-ninja.fr\/#organization"},"potentialAction":[{"@type":"SearchAction","target":{"@type":"EntryPoint","urlTemplate":"https:\/\/air-fryer-ninja.fr\/?s={search_term_string}"},"query-input":{"@type":"PropertyValueSpecification","valueRequired":true,"valueName":"search_term_string"}}],"inLanguage":"ko-KR"},{"@type":"Organization","@id":"https:\/\/air-fryer-ninja.fr\/#organization","name":"\uc5d0\uc5b4 \ud504\ub77c\uc774\uc5b4 \ub2cc\uc790","url":"https:\/\/air-fryer-ninja.fr\/","logo":{"@type":"ImageObject","inLanguage":"ko-KR","@id":"https:\/\/air-fryer-ninja.fr\/#\/schema\/logo\/image\/","url":"https:\/\/air-fryer-ninja.fr\/wp-content\/uploads\/2022\/09\/air-fryer-ninja.png","contentUrl":"https:\/\/air-fryer-ninja.fr\/wp-content\/uploads\/2022\/09\/air-fryer-ninja.png","width":500,"height":90,"caption":"Air fryer ninja"},"image":{"@id":"https:\/\/air-fryer-ninja.fr\/#\/schema\/logo\/image\/"}},{"@type":"Person","@id":"https:\/\/air-fryer-ninja.fr\/#\/schema\/person\/31ca83cb1c8812323af9097575aa686b","name":"Stephy","image":{"@type":"ImageObject","inLanguage":"ko-KR","@id":"https:\/\/air-fryer-ninja.fr\/wp-content\/uploads\/2024\/11\/cropped-Untitled-design-2024-11-04T123927.617-96x96.jpg","url":"https:\/\/air-fryer-ninja.fr\/wp-content\/uploads\/2024\/11\/cropped-Untitled-design-2024-11-04T123927.617-96x96.jpg","contentUrl":"https:\/\/air-fryer-ninja.fr\/wp-content\/uploads\/2024\/11\/cropped-Untitled-design-2024-11-04T123927.617-96x96.jpg","caption":"Stephy"},"description":"\uc800\ub294 \uc694\ub9ac\uc5d0 \ub300\ud55c \uc5f4\uc815\uc744 \uac00\uc9c4 \uc8fc\ubd80 \uc2a4\ud14c\ud53c\uc785\ub2c8\ub2e4! \uc5d0\uc5b4\ud504\ub77c\uc774\uc5b4\ub97c \uc54c\uac8c \ub41c \uc774\ud6c4\ub85c \uc5d0\uc5b4\ud504\ub77c\uc774\uc5b4\ub294 \ub9db\uc788\uace0 \ub9cc\ub4e4\uae30 \uc26c\uc6b4 \ub808\uc2dc\ud53c\ub97c \ub9cc\ub4dc\ub294 \ub370 \uc774\uc0c1\uc801\uc778 \ub3d9\ubc18\uc790\uc600\uc2b5\ub2c8\ub2e4. \uc800\ub294 \uac00\uc871\uc744 \ub180\ub77c\uac8c \ud558\uace0 \uae30\uc058\uac8c \ud558\ub294 \uc694\ub9ac\ub97c \uc2e4\ud5d8\ud558\uace0 \ubc1c\uba85\ud558\ub294 \uac83\uc744 \uc88b\uc544\ud569\ub2c8\ub2e4. \uc5ec\uae30\uc5d0\uc11c\ub294 \uac00\uc2a4\ub808\uc778\uc9c0 \uc55e\uc5d0\uc11c \uba87 \uc2dc\uac04 \ub3d9\uc548 \uc2dc\uac04\uc744 \ubcf4\ub0b4\uc9c0 \uc54a\uace0\ub3c4 \uac00\uc815 \uc694\ub9ac\uc758 \uc990\uac70\uc6c0\uc744 \uc990\uae38 \uc218 \uc788\ub3c4\ub85d \uc81c\uac00 \uac00\uc7a5 \uc88b\uc544\ud558\ub294 \ub808\uc2dc\ud53c\uc640 \ud301\uc744 \uacf5\uc720\ud569\ub2c8\ub2e4. \uc81c \ubaa9\ud45c\ub294? \uc57d\uac04\uc758 \ucc3d\uc758\ub825\uc744 \ubc1c\ud718\ud558\uba74 \uc5d0\uc5b4\ud504\ub77c\uc774\uc5b4\uac00 \ubaa8\ub4e0 \uc2dd\uc0ac\ub97c \uc9c4\uc815\ud55c \uc990\uac70\uc6c0\uc73c\ub85c \ubc14\uafc0 \uc218 \uc788\ub2e4\ub294 \uac83\uc744 \ubcf4\uc5ec\ub4dc\ub9ac\ub294 \uac83\uc785\ub2c8\ub2e4!","sameAs":["https:\/\/air-fryer-ninja.fr"],"url":"https:\/\/air-fryer-ninja.fr\/ko\/author\/a1rdy\/"}]}},"_links":{"self":[{"href":"https:\/\/air-fryer-ninja.fr\/ko\/wp-json\/wp\/v2\/posts\/3365","targetHints":{"allow":["GET"]}}],"collection":[{"href":"https:\/\/air-fryer-ninja.fr\/ko\/wp-json\/wp\/v2\/posts"}],"about":[{"href":"https:\/\/air-fryer-ninja.fr\/ko\/wp-json\/wp\/v2\/types\/post"}],"author":[{"embeddable":true,"href":"https:\/\/air-fryer-ninja.fr\/ko\/wp-json\/wp\/v2\/users\/1"}],"replies":[{"embeddable":true,"href":"https:\/\/air-fryer-ninja.fr\/ko\/wp-json\/wp\/v2\/comments?post=3365"}],"version-history":[{"count":2,"href":"https:\/\/air-fryer-ninja.fr\/ko\/wp-json\/wp\/v2\/posts\/3365\/revisions"}],"predecessor-version":[{"id":3388,"href":"https:\/\/air-fryer-ninja.fr\/ko\/wp-json\/wp\/v2\/posts\/3365\/revisions\/3388"}],"wp:featuredmedia":[{"embeddable":true,"href":"https:\/\/air-fryer-ninja.fr\/ko\/wp-json\/wp\/v2\/media\/3367"}],"wp:attachment":[{"href":"https:\/\/air-fryer-ninja.fr\/ko\/wp-json\/wp\/v2\/media?parent=3365"}],"wp:term":[{"taxonomy":"category","embeddable":true,"href":"https:\/\/air-fryer-ninja.fr\/ko\/wp-json\/wp\/v2\/categories?post=3365"},{"taxonomy":"post_tag","embeddable":true,"href":"https:\/\/air-fryer-ninja.fr\/ko\/wp-json\/wp\/v2\/tags?post=3365"}],"curies":[{"name":"wp","href":"https:\/\/api.w.org\/{rel}","templated":true}]}}