{"id":3517,"date":"2025-02-07T08:25:00","date_gmt":"2025-02-07T08:25:00","guid":{"rendered":"https:\/\/air-fryer-ninja.fr\/?p=3517"},"modified":"2025-02-07T14:07:09","modified_gmt":"2025-02-07T14:07:09","slug":"recette-porridge-au-airfryer","status":"publish","type":"post","link":"https:\/\/air-fryer-ninja.fr\/hu\/recette-porridge-au-airfryer\/","title":{"rendered":"Recette porridge au Airfryer"},"content":{"rendered":"<p><strong>Envie de r\u00e9volutionner votre routine matinale ? L&rsquo;airfryer n&rsquo;est pas r\u00e9serv\u00e9 qu&rsquo;aux frites ! D\u00e9couvrez comment transformer vos flocons d&rsquo;avoine en un petit-d\u00e9jeuner gourmand aux textures surprenantes. Notre m\u00e9thode unique cr\u00e9e un porridge \u00e0 la fois moelleux \u00e0 c\u0153ur et d\u00e9licatement croustillant en surface &#8211; une exp\u00e9rience gustative qui vous fera sauter du lit ! En plus d&rsquo;\u00eatre ultra rapide \u00e0 pr\u00e9parer, cette recette s&rsquo;adapte \u00e0 tous vos toppings pr\u00e9f\u00e9r\u00e9s. Pr\u00eat \u00e0 red\u00e9couvrir le petit-d\u00e9jeuner ?<\/strong><\/p>\n\n\n\n<p>\u23f1\ufe0f Temps de pr\u00e9paration : 5 minutes<br>\u23f1\ufe0f Temps de cuisson : 10 minutes<br>\u23f1\ufe0f Temps total : 15 minutes<\/p>\n\n\n\n<h2 class=\"wp-block-heading\">Ingr\u00e9dients (pour 1 personne)<\/h2>\n\n\n\n<ul class=\"wp-block-list\">\n<li>50 g de flocons d&rsquo;avoine traditionnels<\/li>\n\n\n\n<li>200 ml de lait d&rsquo;amande (ou votre lait v\u00e9g\u00e9tal pr\u00e9f\u00e9r\u00e9)<\/li>\n\n\n\n<li>1 te\u00e1skan\u00e1l \u0151r\u00f6lt fah\u00e9j<\/li>\n\n\n\n<li>1 pomme bio<\/li>\n\n\n\n<li>1 poign\u00e9e de noix fra\u00eechement concass\u00e9es<\/li>\n<\/ul>\n\n\n\n<h2 class=\"wp-block-heading\">Ustensiles indispensables<\/h2>\n\n\n\n<ul class=\"wp-block-list\">\n<li>Un airfryer<\/li>\n\n\n\n<li>Un bol m\u00e9langeur profond<\/li>\n\n\n\n<li>Une cuill\u00e8re en bois ou une spatule<\/li>\n\n\n\n<li>Un couteau bien aiguis\u00e9<\/li>\n\n\n\n<li>Un r\u00e9cipient adapt\u00e9 \u00e0 l&rsquo;airfryer<\/li>\n<\/ul>\n\n\n\n<h2 class=\"wp-block-heading\">R\u00e9alisation pas \u00e0 pas<\/h2>\n\n\n\n<ol class=\"wp-block-list\">\n<li><strong>Pr\u00e9chauffez votre airfryer \u00e0 180\u00b0C<\/strong> pendant que vous pr\u00e9parez le m\u00e9lange.<\/li>\n\n\n\n<li>Dans votre bol, <strong>combinez les flocons d&rsquo;avoine avec le lait d&rsquo;amande<\/strong> ti\u00e9di. Incorporez la cannelle en m\u00e9langeant d\u00e9licatement.<\/li>\n\n\n\n<li><strong>Coupez votre pomme en petits d\u00e9s<\/strong> r\u00e9guliers et ajoutez-les \u00e0 la pr\u00e9paration avec les noix concass\u00e9es.<\/li>\n\n\n\n<li><strong>Versez avec pr\u00e9caution<\/strong> votre pr\u00e9paration dans le r\u00e9cipient adapt\u00e9 \u00e0 votre airfryer pr\u00e9chauff\u00e9.<\/li>\n\n\n\n<li><strong>Programmez 10 minutes de cuisson \u00e0 180\u00b0C<\/strong>, en v\u00e9rifiant la texture \u00e0 mi-cuisson.<\/li>\n<\/ol>\n\n\n\n<h2 class=\"wp-block-heading\">Conseils du chef<\/h2>\n\n\n\n<ul class=\"wp-block-list\">\n<li>Pr\u00e9chauffez syst\u00e9matiquement votre airfryer pour un r\u00e9sultat optimal<\/li>\n\n\n\n<li>Privil\u00e9giez des flocons d&rsquo;avoine de qualit\u00e9 pour une texture parfaite<\/li>\n\n\n\n<li>Osez les \u00e9pices : muscade, gingembre ou cardamome pour varier les plaisirs<\/li>\n\n\n\n<li>Un soup\u00e7on de vanille sublimera les saveurs de fruits<\/li>\n<\/ul>\n\n\n\n<p>La philosophie du chef :<\/p>\n\n\n\n<blockquote class=\"wp-block-quote is-layout-flow wp-block-quote-is-layout-flow\">\n<p><em>\u00ab\u00a0La magie d&rsquo;un bon porridge r\u00e9side dans l&rsquo;\u00e9quilibre des textures : le croustillant de surface doit sublimer le cr\u00e9meux du c\u0153ur.\u00a0\u00bb<\/em><\/p>\n<\/blockquote>\n\n\n\n<h2 class=\"wp-block-heading\">Questions fr\u00e9quentes<\/h2>\n\n\n\n<p><strong>Quelles alternatives au lait d&rsquo;amande puis-je utiliser ?<br><\/strong>Le monde des laits v\u00e9g\u00e9taux est vaste : soja, avoine, noisette, coco\u2026 Chacun apportera sa touche unique \u00e0 votre porridge.<\/p>\n\n\n\n<p><strong>Quelle est la dur\u00e9e de conservation id\u00e9ale ?<br><\/strong>Consommez votre porridge dans les 24 heures pour une exp\u00e9rience optimale. Si besoin, conservez-le au frais dans un contenant herm\u00e9tique.<\/p>\n\n\n\n<p><strong>Comment g\u00e9rer la texture finale ?<br><\/strong>Surveillez la cuisson \u00e0 mi-parcours. Si le dessus devient trop sec, ajoutez un filet de lait chaud avant de servir.<\/p>\n\n\n\n<p><strong>Peut-on pr\u00e9parer plusieurs portions \u00e0 la fois ?<br><\/strong>Oui, doublez les quantit\u00e9s en veillant \u00e0 ne pas trop remplir le panier de l&rsquo;airfryer pour une cuisson homog\u00e8ne.<\/p>\n\n\n\n<p><strong>Mon porridge manque de gourmandise, des suggestions ?<br><\/strong>Explorez les toppings : fruits caram\u00e9lis\u00e9s, beurre de cacahu\u00e8te fondu, \u00e9clats de chocolat noir, ou un filet de sirop d&rsquo;\u00e9rable.<\/p>\n\n\n\n<p>Votre airfryer vient de r\u00e9v\u00e9ler une nouvelle facette de son talent ! Ce porridge r\u00e9invent\u00e9 combine le r\u00e9confort d&rsquo;un petit-d\u00e9jeuner traditionnel avec une touche de modernit\u00e9 qui va surprendre vos papilles. Si cette recette vous a conquis, vous allez adorer notre collection de petits-d\u00e9jeuners revisit\u00e9s \u00e0 l&rsquo;airfryer. De nos granolas maison croustillants \u00e0 nos mini-pancakes dor\u00e9s, chaque recette est une nouvelle aventure gustative. Rejoignez notre communaut\u00e9 de cuisiniers cr\u00e9atifs et partagez vos variations pr\u00e9f\u00e9r\u00e9es dans les commentaires ! D\u00e9couvrez d\u00e8s maintenant notre s\u00e9lection compl\u00e8te de <a href=\"https:\/\/air-fryer-ninja.fr\/hu\/blog\/\">recettes \u00e0 l&rsquo;airfryer<\/a> en cliquant ici. <\/p>","protected":false},"excerpt":{"rendered":"<p>Envie de r\u00e9volutionner votre routine matinale ? L&rsquo;airfryer n&rsquo;est pas r\u00e9serv\u00e9 qu&rsquo;aux frites ! D\u00e9couvrez comment transformer vos flocons d&rsquo;avoine en un petit-d\u00e9jeuner gourmand aux textures surprenantes. Notre m\u00e9thode unique cr\u00e9e un porridge \u00e0 la fois moelleux \u00e0 c\u0153ur et d\u00e9licatement croustillant en surface &#8211; une exp\u00e9rience gustative qui vous fera sauter du lit ! [&hellip;]<\/p>","protected":false},"author":1,"featured_media":3519,"comment_status":"open","ping_status":"open","sticky":false,"template":"","format":"standard","meta":{"wprm-recipe-roundup-name":"","wprm-recipe-roundup-description":"","footnotes":""},"categories":[31],"tags":[220,295,299],"class_list":["post-3517","post","type-post","status-publish","format-standard","has-post-thumbnail","hentry","category-dessert","tag-healthy","tag-petit-dejeuner","tag-porridge"],"yoast_head":"<!-- This site is optimized with the Yoast SEO plugin v27.5 - https:\/\/yoast.com\/product\/yoast-seo-wordpress\/ -->\n<title>Recette porridge au Airfryer - Air fryer ninja Recettes<\/title>\n<meta name=\"description\" content=\"Pr\u00e9parez un d\u00e9licieux porridge au airfryer en 15 minutes ! Une recette facile et originale qui allie onctuosit\u00e9 et croustillant pour un petit-d\u00e9jeuner sain et r\u00e9confortant. D\u00e9couvrez nos astuces pour le r\u00e9ussir \u00e0 coup s\u00fbr !\" \/>\n<meta name=\"robots\" content=\"index, follow, max-snippet:-1, max-image-preview:large, max-video-preview:-1\" \/>\n<link rel=\"canonical\" href=\"https:\/\/air-fryer-ninja.fr\/hu\/recette-porridge-au-airfryer\/\" \/>\n<meta property=\"og:locale\" content=\"hu_HU\" \/>\n<meta property=\"og:type\" content=\"article\" \/>\n<meta property=\"og:title\" content=\"Recette porridge au Airfryer - Air fryer ninja Recettes\" \/>\n<meta property=\"og:description\" content=\"Pr\u00e9parez un d\u00e9licieux porridge au airfryer en 15 minutes ! Une recette facile et originale qui allie onctuosit\u00e9 et croustillant pour un petit-d\u00e9jeuner sain et r\u00e9confortant. D\u00e9couvrez nos astuces pour le r\u00e9ussir \u00e0 coup s\u00fbr !\" \/>\n<meta property=\"og:url\" content=\"https:\/\/air-fryer-ninja.fr\/hu\/recette-porridge-au-airfryer\/\" \/>\n<meta property=\"og:site_name\" content=\"Air fryer ninja Recettes\" \/>\n<meta property=\"article:published_time\" content=\"2025-02-07T08:25:00+00:00\" \/>\n<meta property=\"article:modified_time\" content=\"2025-02-07T14:07:09+00:00\" \/>\n<meta property=\"og:image\" content=\"https:\/\/air-fryer-ninja.fr\/wp-content\/uploads\/2026\/02\/recette-porridge-a-airfryer.jpg\" \/>\n\t<meta property=\"og:image:width\" content=\"1200\" \/>\n\t<meta property=\"og:image:height\" content=\"675\" \/>\n\t<meta property=\"og:image:type\" content=\"image\/jpeg\" \/>\n<meta name=\"author\" content=\"Stephy\" \/>\n<meta name=\"twitter:card\" content=\"summary_large_image\" \/>\n<meta name=\"twitter:label1\" content=\"Szerz\u0151:\" \/>\n\t<meta name=\"twitter:data1\" content=\"Stephy\" \/>\n\t<meta name=\"twitter:label2\" content=\"Becs\u00fclt olvas\u00e1si id\u0151\" \/>\n\t<meta name=\"twitter:data2\" content=\"3 perc\" \/>\n<!-- \/ Yoast SEO plugin. -->","yoast_head_json":{"title":"Recette porridge au Airfryer - Air fryer ninja Recettes","description":"Pr\u00e9parez un d\u00e9licieux porridge au airfryer en 15 minutes ! Une recette facile et originale qui allie onctuosit\u00e9 et croustillant pour un petit-d\u00e9jeuner sain et r\u00e9confortant. D\u00e9couvrez nos astuces pour le r\u00e9ussir \u00e0 coup s\u00fbr !","robots":{"index":"index","follow":"follow","max-snippet":"max-snippet:-1","max-image-preview":"max-image-preview:large","max-video-preview":"max-video-preview:-1"},"canonical":"https:\/\/air-fryer-ninja.fr\/hu\/recette-porridge-au-airfryer\/","og_locale":"hu_HU","og_type":"article","og_title":"Recette porridge au Airfryer - Air fryer ninja Recettes","og_description":"Pr\u00e9parez un d\u00e9licieux porridge au airfryer en 15 minutes ! Une recette facile et originale qui allie onctuosit\u00e9 et croustillant pour un petit-d\u00e9jeuner sain et r\u00e9confortant. D\u00e9couvrez nos astuces pour le r\u00e9ussir \u00e0 coup s\u00fbr !","og_url":"https:\/\/air-fryer-ninja.fr\/hu\/recette-porridge-au-airfryer\/","og_site_name":"Air fryer ninja Recettes","article_published_time":"2025-02-07T08:25:00+00:00","article_modified_time":"2025-02-07T14:07:09+00:00","og_image":[{"width":1200,"height":675,"url":"https:\/\/air-fryer-ninja.fr\/wp-content\/uploads\/2026\/02\/recette-porridge-a-airfryer.jpg","type":"image\/jpeg"}],"author":"Stephy","twitter_card":"summary_large_image","twitter_misc":{"Szerz\u0151:":"Stephy","Becs\u00fclt olvas\u00e1si id\u0151":"3 perc"},"schema":{"@context":"https:\/\/schema.org","@graph":[{"@type":"Article","@id":"https:\/\/air-fryer-ninja.fr\/recette-porridge-au-airfryer\/#article","isPartOf":{"@id":"https:\/\/air-fryer-ninja.fr\/recette-porridge-au-airfryer\/"},"author":{"name":"Stephy","@id":"https:\/\/air-fryer-ninja.fr\/#\/schema\/person\/31ca83cb1c8812323af9097575aa686b"},"headline":"Recette porridge au Airfryer","datePublished":"2025-02-07T08:25:00+00:00","dateModified":"2025-02-07T14:07:09+00:00","mainEntityOfPage":{"@id":"https:\/\/air-fryer-ninja.fr\/recette-porridge-au-airfryer\/"},"wordCount":583,"commentCount":0,"publisher":{"@id":"https:\/\/air-fryer-ninja.fr\/#organization"},"image":{"@id":"https:\/\/air-fryer-ninja.fr\/recette-porridge-au-airfryer\/#primaryimage"},"thumbnailUrl":"https:\/\/air-fryer-ninja.fr\/wp-content\/uploads\/2026\/02\/recette-porridge-a-airfryer.jpg","keywords":["healthy","petit-d\u00e9jeuner","porridge"],"articleSection":["Dessert"],"inLanguage":"hu","potentialAction":[{"@type":"CommentAction","name":"Comment","target":["https:\/\/air-fryer-ninja.fr\/recette-porridge-au-airfryer\/#respond"]}]},{"@type":"WebPage","@id":"https:\/\/air-fryer-ninja.fr\/recette-porridge-au-airfryer\/","url":"https:\/\/air-fryer-ninja.fr\/recette-porridge-au-airfryer\/","name":"Recette porridge au Airfryer - Air fryer ninja Recettes","isPartOf":{"@id":"https:\/\/air-fryer-ninja.fr\/#website"},"primaryImageOfPage":{"@id":"https:\/\/air-fryer-ninja.fr\/recette-porridge-au-airfryer\/#primaryimage"},"image":{"@id":"https:\/\/air-fryer-ninja.fr\/recette-porridge-au-airfryer\/#primaryimage"},"thumbnailUrl":"https:\/\/air-fryer-ninja.fr\/wp-content\/uploads\/2026\/02\/recette-porridge-a-airfryer.jpg","datePublished":"2025-02-07T08:25:00+00:00","dateModified":"2025-02-07T14:07:09+00:00","description":"Pr\u00e9parez un d\u00e9licieux porridge au airfryer en 15 minutes ! Une recette facile et originale qui allie onctuosit\u00e9 et croustillant pour un petit-d\u00e9jeuner sain et r\u00e9confortant. D\u00e9couvrez nos astuces pour le r\u00e9ussir \u00e0 coup s\u00fbr !","breadcrumb":{"@id":"https:\/\/air-fryer-ninja.fr\/recette-porridge-au-airfryer\/#breadcrumb"},"inLanguage":"hu","potentialAction":[{"@type":"ReadAction","target":["https:\/\/air-fryer-ninja.fr\/recette-porridge-au-airfryer\/"]}]},{"@type":"ImageObject","inLanguage":"hu","@id":"https:\/\/air-fryer-ninja.fr\/recette-porridge-au-airfryer\/#primaryimage","url":"https:\/\/air-fryer-ninja.fr\/wp-content\/uploads\/2026\/02\/recette-porridge-a-airfryer.jpg","contentUrl":"https:\/\/air-fryer-ninja.fr\/wp-content\/uploads\/2026\/02\/recette-porridge-a-airfryer.jpg","width":1200,"height":675,"caption":"recette porridge a airfryer"},{"@type":"BreadcrumbList","@id":"https:\/\/air-fryer-ninja.fr\/recette-porridge-au-airfryer\/#breadcrumb","itemListElement":[{"@type":"ListItem","position":1,"name":"Recette Air Fryer","item":"https:\/\/air-fryer-ninja.fr\/"},{"@type":"ListItem","position":2,"name":"Recette porridge au Airfryer"}]},{"@type":"WebSite","@id":"https:\/\/air-fryer-ninja.fr\/#website","url":"https:\/\/air-fryer-ninja.fr\/","name":"L\u00e9gs\u00fct\u0151 ninja","description":"L\u00e9gs\u00fct\u0151 ninja recept blog","publisher":{"@id":"https:\/\/air-fryer-ninja.fr\/#organization"},"potentialAction":[{"@type":"SearchAction","target":{"@type":"EntryPoint","urlTemplate":"https:\/\/air-fryer-ninja.fr\/?s={search_term_string}"},"query-input":{"@type":"PropertyValueSpecification","valueRequired":true,"valueName":"search_term_string"}}],"inLanguage":"hu"},{"@type":"Organization","@id":"https:\/\/air-fryer-ninja.fr\/#organization","name":"L\u00e9gs\u00fct\u0151 ninja","url":"https:\/\/air-fryer-ninja.fr\/","logo":{"@type":"ImageObject","inLanguage":"hu","@id":"https:\/\/air-fryer-ninja.fr\/#\/schema\/logo\/image\/","url":"https:\/\/air-fryer-ninja.fr\/wp-content\/uploads\/2022\/09\/air-fryer-ninja.png","contentUrl":"https:\/\/air-fryer-ninja.fr\/wp-content\/uploads\/2022\/09\/air-fryer-ninja.png","width":500,"height":90,"caption":"Air fryer ninja"},"image":{"@id":"https:\/\/air-fryer-ninja.fr\/#\/schema\/logo\/image\/"}},{"@type":"Person","@id":"https:\/\/air-fryer-ninja.fr\/#\/schema\/person\/31ca83cb1c8812323af9097575aa686b","name":"Stephy","image":{"@type":"ImageObject","inLanguage":"hu","@id":"https:\/\/air-fryer-ninja.fr\/wp-content\/uploads\/2024\/11\/cropped-Untitled-design-2024-11-04T123927.617-96x96.jpg","url":"https:\/\/air-fryer-ninja.fr\/wp-content\/uploads\/2024\/11\/cropped-Untitled-design-2024-11-04T123927.617-96x96.jpg","contentUrl":"https:\/\/air-fryer-ninja.fr\/wp-content\/uploads\/2024\/11\/cropped-Untitled-design-2024-11-04T123927.617-96x96.jpg","caption":"Stephy"},"description":"Stephy vagyok, egy h\u00e1ziasszony, akinek szenved\u00e9lye a f\u0151z\u00e9s! Ami\u00f3ta felfedeztem a l\u00e9gfrit\u0151g\u00e9pet, az\u00f3ta ide\u00e1lis t\u00e1rsam az \u00edzletes, k\u00f6nnyen elk\u00e9sz\u00edthet\u0151 receptek elk\u00e9sz\u00edt\u00e9s\u00e9hez. Szeretek k\u00eds\u00e9rletezni \u00e9s olyan \u00e9teleket kital\u00e1lni, amelyek meglepik \u00e9s meg\u00f6rvendeztetik a csal\u00e1domat. Itt megosztom a legjobb tippjeimet \u00e9s kedvenc receptjeimet, hogy \u00d6n is \u00e9lvezhesse az otthoni f\u0151z\u00e9s \u00f6r\u00f6meit an\u00e9lk\u00fcl, hogy \u00f3r\u00e1kat t\u00f6ltene a t\u0171zhely m\u00f6g\u00f6tt. A c\u00e9lom? Megmutatni, hogy egy kis kreativit\u00e1ssal a l\u00e9gs\u00fct\u0151 minden \u00e9telt igazi \u00e9lm\u00e9nny\u00e9 var\u00e1zsolhat!","sameAs":["https:\/\/air-fryer-ninja.fr"],"url":"https:\/\/air-fryer-ninja.fr\/hu\/author\/a1rdy\/"}]}},"_links":{"self":[{"href":"https:\/\/air-fryer-ninja.fr\/hu\/wp-json\/wp\/v2\/posts\/3517","targetHints":{"allow":["GET"]}}],"collection":[{"href":"https:\/\/air-fryer-ninja.fr\/hu\/wp-json\/wp\/v2\/posts"}],"about":[{"href":"https:\/\/air-fryer-ninja.fr\/hu\/wp-json\/wp\/v2\/types\/post"}],"author":[{"embeddable":true,"href":"https:\/\/air-fryer-ninja.fr\/hu\/wp-json\/wp\/v2\/users\/1"}],"replies":[{"embeddable":true,"href":"https:\/\/air-fryer-ninja.fr\/hu\/wp-json\/wp\/v2\/comments?post=3517"}],"version-history":[{"count":2,"href":"https:\/\/air-fryer-ninja.fr\/hu\/wp-json\/wp\/v2\/posts\/3517\/revisions"}],"predecessor-version":[{"id":3520,"href":"https:\/\/air-fryer-ninja.fr\/hu\/wp-json\/wp\/v2\/posts\/3517\/revisions\/3520"}],"wp:featuredmedia":[{"embeddable":true,"href":"https:\/\/air-fryer-ninja.fr\/hu\/wp-json\/wp\/v2\/media\/3519"}],"wp:attachment":[{"href":"https:\/\/air-fryer-ninja.fr\/hu\/wp-json\/wp\/v2\/media?parent=3517"}],"wp:term":[{"taxonomy":"category","embeddable":true,"href":"https:\/\/air-fryer-ninja.fr\/hu\/wp-json\/wp\/v2\/categories?post=3517"},{"taxonomy":"post_tag","embeddable":true,"href":"https:\/\/air-fryer-ninja.fr\/hu\/wp-json\/wp\/v2\/tags?post=3517"}],"curies":[{"name":"wp","href":"https:\/\/api.w.org\/{rel}","templated":true}]}}