{"id":3282,"date":"2025-01-21T08:25:00","date_gmt":"2025-01-21T08:25:00","guid":{"rendered":"https:\/\/air-fryer-ninja.fr\/?p=3282"},"modified":"2025-01-20T21:02:23","modified_gmt":"2025-01-20T21:02:23","slug":"recette-endives-au-jambon-au-airfryer","status":"publish","type":"post","link":"https:\/\/air-fryer-ninja.fr\/hu\/recette-endives-au-jambon-au-airfryer\/","title":{"rendered":"Recette endives au jambon au Airfryer"},"content":{"rendered":"<p><strong>Et si vous r\u00e9inventiez le gratin d&rsquo;endives&nbsp;gr\u00e2ce \u00e0 la magie de la cuisine \u00e0 air chaud ? Oubliez les longues heures de cuisson traditionnelle : votre Airfryer va r\u00e9volutionner ce grand classique du terroir.&nbsp;Entre le fondant du l\u00e9gume, la g\u00e9n\u00e9rosit\u00e9 du jambon et le croustillant du fromage, cette recette repens\u00e9e va enchanter vos papilles. Laissez-vous guider vers une nouvelle fa\u00e7on de cuisiner ce d\u00e9lice hivernal !<\/strong><\/p>\n\n\n\n<h2 class=\"wp-block-heading\">Liste des ingr\u00e9dients pour un repas familial<\/h2>\n\n\n\n<ul class=\"wp-block-list\">\n<li>4 belles endives de taille moyenne<\/li>\n\n\n\n<li>4 fines tranches de jambon blanc sup\u00e9rieur<\/li>\n\n\n\n<li>50g de fromage r\u00e2p\u00e9 \u00e0 gratiner<\/li>\n\n\n\n<li>20cl de cr\u00e8me fluide enti\u00e8re<\/li>\n\n\n\n<li>Une pinc\u00e9e de sel fin<\/li>\n\n\n\n<li>Poivre du moulin<\/li>\n<\/ul>\n\n\n\n<h2 class=\"wp-block-heading\">Mat\u00e9riel n\u00e9cessaire<\/h2>\n\n\n\n<ul class=\"wp-block-list\">\n<li>Votre fid\u00e8le Airfryer<\/li>\n\n\n\n<li>Un panier vapeur ou cuit-vapeur<\/li>\n\n\n\n<li>Une planche \u00e0 d\u00e9couper<\/li>\n\n\n\n<li>Un couteau aff\u00fbt\u00e9<\/li>\n\n\n\n<li>Un pinceau de cuisine (facultatif)<\/li>\n<\/ul>\n\n\n\n<h2 class=\"wp-block-heading\">\u00c9tapes de pr\u00e9paration d\u00e9taill\u00e9es<\/h2>\n\n\n\n<p>1.&nbsp;<strong>Commencez par mettre votre Airfryer en pr\u00e9chauffe \u00e0 180\u00b0C<\/strong>&nbsp;pendant que vous pr\u00e9parez vos ingr\u00e9dients.<br>2.&nbsp;<strong>Pr\u00e9parez vos endives avec soin<\/strong>&nbsp;: rincez-les \u00e0 l&rsquo;eau claire, \u00f4tez les premi\u00e8res feuilles si n\u00e9cessaire, et incisez d\u00e9licatement la base en croix pour retirer l&rsquo;amertume.<br>3.&nbsp;<strong>Passez \u00e0 l&rsquo;\u00e9tape vapeur<\/strong>&nbsp;: installez les endives dans votre cuit-vapeur pour 15 minutes de cuisson douce. V\u00e9rifiez la tendret\u00e9 \u00e0 l&rsquo;aide de la pointe d&rsquo;un couteau.<br>4.&nbsp;<strong>Proc\u00e9dez \u00e0 l&rsquo;habillage<\/strong>&nbsp;: apr\u00e8s avoir \u00e9goutt\u00e9 vos endives, enveloppez-les d\u00e9licatement dans les tranches de jambon.<br>5.&nbsp;<strong>Place \u00e0 la cuisson finale<\/strong>&nbsp;: disposez soigneusement vos endives enrob\u00e9es dans votre Airfryer.<br>6.&nbsp;<strong>Passez \u00e0 la touche gourmande<\/strong>&nbsp;: versez la cr\u00e8me en filet sur vos endives, puis saupoudrez g\u00e9n\u00e9reusement de fromage r\u00e2p\u00e9.<br>7.&nbsp;<strong>Assaisonnez \u00e0 votre go\u00fbt<\/strong>&nbsp;avec le sel et quelques tours de moulin \u00e0 poivre.<br>8.&nbsp;<strong>Lancez la cuisson finale<\/strong>&nbsp;pour 12-15 minutes, en surveillant la coloration du fromage les derni\u00e8res minutes.<\/p>\n\n\n\n<h2 class=\"wp-block-heading\">Conseils du chef<\/h2>\n\n\n\n<ul class=\"wp-block-list\">\n<li><strong>La s\u00e9lection des ingr\u00e9dients est primordiale<\/strong>&nbsp;: choisissez des endives fermes et lumineuses, sans taches brunes ni parties jaunies qui risqueraient d&rsquo;apporter une amertume excessive<\/li>\n\n\n\n<li><strong>Le choix du jambon est essentiel<\/strong>&nbsp;: optez pour un jambon blanc artisanal, d&rsquo;une \u00e9paisseur moyenne pour bien enrober les endives tout en gardant sa tenue \u00e0 la cuisson<\/li>\n\n\n\n<li><strong>Ma\u00eetrisez les temps de cuisson<\/strong>&nbsp;: surveillez attentivement la coloration du fromage dans les derni\u00e8res minutes<\/li>\n<\/ul>\n\n\n\n<p><strong>Pour sublimer votre plat et cr\u00e9er une exp\u00e9rience gustative unique<\/strong>, osez explorer diff\u00e9rentes variations aromatiques. Commencez par parfumer votre cr\u00e8me avec une d\u00e9licate pointe de muscade fra\u00eechement r\u00e2p\u00e9e, qui apportera des notes chaudes et \u00e9pic\u00e9es. Pour une touche proven\u00e7ale, parsemez quelques brins de thym citron frais entre les couches, leurs ar\u00f4mes agrumes se marieront parfaitement avec l&rsquo;amertume naturelle des endives. Les plus aventureux pourront ajouter un m\u00e9lange de fruits secs finement concass\u00e9s (noix de p\u00e9can, amandes et noisettes torr\u00e9fi\u00e9es) juste avant la derni\u00e8re cuisson : ce trio apportera non seulement un croquant irr\u00e9sistible, mais aussi des saveurs beurr\u00e9es qui sublimeront le fromage gratin\u00e9.<\/p>\n\n\n\n<h3 class=\"wp-block-heading\">Le phrase du chef :<\/h3>\n\n\n\n<blockquote class=\"wp-block-quote is-layout-flow wp-block-quote-is-layout-flow\">\n<p>\u00ab\u00a0<em>La ma\u00eetrise des temp\u00e9ratures fait toute la diff\u00e9rence : un pr\u00e9chauffage minutieux de l&rsquo;Airfryer et une cuisson vapeur parfaitement contr\u00f4l\u00e9e sont les gardiens d&rsquo;une texture id\u00e9ale.<\/em>\u00ab\u00a0<\/p>\n<\/blockquote>\n\n\n\n<h2 class=\"wp-block-heading\">Questions fr\u00e9quentes<\/h2>\n\n\n\n<p><strong>Quels fromages privil\u00e9gier pour le gratin ?<\/strong><br>Explorez diff\u00e9rentes possibilit\u00e9s : un m\u00e9lange comt\u00e9-emmental apporte caract\u00e8re et fondant, tandis qu&rsquo;une touche de parmesan en finition sublime la cro\u00fbte.<\/p>\n\n\n\n<p><strong>Comment optimiser la conservation ?<\/strong><br>Dans un contenant herm\u00e9tique au r\u00e9frig\u00e9rateur pendant 24h maximum. R\u00e9chauffage optimal : 7 minutes \u00e0 150\u00b0C \u00e0 l&rsquo;Airfryer pour retrouver le croustillant initial.<\/p>\n\n\n\n<p><strong>Pourquoi opter pour la cuisson vapeur ?<\/strong><br>Cette \u00e9tape cruciale permet de conserver la tendret\u00e9 des endives tout en ma\u00eetrisant leur amertume naturelle, garantissant une base parfaite pour le gratin.<\/p>\n\n\n\n<p><strong>Quel mod\u00e8le d&rsquo;Airfryer choisir ?<\/strong><br>Pour ce type de pr\u00e9paration, privil\u00e9giez un appareil d&rsquo;au moins 5 litres avec un panier large. Les mod\u00e8les dot\u00e9s d&rsquo;une fonction sp\u00e9ciale \u00ab\u00a0gratin\u00a0\u00bb sont particuli\u00e8rement adapt\u00e9s.<\/p>\n\n\n\n<p><strong>Comment adapter la recette pour un grand nombre ?<\/strong><br>Pour 8 personnes, proc\u00e9dez en deux fourn\u00e9es distinctes en maintenant les premi\u00e8res endives au chaud \u00e0 80\u00b0C au four traditionnel. \u00c9vitez de surcharger l&rsquo;Airfryer pour garantir une cuisson homog\u00e8ne.<\/p>\n\n\n\n<p><strong>Bravo, vous voil\u00e0 pr\u00eat \u00e0 ma\u00eetriser l&rsquo;art du gratin d&rsquo;endives nouvelle g\u00e9n\u00e9ration !<\/strong>&nbsp;Cette technique de cuisson r\u00e9volutionnaire ne demande qu&rsquo;\u00e0 \u00eatre explor\u00e9e davantage.&nbsp;<strong>Passionn\u00e9 par les possibilit\u00e9s de votre Airfryer ?<\/strong>&nbsp;Plongez dans notre univers de recettes sp\u00e9cialement con\u00e7ues pour cet assistant culinaire :&nbsp;<a href=\"https:\/\/www.claudeusercontent.com\/?errorReportingMode=parent#\">d\u00e9couvrez notre collection exclusive de plats \u00e0 l&rsquo;Airfryer<\/a>. Des l\u00e9gumes croustillants aux viandes juteuses, en passant par d&rsquo;\u00e9tonnants desserts, chaque recette vous d\u00e9voile un nouveau potentiel de votre appareil. Rejoignez notre communaut\u00e9 de cuisiniers innovants en partageant vos cr\u00e9ations en commentaire et suivez-nous sur les r\u00e9seaux sociaux pour une inspiration quotidienne !<\/p>","protected":false},"excerpt":{"rendered":"<p>Et si vous r\u00e9inventiez le gratin d&rsquo;endives&nbsp;gr\u00e2ce \u00e0 la magie de la cuisine \u00e0 air chaud ? Oubliez les longues heures de cuisson traditionnelle : votre Airfryer va r\u00e9volutionner ce grand classique du terroir.&nbsp;Entre le fondant du l\u00e9gume, la g\u00e9n\u00e9rosit\u00e9 du jambon et le croustillant du fromage, cette recette repens\u00e9e va enchanter vos papilles. Laissez-vous [&hellip;]<\/p>","protected":false},"author":1,"featured_media":3284,"comment_status":"open","ping_status":"open","sticky":false,"template":"","format":"standard","meta":{"wprm-recipe-roundup-name":"","wprm-recipe-roundup-description":"","footnotes":""},"categories":[30],"tags":[215,216],"class_list":["post-3282","post","type-post","status-publish","format-standard","has-post-thumbnail","hentry","category-legumes","tag-endives","tag-jambon"],"yoast_head":"<!-- This site is optimized with the Yoast SEO plugin v27.5 - https:\/\/yoast.com\/product\/yoast-seo-wordpress\/ -->\n<title>Recette endives au jambon au Airfryer - Air fryer ninja Recettes<\/title>\n<meta name=\"description\" content=\"Sublimez vos endives au jambon gr\u00e2ce \u00e0 l&#039;Airfryer ! Notre recette signature combine la tendret\u00e9 des endives, le croustillant du gratin et le fondant du jambon. Une cuisson rapide et savoureuse \u00e0 d\u00e9couvrir.\" \/>\n<meta name=\"robots\" content=\"index, follow, max-snippet:-1, max-image-preview:large, max-video-preview:-1\" \/>\n<link rel=\"canonical\" href=\"https:\/\/air-fryer-ninja.fr\/hu\/recette-endives-au-jambon-au-airfryer\/\" \/>\n<meta property=\"og:locale\" content=\"hu_HU\" \/>\n<meta property=\"og:type\" content=\"article\" \/>\n<meta property=\"og:title\" content=\"Recette endives au jambon au Airfryer - Air fryer ninja Recettes\" \/>\n<meta property=\"og:description\" content=\"Sublimez vos endives au jambon gr\u00e2ce \u00e0 l&#039;Airfryer ! Notre recette signature combine la tendret\u00e9 des endives, le croustillant du gratin et le fondant du jambon. Une cuisson rapide et savoureuse \u00e0 d\u00e9couvrir.\" \/>\n<meta property=\"og:url\" content=\"https:\/\/air-fryer-ninja.fr\/hu\/recette-endives-au-jambon-au-airfryer\/\" \/>\n<meta property=\"og:site_name\" content=\"Air fryer ninja Recettes\" \/>\n<meta property=\"article:published_time\" content=\"2025-01-21T08:25:00+00:00\" \/>\n<meta property=\"og:image\" content=\"https:\/\/air-fryer-ninja.fr\/wp-content\/uploads\/2026\/01\/Recette-endives-au-jambon-au-airfryer.jpg\" \/>\n\t<meta property=\"og:image:width\" content=\"1200\" \/>\n\t<meta property=\"og:image:height\" content=\"675\" \/>\n\t<meta property=\"og:image:type\" content=\"image\/jpeg\" \/>\n<meta name=\"author\" content=\"Stephy\" \/>\n<meta name=\"twitter:card\" content=\"summary_large_image\" \/>\n<meta name=\"twitter:label1\" content=\"Szerz\u0151:\" \/>\n\t<meta name=\"twitter:data1\" content=\"Stephy\" \/>\n\t<meta name=\"twitter:label2\" content=\"Becs\u00fclt olvas\u00e1si id\u0151\" \/>\n\t<meta name=\"twitter:data2\" content=\"4 perc\" \/>\n<!-- \/ Yoast SEO plugin. -->","yoast_head_json":{"title":"Recette endives au jambon au Airfryer - Air fryer ninja Recettes","description":"Sublimez vos endives au jambon gr\u00e2ce \u00e0 l'Airfryer ! Notre recette signature combine la tendret\u00e9 des endives, le croustillant du gratin et le fondant du jambon. Une cuisson rapide et savoureuse \u00e0 d\u00e9couvrir.","robots":{"index":"index","follow":"follow","max-snippet":"max-snippet:-1","max-image-preview":"max-image-preview:large","max-video-preview":"max-video-preview:-1"},"canonical":"https:\/\/air-fryer-ninja.fr\/hu\/recette-endives-au-jambon-au-airfryer\/","og_locale":"hu_HU","og_type":"article","og_title":"Recette endives au jambon au Airfryer - Air fryer ninja Recettes","og_description":"Sublimez vos endives au jambon gr\u00e2ce \u00e0 l'Airfryer ! Notre recette signature combine la tendret\u00e9 des endives, le croustillant du gratin et le fondant du jambon. Une cuisson rapide et savoureuse \u00e0 d\u00e9couvrir.","og_url":"https:\/\/air-fryer-ninja.fr\/hu\/recette-endives-au-jambon-au-airfryer\/","og_site_name":"Air fryer ninja Recettes","article_published_time":"2025-01-21T08:25:00+00:00","og_image":[{"width":1200,"height":675,"url":"https:\/\/air-fryer-ninja.fr\/wp-content\/uploads\/2026\/01\/Recette-endives-au-jambon-au-airfryer.jpg","type":"image\/jpeg"}],"author":"Stephy","twitter_card":"summary_large_image","twitter_misc":{"Szerz\u0151:":"Stephy","Becs\u00fclt olvas\u00e1si id\u0151":"4 perc"},"schema":{"@context":"https:\/\/schema.org","@graph":[{"@type":"Article","@id":"https:\/\/air-fryer-ninja.fr\/recette-endives-au-jambon-au-airfryer\/#article","isPartOf":{"@id":"https:\/\/air-fryer-ninja.fr\/recette-endives-au-jambon-au-airfryer\/"},"author":{"name":"Stephy","@id":"https:\/\/air-fryer-ninja.fr\/#\/schema\/person\/31ca83cb1c8812323af9097575aa686b"},"headline":"Recette endives au jambon au Airfryer","datePublished":"2025-01-21T08:25:00+00:00","mainEntityOfPage":{"@id":"https:\/\/air-fryer-ninja.fr\/recette-endives-au-jambon-au-airfryer\/"},"wordCount":855,"commentCount":0,"publisher":{"@id":"https:\/\/air-fryer-ninja.fr\/#organization"},"image":{"@id":"https:\/\/air-fryer-ninja.fr\/recette-endives-au-jambon-au-airfryer\/#primaryimage"},"thumbnailUrl":"https:\/\/air-fryer-ninja.fr\/wp-content\/uploads\/2026\/01\/Recette-endives-au-jambon-au-airfryer.jpg","keywords":["endives","jambon"],"articleSection":["L\u00e9gumes"],"inLanguage":"hu","potentialAction":[{"@type":"CommentAction","name":"Comment","target":["https:\/\/air-fryer-ninja.fr\/recette-endives-au-jambon-au-airfryer\/#respond"]}]},{"@type":"WebPage","@id":"https:\/\/air-fryer-ninja.fr\/recette-endives-au-jambon-au-airfryer\/","url":"https:\/\/air-fryer-ninja.fr\/recette-endives-au-jambon-au-airfryer\/","name":"Recette endives au jambon au Airfryer - Air fryer ninja Recettes","isPartOf":{"@id":"https:\/\/air-fryer-ninja.fr\/#website"},"primaryImageOfPage":{"@id":"https:\/\/air-fryer-ninja.fr\/recette-endives-au-jambon-au-airfryer\/#primaryimage"},"image":{"@id":"https:\/\/air-fryer-ninja.fr\/recette-endives-au-jambon-au-airfryer\/#primaryimage"},"thumbnailUrl":"https:\/\/air-fryer-ninja.fr\/wp-content\/uploads\/2026\/01\/Recette-endives-au-jambon-au-airfryer.jpg","datePublished":"2025-01-21T08:25:00+00:00","description":"Sublimez vos endives au jambon gr\u00e2ce \u00e0 l'Airfryer ! Notre recette signature combine la tendret\u00e9 des endives, le croustillant du gratin et le fondant du jambon. Une cuisson rapide et savoureuse \u00e0 d\u00e9couvrir.","breadcrumb":{"@id":"https:\/\/air-fryer-ninja.fr\/recette-endives-au-jambon-au-airfryer\/#breadcrumb"},"inLanguage":"hu","potentialAction":[{"@type":"ReadAction","target":["https:\/\/air-fryer-ninja.fr\/recette-endives-au-jambon-au-airfryer\/"]}]},{"@type":"ImageObject","inLanguage":"hu","@id":"https:\/\/air-fryer-ninja.fr\/recette-endives-au-jambon-au-airfryer\/#primaryimage","url":"https:\/\/air-fryer-ninja.fr\/wp-content\/uploads\/2026\/01\/Recette-endives-au-jambon-au-airfryer.jpg","contentUrl":"https:\/\/air-fryer-ninja.fr\/wp-content\/uploads\/2026\/01\/Recette-endives-au-jambon-au-airfryer.jpg","width":1200,"height":675,"caption":"Recette endives au jambon au airfryer"},{"@type":"BreadcrumbList","@id":"https:\/\/air-fryer-ninja.fr\/recette-endives-au-jambon-au-airfryer\/#breadcrumb","itemListElement":[{"@type":"ListItem","position":1,"name":"Recette Air Fryer","item":"https:\/\/air-fryer-ninja.fr\/"},{"@type":"ListItem","position":2,"name":"Recette endives au jambon au Airfryer"}]},{"@type":"WebSite","@id":"https:\/\/air-fryer-ninja.fr\/#website","url":"https:\/\/air-fryer-ninja.fr\/","name":"L\u00e9gs\u00fct\u0151 ninja","description":"L\u00e9gs\u00fct\u0151 ninja recept blog","publisher":{"@id":"https:\/\/air-fryer-ninja.fr\/#organization"},"potentialAction":[{"@type":"SearchAction","target":{"@type":"EntryPoint","urlTemplate":"https:\/\/air-fryer-ninja.fr\/?s={search_term_string}"},"query-input":{"@type":"PropertyValueSpecification","valueRequired":true,"valueName":"search_term_string"}}],"inLanguage":"hu"},{"@type":"Organization","@id":"https:\/\/air-fryer-ninja.fr\/#organization","name":"L\u00e9gs\u00fct\u0151 ninja","url":"https:\/\/air-fryer-ninja.fr\/","logo":{"@type":"ImageObject","inLanguage":"hu","@id":"https:\/\/air-fryer-ninja.fr\/#\/schema\/logo\/image\/","url":"https:\/\/air-fryer-ninja.fr\/wp-content\/uploads\/2022\/09\/air-fryer-ninja.png","contentUrl":"https:\/\/air-fryer-ninja.fr\/wp-content\/uploads\/2022\/09\/air-fryer-ninja.png","width":500,"height":90,"caption":"Air fryer ninja"},"image":{"@id":"https:\/\/air-fryer-ninja.fr\/#\/schema\/logo\/image\/"}},{"@type":"Person","@id":"https:\/\/air-fryer-ninja.fr\/#\/schema\/person\/31ca83cb1c8812323af9097575aa686b","name":"Stephy","image":{"@type":"ImageObject","inLanguage":"hu","@id":"https:\/\/air-fryer-ninja.fr\/wp-content\/uploads\/2024\/11\/cropped-Untitled-design-2024-11-04T123927.617-96x96.jpg","url":"https:\/\/air-fryer-ninja.fr\/wp-content\/uploads\/2024\/11\/cropped-Untitled-design-2024-11-04T123927.617-96x96.jpg","contentUrl":"https:\/\/air-fryer-ninja.fr\/wp-content\/uploads\/2024\/11\/cropped-Untitled-design-2024-11-04T123927.617-96x96.jpg","caption":"Stephy"},"description":"Stephy vagyok, egy h\u00e1ziasszony, akinek szenved\u00e9lye a f\u0151z\u00e9s! Ami\u00f3ta felfedeztem a l\u00e9gfrit\u0151g\u00e9pet, az\u00f3ta ide\u00e1lis t\u00e1rsam az \u00edzletes, k\u00f6nnyen elk\u00e9sz\u00edthet\u0151 receptek elk\u00e9sz\u00edt\u00e9s\u00e9hez. Szeretek k\u00eds\u00e9rletezni \u00e9s olyan \u00e9teleket kital\u00e1lni, amelyek meglepik \u00e9s meg\u00f6rvendeztetik a csal\u00e1domat. Itt megosztom a legjobb tippjeimet \u00e9s kedvenc receptjeimet, hogy \u00d6n is \u00e9lvezhesse az otthoni f\u0151z\u00e9s \u00f6r\u00f6meit an\u00e9lk\u00fcl, hogy \u00f3r\u00e1kat t\u00f6ltene a t\u0171zhely m\u00f6g\u00f6tt. A c\u00e9lom? Megmutatni, hogy egy kis kreativit\u00e1ssal a l\u00e9gs\u00fct\u0151 minden \u00e9telt igazi \u00e9lm\u00e9nny\u00e9 var\u00e1zsolhat!","sameAs":["https:\/\/air-fryer-ninja.fr"],"url":"https:\/\/air-fryer-ninja.fr\/hu\/author\/a1rdy\/"}]}},"_links":{"self":[{"href":"https:\/\/air-fryer-ninja.fr\/hu\/wp-json\/wp\/v2\/posts\/3282","targetHints":{"allow":["GET"]}}],"collection":[{"href":"https:\/\/air-fryer-ninja.fr\/hu\/wp-json\/wp\/v2\/posts"}],"about":[{"href":"https:\/\/air-fryer-ninja.fr\/hu\/wp-json\/wp\/v2\/types\/post"}],"author":[{"embeddable":true,"href":"https:\/\/air-fryer-ninja.fr\/hu\/wp-json\/wp\/v2\/users\/1"}],"replies":[{"embeddable":true,"href":"https:\/\/air-fryer-ninja.fr\/hu\/wp-json\/wp\/v2\/comments?post=3282"}],"version-history":[{"count":2,"href":"https:\/\/air-fryer-ninja.fr\/hu\/wp-json\/wp\/v2\/posts\/3282\/revisions"}],"predecessor-version":[{"id":3286,"href":"https:\/\/air-fryer-ninja.fr\/hu\/wp-json\/wp\/v2\/posts\/3282\/revisions\/3286"}],"wp:featuredmedia":[{"embeddable":true,"href":"https:\/\/air-fryer-ninja.fr\/hu\/wp-json\/wp\/v2\/media\/3284"}],"wp:attachment":[{"href":"https:\/\/air-fryer-ninja.fr\/hu\/wp-json\/wp\/v2\/media?parent=3282"}],"wp:term":[{"taxonomy":"category","embeddable":true,"href":"https:\/\/air-fryer-ninja.fr\/hu\/wp-json\/wp\/v2\/categories?post=3282"},{"taxonomy":"post_tag","embeddable":true,"href":"https:\/\/air-fryer-ninja.fr\/hu\/wp-json\/wp\/v2\/tags?post=3282"}],"curies":[{"name":"wp","href":"https:\/\/api.w.org\/{rel}","templated":true}]}}