{"id":2053,"date":"2024-10-09T15:55:00","date_gmt":"2024-10-09T15:55:00","guid":{"rendered":"https:\/\/air-fryer-ninja.fr\/?p=2053"},"modified":"2025-01-06T20:13:41","modified_gmt":"2025-01-06T20:13:41","slug":"recept-a-legkevereses-sertes-szelethez","status":"publish","type":"post","link":"https:\/\/air-fryer-ninja.fr\/hu\/recept-a-legkevereses-sertes-szelethez\/","title":{"rendered":"Recept Sert\u00e9s szelet l\u00e9gkever\u00e9ses s\u00fct\u0151ben"},"content":{"rendered":"<p>A <strong>sert\u00e9sszelet<\/strong> f\u0151zve <strong>l\u00e9gs\u00fct\u0151<\/strong> \u00edzletes \u00e9s eg\u00e9szs\u00e9ges v\u00e1laszt\u00e1s a k\u00f6vetkez\u0151 \u00e9tkez\u00e9shez. Ak\u00e1r kezd\u0151 szak\u00e1cs, ak\u00e1r konyhai szak\u00e9rt\u0151, ezzel a f\u0151z\u00e9si m\u00f3dszerrel pillanatok alatt zsenge, szaftos sert\u00e9skarajokat k\u00e9sz\u00edthet. Ebben a cikkben a leveg\u0151n s\u00fclt sert\u00e9sszelet elk\u00e9sz\u00edt\u00e9s\u00e9nek \u00e9s s\u00fct\u00e9s\u00e9nek k\u00fcl\u00f6nb\u00f6z\u0151 m\u00f3djait vizsg\u00e1ljuk meg.<\/p>\n<h2>A sert\u00e9sszelet elk\u00e9sz\u00edt\u00e9se<\/h2>\n<p>Miel\u0151tt hozz\u00e1kezdene a f\u0151z\u00e9shez, elengedhetetlen, hogy megfelel\u0151en el\u0151k\u00e9sz\u00edtse a sert\u00e9sszeleteket. A h\u00fas kiv\u00e1laszt\u00e1sa \u00e9s f\u0171szerez\u00e9se d\u00f6nt\u0151 szerepet j\u00e1tszik a v\u00e9geredm\u00e9nyben.<\/p>\n<h3>A megfelel\u0151 h\u00fasdarab kiv\u00e1laszt\u00e1sa<\/h3>\n<p>Ehhez a recepthez a sert\u00e9s sz\u0171zpecseny\u00e9b\u0151l v\u00e1gott szeleteket aj\u00e1nljuk. A sert\u00e9sb\u00e9lsz\u00edn k\u00fcl\u00f6n\u00f6sen puha, \u00e9s j\u00f3l haszn\u00e1lhat\u00f3 gyors s\u00fct\u00e9shez, p\u00e9ld\u00e1ul a l\u00e9gs\u00fct\u0151ben t\u00f6rt\u00e9n\u0151 s\u00fct\u00e9shez. V\u00e1laszthatja a <strong>sert\u00e9sszelet<\/strong> vastagabb, ami egyszer\u0171en csak egy kicsit hosszabb f\u0151z\u00e9si id\u0151t ig\u00e9nyel.<\/p>\n<h3>P\u00e1c: \u00edzes\u00edts\u00fck a szeleteket<\/h3>\n<p>La <strong>p\u00e1c<\/strong> nagyszer\u0171 m\u00f3dja annak, hogy a sert\u00e9sszeleteket m\u00e9ly \u00edzzel gazdag\u00edtsa. \u00cdme egy k\u00f6nnyen elk\u00e9sz\u00edthet\u0151 p\u00e1c receptje:<\/p>\n<ul>\n<li>2 gerezd fokhagyma, apr\u00f3ra v\u00e1gva<\/li>\n<li>3 ev\u0151kan\u00e1l ol\u00edvaolaj<\/li>\n<li>2 ev\u0151kan\u00e1l sz\u00f3jasz\u00f3sz<\/li>\n<li>1 ev\u0151kan\u00e1l balzsamecet<\/li>\n<li>S\u00f3 \u00e9s bors \u00edzl\u00e9s szerint<\/li>\n<li>Kakukkf\u0171 vagy herbes de Provence (nem k\u00f6telez\u0151)<\/li>\n<\/ul>\n<p>Keverje \u00f6ssze az \u00f6sszes hozz\u00e1val\u00f3t, majd hagyja a szeleteket legal\u00e1bb 30 percig ebben a p\u00e1cban pihenni s\u00fct\u00e9s el\u0151tt. Az optim\u00e1lis \u00edz \u00e9rdek\u00e9ben a h\u00fast t\u00f6bb \u00f3r\u00e1n \u00e1t, vagy ak\u00e1r egy \u00e9jszak\u00e1n \u00e1t is p\u00e1coljuk.<\/p>\n<h2>A l\u00e9gs\u00fct\u0151ben val\u00f3 s\u00fct\u00e9shez sz\u00fcks\u00e9ges felszerel\u00e9s<\/h2>\n<p>Ahhoz, hogy a l\u00e9gs\u00fct\u0151ben s\u00fct\u00f6tt sert\u00e9sszeleteket sikerre vigye, gondoskodjon a megfelel\u0151 felszerel\u00e9sr\u0151l. Ebbe nemcsak maga a frit\u0151z, hanem n\u00e9h\u00e1ny hasznos tartoz\u00e9k is beletartozik.<\/p>\n<h3>A l\u00e9gs\u00fct\u0151<\/h3>\n<p>L'<strong>l\u00e9gs\u00fct\u0151<\/strong> egy forradalmi f\u0151z\u0151k\u00e9sz\u00fcl\u00e9k, amely forr\u00f3 leveg\u0151t haszn\u00e1l az \u00e9telek egyenletes elk\u00e9sz\u00edt\u00e9s\u00e9hez. Nagy mennyis\u00e9g\u0171 olaj haszn\u00e1lata n\u00e9lk\u00fcl k\u00e9sz\u00edt ropog\u00f3s text\u00far\u00e1t. Ide\u00e1lis az eg\u00e9szs\u00e9gesebb receptekhez.<\/p>\n<h3>Aj\u00e1nlott tartoz\u00e9kok<\/h3>\n<ul>\n<li>Konyhai fog\u00f3 a szelet k\u00f6nny\u0171 kezel\u00e9s\u00e9hez<\/li>\n<li>Perfor\u00e1lt zs\u00edrpap\u00edr l\u00e9gs\u00fct\u0151kh\u00f6z, hogy a h\u00fas ne ragadjon a kos\u00e1rhoz<\/li>\n<li>H\u00fash\u0151m\u00e9r\u0151 a szelet \u00e1tf\u0151z\u00e9s\u00e9nek biztos\u00edt\u00e1s\u00e1ra (sert\u00e9sh\u00fas eset\u00e9ben 67\u00b0C)<\/li>\n<\/ul>\n<h2>Sert\u00e9sszelet s\u00fct\u00e9se l\u00e9gs\u00fct\u0151ben<\/h2>\n<p>Miut\u00e1n a h\u00fast j\u00f3l bep\u00e1coltuk \u00e9s a felszerel\u00e9st el\u0151k\u00e9sz\u00edtett\u00fck, ideje \u00e1tt\u00e9rni a f\u0151z\u00e9sre. \u00cdme, hogyan lehet t\u00f6k\u00e9letes sert\u00e9sszeletet k\u00e9sz\u00edteni l\u00e9gs\u00fct\u0151vel.<\/p>\n<h3>Meleg\u00edtse el\u0151 a l\u00e9gs\u00fct\u0151t<\/h3>\n<p>Kezdje azzal, hogy a l\u00e9gs\u00fct\u0151t k\u00f6r\u00fclbel\u00fcl 5 percig 180 \u00b0C-ra el\u0151meleg\u00edti. Ez biztos\u00edtja, hogy a s\u00fct\u00e9s optim\u00e1lis k\u00f6r\u00fclm\u00e9nyek k\u00f6z\u00f6tt induljon el, \u00e9s a h\u0151 egyenletesen oszlik el.<\/p>\n<h3>A szeleteket a frit\u0151zbe fektetj\u00fck.<\/h3>\n<p>Rendezze el a sert\u00e9sszeleteket a l\u00e9gs\u00fct\u0151 kosar\u00e1ban \u00fagy, hogy ne fedj\u00e9k egym\u00e1st. Az egyenletes s\u00fct\u00e9s \u00e9rdek\u00e9ben a darabokat a lehet\u0151 legt\u00e1volabb helyezze egym\u00e1st\u00f3l, hogy a leveg\u0151 szabadon keringhessen minden egyes szelet k\u00f6r\u00fcl.<\/p>\n<h3>F\u0151z\u00e9si id\u0151 \u00e9s m\u00f3dszer<\/h3>\n<p>S\u00fcss\u00fck a szeleteket 180\u00b0C-on 12-15 percig. A s\u00fct\u00e9s fel\u00e9n\u00e9l ne felejts\u00fck el megford\u00edtani a szeleteket, hogy mindk\u00e9t oldaluk egyenletesen barnuljon meg. H\u00fash\u0151m\u00e9r\u0151vel ellen\u0151rizze, hogy a bels\u0151 h\u0151m\u00e9rs\u00e9klet el\u00e9rte-e a 67\u00b0C-ot.<\/p>\n<h2>Aj\u00e1nlott k\u00eds\u00e9r\u0151k<\/h2>\n<p>A ropog\u00f3s sert\u00e9sh\u00fas f\u0151\u00e9tel\u00e9nek kieg\u00e9sz\u00edt\u00e9sek\u00e9nt sz\u00e1mos olyan k\u00eds\u00e9r\u0151 \u00e9tel l\u00e9tezik, amely t\u00f6k\u00e9letesen kieg\u00e9sz\u00edtheti a h\u00fas gazdag \u00edzvil\u00e1g\u00e1t.<\/p>\n<h3>L\u00e9gben s\u00fclt z\u00f6lds\u00e9gek<\/h3>\n<p>Hozza ki a legt\u00f6bbet a l\u00e9gs\u00fct\u0151b\u0151l a k\u00f6vetkez\u0151k elk\u00e9sz\u00edt\u00e9s\u00e9hez <strong>grillezett z\u00f6lds\u00e9gek<\/strong> egyidej\u0171leg. V\u00e1laszthat p\u00e9ld\u00e1ul szeletelt burgony\u00e1t, s\u00e1rgar\u00e9p\u00e1t vagy cukkinit. \u00cdzes\u00edtse egy csipet s\u00f3val, egy csepp ol\u00edvaolajjal \u00e9s n\u00e9h\u00e1ny f\u0171szern\u00f6v\u00e9nnyel, majd 180\u00b0C-on 20 percig s\u00fcsse, f\u00e9lid\u0151ben megkeverve.<\/p>\n<h3>Friss \u00e9s ropog\u00f3s sal\u00e1ta<\/h3>\n<p>A <strong>z\u00f6ld sal\u00e1ta<\/strong> a rukkola, a fejes sal\u00e1ta vagy a r\u00f3mai sal\u00e1ta frissess\u00e9get k\u00f6lcs\u00f6n\u00f6z az \u00e9telnek. D\u00edsz\u00edtse cseresznyeparadicsommal, ubork\u00e1val \u00e9s n\u00e9h\u00e1ny szelet avok\u00e1d\u00f3val, hogy \u00edzletes, kiegyens\u00falyozott eredm\u00e9nyt \u00e9rjen el.<\/p>\n<h2>Tov\u00e1bbi tippek a sikeres f\u0151z\u00e9shez<\/h2>\n<ul>\n<li>Az \u00e9telek elk\u00e9sz\u00edt\u00e9sekor ne haszn\u00e1lja t\u00fal az olajat; a l\u00e9gs\u00fct\u0151 jelent\u0151sen cs\u00f6kkentheti a sz\u00fcks\u00e9ges mennyis\u00e9get.<\/li>\n<li>Haszn\u00e1ljon f\u0171szereket \u00e9s <strong>friss f\u0171szern\u00f6v\u00e9nyek<\/strong> az \u00edzek intenz\u00edvebb\u00e9 t\u00e9tele \u00e9rdek\u00e9ben, felesleges kal\u00f3ri\u00e1k hozz\u00e1ad\u00e1sa n\u00e9lk\u00fcl.<\/li>\n<li>Gondolkodjon el azon, hogy k\u00fcl\u00f6nb\u00f6z\u0151 p\u00e1cokkal k\u00eds\u00e9rletezzen \u00edzl\u00e9s\u00e9nek megfelel\u0151en; pr\u00f3b\u00e1lja ki a m\u00e9zes, must\u00e1ros vagy citromos vari\u00e1ci\u00f3kat.<\/li>\n<li>Tiszt\u00edtsa rendszeresen a l\u00e9gs\u00fct\u0151t, hogy meg\u0151rizze a teljes\u00edtm\u00e9ny\u00e9t \u00e9s elker\u00fclje a nem k\u00edv\u00e1nt \u00edzek kevered\u00e9s\u00e9t.<\/li>\n<\/ul>\n<h2>Receptv\u00e1ltozatok sert\u00e9sh\u00fassal<\/h2>\n<p>A leveg\u0151n s\u00fclt sert\u00e9sszelet csak egy a sokf\u00e9le elk\u00e9sz\u00edt\u00e9si m\u00f3d k\u00f6z\u00fcl, amellyel ezt az \u00edzletes h\u00fast elk\u00e9sz\u00edthetj\u00fck. \u00cdme m\u00e9g n\u00e9h\u00e1ny \u00f6tlet az \u00e9lvezetek vari\u00e1l\u00e1s\u00e1hoz.<\/p>\n<h3>Sert\u00e9sszelet a l\u00e9gs\u00fct\u0151ben<\/h3>\n<p>A szelethez hasonl\u00f3an a sert\u00e9skaraj is nagyon kiel\u00e9g\u00edt\u0151en elk\u00e9sz\u00edthet\u0151 l\u00e9gs\u00fct\u0151vel. F\u0171szeres vagy sima p\u00e1c, hagyja, hogy az inspir\u00e1ci\u00f3ja vez\u00e9relje a v\u00e1laszt\u00e1st.<\/p>\n<h3>S\u00fclt sert\u00e9sh\u00fas<\/h3>\n<p>A technik\u00e1k egyes\u00edt\u00e9se a klasszikus bordarecept be\u00e9p\u00edt\u00e9s\u00e9vel \u00e9s egy v\u00e9gs\u0151 l\u00e9gs\u00fct\u00e9ssel, hogy a h\u00fas bel\u00fclr\u0151l sz\u00e1jban olvad\u00f3, k\u00edv\u00fclr\u0151l pedig ropog\u00f3s legyen.<\/p>\n<h3>Sert\u00e9s b\u00e9lsz\u00edn egyedi adagokban<\/h3>\n<p>Le <strong>sert\u00e9s sz\u0171zpecsenye<\/strong>Apr\u00f3 szeletekre v\u00e1ghat\u00f3 \u00e9s l\u00e9gs\u00fct\u0151ben megs\u00fcthet\u0151. Az \u00ednyencs\u00e9g \u00e9rdek\u00e9ben k\u00f6nny\u0171 feh\u00e9rboros m\u00e1rt\u00e1ssal k\u00e9sz\u00edtse el.<\/p>","protected":false},"excerpt":{"rendered":"<p>Les escalopes de porc cuisin\u00e9es avec une friteuse \u00e0 air sont une option savoureuse et saine pour votre prochain repas. Que vous soyez un chef d\u00e9butant ou un expert culinaire, cette m\u00e9thode de cuisson vous permettra de pr\u00e9parer des c\u00f4telettes de porc tendres et juteuses en un rien de temps. Dans cet article, nous allons [&hellip;]<\/p>","protected":false},"author":1,"featured_media":2052,"comment_status":"open","ping_status":"open","sticky":false,"template":"","format":"standard","meta":{"wprm-recipe-roundup-name":"","wprm-recipe-roundup-description":"","footnotes":""},"categories":[27],"tags":[],"class_list":["post-2053","post","type-post","status-publish","format-standard","has-post-thumbnail","hentry","category-viande"],"yoast_head":"<!-- This site is optimized with the Yoast SEO plugin v27.5 - https:\/\/yoast.com\/product\/yoast-seo-wordpress\/ -->\n<title>Recette Escalopes de porc air fryer - Air fryer ninja Recettes<\/title>\n<meta name=\"robots\" content=\"index, follow, max-snippet:-1, max-image-preview:large, max-video-preview:-1\" \/>\n<link rel=\"canonical\" href=\"https:\/\/air-fryer-ninja.fr\/hu\/recept-a-legkevereses-sertes-szelethez\/\" \/>\n<meta property=\"og:locale\" content=\"hu_HU\" \/>\n<meta property=\"og:type\" content=\"article\" \/>\n<meta property=\"og:title\" content=\"Recette Escalopes de porc air fryer - Air fryer ninja Recettes\" \/>\n<meta property=\"og:description\" content=\"Les escalopes de porc cuisin\u00e9es avec une friteuse \u00e0 air sont une option savoureuse et saine pour votre prochain repas. Que vous soyez un chef d\u00e9butant ou un expert culinaire, cette m\u00e9thode de cuisson vous permettra de pr\u00e9parer des c\u00f4telettes de porc tendres et juteuses en un rien de temps. Dans cet article, nous allons [&hellip;]\" \/>\n<meta property=\"og:url\" content=\"https:\/\/air-fryer-ninja.fr\/hu\/recept-a-legkevereses-sertes-szelethez\/\" \/>\n<meta property=\"og:site_name\" content=\"Air fryer ninja Recettes\" \/>\n<meta property=\"article:published_time\" content=\"2024-10-09T15:55:00+00:00\" \/>\n<meta property=\"article:modified_time\" content=\"2025-01-06T20:13:41+00:00\" \/>\n<meta property=\"og:image\" content=\"https:\/\/air-fryer-ninja.fr\/wp-content\/uploads\/2024\/07\/escalopes-de-porc-a-la-friteuse-a-air-une-recette-gourmande-et-simple.jpg\" \/>\n\t<meta property=\"og:image:width\" content=\"1456\" \/>\n\t<meta property=\"og:image:height\" content=\"816\" \/>\n\t<meta property=\"og:image:type\" content=\"image\/jpeg\" \/>\n<meta name=\"author\" content=\"Stephy\" \/>\n<meta name=\"twitter:card\" content=\"summary_large_image\" \/>\n<meta name=\"twitter:label1\" content=\"Szerz\u0151:\" \/>\n\t<meta name=\"twitter:data1\" content=\"Stephy\" \/>\n\t<meta name=\"twitter:label2\" content=\"Becs\u00fclt olvas\u00e1si id\u0151\" \/>\n\t<meta name=\"twitter:data2\" content=\"5 perc\" \/>\n<!-- \/ Yoast SEO plugin. -->","yoast_head_json":{"title":"Recette Escalopes de porc air fryer - Air fryer ninja Recettes","robots":{"index":"index","follow":"follow","max-snippet":"max-snippet:-1","max-image-preview":"max-image-preview:large","max-video-preview":"max-video-preview:-1"},"canonical":"https:\/\/air-fryer-ninja.fr\/hu\/recept-a-legkevereses-sertes-szelethez\/","og_locale":"hu_HU","og_type":"article","og_title":"Recette Escalopes de porc air fryer - Air fryer ninja Recettes","og_description":"Les escalopes de porc cuisin\u00e9es avec une friteuse \u00e0 air sont une option savoureuse et saine pour votre prochain repas. Que vous soyez un chef d\u00e9butant ou un expert culinaire, cette m\u00e9thode de cuisson vous permettra de pr\u00e9parer des c\u00f4telettes de porc tendres et juteuses en un rien de temps. Dans cet article, nous allons [&hellip;]","og_url":"https:\/\/air-fryer-ninja.fr\/hu\/recept-a-legkevereses-sertes-szelethez\/","og_site_name":"Air fryer ninja Recettes","article_published_time":"2024-10-09T15:55:00+00:00","article_modified_time":"2025-01-06T20:13:41+00:00","og_image":[{"width":1456,"height":816,"url":"https:\/\/air-fryer-ninja.fr\/wp-content\/uploads\/2024\/07\/escalopes-de-porc-a-la-friteuse-a-air-une-recette-gourmande-et-simple.jpg","type":"image\/jpeg"}],"author":"Stephy","twitter_card":"summary_large_image","twitter_misc":{"Szerz\u0151:":"Stephy","Becs\u00fclt olvas\u00e1si id\u0151":"5 perc"},"schema":{"@context":"https:\/\/schema.org","@graph":[{"@type":"Article","@id":"https:\/\/air-fryer-ninja.fr\/recette-escalopes-de-porc-air-fryer\/#article","isPartOf":{"@id":"https:\/\/air-fryer-ninja.fr\/recette-escalopes-de-porc-air-fryer\/"},"author":{"name":"Stephy","@id":"https:\/\/air-fryer-ninja.fr\/#\/schema\/person\/31ca83cb1c8812323af9097575aa686b"},"headline":"Recette Escalopes de porc air fryer","datePublished":"2024-10-09T15:55:00+00:00","dateModified":"2025-01-06T20:13:41+00:00","mainEntityOfPage":{"@id":"https:\/\/air-fryer-ninja.fr\/recette-escalopes-de-porc-air-fryer\/"},"wordCount":1003,"commentCount":1,"publisher":{"@id":"https:\/\/air-fryer-ninja.fr\/#organization"},"image":{"@id":"https:\/\/air-fryer-ninja.fr\/recette-escalopes-de-porc-air-fryer\/#primaryimage"},"thumbnailUrl":"https:\/\/air-fryer-ninja.fr\/wp-content\/uploads\/2024\/07\/escalopes-de-porc-a-la-friteuse-a-air-une-recette-gourmande-et-simple.jpg","articleSection":["Viande"],"inLanguage":"hu","potentialAction":[{"@type":"CommentAction","name":"Comment","target":["https:\/\/air-fryer-ninja.fr\/recette-escalopes-de-porc-air-fryer\/#respond"]}]},{"@type":"WebPage","@id":"https:\/\/air-fryer-ninja.fr\/recette-escalopes-de-porc-air-fryer\/","url":"https:\/\/air-fryer-ninja.fr\/recette-escalopes-de-porc-air-fryer\/","name":"Recette Escalopes de porc air fryer - Air fryer ninja Recettes","isPartOf":{"@id":"https:\/\/air-fryer-ninja.fr\/#website"},"primaryImageOfPage":{"@id":"https:\/\/air-fryer-ninja.fr\/recette-escalopes-de-porc-air-fryer\/#primaryimage"},"image":{"@id":"https:\/\/air-fryer-ninja.fr\/recette-escalopes-de-porc-air-fryer\/#primaryimage"},"thumbnailUrl":"https:\/\/air-fryer-ninja.fr\/wp-content\/uploads\/2024\/07\/escalopes-de-porc-a-la-friteuse-a-air-une-recette-gourmande-et-simple.jpg","datePublished":"2024-10-09T15:55:00+00:00","dateModified":"2025-01-06T20:13:41+00:00","breadcrumb":{"@id":"https:\/\/air-fryer-ninja.fr\/recette-escalopes-de-porc-air-fryer\/#breadcrumb"},"inLanguage":"hu","potentialAction":[{"@type":"ReadAction","target":["https:\/\/air-fryer-ninja.fr\/recette-escalopes-de-porc-air-fryer\/"]}]},{"@type":"ImageObject","inLanguage":"hu","@id":"https:\/\/air-fryer-ninja.fr\/recette-escalopes-de-porc-air-fryer\/#primaryimage","url":"https:\/\/air-fryer-ninja.fr\/wp-content\/uploads\/2024\/07\/escalopes-de-porc-a-la-friteuse-a-air-une-recette-gourmande-et-simple.jpg","contentUrl":"https:\/\/air-fryer-ninja.fr\/wp-content\/uploads\/2024\/07\/escalopes-de-porc-a-la-friteuse-a-air-une-recette-gourmande-et-simple.jpg","width":1456,"height":816,"caption":"Escalopes de porc \u00e0 la friteuse \u00e0 air : une recette gourmande et simple"},{"@type":"BreadcrumbList","@id":"https:\/\/air-fryer-ninja.fr\/recette-escalopes-de-porc-air-fryer\/#breadcrumb","itemListElement":[{"@type":"ListItem","position":1,"name":"Recette Air Fryer","item":"https:\/\/air-fryer-ninja.fr\/"},{"@type":"ListItem","position":2,"name":"Recette Escalopes de porc air fryer"}]},{"@type":"WebSite","@id":"https:\/\/air-fryer-ninja.fr\/#website","url":"https:\/\/air-fryer-ninja.fr\/","name":"L\u00e9gs\u00fct\u0151 ninja","description":"L\u00e9gs\u00fct\u0151 ninja recept blog","publisher":{"@id":"https:\/\/air-fryer-ninja.fr\/#organization"},"potentialAction":[{"@type":"SearchAction","target":{"@type":"EntryPoint","urlTemplate":"https:\/\/air-fryer-ninja.fr\/?s={search_term_string}"},"query-input":{"@type":"PropertyValueSpecification","valueRequired":true,"valueName":"search_term_string"}}],"inLanguage":"hu"},{"@type":"Organization","@id":"https:\/\/air-fryer-ninja.fr\/#organization","name":"L\u00e9gs\u00fct\u0151 ninja","url":"https:\/\/air-fryer-ninja.fr\/","logo":{"@type":"ImageObject","inLanguage":"hu","@id":"https:\/\/air-fryer-ninja.fr\/#\/schema\/logo\/image\/","url":"https:\/\/air-fryer-ninja.fr\/wp-content\/uploads\/2022\/09\/air-fryer-ninja.png","contentUrl":"https:\/\/air-fryer-ninja.fr\/wp-content\/uploads\/2022\/09\/air-fryer-ninja.png","width":500,"height":90,"caption":"Air fryer ninja"},"image":{"@id":"https:\/\/air-fryer-ninja.fr\/#\/schema\/logo\/image\/"}},{"@type":"Person","@id":"https:\/\/air-fryer-ninja.fr\/#\/schema\/person\/31ca83cb1c8812323af9097575aa686b","name":"Stephy","image":{"@type":"ImageObject","inLanguage":"hu","@id":"https:\/\/air-fryer-ninja.fr\/wp-content\/uploads\/2024\/11\/cropped-Untitled-design-2024-11-04T123927.617-96x96.jpg","url":"https:\/\/air-fryer-ninja.fr\/wp-content\/uploads\/2024\/11\/cropped-Untitled-design-2024-11-04T123927.617-96x96.jpg","contentUrl":"https:\/\/air-fryer-ninja.fr\/wp-content\/uploads\/2024\/11\/cropped-Untitled-design-2024-11-04T123927.617-96x96.jpg","caption":"Stephy"},"description":"Stephy vagyok, egy h\u00e1ziasszony, akinek szenved\u00e9lye a f\u0151z\u00e9s! Ami\u00f3ta felfedeztem a l\u00e9gfrit\u0151g\u00e9pet, az\u00f3ta ide\u00e1lis t\u00e1rsam az \u00edzletes, k\u00f6nnyen elk\u00e9sz\u00edthet\u0151 receptek elk\u00e9sz\u00edt\u00e9s\u00e9hez. Szeretek k\u00eds\u00e9rletezni \u00e9s olyan \u00e9teleket kital\u00e1lni, amelyek meglepik \u00e9s meg\u00f6rvendeztetik a csal\u00e1domat. Itt megosztom a legjobb tippjeimet \u00e9s kedvenc receptjeimet, hogy \u00d6n is \u00e9lvezhesse az otthoni f\u0151z\u00e9s \u00f6r\u00f6meit an\u00e9lk\u00fcl, hogy \u00f3r\u00e1kat t\u00f6ltene a t\u0171zhely m\u00f6g\u00f6tt. A c\u00e9lom? Megmutatni, hogy egy kis kreativit\u00e1ssal a l\u00e9gs\u00fct\u0151 minden \u00e9telt igazi \u00e9lm\u00e9nny\u00e9 var\u00e1zsolhat!","sameAs":["https:\/\/air-fryer-ninja.fr"],"url":"https:\/\/air-fryer-ninja.fr\/hu\/author\/a1rdy\/"}]}},"_links":{"self":[{"href":"https:\/\/air-fryer-ninja.fr\/hu\/wp-json\/wp\/v2\/posts\/2053","targetHints":{"allow":["GET"]}}],"collection":[{"href":"https:\/\/air-fryer-ninja.fr\/hu\/wp-json\/wp\/v2\/posts"}],"about":[{"href":"https:\/\/air-fryer-ninja.fr\/hu\/wp-json\/wp\/v2\/types\/post"}],"author":[{"embeddable":true,"href":"https:\/\/air-fryer-ninja.fr\/hu\/wp-json\/wp\/v2\/users\/1"}],"replies":[{"embeddable":true,"href":"https:\/\/air-fryer-ninja.fr\/hu\/wp-json\/wp\/v2\/comments?post=2053"}],"version-history":[{"count":1,"href":"https:\/\/air-fryer-ninja.fr\/hu\/wp-json\/wp\/v2\/posts\/2053\/revisions"}],"predecessor-version":[{"id":2979,"href":"https:\/\/air-fryer-ninja.fr\/hu\/wp-json\/wp\/v2\/posts\/2053\/revisions\/2979"}],"wp:featuredmedia":[{"embeddable":true,"href":"https:\/\/air-fryer-ninja.fr\/hu\/wp-json\/wp\/v2\/media\/2052"}],"wp:attachment":[{"href":"https:\/\/air-fryer-ninja.fr\/hu\/wp-json\/wp\/v2\/media?parent=2053"}],"wp:term":[{"taxonomy":"category","embeddable":true,"href":"https:\/\/air-fryer-ninja.fr\/hu\/wp-json\/wp\/v2\/categories?post=2053"},{"taxonomy":"post_tag","embeddable":true,"href":"https:\/\/air-fryer-ninja.fr\/hu\/wp-json\/wp\/v2\/tags?post=2053"}],"curies":[{"name":"wp","href":"https:\/\/api.w.org\/{rel}","templated":true}]}}