{"id":2001,"date":"2024-10-06T15:55:00","date_gmt":"2024-10-06T15:55:00","guid":{"rendered":"https:\/\/air-fryer-ninja.fr\/?p=2001"},"modified":"2025-01-06T20:13:41","modified_gmt":"2025-01-06T20:13:41","slug":"recept-garnelarak-fokhagymas-es-citromos-legsutovel","status":"publish","type":"post","link":"https:\/\/air-fryer-ninja.fr\/hu\/recept-garnelarak-fokhagymas-es-citromos-legsutovel\/","title":{"rendered":"Recept Garn\u00e9lar\u00e1k fokhagym\u00e1s \u00e9s citromos l\u00e9gs\u00fct\u0151vel"},"content":{"rendered":"<p>Keresek egy <strong>finom, eg\u00e9szs\u00e9ges \u00e9s gyors recept<\/strong> garn\u00e9lar\u00e1kot k\u00e9sz\u00edteni? L\u00e1togasson el a  oldalra. <strong>l\u00e9gkever\u00e9ses garn\u00e9lar\u00e1k fokhagym\u00e1val \u00e9s citrommal<\/strong> t\u00f6k\u00e9letesek. Ez a f\u0151z\u00e9si m\u00f3dszer lehet\u0151v\u00e9 teszi, hogy meg\u00edzlelje a <strong>az \u00f6sszetev\u0151k autentikus \u00edze<\/strong> felesleges olaj n\u00e9lk\u00fcl, mik\u00f6zben meg\u0151rzi a term\u00e9szetes <strong>a garn\u00e9lar\u00e1k kiv\u00e9teles t\u00e1pl\u00e1lkoz\u00e1si tulajdons\u00e1gai<\/strong>. K\u00f6vessen minket egy kulin\u00e1ris kalandra, amely biztosan elvar\u00e1zsolja \u00edzlel\u0151bimb\u00f3it!<\/p>\n<h2>Sz\u00fcks\u00e9ges \u00f6sszetev\u0151k<\/h2>\n<h3>Garn\u00e9lar\u00e1k<\/h3>\n<p>Ehhez a recepthez a k\u00f6vetkez\u0151ket aj\u00e1nljuk <strong>friss vagy fagyasztott garn\u00e9lar\u00e1k<\/strong>. Gy\u0151z\u0151dj\u00f6n meg r\u00f3la, hogy alaposan megtiszt\u00edtott\u00e1k \u00e9s kibelezt\u00e9k \u0151ket a maxim\u00e1lis \u00edz \u00e9s zsenges\u00e9g \u00e9rdek\u00e9ben.<\/p>\n<h3>Fokhagyma<\/h3>\n<p>L'<strong>fokhagyma<\/strong> a recept szt\u00e1r\u00f6sszetev\u0151je. Haszn\u00e1lja <strong>gerezd friss fokhagyma<\/strong> az intenz\u00edv, f\u0171szeres \u00edz\u00e9rt. A mennyis\u00e9get tetsz\u00e9s szerint m\u00f3dos\u00edthatja, de \u00e1ltal\u00e1ban h\u00e1rom-n\u00e9gy h\u00fcvely elegend\u0151.<\/p>\n<h3>Citrom<\/h3>\n<p>Le <strong>citrom<\/strong> a garn\u00e9lar\u00e1knak egy fanyar, friss \u00edzt ad. Ne felejtse el haszn\u00e1lni mind a <strong>gy\u00fcm\u00f6lcsl\u00e9 \u00e9s h\u00e9j<\/strong> az \u00edzek maximaliz\u00e1l\u00e1sa \u00e9rdek\u00e9ben.<\/p>\n<h3>Egy\u00e9b \u00f6sszetev\u0151k<\/h3>\n<ul>\n<li><strong>Ol\u00edvaolaj<\/strong> Egy ev\u0151kan\u00e1l elegend\u0151 ahhoz, hogy a garn\u00e9lar\u00e1k puha \u00e1llag\u00fa legyen.<\/li>\n<li><strong>S\u00f3 \u00e9s bors<\/strong> \u00cdzl\u00e9s szerint f\u0171szerezni.<\/li>\n<li><strong>Friss petrezselyem<\/strong> Nem k\u00f6telez\u0151, hogy egy utols\u00f3 f\u0171szeres jegyet adjon hozz\u00e1.<\/li>\n<\/ul>\n<h2>A garn\u00e9lar\u00e1k el\u0151k\u00e9sz\u00edt\u00e9se<\/h2>\n<h3>1. l\u00e9p\u00e9s: K\u00e9sz\u00edtse el\u0151 az \u00f6sszetev\u0151ket<\/h3>\n<p>Kezdj\u00fck a garn\u00e9lar\u00e1kok megtiszt\u00edt\u00e1s\u00e1val. Ha fagyasztott garn\u00e9lar\u00e1kot haszn\u00e1l, hagyja teljesen kiolvadni, miel\u0151tt hideg v\u00edz alatt le\u00f6bl\u00edti. Ezut\u00e1n apr\u00f3ra v\u00e1gjuk a szegf\u0171szeget.<strong>fokhagyma<\/strong> \u00e9s reszelj\u00fck le a <strong>citromh\u00e9j<\/strong>.<\/p>\n<h3>2. l\u00e9p\u00e9s: P\u00e1coljuk be a garn\u00e9lar\u00e1kot<\/h3>\n<p>Egy nagy t\u00e1lban keverj\u00fck \u00f6ssze a garn\u00e9lar\u00e1kokat a <strong>citroml\u00e9<\/strong>a <strong>zest<\/strong>, l'<strong>apr\u00f3ra v\u00e1gott fokhagyma<\/strong>, l'<strong>ol\u00edvaolaj<\/strong>a <strong>s\u00f3 \u00e9s bors<\/strong>. Hagyja p\u00e1col\u00f3dni a h\u0171t\u0151ben k\u00f6r\u00fclbel\u00fcl 15-30 percig.<\/p>\n<h2>L\u00e9gs\u00fct\u0151ben f\u0151z\u00e9s<\/h2>\n<h3>A l\u00e9gs\u00fct\u0151 el\u0151nyei<\/h3>\n<p>A<strong>l\u00e9gs\u00fct\u0151<\/strong> a garn\u00e9lar\u00e1k f\u0151z\u00e9s\u00e9nek sz\u00e1mos el\u0151nye van. Ez a f\u0151z\u00e9si m\u00f3d kevesebb olajat haszn\u00e1l, ami megk\u00f6nny\u00edti a f\u0151z\u00e9st. <strong>eg\u00e9szs\u00e9gesebb \u00e9telek<\/strong>. R\u00e1ad\u00e1sul a l\u00e9gs\u00fct\u0151 egyenletesen osztja el a h\u0151t, garant\u00e1lva az egyenletes h\u0151teljes\u00edtm\u00e9nyt. <strong>a garn\u00e9lar\u00e1k optim\u00e1lis f\u0151z\u00e9se<\/strong>.<\/p>\n<h3>F\u0151z\u00e9si l\u00e9p\u00e9sek<\/h3>\n<p>Meleg\u00edtse el\u0151 a l\u00e9gs\u00fct\u0151t 180 \u00b0C-ra (350 \u00b0F). Miut\u00e1n el\u0151meleg\u00edtett\u00fck, a garn\u00e9lar\u00e1kokat egy r\u00e9tegben rendezz\u00fck el a kos\u00e1rban, hogy egyenletesen s\u00fcljenek. S\u00fcss\u00fck k\u00f6r\u00fclbel\u00fcl 10-15 percig, a s\u00fct\u00e9s fel\u00e9n\u00e9l r\u00e1zzuk meg a kosarat, hogy a garn\u00e9lar\u00e1kokat megford\u00edtsuk.<\/p>\n<h2>Tov\u00e1bbi tippek<\/h2>\n<h3>A p\u00e1c vari\u00e1ci\u00f3i<\/h3>\n<p>Ha k\u00eds\u00e9rletezni szeretne, kipr\u00f3b\u00e1lhatja <strong>k\u00fcl\u00f6nb\u00f6z\u0151 t\u00edpus\u00fa p\u00e1cok<\/strong>. P\u00e9ld\u00e1ul, adjunk hozz\u00e1 <strong>t\u00f6r\u00f6tt pirospaprika<\/strong> f\u0171szeres \u00edzes\u00edt\u00e9s\u00e9rt, vagy <strong>reszelt gy\u00f6mb\u00e9r<\/strong> az \u00e1zsiai \u00edzek\u00e9rt.<\/p>\n<h3>Oldalak \u00e9s al\u00e1t\u00e1maszt\u00e1s<\/h3>\n<p>A fokhagym\u00e1s, citromos garn\u00e9lar\u00e1k t\u00f6k\u00e9letesen illik a k\u00fcl\u00f6nf\u00e9le k\u00eds\u00e9r\u0151 \u00e9telekhez. \u00cdme n\u00e9h\u00e1ny \u00f6tlet:<\/p>\n<ul>\n<li><strong>J\u00e1zmin vagy basmati rizs<\/strong> Teljes \u00e9rt\u00e9k\u0171 \u00e9tkez\u00e9shez.<\/li>\n<li><strong>Grillezett z\u00f6lds\u00e9gek<\/strong> Cukkini, paprika \u00e9s sp\u00e1rga a sz\u00ednes \u00e9s eg\u00e9szs\u00e9ges \u00edzvil\u00e1g\u00e9rt.<\/li>\n<li><strong>Friss z\u00f6ld sal\u00e1ta<\/strong> A t\u00e9m\u00e1hoz ill\u0151en k\u00f6nny\u0171 citromos vinaigrette-tel.<\/li>\n<\/ul>\n<h2>Szak\u00e1csok tan\u00e1csai<\/h2>\n<h3>Ne terhelje t\u00fal a kosarat<\/h3>\n<p>\u00dcgyeljen arra, hogy ne t\u00f6ltse t\u00fal a l\u00e9gs\u00fct\u0151 kosar\u00e1t. A garn\u00e9lar\u00e1kokat egy r\u00e9tegben kell elhelyezni, hogy elker\u00fclj\u00fck az egyenetlen s\u00fcl\u00e9st.<\/p>\n<h3>A v\u00e9g\u00e9n adjuk hozz\u00e1 a f\u0171szern\u00f6v\u00e9nyeket<\/h3>\n<p>Ha be k\u00edv\u00e1nja \u00e9p\u00edteni <strong>friss f\u0171szern\u00f6v\u00e9nyek<\/strong> p\u00e9ld\u00e1ul petrezselymet vagy koriandert, a f\u0151z\u00e9s v\u00e9g\u00e9n adjuk hozz\u00e1, hogy meg\u0151rizz\u00fck \u00edz\u00fcket \u00e9s t\u00e1p\u00e9rt\u00e9k\u00fcket.<\/p>\n<h3>Tartsa szemmel a f\u0151z\u00e9si folyamatot<\/h3>\n<p>A <strong>a garn\u00e9lar\u00e1kok nagyon gyorsan megf\u0151nek<\/strong>. A f\u0151z\u00e9s \u00e1llapot\u00e1nak rendszeres ellen\u0151rz\u00e9se megakad\u00e1lyozhatja, hogy gumiszer\u0171v\u00e9 v\u00e1ljanak. Akkor van k\u00e9sz, amikor a sz\u00edn\u00fck \u00e1ttetsz\u0151 sz\u00fcrk\u00e9b\u0151l \u00e1tl\u00e1tszatlan r\u00f3zsasz\u00edn\u0171re v\u00e1ltozik.<\/p>\n<h2>Prezent\u00e1ci\u00f3 \u00e9s szolg\u00e1ltat\u00e1s<\/h2>\n<h3>A t\u00e1ny\u00e9rok be\u00e1ll\u00edt\u00e1sa<\/h3>\n<p>Az eleg\u00e1ns megjelen\u00e9s \u00e9rdek\u00e9ben a garn\u00e9lar\u00e1kokat harmonikusan rendezz\u00fck el egy t\u00e1ny\u00e9ron. <strong>feh\u00e9r t\u00e1ny\u00e9r<\/strong>. Adjunk hozz\u00e1 n\u00e9h\u00e1ny negyed <strong>citrom<\/strong> \u00e9s a <strong>petrezselyem<\/strong> dekor\u00e1lni.<\/p>\n<h3>K\u00fcl\u00f6nb\u00f6z\u0151 k\u00eds\u00e9retek<\/h3>\n<p>T\u00e1laljuk a garn\u00e9lar\u00e1kot szeletekre v\u00e1gott <strong>fokhagym\u00e1val bed\u00f6rzs\u00f6lt pir\u00edtott bagett keny\u00e9r<\/strong>egy mar\u00e9k rak\u00e9ta vagy <strong>Kr\u00e9mes burgonyap\u00fcr\u00e9<\/strong> a k\u00fcl\u00f6nb\u00f6z\u0151 text\u00far\u00e1k \u00e9s \u00edzek \u00e9rdek\u00e9ben.<\/p>\n<h3>Aperitif vagy el\u0151\u00e9tel<\/h3>\n<p>Ezek a garn\u00e9lar\u00e1kok t\u00e1lalhat\u00f3k <strong>aperitifk\u00e9nt vagy el\u0151\u00e9telk\u00e9nt<\/strong>. Mutassa be \u0151ket <strong>ny\u00e1rsak<\/strong> vagy kis verrines egy <strong>m\u00e1rtogat\u00f3s sz\u00f3sz g\u00f6r\u00f6g joghurttal \u00e9s met\u00e9l\u0151hagym\u00e1val<\/strong> a kifinomult \u00edz\u00e9lm\u00e9ny\u00e9rt.<\/p>\n<h2>Marad\u00e9kok meg\u0151rz\u00e9se<\/h2>\n<h3>A h\u0171t\u0151ben<\/h3>\n<p>A f\u0151tt garn\u00e9lar\u00e1k j\u00f3l eltarthat\u00f3 a h\u0171t\u0151ben. Tegye \u0151ket l\u00e9gmentesen z\u00e1r\u00f3d\u00f3 ed\u00e9nybe, \u00e9s k\u00e9t napon bel\u00fcl fogyassza el. <strong>K\u00f6vetkez\u0151 2 nap<\/strong> a frissess\u00e9g\u00fck garant\u00e1l\u00e1sa \u00e9rdek\u00e9ben.<\/p>\n<h3>A garn\u00e9lar\u00e1k felmeleg\u00edt\u00e9se<\/h3>\n<p>Az \u00fajrameleg\u00edt\u00e9shez haszn\u00e1lja a l\u00e9gs\u00fct\u0151t. <strong>alacsony h\u0151m\u00e9rs\u00e9klet<\/strong> (150\u00b0C) n\u00e9h\u00e1ny percig. Ez meg\u0151rzi a ropog\u00f3s \u00e1llagot an\u00e9lk\u00fcl, hogy kisz\u00e1radna.<\/p>\n<h2>Recept \u00f6sszefoglal\u00f3<\/h2>\n<p>R\u00f6viden, egy l\u00e9gs\u00fct\u0151vel, az el\u0151k\u00e9sz\u00edt\u00e9s a <strong>garn\u00e9lar\u00e1k fokhagym\u00e1val \u00e9s citrommal<\/strong> sokkal egyszer\u0171bb\u00e9 \u00e9s gyorsabb\u00e1 v\u00e1lt. Az eredm\u00e9ny nemcsak finom, hanem eg\u00e9szs\u00e9ges is, ide\u00e1lis az eg\u00e9szs\u00e9ges t\u00e1pl\u00e1lkoz\u00e1shoz. <strong>\u00edzletes h\u00e9tk\u00f6znapi \u00e9telek<\/strong> vagy ak\u00e1r egy bar\u00e1ti vacsor\u00e1n is leny\u0171g\u00f6zheti a vend\u00e9geket.<\/p>","protected":false},"excerpt":{"rendered":"<p>Vous cherchez une recette d\u00e9licieuse, saine et rapide pour pr\u00e9parer des crevettes ? Les crevettes \u00e0 l&rsquo;ail et au citron \u00e0 l&rsquo;air fryer sont parfaites. Cette m\u00e9thode de cuisson permet de savourer le go\u00fbt authentique des ingr\u00e9dients sans exc\u00e8s d&rsquo;huile, tout en conservant les qualit\u00e9s nutritionnelles exceptionnelles des crevettes. Suivez-nous dans cette aventure culinaire qui [&hellip;]<\/p>","protected":false},"author":1,"featured_media":2000,"comment_status":"open","ping_status":"open","sticky":false,"template":"","format":"standard","meta":{"wprm-recipe-roundup-name":"","wprm-recipe-roundup-description":"","footnotes":""},"categories":[29],"tags":[],"class_list":["post-2001","post","type-post","status-publish","format-standard","has-post-thumbnail","hentry","category-fruit-de-mer"],"yoast_head":"<!-- This site is optimized with the Yoast SEO plugin v27.5 - https:\/\/yoast.com\/product\/yoast-seo-wordpress\/ -->\n<title>Recette Crevettes \u00e0 l&amp;#039;ail et au citron air fryer - Air fryer ninja Recettes<\/title>\n<meta name=\"robots\" content=\"index, follow, max-snippet:-1, max-image-preview:large, max-video-preview:-1\" \/>\n<link rel=\"canonical\" href=\"https:\/\/air-fryer-ninja.fr\/hu\/recept-garnelarak-fokhagymas-es-citromos-legsutovel\/\" \/>\n<meta property=\"og:locale\" content=\"hu_HU\" \/>\n<meta property=\"og:type\" content=\"article\" \/>\n<meta property=\"og:title\" content=\"Recette Crevettes \u00e0 l&amp;#039;ail et au citron air fryer - Air fryer ninja Recettes\" \/>\n<meta property=\"og:description\" content=\"Vous cherchez une recette d\u00e9licieuse, saine et rapide pour pr\u00e9parer des crevettes ? Les crevettes \u00e0 l&rsquo;ail et au citron \u00e0 l&rsquo;air fryer sont parfaites. Cette m\u00e9thode de cuisson permet de savourer le go\u00fbt authentique des ingr\u00e9dients sans exc\u00e8s d&rsquo;huile, tout en conservant les qualit\u00e9s nutritionnelles exceptionnelles des crevettes. Suivez-nous dans cette aventure culinaire qui [&hellip;]\" \/>\n<meta property=\"og:url\" content=\"https:\/\/air-fryer-ninja.fr\/hu\/recept-garnelarak-fokhagymas-es-citromos-legsutovel\/\" \/>\n<meta property=\"og:site_name\" content=\"Air fryer ninja Recettes\" \/>\n<meta property=\"article:published_time\" content=\"2024-10-06T15:55:00+00:00\" \/>\n<meta property=\"article:modified_time\" content=\"2025-01-06T20:13:41+00:00\" \/>\n<meta property=\"og:image\" content=\"https:\/\/air-fryer-ninja.fr\/wp-content\/uploads\/2024\/07\/recette-simple-et-rapide-crevettes-a-lail-et-au-citron-a-lair-fryer.jpg\" \/>\n\t<meta property=\"og:image:width\" content=\"1456\" \/>\n\t<meta property=\"og:image:height\" content=\"816\" \/>\n\t<meta property=\"og:image:type\" content=\"image\/jpeg\" \/>\n<meta name=\"author\" content=\"Stephy\" \/>\n<meta name=\"twitter:card\" content=\"summary_large_image\" \/>\n<meta name=\"twitter:label1\" content=\"Szerz\u0151:\" \/>\n\t<meta name=\"twitter:data1\" content=\"Stephy\" \/>\n\t<meta name=\"twitter:label2\" content=\"Becs\u00fclt olvas\u00e1si id\u0151\" \/>\n\t<meta name=\"twitter:data2\" content=\"4 perc\" \/>\n<!-- \/ Yoast SEO plugin. -->","yoast_head_json":{"title":"Recette Crevettes \u00e0 l&amp;#039;ail et au citron air fryer - Air fryer ninja Recettes","robots":{"index":"index","follow":"follow","max-snippet":"max-snippet:-1","max-image-preview":"max-image-preview:large","max-video-preview":"max-video-preview:-1"},"canonical":"https:\/\/air-fryer-ninja.fr\/hu\/recept-garnelarak-fokhagymas-es-citromos-legsutovel\/","og_locale":"hu_HU","og_type":"article","og_title":"Recette Crevettes \u00e0 l&amp;#039;ail et au citron air fryer - Air fryer ninja Recettes","og_description":"Vous cherchez une recette d\u00e9licieuse, saine et rapide pour pr\u00e9parer des crevettes ? Les crevettes \u00e0 l&rsquo;ail et au citron \u00e0 l&rsquo;air fryer sont parfaites. Cette m\u00e9thode de cuisson permet de savourer le go\u00fbt authentique des ingr\u00e9dients sans exc\u00e8s d&rsquo;huile, tout en conservant les qualit\u00e9s nutritionnelles exceptionnelles des crevettes. Suivez-nous dans cette aventure culinaire qui [&hellip;]","og_url":"https:\/\/air-fryer-ninja.fr\/hu\/recept-garnelarak-fokhagymas-es-citromos-legsutovel\/","og_site_name":"Air fryer ninja Recettes","article_published_time":"2024-10-06T15:55:00+00:00","article_modified_time":"2025-01-06T20:13:41+00:00","og_image":[{"width":1456,"height":816,"url":"https:\/\/air-fryer-ninja.fr\/wp-content\/uploads\/2024\/07\/recette-simple-et-rapide-crevettes-a-lail-et-au-citron-a-lair-fryer.jpg","type":"image\/jpeg"}],"author":"Stephy","twitter_card":"summary_large_image","twitter_misc":{"Szerz\u0151:":"Stephy","Becs\u00fclt olvas\u00e1si id\u0151":"4 perc"},"schema":{"@context":"https:\/\/schema.org","@graph":[{"@type":"Article","@id":"https:\/\/air-fryer-ninja.fr\/recette-crevettes-a-l039ail-et-au-citron-air-fryer\/#article","isPartOf":{"@id":"https:\/\/air-fryer-ninja.fr\/recette-crevettes-a-l039ail-et-au-citron-air-fryer\/"},"author":{"name":"Stephy","@id":"https:\/\/air-fryer-ninja.fr\/#\/schema\/person\/31ca83cb1c8812323af9097575aa686b"},"headline":"Recette Crevettes \u00e0 l&amp;#039;ail et au citron air fryer","datePublished":"2024-10-06T15:55:00+00:00","dateModified":"2025-01-06T20:13:41+00:00","mainEntityOfPage":{"@id":"https:\/\/air-fryer-ninja.fr\/recette-crevettes-a-l039ail-et-au-citron-air-fryer\/"},"wordCount":876,"commentCount":0,"publisher":{"@id":"https:\/\/air-fryer-ninja.fr\/#organization"},"image":{"@id":"https:\/\/air-fryer-ninja.fr\/recette-crevettes-a-l039ail-et-au-citron-air-fryer\/#primaryimage"},"thumbnailUrl":"https:\/\/air-fryer-ninja.fr\/wp-content\/uploads\/2024\/07\/recette-simple-et-rapide-crevettes-a-lail-et-au-citron-a-lair-fryer.jpg","articleSection":["Fruit de mer"],"inLanguage":"hu","potentialAction":[{"@type":"CommentAction","name":"Comment","target":["https:\/\/air-fryer-ninja.fr\/recette-crevettes-a-l039ail-et-au-citron-air-fryer\/#respond"]}]},{"@type":"WebPage","@id":"https:\/\/air-fryer-ninja.fr\/recette-crevettes-a-l039ail-et-au-citron-air-fryer\/","url":"https:\/\/air-fryer-ninja.fr\/recette-crevettes-a-l039ail-et-au-citron-air-fryer\/","name":"Recette Crevettes \u00e0 l&amp;#039;ail et au citron air fryer - Air fryer ninja Recettes","isPartOf":{"@id":"https:\/\/air-fryer-ninja.fr\/#website"},"primaryImageOfPage":{"@id":"https:\/\/air-fryer-ninja.fr\/recette-crevettes-a-l039ail-et-au-citron-air-fryer\/#primaryimage"},"image":{"@id":"https:\/\/air-fryer-ninja.fr\/recette-crevettes-a-l039ail-et-au-citron-air-fryer\/#primaryimage"},"thumbnailUrl":"https:\/\/air-fryer-ninja.fr\/wp-content\/uploads\/2024\/07\/recette-simple-et-rapide-crevettes-a-lail-et-au-citron-a-lair-fryer.jpg","datePublished":"2024-10-06T15:55:00+00:00","dateModified":"2025-01-06T20:13:41+00:00","breadcrumb":{"@id":"https:\/\/air-fryer-ninja.fr\/recette-crevettes-a-l039ail-et-au-citron-air-fryer\/#breadcrumb"},"inLanguage":"hu","potentialAction":[{"@type":"ReadAction","target":["https:\/\/air-fryer-ninja.fr\/recette-crevettes-a-l039ail-et-au-citron-air-fryer\/"]}]},{"@type":"ImageObject","inLanguage":"hu","@id":"https:\/\/air-fryer-ninja.fr\/recette-crevettes-a-l039ail-et-au-citron-air-fryer\/#primaryimage","url":"https:\/\/air-fryer-ninja.fr\/wp-content\/uploads\/2024\/07\/recette-simple-et-rapide-crevettes-a-lail-et-au-citron-a-lair-fryer.jpg","contentUrl":"https:\/\/air-fryer-ninja.fr\/wp-content\/uploads\/2024\/07\/recette-simple-et-rapide-crevettes-a-lail-et-au-citron-a-lair-fryer.jpg","width":1456,"height":816,"caption":"Recette simple et rapide&nbsp;: crevettes \u00e0 l'ail et au citron \u00e0 l'air fryer"},{"@type":"BreadcrumbList","@id":"https:\/\/air-fryer-ninja.fr\/recette-crevettes-a-l039ail-et-au-citron-air-fryer\/#breadcrumb","itemListElement":[{"@type":"ListItem","position":1,"name":"Recette Air Fryer","item":"https:\/\/air-fryer-ninja.fr\/"},{"@type":"ListItem","position":2,"name":"Recette Crevettes \u00e0 l&amp;#039;ail et au citron air fryer"}]},{"@type":"WebSite","@id":"https:\/\/air-fryer-ninja.fr\/#website","url":"https:\/\/air-fryer-ninja.fr\/","name":"L\u00e9gs\u00fct\u0151 ninja","description":"L\u00e9gs\u00fct\u0151 ninja recept blog","publisher":{"@id":"https:\/\/air-fryer-ninja.fr\/#organization"},"potentialAction":[{"@type":"SearchAction","target":{"@type":"EntryPoint","urlTemplate":"https:\/\/air-fryer-ninja.fr\/?s={search_term_string}"},"query-input":{"@type":"PropertyValueSpecification","valueRequired":true,"valueName":"search_term_string"}}],"inLanguage":"hu"},{"@type":"Organization","@id":"https:\/\/air-fryer-ninja.fr\/#organization","name":"L\u00e9gs\u00fct\u0151 ninja","url":"https:\/\/air-fryer-ninja.fr\/","logo":{"@type":"ImageObject","inLanguage":"hu","@id":"https:\/\/air-fryer-ninja.fr\/#\/schema\/logo\/image\/","url":"https:\/\/air-fryer-ninja.fr\/wp-content\/uploads\/2022\/09\/air-fryer-ninja.png","contentUrl":"https:\/\/air-fryer-ninja.fr\/wp-content\/uploads\/2022\/09\/air-fryer-ninja.png","width":500,"height":90,"caption":"Air fryer ninja"},"image":{"@id":"https:\/\/air-fryer-ninja.fr\/#\/schema\/logo\/image\/"}},{"@type":"Person","@id":"https:\/\/air-fryer-ninja.fr\/#\/schema\/person\/31ca83cb1c8812323af9097575aa686b","name":"Stephy","image":{"@type":"ImageObject","inLanguage":"hu","@id":"https:\/\/air-fryer-ninja.fr\/wp-content\/uploads\/2024\/11\/cropped-Untitled-design-2024-11-04T123927.617-96x96.jpg","url":"https:\/\/air-fryer-ninja.fr\/wp-content\/uploads\/2024\/11\/cropped-Untitled-design-2024-11-04T123927.617-96x96.jpg","contentUrl":"https:\/\/air-fryer-ninja.fr\/wp-content\/uploads\/2024\/11\/cropped-Untitled-design-2024-11-04T123927.617-96x96.jpg","caption":"Stephy"},"description":"Stephy vagyok, egy h\u00e1ziasszony, akinek szenved\u00e9lye a f\u0151z\u00e9s! Ami\u00f3ta felfedeztem a l\u00e9gfrit\u0151g\u00e9pet, az\u00f3ta ide\u00e1lis t\u00e1rsam az \u00edzletes, k\u00f6nnyen elk\u00e9sz\u00edthet\u0151 receptek elk\u00e9sz\u00edt\u00e9s\u00e9hez. Szeretek k\u00eds\u00e9rletezni \u00e9s olyan \u00e9teleket kital\u00e1lni, amelyek meglepik \u00e9s meg\u00f6rvendeztetik a csal\u00e1domat. Itt megosztom a legjobb tippjeimet \u00e9s kedvenc receptjeimet, hogy \u00d6n is \u00e9lvezhesse az otthoni f\u0151z\u00e9s \u00f6r\u00f6meit an\u00e9lk\u00fcl, hogy \u00f3r\u00e1kat t\u00f6ltene a t\u0171zhely m\u00f6g\u00f6tt. A c\u00e9lom? Megmutatni, hogy egy kis kreativit\u00e1ssal a l\u00e9gs\u00fct\u0151 minden \u00e9telt igazi \u00e9lm\u00e9nny\u00e9 var\u00e1zsolhat!","sameAs":["https:\/\/air-fryer-ninja.fr"],"url":"https:\/\/air-fryer-ninja.fr\/hu\/author\/a1rdy\/"}]}},"_links":{"self":[{"href":"https:\/\/air-fryer-ninja.fr\/hu\/wp-json\/wp\/v2\/posts\/2001","targetHints":{"allow":["GET"]}}],"collection":[{"href":"https:\/\/air-fryer-ninja.fr\/hu\/wp-json\/wp\/v2\/posts"}],"about":[{"href":"https:\/\/air-fryer-ninja.fr\/hu\/wp-json\/wp\/v2\/types\/post"}],"author":[{"embeddable":true,"href":"https:\/\/air-fryer-ninja.fr\/hu\/wp-json\/wp\/v2\/users\/1"}],"replies":[{"embeddable":true,"href":"https:\/\/air-fryer-ninja.fr\/hu\/wp-json\/wp\/v2\/comments?post=2001"}],"version-history":[{"count":1,"href":"https:\/\/air-fryer-ninja.fr\/hu\/wp-json\/wp\/v2\/posts\/2001\/revisions"}],"predecessor-version":[{"id":3021,"href":"https:\/\/air-fryer-ninja.fr\/hu\/wp-json\/wp\/v2\/posts\/2001\/revisions\/3021"}],"wp:featuredmedia":[{"embeddable":true,"href":"https:\/\/air-fryer-ninja.fr\/hu\/wp-json\/wp\/v2\/media\/2000"}],"wp:attachment":[{"href":"https:\/\/air-fryer-ninja.fr\/hu\/wp-json\/wp\/v2\/media?parent=2001"}],"wp:term":[{"taxonomy":"category","embeddable":true,"href":"https:\/\/air-fryer-ninja.fr\/hu\/wp-json\/wp\/v2\/categories?post=2001"},{"taxonomy":"post_tag","embeddable":true,"href":"https:\/\/air-fryer-ninja.fr\/hu\/wp-json\/wp\/v2\/tags?post=2001"}],"curies":[{"name":"wp","href":"https:\/\/api.w.org\/{rel}","templated":true}]}}