{"id":1983,"date":"2024-09-03T15:55:00","date_gmt":"2024-09-03T15:55:00","guid":{"rendered":"https:\/\/air-fryer-ninja.fr\/?p=1983"},"modified":"2025-01-06T20:13:43","modified_gmt":"2025-01-06T20:13:43","slug":"recept-a-legkevereses-grillezett-garnelarakhoz","status":"publish","type":"post","link":"https:\/\/air-fryer-ninja.fr\/hu\/recept-a-legkevereses-grillezett-garnelarakhoz\/","title":{"rendered":"Recept L\u00e9gben s\u00fclt garn\u00e9lar\u00e1k"},"content":{"rendered":"<p>A <strong>grillezett garn\u00e9lar\u00e1k<\/strong> a tenger gy\u00fcm\u00f6lcsei szerelmeseinek abszol\u00fat \u00f6r\u00f6m\u00e9re szolg\u00e1lnak. Gyeng\u00e9d text\u00far\u00e1juk \u00e9s zamatos \u00edz\u00fck minden \u00e9tkez\u00e9shez \u00ednyencs\u00e9get k\u00f6lcs\u00f6n\u00f6z. Ma a grillezett garn\u00e9lar\u00e1k gyors \u00e9s eg\u00e9szs\u00e9ges elk\u00e9sz\u00edt\u00e9s\u00e9nek egy gyors \u00e9s eg\u00e9szs\u00e9ges m\u00f3dj\u00e1t mutatjuk be. <strong>l\u00e9gs\u00fct\u0151<\/strong>. Ez a modern technika lehet\u0151v\u00e9 teszi, hogy a garn\u00e9lar\u00e1kot f\u0151zni lehessen <strong>kev\u00e9s olaj<\/strong>mik\u00f6zben meg\u0151rzik \u00edz\u00fcket \u00e9s t\u00e1p\u00e9rt\u00e9k\u00fcket.<\/p>\n<h2>Hozz\u00e1val\u00f3k a t\u00f6k\u00e9letes grillezett garn\u00e9lar\u00e1khoz<\/h2>\n<p>Miel\u0151tt elkezden\u00e9 a t\u00e9nyleges elk\u00e9sz\u00edt\u00e9st, \u00f6ssze kell gy\u0171jtenie az \u00f6sszes hozz\u00e1val\u00f3t, hogy ez a recept sikeres legyen. A k\u00f6vetkez\u0151kre lesz sz\u00fcks\u00e9ged:<\/p>\n<ul>\n<li>500 g <strong>h\u00e9jas garn\u00e9lar\u00e1k<\/strong><\/li>\n<li>3 ev\u0151kan\u00e1l<strong>ol\u00edvaolaj<\/strong><\/li>\n<li>4 gerezd<strong>apr\u00f3ra v\u00e1gott fokhagyma<\/strong><\/li>\n<li>1 te\u00e1skan\u00e1l <strong>paprika<\/strong><\/li>\n<li>A l\u00e9 a <strong>2 citrom<\/strong><\/li>\n<li>Egy maroknyi <strong>finomra v\u00e1gott friss koriander<\/strong><\/li>\n<li>S\u00f3 \u00e9s bors \u00edzl\u00e9s szerint<\/li>\n<\/ul>\n<h3>V\u00e1logat\u00e1s garn\u00e9lar\u00e1kb\u00f3l<\/h3>\n<p>A j\u00f3 min\u0151s\u00e9g\u0171 garn\u00e9lar\u00e1k kiv\u00e1laszt\u00e1sa kulcsfontoss\u00e1g\u00fa az \u00edzletes \u00e9tel elk\u00e9sz\u00edt\u00e9s\u00e9hez. V\u00e1lasszon <strong>friss vagy fagyasztott gamb\u00e1k<\/strong>De gy\u0151z\u0151dj\u00f6n meg r\u00f3la, hogy f\u0151z\u00e9s el\u0151tt j\u00f3l ki vannak pucolva \u00e9s ki vannak b\u00e9lelve. \u00cdgy elker\u00fclhet\u0151 a nemk\u00edv\u00e1natos keserny\u00e9s \u00edz, \u00e9s egyszer\u0171bb\u00e9 v\u00e1lik a k\u00f3stol\u00e1s.<\/p>\n<h3>A t\u00f6bbi hozz\u00e1val\u00f3 el\u0151k\u00e9sz\u00edt\u00e9se<\/h3>\n<p>K\u00e9sz\u00edtse el\u0151 a hozz\u00e1val\u00f3kat, miel\u0151tt elkezden\u00e9 a f\u0151z\u00e9st. Finomra v\u00e1gjuk a<strong>fokhagyma<\/strong> \u00e9s a <strong>koriander<\/strong>nyomja meg a <strong>citromok<\/strong> hogy kivonj\u00e1k a lev\u00fcket, \u00e9s pontosan kim\u00e9rj\u00e9k a f\u0171szerek \u00e9s \u00edzes\u00edt\u0151k mennyis\u00e9g\u00e9t.<strong>olaj<\/strong>. A gondos el\u0151k\u00e9sz\u00edt\u00e9s biztos\u00edtja, hogy minden szakasz z\u00f6kken\u0151mentesen menjen.<\/p>\n<h2>Garn\u00e9lar\u00e1k p\u00e1c<\/h2>\n<p>A <strong>\u00edzletes p\u00e1c<\/strong> a grillezett garn\u00e9lar\u00e1kok eset\u00e9ben mindent megv\u00e1ltoztat. N\u00e9zz\u00fck meg, milyen l\u00e9p\u00e9sekb\u0151l \u00e1ll ez az arom\u00e1s csoda.<\/p>\n<h3>\u00d6sszetev\u0151k kever\u00e9se<\/h3>\n<p>Egy nagy t\u00e1lba \u00f6nts\u00fck a<strong>ol\u00edvaolaj<\/strong>hozz\u00e1adjuk a<strong>fokhagyma<\/strong> szeletelve, a <strong>paprika<\/strong>a <strong>citroml\u00e9<\/strong>s\u00f3 \u00e9s bors. Ezeket az \u00f6sszetev\u0151ket j\u00f3l keverj\u00fck \u00f6ssze, hogy sima p\u00e1cot kapjunk. Hagyjuk \u00e1llni n\u00e9h\u00e1ny percig, hogy a <strong>\u00edzek<\/strong> t\u00f6k\u00e9letesen kombin\u00e1l\u00f3dnak.<\/p>\n<h3>P\u00e1coljuk be a garn\u00e9lar\u00e1kot<\/h3>\n<p>Adja hozz\u00e1 a <strong>garn\u00e9lar\u00e1k<\/strong> a p\u00e1cot tartalmaz\u00f3 t\u00e1lba. \u00d3vatosan keverj\u00fck \u00f6ssze, hogy minden egyes <strong>gamba<\/strong> j\u00f3l bevonjuk a p\u00e1ccal. Fedj\u00fck le a t\u00e1lat f\u00f3li\u00e1val, \u00e9s hagyjuk a h\u0171t\u0151ben legal\u00e1bb 30 percig p\u00e1col\u00f3dni. Ha hosszabb ideig, ak\u00e1r 2 \u00f3r\u00e1n \u00e1t p\u00e1coljuk, az m\u00e9g intenz\u00edvebb\u00e9 teheti az \u00edzeket.<\/p>\n<h2>A l\u00e9gs\u00fct\u0151 haszn\u00e1lata garn\u00e9lar\u00e1k grillez\u00e9s\u00e9hez<\/h2>\n<p>L'<strong>l\u00e9gs\u00fct\u0151<\/strong> rendk\u00edv\u00fcli eszk\u00f6z a grillezett garn\u00e9lar\u00e1k gyors \u00e9s eg\u00e9szs\u00e9ges elk\u00e9sz\u00edt\u00e9s\u00e9hez. A folyamat egyszer\u0171, de a legjobb eredm\u00e9ny \u00e9rdek\u00e9ben n\u00e9h\u00e1ny \u00f3vint\u00e9zked\u00e9st ig\u00e9nyel.<\/p>\n<h3>A l\u00e9gs\u00fct\u0151 el\u0151meleg\u00edt\u00e9se<\/h3>\n<p>Az optim\u00e1lis s\u00fct\u00e9shez meleg\u00edtse el\u0151 a l\u00e9gs\u00fct\u0151t 200\u00b0C-ra (400\u00b0F) k\u00f6r\u00fclbel\u00fcl 5 percre. Az el\u0151meleg\u00edt\u00e9s lehet\u0151v\u00e9 teszi, hogy a k\u00e9sz\u00fcl\u00e9k el\u00e9rje az ide\u00e1lis h\u0151m\u00e9rs\u00e9kletet, miel\u0151tt az \u00e9teleket beletenn\u00e9. <strong>garn\u00e9lar\u00e1k<\/strong>a  biztos\u00edt\u00e1sa <strong>egyenletes f\u0151z\u00e9s<\/strong>.<\/p>\n<h3>A garn\u00e9lar\u00e1k kirak\u00e1sa<\/h3>\n<p>Rendezze el a <strong>marin\u00e1lt garn\u00e9lar\u00e1k<\/strong> egyetlen r\u00e9tegben a<strong>l\u00e9gs\u00fct\u0151<\/strong>. Ker\u00fclje a halmoz\u00e1sukat, hogy biztos\u00edtsa, hogy maradnak <strong>egyenletes f\u0151z\u00e9s<\/strong>. Ha sz\u00fcks\u00e9ges, k\u00e9sz\u00edtsen t\u00f6bb adagot.<\/p>\n<h3>A garn\u00e9lar\u00e1k f\u0151z\u00e9se<\/h3>\n<p>F\u0151zz\u00fck meg a <strong>garn\u00e9lar\u00e1k<\/strong> 200\u00b0C-on k\u00f6r\u00fclbel\u00fcl <strong>8-10 perc<\/strong>. A s\u00fct\u00e9s fel\u00e9n\u00e9l \u00f3vatosan r\u00e1zza meg a kosarat, vagy ford\u00edtsa meg a garn\u00e9lar\u00e1kokat, hogy egyenletesen barnuljanak. A garn\u00e9lar\u00e1knak <strong>r\u00f3zsasz\u00edn \u00e9s \u00e1tl\u00e1tszatlan<\/strong> amikor k\u00e9szen \u00e1llnak.<\/p>\n<h2>Tippek a recept jav\u00edt\u00e1s\u00e1hoz<\/h2>\n<p>B\u00e1r egy j\u00f3 <strong>p\u00e1c<\/strong> \u00e9s egy <strong>megfelel\u0151 f\u0151z\u00e9s<\/strong> Hogy garant\u00e1ltan finom garn\u00e9lar\u00e1kot k\u00e9sz\u00edtsen, \u00edme n\u00e9h\u00e1ny extra tipp, hogy m\u00e9g jobb legyen ez a recept:<\/p>\n<h3>F\u0171szerek hozz\u00e1ad\u00e1sa<\/h3>\n<p>Az \u00edzl\u00e9sedt\u0151l f\u00fcgg\u0151en, ne habozz, hogy be\u00e1ll\u00edtsd a <strong>f\u0171szerek<\/strong>. Ha p\u00e9ld\u00e1ul reszelt gy\u00f6mb\u00e9rt adunk a p\u00e1choz, a garn\u00e9lar\u00e1knak \u00e1zsiai hangulatot k\u00f6lcs\u00f6n\u00f6zhet\u00fcnk. Vagy v\u00e1lasszon egy <strong>pirospaprika<\/strong> azoknak, akik szeretik a f\u0171szeres \u00e9teleket.<\/p>\n<h3>T\u00e1mogat\u00f3 szolg\u00e1ltat\u00e1sok<\/h3>\n<p>A <strong>grillezett garn\u00e9lar\u00e1k<\/strong> k\u00fcl\u00f6nf\u00e9le k\u00eds\u00e9r\u0151 \u00e9telekkel t\u00e1lalhat\u00f3:<\/p>\n<ul>\n<li>A  c\u00edmr\u0151l <strong>illatos pil\u00e1f rizs<\/strong><\/li>\n<li>A  c\u00edmr\u0151l <strong>grillezett z\u00f6lds\u00e9gek<\/strong><\/li>\n<li>A <strong>ropog\u00f3s z\u00f6ld sal\u00e1ta<\/strong><\/li>\n<li>A  c\u00edmr\u0151l <strong>t\u00e9szta fokhagym\u00e1val \u00e9s ol\u00edvaolajjal<\/strong><\/li>\n<\/ul>\n<h3>K\u00eds\u00e9r\u0151 m\u00e1rt\u00e1s<\/h3>\n<p>A grillezett garn\u00e9lar\u00e1k \u00edz\u00e9t a k\u00eds\u00e9r\u0151 m\u00e1rt\u00e1s elk\u00e9sz\u00edt\u00e9se is fokozhatja. Az egyik javaslat egy <strong>h\u00e1zi kokt\u00e9lsz\u00f3sz<\/strong> ketchuppal, majon\u00e9zzel \u00e9s egy kis konyakkal. Az al\u00e1bbi \u00e9telek kedvel\u0151inek <strong>frissebb \u00edzek<\/strong>a <strong>joghurt, menta \u00e9s uborka m\u00e1rt\u00e1ssal<\/strong> ide\u00e1lis.<\/p>\n<h2>A l\u00e9gs\u00fct\u0151 haszn\u00e1lat\u00e1nak el\u0151nyei<\/h2>\n<p>L'<strong>l\u00e9gs\u00fct\u0151<\/strong> sz\u00e1mos jelent\u0151s el\u0151nyt k\u00edn\u00e1l a hagyom\u00e1nyos f\u0151z\u00e9si m\u00f3dszerekkel szemben, k\u00fcl\u00f6n\u00f6sen azok sz\u00e1m\u00e1ra, akik a k\u00f6vetkez\u0151kre t\u00f6rekednek <strong>eg\u00e9szs\u00e9gesen \u00e9tkezzenek<\/strong> an\u00e9lk\u00fcl, hogy kompromisszumot k\u00f6tn\u00e9nk az \u00edzl\u00e9s ter\u00e9n.<\/p>\n<h3>Kevesebb olaj, t\u00f6bb \u00edz<\/h3>\n<p>Az egyik f\u0151 el\u0151nye a<strong>l\u00e9gs\u00fct\u0151<\/strong> az, hogy nagyon kev\u00e9s olajra van sz\u00fcks\u00e9g a f\u0151z\u00e9shez, mik\u00f6zben m\u00e9g mindig egy nagyon magas <strong>ropog\u00f3s text\u00fara<\/strong>. Ez azt jelenti, hogy a garn\u00e9lar\u00e1k megtartja term\u00e9szetes \u00edz\u00e9t, hozz\u00e1adott zs\u00edr n\u00e9lk\u00fcl.<\/p>\n<h3>Gyors, egyenletes f\u0151z\u00e9s<\/h3>\n<p>L'<strong>l\u00e9gs\u00fct\u0151<\/strong> gyorsan felmelegszik, \u00e9s \u00e1lland\u00f3 h\u0151kering\u00e9st biztos\u00edt az \u00e9tel k\u00f6r\u00fcl. Ennek eredm\u00e9nyek\u00e9nt <strong>garn\u00e9lar\u00e1k<\/strong> egyenletesen s\u00fclnek meg an\u00e9lk\u00fcl, hogy meg\u00e9gn\u00e9nek, mik\u00f6zben bel\u00fcl szaftosak maradnak.<\/p>\n<h3>K\u00f6nnyen tiszt\u00edthat\u00f3<\/h3>\n<p>A legt\u00f6bb<strong>l\u00e9gs\u00fct\u0151<\/strong> tapad\u00e1smentes \u00e9s mosogat\u00f3g\u00e9pben moshat\u00f3, \u00edgy k\u00f6nnyen tiszt\u00edthat\u00f3. <strong>tiszt\u00edt\u00e1s f\u0151z\u00e9s ut\u00e1n<\/strong> rendk\u00edv\u00fcl gyors \u00e9s egyszer\u0171 m\u00e1s konyhai eszk\u00f6z\u00f6kh\u00f6z k\u00e9pest.<\/p>\n<h2>A leveg\u0151n s\u00fclt garn\u00e9lar\u00e1k recept vari\u00e1ci\u00f3i<\/h2>\n<p>Egyazon recept k\u00fcl\u00f6nb\u00f6z\u0151 vari\u00e1ci\u00f3inak felfedez\u00e9se v\u00e1ltozatoss\u00e1got \u00e9s izgalmat hozhat az \u00e9telekbe. \u00cdme n\u00e9h\u00e1ny alternat\u00edv \u00f6tlet, amivel j\u00e1tszhat <strong>\u00edzek<\/strong> \u00e9s <strong>text\u00far\u00e1k<\/strong>.<\/p>\n<h3>Garn\u00e9lar\u00e1k k\u00f3kuszdi\u00f3val<\/h3>\n<p>Egy egzotikus v\u00e1ltozathoz, pr\u00f3b\u00e1lja meg pan\u00edrozni a <strong>garn\u00e9lar\u00e1k<\/strong> a  c\u00edmen <strong>k\u00f3kuszreszel\u00e9k<\/strong> grillez\u00e9s el\u0151tt. A k\u00f3kusz \u00e9dess\u00e9ge t\u00f6k\u00e9letesen keveredik a garn\u00e9lar\u00e1k zsenge h\u00fas\u00e1val, \u00e9s \u00edzrobban\u00e1st eredm\u00e9nyez. <strong>tr\u00f3pusi \u00edzek<\/strong>.<\/p>\n<h3>\u00c1zsiai st\u00edlus\u00fa garn\u00e9lar\u00e1k<\/h3>\n<p>V\u00e1lasszon egy p\u00e1cot, amely a k\u00f6vetkez\u0151kb\u0151l k\u00e9sz\u00fclt <strong>sz\u00f3jasz\u00f3sz, gy\u00f6mb\u00e9rsz\u00f3sz<\/strong>, d'<strong>fokhagyma<\/strong> \u00e9s egy csipetnyi <strong>lime<\/strong> hogy a garn\u00e9lar\u00e1knak \u00e1zsiai jelleget adjon. K\u00edv\u00e1ns\u00e1g szerint egy csipetnyi chilisz\u00f3szt is adhat hozz\u00e1 egy kis f\u0171szeress\u00e9g\u00e9rt.<\/p>\n<h3>Garn\u00e9lar\u00e1k bazsalikommal \u00e9s napon sz\u00e1r\u00edtott paradicsommal<\/h3>\n<p>Szerelje fel a <strong>garn\u00e9lar\u00e1k<\/strong> a <strong>Mediterr\u00e1n p\u00e1c<\/strong> a k\u00f6vetkez\u0151kb\u0151l \u00e1ll<strong>ol\u00edvaolaj, apr\u00f3ra v\u00e1gott friss bazsalikom, fokhagyma<\/strong> \u00e9s <strong>napon sz\u00e1r\u00edtott paradicsom darabok<\/strong>. Ez a kombin\u00e1ci\u00f3 intenz\u00edv \u00e9s kifizet\u0151d\u0151 ny\u00e1ri \u00edzt k\u00edn\u00e1l.<\/p>\n<h2>Tippek a grillezett garn\u00e9lar\u00e1k t\u00e1lal\u00e1s\u00e1hoz \u00e9s fogyaszt\u00e1s\u00e1hoz<\/h2>\n<p>T\u00e1laljuk \u00e9s \u00e9lvezz\u00fck a <strong>grillezett garn\u00e9lar\u00e1k<\/strong> a m\u0171v\u00e9szet szab\u00e1lyai szerint kell elk\u00e9sz\u00edteni, hogy teljes m\u00e9rt\u00e9kben \u00e9rt\u00e9kelni lehessen ezt a finom \u00e9telt.<\/p>\n<h3>Bemutatkoz\u00e1s<\/h3>\n<p>Mutassa be a <strong>grillezett garn\u00e9lar\u00e1k<\/strong> egy \u00e1gyon <strong>z\u00f6ld sal\u00e1ta<\/strong> vagy sz\u00ednes z\u00f6lds\u00e9gekkel, hogy az \u00e9tel vizu\u00e1lisan vonz\u00f3 legyen. Egy utols\u00f3 csepp <strong>friss citroml\u00e9<\/strong> \u00e9s egy csipetnyi <strong>apr\u00f3ra v\u00e1gott koriander<\/strong> friss\u00edt\u0151 befejez\u00e9sk\u00e9nt.<\/p>\n<h3>Borkombin\u00e1ci\u00f3k<\/h3>\n<p>Kombin\u00e1lja a <strong>grillezett garn\u00e9lar\u00e1k<\/strong> egy j\u00f3 borral fokozhatja a kulin\u00e1ris \u00e9lm\u00e9nyt. V\u00e1lasszon egy <strong>sz\u00e1raz feh\u00e9rbor<\/strong> p\u00e9ld\u00e1ul egy Sauvignon Blanc vagy Chardonnay, amelyek \u00e1ltal\u00e1ban j\u00f3l kieg\u00e9sz\u00edtik a tengeri \u00e9teleket. A v\u00f6r\u00f6sborokat kedvel\u0151k sz\u00e1m\u00e1ra egy <strong>K\u00f6nny\u0171 Pinot Noir<\/strong> szint\u00e9n megfelel\u0151 lehet.<\/p>","protected":false},"excerpt":{"rendered":"<p>Les gambas grill\u00e9es sont un plaisir absolu pour les amateurs de fruits de mer. Leur texture tendre et leur go\u00fbt succulent apportent une touche gourmande \u00e0 tout repas. Aujourd&rsquo;hui, nous allons explorer une m\u00e9thode rapide et saine pour pr\u00e9parer des gambas grill\u00e9es \u00e0 l&rsquo;aide d&rsquo;un air fryer. Cette technique moderne permet de cuire les crevettes [&hellip;]<\/p>","protected":false},"author":1,"featured_media":1982,"comment_status":"open","ping_status":"open","sticky":false,"template":"","format":"standard","meta":{"wprm-recipe-roundup-name":"","wprm-recipe-roundup-description":"","footnotes":""},"categories":[29],"tags":[],"class_list":["post-1983","post","type-post","status-publish","format-standard","has-post-thumbnail","hentry","category-fruit-de-mer"],"yoast_head":"<!-- This site is optimized with the Yoast SEO plugin v27.5 - https:\/\/yoast.com\/product\/yoast-seo-wordpress\/ -->\n<title>Recette Gambas grill\u00e9es air fryer - Air fryer ninja Recettes<\/title>\n<meta name=\"robots\" content=\"index, follow, max-snippet:-1, max-image-preview:large, max-video-preview:-1\" \/>\n<link rel=\"canonical\" href=\"https:\/\/air-fryer-ninja.fr\/hu\/recept-a-legkevereses-grillezett-garnelarakhoz\/\" \/>\n<meta property=\"og:locale\" content=\"hu_HU\" \/>\n<meta property=\"og:type\" content=\"article\" \/>\n<meta property=\"og:title\" content=\"Recette Gambas grill\u00e9es air fryer - Air fryer ninja Recettes\" \/>\n<meta property=\"og:description\" content=\"Les gambas grill\u00e9es sont un plaisir absolu pour les amateurs de fruits de mer. Leur texture tendre et leur go\u00fbt succulent apportent une touche gourmande \u00e0 tout repas. Aujourd&rsquo;hui, nous allons explorer une m\u00e9thode rapide et saine pour pr\u00e9parer des gambas grill\u00e9es \u00e0 l&rsquo;aide d&rsquo;un air fryer. Cette technique moderne permet de cuire les crevettes [&hellip;]\" \/>\n<meta property=\"og:url\" content=\"https:\/\/air-fryer-ninja.fr\/hu\/recept-a-legkevereses-grillezett-garnelarakhoz\/\" \/>\n<meta property=\"og:site_name\" content=\"Air fryer ninja Recettes\" \/>\n<meta property=\"article:published_time\" content=\"2024-09-03T15:55:00+00:00\" \/>\n<meta property=\"article:modified_time\" content=\"2025-01-06T20:13:43+00:00\" \/>\n<meta property=\"og:image\" content=\"https:\/\/air-fryer-ninja.fr\/wp-content\/uploads\/2024\/07\/recette-delicieuse-et-simple-de-gambas-grillees-a-lair-fryer.jpg\" \/>\n\t<meta property=\"og:image:width\" content=\"1456\" \/>\n\t<meta property=\"og:image:height\" content=\"816\" \/>\n\t<meta property=\"og:image:type\" content=\"image\/jpeg\" \/>\n<meta name=\"author\" content=\"Stephy\" \/>\n<meta name=\"twitter:card\" content=\"summary_large_image\" \/>\n<meta name=\"twitter:label1\" content=\"Szerz\u0151:\" \/>\n\t<meta name=\"twitter:data1\" content=\"Stephy\" \/>\n\t<meta name=\"twitter:label2\" content=\"Becs\u00fclt olvas\u00e1si id\u0151\" \/>\n\t<meta name=\"twitter:data2\" content=\"6 perc\" \/>\n<!-- \/ Yoast SEO plugin. -->","yoast_head_json":{"title":"Recette Gambas grill\u00e9es air fryer - Air fryer ninja Recettes","robots":{"index":"index","follow":"follow","max-snippet":"max-snippet:-1","max-image-preview":"max-image-preview:large","max-video-preview":"max-video-preview:-1"},"canonical":"https:\/\/air-fryer-ninja.fr\/hu\/recept-a-legkevereses-grillezett-garnelarakhoz\/","og_locale":"hu_HU","og_type":"article","og_title":"Recette Gambas grill\u00e9es air fryer - Air fryer ninja Recettes","og_description":"Les gambas grill\u00e9es sont un plaisir absolu pour les amateurs de fruits de mer. Leur texture tendre et leur go\u00fbt succulent apportent une touche gourmande \u00e0 tout repas. Aujourd&rsquo;hui, nous allons explorer une m\u00e9thode rapide et saine pour pr\u00e9parer des gambas grill\u00e9es \u00e0 l&rsquo;aide d&rsquo;un air fryer. Cette technique moderne permet de cuire les crevettes [&hellip;]","og_url":"https:\/\/air-fryer-ninja.fr\/hu\/recept-a-legkevereses-grillezett-garnelarakhoz\/","og_site_name":"Air fryer ninja Recettes","article_published_time":"2024-09-03T15:55:00+00:00","article_modified_time":"2025-01-06T20:13:43+00:00","og_image":[{"width":1456,"height":816,"url":"https:\/\/air-fryer-ninja.fr\/wp-content\/uploads\/2024\/07\/recette-delicieuse-et-simple-de-gambas-grillees-a-lair-fryer.jpg","type":"image\/jpeg"}],"author":"Stephy","twitter_card":"summary_large_image","twitter_misc":{"Szerz\u0151:":"Stephy","Becs\u00fclt olvas\u00e1si id\u0151":"6 perc"},"schema":{"@context":"https:\/\/schema.org","@graph":[{"@type":"Article","@id":"https:\/\/air-fryer-ninja.fr\/recette-gambas-grillees-air-fryer\/#article","isPartOf":{"@id":"https:\/\/air-fryer-ninja.fr\/recette-gambas-grillees-air-fryer\/"},"author":{"name":"Stephy","@id":"https:\/\/air-fryer-ninja.fr\/#\/schema\/person\/31ca83cb1c8812323af9097575aa686b"},"headline":"Recette Gambas grill\u00e9es air fryer","datePublished":"2024-09-03T15:55:00+00:00","dateModified":"2025-01-06T20:13:43+00:00","mainEntityOfPage":{"@id":"https:\/\/air-fryer-ninja.fr\/recette-gambas-grillees-air-fryer\/"},"wordCount":1247,"commentCount":1,"publisher":{"@id":"https:\/\/air-fryer-ninja.fr\/#organization"},"image":{"@id":"https:\/\/air-fryer-ninja.fr\/recette-gambas-grillees-air-fryer\/#primaryimage"},"thumbnailUrl":"https:\/\/air-fryer-ninja.fr\/wp-content\/uploads\/2024\/07\/recette-delicieuse-et-simple-de-gambas-grillees-a-lair-fryer.jpg","articleSection":["Fruit de mer"],"inLanguage":"hu","potentialAction":[{"@type":"CommentAction","name":"Comment","target":["https:\/\/air-fryer-ninja.fr\/recette-gambas-grillees-air-fryer\/#respond"]}]},{"@type":"WebPage","@id":"https:\/\/air-fryer-ninja.fr\/recette-gambas-grillees-air-fryer\/","url":"https:\/\/air-fryer-ninja.fr\/recette-gambas-grillees-air-fryer\/","name":"Recette Gambas grill\u00e9es air fryer - Air fryer ninja Recettes","isPartOf":{"@id":"https:\/\/air-fryer-ninja.fr\/#website"},"primaryImageOfPage":{"@id":"https:\/\/air-fryer-ninja.fr\/recette-gambas-grillees-air-fryer\/#primaryimage"},"image":{"@id":"https:\/\/air-fryer-ninja.fr\/recette-gambas-grillees-air-fryer\/#primaryimage"},"thumbnailUrl":"https:\/\/air-fryer-ninja.fr\/wp-content\/uploads\/2024\/07\/recette-delicieuse-et-simple-de-gambas-grillees-a-lair-fryer.jpg","datePublished":"2024-09-03T15:55:00+00:00","dateModified":"2025-01-06T20:13:43+00:00","breadcrumb":{"@id":"https:\/\/air-fryer-ninja.fr\/recette-gambas-grillees-air-fryer\/#breadcrumb"},"inLanguage":"hu","potentialAction":[{"@type":"ReadAction","target":["https:\/\/air-fryer-ninja.fr\/recette-gambas-grillees-air-fryer\/"]}]},{"@type":"ImageObject","inLanguage":"hu","@id":"https:\/\/air-fryer-ninja.fr\/recette-gambas-grillees-air-fryer\/#primaryimage","url":"https:\/\/air-fryer-ninja.fr\/wp-content\/uploads\/2024\/07\/recette-delicieuse-et-simple-de-gambas-grillees-a-lair-fryer.jpg","contentUrl":"https:\/\/air-fryer-ninja.fr\/wp-content\/uploads\/2024\/07\/recette-delicieuse-et-simple-de-gambas-grillees-a-lair-fryer.jpg","width":1456,"height":816,"caption":"Recette d\u00e9licieuse et simple de gambas grill\u00e9es \u00e0 l'air fryer"},{"@type":"BreadcrumbList","@id":"https:\/\/air-fryer-ninja.fr\/recette-gambas-grillees-air-fryer\/#breadcrumb","itemListElement":[{"@type":"ListItem","position":1,"name":"Recette Air Fryer","item":"https:\/\/air-fryer-ninja.fr\/"},{"@type":"ListItem","position":2,"name":"Recette Gambas grill\u00e9es air fryer"}]},{"@type":"WebSite","@id":"https:\/\/air-fryer-ninja.fr\/#website","url":"https:\/\/air-fryer-ninja.fr\/","name":"L\u00e9gs\u00fct\u0151 ninja","description":"L\u00e9gs\u00fct\u0151 ninja recept blog","publisher":{"@id":"https:\/\/air-fryer-ninja.fr\/#organization"},"potentialAction":[{"@type":"SearchAction","target":{"@type":"EntryPoint","urlTemplate":"https:\/\/air-fryer-ninja.fr\/?s={search_term_string}"},"query-input":{"@type":"PropertyValueSpecification","valueRequired":true,"valueName":"search_term_string"}}],"inLanguage":"hu"},{"@type":"Organization","@id":"https:\/\/air-fryer-ninja.fr\/#organization","name":"L\u00e9gs\u00fct\u0151 ninja","url":"https:\/\/air-fryer-ninja.fr\/","logo":{"@type":"ImageObject","inLanguage":"hu","@id":"https:\/\/air-fryer-ninja.fr\/#\/schema\/logo\/image\/","url":"https:\/\/air-fryer-ninja.fr\/wp-content\/uploads\/2022\/09\/air-fryer-ninja.png","contentUrl":"https:\/\/air-fryer-ninja.fr\/wp-content\/uploads\/2022\/09\/air-fryer-ninja.png","width":500,"height":90,"caption":"Air fryer ninja"},"image":{"@id":"https:\/\/air-fryer-ninja.fr\/#\/schema\/logo\/image\/"}},{"@type":"Person","@id":"https:\/\/air-fryer-ninja.fr\/#\/schema\/person\/31ca83cb1c8812323af9097575aa686b","name":"Stephy","image":{"@type":"ImageObject","inLanguage":"hu","@id":"https:\/\/air-fryer-ninja.fr\/wp-content\/uploads\/2024\/11\/cropped-Untitled-design-2024-11-04T123927.617-96x96.jpg","url":"https:\/\/air-fryer-ninja.fr\/wp-content\/uploads\/2024\/11\/cropped-Untitled-design-2024-11-04T123927.617-96x96.jpg","contentUrl":"https:\/\/air-fryer-ninja.fr\/wp-content\/uploads\/2024\/11\/cropped-Untitled-design-2024-11-04T123927.617-96x96.jpg","caption":"Stephy"},"description":"Stephy vagyok, egy h\u00e1ziasszony, akinek szenved\u00e9lye a f\u0151z\u00e9s! Ami\u00f3ta felfedeztem a l\u00e9gfrit\u0151g\u00e9pet, az\u00f3ta ide\u00e1lis t\u00e1rsam az \u00edzletes, k\u00f6nnyen elk\u00e9sz\u00edthet\u0151 receptek elk\u00e9sz\u00edt\u00e9s\u00e9hez. Szeretek k\u00eds\u00e9rletezni \u00e9s olyan \u00e9teleket kital\u00e1lni, amelyek meglepik \u00e9s meg\u00f6rvendeztetik a csal\u00e1domat. Itt megosztom a legjobb tippjeimet \u00e9s kedvenc receptjeimet, hogy \u00d6n is \u00e9lvezhesse az otthoni f\u0151z\u00e9s \u00f6r\u00f6meit an\u00e9lk\u00fcl, hogy \u00f3r\u00e1kat t\u00f6ltene a t\u0171zhely m\u00f6g\u00f6tt. A c\u00e9lom? Megmutatni, hogy egy kis kreativit\u00e1ssal a l\u00e9gs\u00fct\u0151 minden \u00e9telt igazi \u00e9lm\u00e9nny\u00e9 var\u00e1zsolhat!","sameAs":["https:\/\/air-fryer-ninja.fr"],"url":"https:\/\/air-fryer-ninja.fr\/hu\/author\/a1rdy\/"}]}},"_links":{"self":[{"href":"https:\/\/air-fryer-ninja.fr\/hu\/wp-json\/wp\/v2\/posts\/1983","targetHints":{"allow":["GET"]}}],"collection":[{"href":"https:\/\/air-fryer-ninja.fr\/hu\/wp-json\/wp\/v2\/posts"}],"about":[{"href":"https:\/\/air-fryer-ninja.fr\/hu\/wp-json\/wp\/v2\/types\/post"}],"author":[{"embeddable":true,"href":"https:\/\/air-fryer-ninja.fr\/hu\/wp-json\/wp\/v2\/users\/1"}],"replies":[{"embeddable":true,"href":"https:\/\/air-fryer-ninja.fr\/hu\/wp-json\/wp\/v2\/comments?post=1983"}],"version-history":[{"count":1,"href":"https:\/\/air-fryer-ninja.fr\/hu\/wp-json\/wp\/v2\/posts\/1983\/revisions"}],"predecessor-version":[{"id":3054,"href":"https:\/\/air-fryer-ninja.fr\/hu\/wp-json\/wp\/v2\/posts\/1983\/revisions\/3054"}],"wp:featuredmedia":[{"embeddable":true,"href":"https:\/\/air-fryer-ninja.fr\/hu\/wp-json\/wp\/v2\/media\/1982"}],"wp:attachment":[{"href":"https:\/\/air-fryer-ninja.fr\/hu\/wp-json\/wp\/v2\/media?parent=1983"}],"wp:term":[{"taxonomy":"category","embeddable":true,"href":"https:\/\/air-fryer-ninja.fr\/hu\/wp-json\/wp\/v2\/categories?post=1983"},{"taxonomy":"post_tag","embeddable":true,"href":"https:\/\/air-fryer-ninja.fr\/hu\/wp-json\/wp\/v2\/tags?post=1983"}],"curies":[{"name":"wp","href":"https:\/\/api.w.org\/{rel}","templated":true}]}}