{"id":1950,"date":"2024-10-10T15:55:00","date_gmt":"2024-10-10T15:55:00","guid":{"rendered":"https:\/\/air-fryer-ninja.fr\/?p=1950"},"modified":"2025-01-06T20:13:41","modified_gmt":"2025-01-06T20:13:41","slug":"recept-a-legsuto-burgonya-gyogynovenyekkel","status":"publish","type":"post","link":"https:\/\/air-fryer-ninja.fr\/hu\/recept-a-legsuto-burgonya-gyogynovenyekkel\/","title":{"rendered":"Recept Burgonya l\u00e9gs\u00fct\u0151 gy\u00f3gyn\u00f6v\u00e9nyekkel"},"content":{"rendered":"<p>A franci\u00e1k szeretete <strong>burgonya<\/strong> j\u00f3l ismert. A klasszikus <strong>p\u00fcr\u00e9<\/strong> a h\u00edres <strong>Chips<\/strong>Ez a kem\u00e9ny\u00edt\u0151tartalm\u00fa \u00e9tel gasztron\u00f3mi\u00e1nk szerves r\u00e9sz\u00e9t k\u00e9pezi. Ma egy egyszer\u0171 \u00e9s \u00edzletes receptet fogunk felfedezni: a <strong>leveg\u0151n s\u00fclt burgonya gy\u00f3gyn\u00f6v\u00e9nyekkel<\/strong>. Ez a f\u0151z\u00e9si m\u00f3dszer lehet\u0151v\u00e9 teszi, hogy <strong>ropog\u00f3s burgonya<\/strong> mik\u00f6zben kevesebb olajat haszn\u00e1l, mint a hagyom\u00e1nyos s\u00fct\u00e9s. K\u00f6vesse ezt a receptet, hogy megtudja, hogyan k\u00e9sz\u00edtse el ezeket az \u00edzletes f\u0171szeres burgony\u00e1kat.<\/p>\n<h2>A sz\u00fcks\u00e9ges \u00f6sszetev\u0151k<\/h2>\n<p>A recept elk\u00e9sz\u00edt\u00e9s\u00e9hez a k\u00f6vetkez\u0151 \u00f6sszetev\u0151kre lesz sz\u00fcks\u00e9ge:<\/p>\n<ul>\n<li>1 kg <strong>burgonya<\/strong><\/li>\n<li>3 ev\u0151kan\u00e1l<strong>ol\u00edvaolaj<\/strong><\/li>\n<li>1 te\u00e1skan\u00e1l <strong>s\u00f3<\/strong><\/li>\n<li>1\/2 te\u00e1skan\u00e1l <strong>bors<\/strong><\/li>\n<li>2 ev\u0151kan\u00e1l kever\u00e9k <strong>gy\u00f3gyn\u00f6v\u00e9nyek<\/strong> (petrezselyem, kakukkf\u0171, rozmaring)<\/li>\n<li>1 szegf\u0171szeg<strong>apr\u00f3ra v\u00e1gott fokhagyma<\/strong><\/li>\n<\/ul>\n<h2>A burgonya el\u0151k\u00e9sz\u00edt\u00e9se<\/h2>\n<h3>A megfelel\u0151 burgonya kiv\u00e1laszt\u00e1sa<\/h3>\n<p>A burgonya kiv\u00e1laszt\u00e1sa d\u00f6nt\u0151 fontoss\u00e1g\u00fa a v\u00e9geredm\u00e9ny szempontj\u00e1b\u00f3l. Az olyan szil\u00e1rd fajt\u00e1k, mint a <strong>Charlotte<\/strong> vagy a <strong>Ratte<\/strong> ide\u00e1lisak, mivel a f\u0151z\u00e9s ut\u00e1n is meg\u0151rzik text\u00far\u00e1jukat. A gazdas\u00e1gosabb v\u00e1ltozathoz <strong>Bintje<\/strong> szint\u00e9n megteszi a hat\u00e1s\u00e1t.<\/p>\n<h3>Tiszt\u00edt\u00e1s \u00e9s v\u00e1g\u00e1s<\/h3>\n<p>Kezdje a burgonya alapos mos\u00e1s\u00e1val, hogy minden f\u00f6ldmaradv\u00e1nyt elt\u00e1vol\u00edtson. Ha szeretn\u00e9, meg is h\u00e1mozhatja \u0151ket, de ha a h\u00e9jukat rajta hagyja, az \u00edzt \u00e9s a t\u00e1panyagokat is n\u00f6veli. Ezut\u00e1n v\u00e1gja \u0151ket egyforma m\u00e9ret\u0171 darabokra, hogy egyenletes legyen a f\u0151z\u00e9s.<\/p>\n<h2>A burgonya f\u0171szerez\u00e9se<\/h2>\n<p>A f\u0171szerez\u00e9s kulcsszerepet j\u00e1tszik a f\u0171szeres burgonya siker\u00e9ben. \u00cdme, hogyan kell csin\u00e1lni:<\/p>\n<h3>F\u0171szerek kever\u00e9se<\/h3>\n<p>Egy nagy t\u00e1lban tegy\u00fck bele a burgonyadarabokat. Adjuk hozz\u00e1 az ol\u00edvaolajat, a s\u00f3t, a borsot, a f\u0171szerkever\u00e9ket \u00e9s a felapr\u00edtott fokhagym\u00e1t. J\u00f3l keverje \u00f6ssze, hogy a burgony\u00e1t egyenletesen bevonja ez az illatos p\u00e1c.<\/p>\n<h2>L\u00e9gs\u00fct\u00e9ses burgonya<\/h2>\n<p>L'<strong>l\u00e9gs\u00fct\u0151<\/strong> \u00e1talak\u00edtja a f\u0151z\u00e9s m\u00f3dj\u00e1t, mivel az \u00e9telek k\u00f6nnyebb\u00e9 v\u00e1lnak a kev\u00e9s zs\u00edr felhaszn\u00e1l\u00e1s\u00e1nak k\u00f6sz\u00f6nhet\u0151en. Most pedig t\u00e9rj\u00fcnk r\u00e1 a f\u0171szeres burgonya f\u0151z\u00e9si f\u00e1zis\u00e1ra.<\/p>\n<h3>A l\u00e9gs\u00fct\u0151 el\u0151meleg\u00edt\u00e9se<\/h3>\n<p>Meleg\u00edtse el\u0151 a l\u00e9gs\u00fct\u0151t <strong>180\u00b0C<\/strong> k\u00f6r\u00fclbel\u00fcl 5 percig. A g\u00e9p megfelel\u0151 h\u0151m\u00e9rs\u00e9kleten t\u00f6rt\u00e9n\u0151 el\u0151k\u00e9sz\u00edt\u00e9se elengedhetetlen a legjobb ropog\u00f3sra s\u00fct\u00e9shez.<\/p>\n<h3>Megfelel\u0151 f\u0151z\u00e9s<\/h3>\n<p>Helyezze a f\u0171szerezett burgony\u00e1t a l\u00e9gs\u00fct\u0151 kosar\u00e1ba. Vigy\u00e1zzon, hogy a kos\u00e1r ne legyen t\u00falterhelve, hogy a forr\u00f3 leveg\u0151 szabadon keringhessen a burgonya k\u00f6r\u00fcl. \u00c1ll\u00edtsa be a s\u00fct\u00e9si id\u0151t <strong>20-25 perc<\/strong>. A s\u00fct\u00e9s fel\u00e9n\u00e9l \u00f3vatosan r\u00e1zza meg a kosarat, hogy minden egyes darab megbarnuljon.<\/p>\n<h2>Tippek \u00e9s vari\u00e1ci\u00f3k<\/h2>\n<h3>Adjon hozz\u00e1 egy kis f\u0171szert<\/h3>\n<p>Ha szereted a cs\u00edp\u0151s \u00edzeket, ne habozz, adj hozz\u00e1 egy csipetnyi <strong>paprika<\/strong> vagy <strong>Espelette chilipaprika<\/strong> a f\u0171szerkever\u00e9khez. Ez egy olyan extra dimenzi\u00f3t ad a burgony\u00e1nak, amely az \u00edzlel\u0151bimb\u00f3kat is gy\u00f6ny\u00f6rk\u00f6dtetni fogja.<\/p>\n<h3>Alternat\u00edv gy\u00f3gyn\u00f6v\u00e9nyek<\/h3>\n<p>K\u00eds\u00e9rletezzen b\u00e1tran k\u00fcl\u00f6nb\u00f6z\u0151 f\u0171szern\u00f6v\u00e9nyekkel \u00edzl\u00e9s\u00e9nek \u00e9s az \u00e9vszaknak megfelel\u0151en. A <strong>met\u00e9l\u0151hagyma<\/strong>, l'<strong>oreg\u00e1n\u00f3<\/strong> \u00e9s a <strong>bazsalikom<\/strong> \u00e9rdekes \u00edzeket biztos\u00edthat. A f\u0171szern\u00f6v\u00e9nyek kiv\u00e1laszt\u00e1sa a szem\u00e9lyes preferenci\u00e1kt\u00f3l f\u00fcgg\u0151en v\u00e1ltozhat.<\/p>\n<h2>Bemutat\u00e1s \u00e9s t\u00e1mogat\u00e1s<\/h2>\n<h3>T\u00e1mogat\u00e1s javasl\u00e1sa<\/h3>\n<p>A f\u0171szeres burgonya t\u00f6k\u00e9letesen illik a k\u00fcl\u00f6nb\u00f6z\u0151 f\u0151\u00e9telekhez. T\u00e1lalhatja \u0151ket <strong>s\u00fclt csirke<\/strong>a <strong>grillezett steak<\/strong>vagy ak\u00e1r be\u00e9p\u00edtve egy <strong>sal\u00e1ta<\/strong> egy k\u00f6nny\u0171, friss \u00e9telhez.<\/p>\n<h3>Prezent\u00e1ci\u00f3s \u00f6tletek<\/h3>\n<p>A sz\u00e9p megjelen\u00e9s \u00e9rdek\u00e9ben rendezz\u00fck el a burgony\u00e1t egy sz\u00e9p t\u00e1lon, \u00e9s t\u00e1lal\u00e1s el\u0151tt sz\u00f3rjuk meg n\u00e9h\u00e1ny friss f\u0171szern\u00f6v\u00e9nnyel. Ez nem csak eszt\u00e9tikus, hanem extra frissess\u00e9get is ad.<\/p>\n<h2>T\u00e1rol\u00e1si tippek<\/h2>\n<h3>H\u0171t\u00f6tt t\u00e1rol\u00e1s<\/h3>\n<p>Van marad\u00e9k? Semmi gond! T\u00e1rolja a kih\u0171lt burgony\u00e1t l\u00e9gmentesen z\u00e1r\u00f3d\u00f3 ed\u00e9nyben a h\u0171t\u0151ben. Ak\u00e1r h\u00e1rom napig is eltarthat\u00f3 an\u00e9lk\u00fcl, hogy elvesz\u00edten\u00e9 az \u00edz\u00e9t.<\/p>\n<h3>\u00dajrameleg\u00edt\u00e9s<\/h3>\n<p>\u00dajrameleg\u00edt\u00e9shez haszn\u00e1lja a l\u00e9gs\u00fct\u0151t n\u00e9h\u00e1ny percig 180\u00b0C-on, hogy a s\u00fctem\u00e9ny \u00fajra ropog\u00f3s legyen. Ker\u00fclje a mikrohull\u00e1m\u00fa s\u00fct\u0151t, mert az megpuh\u00edthatja a burgony\u00e1t.<\/p>","protected":false},"excerpt":{"rendered":"<p>L&rsquo;amour des Fran\u00e7ais pour les pommes de terre est bien connu. De la classique pur\u00e9e \u00e0 la fameuse frite, ce f\u00e9culent fait partie int\u00e9grante de notre gastronomie. Aujourd&rsquo;hui, nous allons explorer une recette simple et d\u00e9licieuse : les pommes de terre aux herbes cuites \u00e0 l&rsquo;air fryer. Cette m\u00e9thode de cuisson vous permet d&rsquo;obtenir des [&hellip;]<\/p>","protected":false},"author":1,"featured_media":1949,"comment_status":"open","ping_status":"open","sticky":false,"template":"","format":"standard","meta":{"wprm-recipe-roundup-name":"","wprm-recipe-roundup-description":"","footnotes":""},"categories":[30],"tags":[],"class_list":["post-1950","post","type-post","status-publish","format-standard","has-post-thumbnail","hentry","category-legumes"],"yoast_head":"<!-- This site is optimized with the Yoast SEO plugin v27.5 - https:\/\/yoast.com\/product\/yoast-seo-wordpress\/ -->\n<title>Recette Pommes de terre aux herbes air fryer - Air fryer ninja Recettes<\/title>\n<meta name=\"robots\" content=\"index, follow, max-snippet:-1, max-image-preview:large, max-video-preview:-1\" \/>\n<link rel=\"canonical\" href=\"https:\/\/air-fryer-ninja.fr\/hu\/recept-a-legsuto-burgonya-gyogynovenyekkel\/\" \/>\n<meta property=\"og:locale\" content=\"hu_HU\" \/>\n<meta property=\"og:type\" content=\"article\" \/>\n<meta property=\"og:title\" content=\"Recette Pommes de terre aux herbes air fryer - Air fryer ninja Recettes\" \/>\n<meta property=\"og:description\" content=\"L&rsquo;amour des Fran\u00e7ais pour les pommes de terre est bien connu. De la classique pur\u00e9e \u00e0 la fameuse frite, ce f\u00e9culent fait partie int\u00e9grante de notre gastronomie. Aujourd&rsquo;hui, nous allons explorer une recette simple et d\u00e9licieuse : les pommes de terre aux herbes cuites \u00e0 l&rsquo;air fryer. Cette m\u00e9thode de cuisson vous permet d&rsquo;obtenir des [&hellip;]\" \/>\n<meta property=\"og:url\" content=\"https:\/\/air-fryer-ninja.fr\/hu\/recept-a-legsuto-burgonya-gyogynovenyekkel\/\" \/>\n<meta property=\"og:site_name\" content=\"Air fryer ninja Recettes\" \/>\n<meta property=\"article:published_time\" content=\"2024-10-10T15:55:00+00:00\" \/>\n<meta property=\"article:modified_time\" content=\"2025-01-06T20:13:41+00:00\" \/>\n<meta property=\"og:image\" content=\"https:\/\/air-fryer-ninja.fr\/wp-content\/uploads\/2024\/07\/recette-savoureuse-de-pommes-de-terre-aux-herbes-a-lair-fryer.jpg\" \/>\n\t<meta property=\"og:image:width\" content=\"1456\" \/>\n\t<meta property=\"og:image:height\" content=\"816\" \/>\n\t<meta property=\"og:image:type\" content=\"image\/jpeg\" \/>\n<meta name=\"author\" content=\"Stephy\" \/>\n<meta name=\"twitter:card\" content=\"summary_large_image\" \/>\n<meta name=\"twitter:label1\" content=\"Szerz\u0151:\" \/>\n\t<meta name=\"twitter:data1\" content=\"Stephy\" \/>\n\t<meta name=\"twitter:label2\" content=\"Becs\u00fclt olvas\u00e1si id\u0151\" \/>\n\t<meta name=\"twitter:data2\" content=\"4 perc\" \/>\n<!-- \/ Yoast SEO plugin. -->","yoast_head_json":{"title":"Recette Pommes de terre aux herbes air fryer - Air fryer ninja Recettes","robots":{"index":"index","follow":"follow","max-snippet":"max-snippet:-1","max-image-preview":"max-image-preview:large","max-video-preview":"max-video-preview:-1"},"canonical":"https:\/\/air-fryer-ninja.fr\/hu\/recept-a-legsuto-burgonya-gyogynovenyekkel\/","og_locale":"hu_HU","og_type":"article","og_title":"Recette Pommes de terre aux herbes air fryer - Air fryer ninja Recettes","og_description":"L&rsquo;amour des Fran\u00e7ais pour les pommes de terre est bien connu. De la classique pur\u00e9e \u00e0 la fameuse frite, ce f\u00e9culent fait partie int\u00e9grante de notre gastronomie. Aujourd&rsquo;hui, nous allons explorer une recette simple et d\u00e9licieuse : les pommes de terre aux herbes cuites \u00e0 l&rsquo;air fryer. Cette m\u00e9thode de cuisson vous permet d&rsquo;obtenir des [&hellip;]","og_url":"https:\/\/air-fryer-ninja.fr\/hu\/recept-a-legsuto-burgonya-gyogynovenyekkel\/","og_site_name":"Air fryer ninja Recettes","article_published_time":"2024-10-10T15:55:00+00:00","article_modified_time":"2025-01-06T20:13:41+00:00","og_image":[{"width":1456,"height":816,"url":"https:\/\/air-fryer-ninja.fr\/wp-content\/uploads\/2024\/07\/recette-savoureuse-de-pommes-de-terre-aux-herbes-a-lair-fryer.jpg","type":"image\/jpeg"}],"author":"Stephy","twitter_card":"summary_large_image","twitter_misc":{"Szerz\u0151:":"Stephy","Becs\u00fclt olvas\u00e1si id\u0151":"4 perc"},"schema":{"@context":"https:\/\/schema.org","@graph":[{"@type":"Article","@id":"https:\/\/air-fryer-ninja.fr\/recette-pommes-de-terre-aux-herbes-air-fryer\/#article","isPartOf":{"@id":"https:\/\/air-fryer-ninja.fr\/recette-pommes-de-terre-aux-herbes-air-fryer\/"},"author":{"name":"Stephy","@id":"https:\/\/air-fryer-ninja.fr\/#\/schema\/person\/31ca83cb1c8812323af9097575aa686b"},"headline":"Recette Pommes de terre aux herbes air fryer","datePublished":"2024-10-10T15:55:00+00:00","dateModified":"2025-01-06T20:13:41+00:00","mainEntityOfPage":{"@id":"https:\/\/air-fryer-ninja.fr\/recette-pommes-de-terre-aux-herbes-air-fryer\/"},"wordCount":745,"commentCount":0,"publisher":{"@id":"https:\/\/air-fryer-ninja.fr\/#organization"},"image":{"@id":"https:\/\/air-fryer-ninja.fr\/recette-pommes-de-terre-aux-herbes-air-fryer\/#primaryimage"},"thumbnailUrl":"https:\/\/air-fryer-ninja.fr\/wp-content\/uploads\/2024\/07\/recette-savoureuse-de-pommes-de-terre-aux-herbes-a-lair-fryer.jpg","articleSection":["L\u00e9gumes"],"inLanguage":"hu","potentialAction":[{"@type":"CommentAction","name":"Comment","target":["https:\/\/air-fryer-ninja.fr\/recette-pommes-de-terre-aux-herbes-air-fryer\/#respond"]}]},{"@type":"WebPage","@id":"https:\/\/air-fryer-ninja.fr\/recette-pommes-de-terre-aux-herbes-air-fryer\/","url":"https:\/\/air-fryer-ninja.fr\/recette-pommes-de-terre-aux-herbes-air-fryer\/","name":"Recette Pommes de terre aux herbes air fryer - Air fryer ninja Recettes","isPartOf":{"@id":"https:\/\/air-fryer-ninja.fr\/#website"},"primaryImageOfPage":{"@id":"https:\/\/air-fryer-ninja.fr\/recette-pommes-de-terre-aux-herbes-air-fryer\/#primaryimage"},"image":{"@id":"https:\/\/air-fryer-ninja.fr\/recette-pommes-de-terre-aux-herbes-air-fryer\/#primaryimage"},"thumbnailUrl":"https:\/\/air-fryer-ninja.fr\/wp-content\/uploads\/2024\/07\/recette-savoureuse-de-pommes-de-terre-aux-herbes-a-lair-fryer.jpg","datePublished":"2024-10-10T15:55:00+00:00","dateModified":"2025-01-06T20:13:41+00:00","breadcrumb":{"@id":"https:\/\/air-fryer-ninja.fr\/recette-pommes-de-terre-aux-herbes-air-fryer\/#breadcrumb"},"inLanguage":"hu","potentialAction":[{"@type":"ReadAction","target":["https:\/\/air-fryer-ninja.fr\/recette-pommes-de-terre-aux-herbes-air-fryer\/"]}]},{"@type":"ImageObject","inLanguage":"hu","@id":"https:\/\/air-fryer-ninja.fr\/recette-pommes-de-terre-aux-herbes-air-fryer\/#primaryimage","url":"https:\/\/air-fryer-ninja.fr\/wp-content\/uploads\/2024\/07\/recette-savoureuse-de-pommes-de-terre-aux-herbes-a-lair-fryer.jpg","contentUrl":"https:\/\/air-fryer-ninja.fr\/wp-content\/uploads\/2024\/07\/recette-savoureuse-de-pommes-de-terre-aux-herbes-a-lair-fryer.jpg","width":1456,"height":816,"caption":"Recette savoureuse de pommes de terre aux herbes \u00e0 l'air fryer"},{"@type":"BreadcrumbList","@id":"https:\/\/air-fryer-ninja.fr\/recette-pommes-de-terre-aux-herbes-air-fryer\/#breadcrumb","itemListElement":[{"@type":"ListItem","position":1,"name":"Recette Air Fryer","item":"https:\/\/air-fryer-ninja.fr\/"},{"@type":"ListItem","position":2,"name":"Recette Pommes de terre aux herbes air fryer"}]},{"@type":"WebSite","@id":"https:\/\/air-fryer-ninja.fr\/#website","url":"https:\/\/air-fryer-ninja.fr\/","name":"L\u00e9gs\u00fct\u0151 ninja","description":"L\u00e9gs\u00fct\u0151 ninja recept blog","publisher":{"@id":"https:\/\/air-fryer-ninja.fr\/#organization"},"potentialAction":[{"@type":"SearchAction","target":{"@type":"EntryPoint","urlTemplate":"https:\/\/air-fryer-ninja.fr\/?s={search_term_string}"},"query-input":{"@type":"PropertyValueSpecification","valueRequired":true,"valueName":"search_term_string"}}],"inLanguage":"hu"},{"@type":"Organization","@id":"https:\/\/air-fryer-ninja.fr\/#organization","name":"L\u00e9gs\u00fct\u0151 ninja","url":"https:\/\/air-fryer-ninja.fr\/","logo":{"@type":"ImageObject","inLanguage":"hu","@id":"https:\/\/air-fryer-ninja.fr\/#\/schema\/logo\/image\/","url":"https:\/\/air-fryer-ninja.fr\/wp-content\/uploads\/2022\/09\/air-fryer-ninja.png","contentUrl":"https:\/\/air-fryer-ninja.fr\/wp-content\/uploads\/2022\/09\/air-fryer-ninja.png","width":500,"height":90,"caption":"Air fryer ninja"},"image":{"@id":"https:\/\/air-fryer-ninja.fr\/#\/schema\/logo\/image\/"}},{"@type":"Person","@id":"https:\/\/air-fryer-ninja.fr\/#\/schema\/person\/31ca83cb1c8812323af9097575aa686b","name":"Stephy","image":{"@type":"ImageObject","inLanguage":"hu","@id":"https:\/\/air-fryer-ninja.fr\/wp-content\/uploads\/2024\/11\/cropped-Untitled-design-2024-11-04T123927.617-96x96.jpg","url":"https:\/\/air-fryer-ninja.fr\/wp-content\/uploads\/2024\/11\/cropped-Untitled-design-2024-11-04T123927.617-96x96.jpg","contentUrl":"https:\/\/air-fryer-ninja.fr\/wp-content\/uploads\/2024\/11\/cropped-Untitled-design-2024-11-04T123927.617-96x96.jpg","caption":"Stephy"},"description":"Stephy vagyok, egy h\u00e1ziasszony, akinek szenved\u00e9lye a f\u0151z\u00e9s! Ami\u00f3ta felfedeztem a l\u00e9gfrit\u0151g\u00e9pet, az\u00f3ta ide\u00e1lis t\u00e1rsam az \u00edzletes, k\u00f6nnyen elk\u00e9sz\u00edthet\u0151 receptek elk\u00e9sz\u00edt\u00e9s\u00e9hez. Szeretek k\u00eds\u00e9rletezni \u00e9s olyan \u00e9teleket kital\u00e1lni, amelyek meglepik \u00e9s meg\u00f6rvendeztetik a csal\u00e1domat. Itt megosztom a legjobb tippjeimet \u00e9s kedvenc receptjeimet, hogy \u00d6n is \u00e9lvezhesse az otthoni f\u0151z\u00e9s \u00f6r\u00f6meit an\u00e9lk\u00fcl, hogy \u00f3r\u00e1kat t\u00f6ltene a t\u0171zhely m\u00f6g\u00f6tt. A c\u00e9lom? Megmutatni, hogy egy kis kreativit\u00e1ssal a l\u00e9gs\u00fct\u0151 minden \u00e9telt igazi \u00e9lm\u00e9nny\u00e9 var\u00e1zsolhat!","sameAs":["https:\/\/air-fryer-ninja.fr"],"url":"https:\/\/air-fryer-ninja.fr\/hu\/author\/a1rdy\/"}]}},"_links":{"self":[{"href":"https:\/\/air-fryer-ninja.fr\/hu\/wp-json\/wp\/v2\/posts\/1950","targetHints":{"allow":["GET"]}}],"collection":[{"href":"https:\/\/air-fryer-ninja.fr\/hu\/wp-json\/wp\/v2\/posts"}],"about":[{"href":"https:\/\/air-fryer-ninja.fr\/hu\/wp-json\/wp\/v2\/types\/post"}],"author":[{"embeddable":true,"href":"https:\/\/air-fryer-ninja.fr\/hu\/wp-json\/wp\/v2\/users\/1"}],"replies":[{"embeddable":true,"href":"https:\/\/air-fryer-ninja.fr\/hu\/wp-json\/wp\/v2\/comments?post=1950"}],"version-history":[{"count":1,"href":"https:\/\/air-fryer-ninja.fr\/hu\/wp-json\/wp\/v2\/posts\/1950\/revisions"}],"predecessor-version":[{"id":3019,"href":"https:\/\/air-fryer-ninja.fr\/hu\/wp-json\/wp\/v2\/posts\/1950\/revisions\/3019"}],"wp:featuredmedia":[{"embeddable":true,"href":"https:\/\/air-fryer-ninja.fr\/hu\/wp-json\/wp\/v2\/media\/1949"}],"wp:attachment":[{"href":"https:\/\/air-fryer-ninja.fr\/hu\/wp-json\/wp\/v2\/media?parent=1950"}],"wp:term":[{"taxonomy":"category","embeddable":true,"href":"https:\/\/air-fryer-ninja.fr\/hu\/wp-json\/wp\/v2\/categories?post=1950"},{"taxonomy":"post_tag","embeddable":true,"href":"https:\/\/air-fryer-ninja.fr\/hu\/wp-json\/wp\/v2\/tags?post=1950"}],"curies":[{"name":"wp","href":"https:\/\/api.w.org\/{rel}","templated":true}]}}