{"id":1948,"date":"2024-10-04T15:55:00","date_gmt":"2024-10-04T15:55:00","guid":{"rendered":"https:\/\/air-fryer-ninja.fr\/?p=1948"},"modified":"2025-01-06T20:13:41","modified_gmt":"2025-01-06T20:13:41","slug":"recept-legkevereses-sutotokos-pogacsa-receptje","status":"publish","type":"post","link":"https:\/\/air-fryer-ninja.fr\/hu\/recept-legkevereses-sutotokos-pogacsa-receptje\/","title":{"rendered":"Recept Air fryer s\u00fct\u0151t\u00f6k s\u00fctem\u00e9nyek"},"content":{"rendered":"<p>A <strong>s\u00fct\u0151t\u00f6k\u00f6s pog\u00e1csa<\/strong> \u00edzletes, eg\u00e9szs\u00e9ges \u00e9s k\u00f6nnyen elk\u00e9sz\u00edthet\u0151 \u00e9telek, amelyek minden koroszt\u00e1ly sz\u00e1m\u00e1ra alkalmasak. \u00c9s h\u00e1la a<strong>Air Fryer<\/strong>Ez a recept m\u00e9g gyorsabb \u00e9s egyszer\u0171bb. Fedezze fel, hogyan k\u00e9sz\u00edthet ropog\u00f3s, illatos s\u00fct\u0151t\u00f6k\u00f6s pog\u00e1cs\u00e1kat egy csepp olaj haszn\u00e1lata n\u00e9lk\u00fcl. Ezek a pit\u00e9k el\u0151\u00e9telk\u00e9nt vagy f\u0151\u00e9telk\u00e9nt is t\u00f6k\u00e9letesek, \u00e9s hamarosan a konyh\u00e1ja elengedhetetlen kell\u00e9keiv\u00e9 v\u00e1lnak.<\/p>\n<h2>Az \u00f6sszetev\u0151k el\u0151k\u00e9sz\u00edt\u00e9se<\/h2>\n<h3>A t\u00f6k kiv\u00e1laszt\u00e1sa \u00e9s el\u0151k\u00e9sz\u00edt\u00e9se<\/h3>\n<p>Ahhoz, hogy \u00edzletes s\u00fct\u0151t\u00f6k\u00f6s s\u00fctem\u00e9nyt k\u00e9sz\u00edthessen, el\u0151sz\u00f6r is ki kell v\u00e1lasztania a megfelel\u0151 s\u00fct\u0151t\u00f6kfajt\u00e1t. V\u00e1laszthat <strong>butternut t\u00f6k<\/strong>a <strong>s\u00fct\u0151t\u00f6k<\/strong> vagy ak\u00e1r a <strong>s\u00fct\u0151t\u00f6k<\/strong> az \u00d6n preferenci\u00e1i szerint. El\u0151nye, hogy minden egyes t\u00f6kfajta egyedi \u00edzt k\u00f6lcs\u00f6n\u00f6z a pog\u00e1cs\u00e1knak.<\/p>\n<ul>\n<li>Alaposan mossa meg a t\u00f6k\u00f6t, hogy elt\u00e1vol\u00edtsa a szennyez\u0151d\u00e9seket.<\/li>\n<li>H\u00e1mozza meg a t\u00f6k\u00f6t z\u00f6lds\u00e9gh\u00e1moz\u00f3val, \u00e9s egy kan\u00e1llal t\u00e1vol\u00edtsa el a magokat.<\/li>\n<li>Reszelj\u00fck finomra a t\u00f6k\u00f6t. Durva lyuk\u00fa reszel\u0151t haszn\u00e1lhatunk az ide\u00e1lis \u00e1llag el\u00e9r\u00e9s\u00e9hez.<\/li>\n<\/ul>\n<p>A reszelt t\u00f6k\u00f6t most m\u00e1r egy nagy t\u00e1lba lehet tenni, \u00e9s f\u00e9lretenni, am\u00edg a t\u00f6bbi hozz\u00e1val\u00f3t elk\u00e9sz\u00edtj\u00fck.<\/p>\n<h3>Egy\u00e9b alapvet\u0151 \u00f6sszetev\u0151k<\/h3>\n<p>A s\u00fct\u0151t\u00f6k\u00f6n k\u00edv\u00fcl a recepthez sz\u00e1mos m\u00e1s hozz\u00e1val\u00f3t is felhaszn\u00e1lunk <strong>egyszer\u0171, de \u00edzletes \u00f6sszetev\u0151k<\/strong> :<\/p>\n<ul>\n<li><strong>2 toj\u00e1s<\/strong> Seg\u00edtenek \u00f6sszek\u00f6tni az \u00f6sszes \u00f6sszetev\u0151t.<\/li>\n<li><strong>100 g reszelt sajt<\/strong> A s\u00fct\u0151t\u00f6kh\u00f6z j\u00f3l illik a comt\u00e9, a cheddar vagy a parmez\u00e1n sajt.<\/li>\n<li><strong>50g liszt<\/strong> (b\u00faza, t\u00f6nk\u00f6lyb\u00faza vagy ak\u00e1r glut\u00e9nmentes v\u00e1ltozat): Ez adja a galette-ek szerkezet\u00e9t \u00e9s \u00e1llag\u00e1t.<\/li>\n<li>Egy csokor <strong>finomra v\u00e1gott met\u00e9l\u0151hagyma<\/strong> Egy kis frissess\u00e9g \u00e9s sz\u00edn.<\/li>\n<li><strong>S\u00f3 \u00e9s bors<\/strong> \u00c1ll\u00edtsa be \u00edzl\u00e9s szerint.<\/li>\n<\/ul>\n<h2>Keverj\u00fck \u00f6ssze \u00e9s form\u00e1zzuk meg a pog\u00e1cs\u00e1kat<\/h2>\n<h3>Homog\u00e9n kever\u00e9k<\/h3>\n<p>A reszelt t\u00f6k\u00f6t tartalmaz\u00f3 t\u00e1lba keverj\u00fck bele a toj\u00e1sokat, a reszelt sajtot, a lisztet \u00e9s az apr\u00f3ra v\u00e1gott met\u00e9l\u0151hagym\u00e1t. S\u00f3val \u00e9s borssal f\u0171szerezz\u00fck. Ezut\u00e1n az \u00f6sszes hozz\u00e1val\u00f3t j\u00f3l keverje \u00f6ssze, am\u00edg sima t\u00e9szt\u00e1t nem kap.<\/p>\n<p>Ennek a kever\u00e9knek a k\u00f6vetkez\u0151kkel kell rendelkeznie <strong>kiss\u00e9 ragacsos, de szil\u00e1rd \u00e1llag\u00fa<\/strong>. Ha a kever\u00e9k t\u00fal foly\u00f3snak t\u0171nik, adjunk hozz\u00e1 m\u00e9g egy kis lisztet, hogy bes\u0171r\u00edts\u00fck.<\/p>\n<h3>A s\u00fctem\u00e9nyek form\u00e1z\u00e1sa<\/h3>\n<p>Ha a kever\u00e9k elk\u00e9sz\u00fclt, form\u00e1zza meg a pog\u00e1cs\u00e1kat. Vegy\u00fcnk egy mar\u00e9knyi kever\u00e9ket, \u00e9s form\u00e1zzunk kis kerek, lapos, kb. 1 cm vastag lep\u00e9nyeket. Helyezze a pog\u00e1cs\u00e1kat egy s\u00fct\u0151pap\u00edrral b\u00e9lelt tepsibe.<\/p>\n<h2>T\u00f6k\u00e9letes f\u0151z\u00e9s a l\u00e9gs\u00fct\u0151vel<\/h2>\n<h3>H\u0151m\u00e9rs\u00e9klet \u00e9s id\u0151 be\u00e1ll\u00edt\u00e1sa<\/h3>\n<p><strong>A l\u00e9gs\u00fct\u0151 el\u0151meleg\u00edt\u00e9se<\/strong> 180 Celsius fokon. Ez az\u00e9rt fontos, hogy a pog\u00e1cs\u00e1k egyenletesen s\u00fcljenek meg, amint beletessz\u00fck \u0151ket. Miut\u00e1n el\u0151meleg\u00edtett\u00fck, helyezz\u00fcnk t\u00f6bb pog\u00e1cs\u00e1t az Air Fryer kosar\u00e1ba, \u00fcgyelve arra, hogy ne egym\u00e1sra rakjuk \u0151ket, hogy a forr\u00f3 leveg\u0151 optim\u00e1lis kering\u00e9se biztos\u00edtott legyen.<\/p>\n<p>Programozza a l\u00e9gs\u00fct\u0151t \u00fagy, hogy a pog\u00e1cs\u00e1kat k\u00f6r\u00fclbel\u00fcl 15 percig s\u00fcsse. A s\u00fct\u00e9s fel\u00e9n\u00e9l \u00f3vatosan ford\u00edtsa meg a pit\u00e9ket, hogy mindk\u00e9t oldaluk ropog\u00f3s legyen.<\/p>\n<h3>A f\u0151z\u00e9si folyamat ellen\u0151rz\u00e9se<\/h3>\n<p>A pog\u00e1cs\u00e1knak k\u00edv\u00fclr\u0151l aranysz\u00edn\u0171nek \u00e9s ropog\u00f3snak kell lenni\u00fck, de bel\u00fcl m\u00e9g puh\u00e1knak. Ha nem t\u0171nnek el\u00e9g ropog\u00f3snak, s\u00fcss\u00fck 2-3 perccel tov\u00e1bb.<\/p>\n<h2>Tippek \u00e9s vari\u00e1ci\u00f3k<\/h2>\n<h3>F\u0171szerezze a s\u00fctem\u00e9nyeket<\/h3>\n<p>A  c\u00edmr\u0151l <strong>v\u00e1ltozatok hozhat\u00f3k l\u00e9tre<\/strong> k\u00fcl\u00f6nb\u00f6z\u0151 \u00f6sszetev\u0151k hozz\u00e1ad\u00e1s\u00e1val a s\u00fctem\u00e9nyek \u00edz\u00e9nek \u00e9s \u00e1llag\u00e1nak m\u00f3dos\u00edt\u00e1sa \u00e9rdek\u00e9ben:<\/p>\n<ul>\n<li>Adjon hozz\u00e1 f\u0171szereket, p\u00e9ld\u00e1ul k\u00f6m\u00e9nyt, paprik\u00e1t vagy curryt az extra \u00edz\u00e9lm\u00e9ny \u00e9rdek\u00e9ben. <strong>egzotikus \u00e9rint\u00e9s<\/strong>.<\/li>\n<li>Tov\u00e1bbi z\u00f6lds\u00e9gek, mint p\u00e9ld\u00e1ul <strong>reszelt s\u00e1rgar\u00e9pa<\/strong> vagy cukkini a hozz\u00e1adott t\u00e1pl\u00e1lkoz\u00e1s \u00e9rdek\u00e9ben.<\/li>\n<li>Keverjen bele friss f\u0171szern\u00f6v\u00e9nyeket, p\u00e9ld\u00e1ul koriandert vagy petrezselymet, hogy gazdagabb legyen az \u00edze. <strong>\u00edzek robban\u00e1sa<\/strong>.<\/li>\n<\/ul>\n<h3>Aj\u00e1nlott k\u00eds\u00e9r\u0151k<\/h3>\n<p>Ezek a t\u00f6k\u00f6s s\u00fctem\u00e9nyek k\u00fcl\u00f6nb\u00f6z\u0151 \u00e9telekkel t\u00e1lalhat\u00f3k. <strong>m\u00e1rt\u00e1sok \u00e9s k\u00f6retek<\/strong> hogy teljes \u00e9rt\u00e9k\u0171 \u00e9telt k\u00e9sz\u00edts\u00fcnk:<\/p>\n<ul>\n<li>Citrommal, fokhagym\u00e1val \u00e9s friss f\u0171szern\u00f6v\u00e9nyekkel \u00edzes\u00edtett joghurtm\u00e1rt\u00e1s.<\/li>\n<li>Ropog\u00f3s z\u00f6ld sal\u00e1ta k\u00f6nny\u0171 vinaigrette-tel.<\/li>\n<li>H\u00e1zi chutney vagy guacamole az extra k\u00fcl\u00f6nleges \u00e9rint\u00e9s\u00e9rt <strong>\u00ednyenc \u00e9rint\u00e9s<\/strong>.<\/li>\n<\/ul>","protected":false},"excerpt":{"rendered":"<p>Les galettes de courge sont un plat d\u00e9licieux, sain et facile \u00e0 pr\u00e9parer qui convient \u00e0 tous les \u00e2ges. Et gr\u00e2ce \u00e0 l&rsquo;Air Fryer, cette recette devient encore plus rapide et simple. D\u00e9couvrez comment faire des galettes de courge croustillantes et parfum\u00e9es sans utiliser une goutte d&rsquo;huile. Parfaites en entr\u00e9e ou comme plat principal, ces [&hellip;]<\/p>","protected":false},"author":1,"featured_media":1947,"comment_status":"open","ping_status":"open","sticky":false,"template":"","format":"standard","meta":{"wprm-recipe-roundup-name":"","wprm-recipe-roundup-description":"","footnotes":""},"categories":[30],"tags":[],"class_list":["post-1948","post","type-post","status-publish","format-standard","has-post-thumbnail","hentry","category-legumes"],"yoast_head":"<!-- This site is optimized with the Yoast SEO plugin v27.5 - https:\/\/yoast.com\/product\/yoast-seo-wordpress\/ -->\n<title>Recette Galettes de courge air fryer - Air fryer ninja Recettes<\/title>\n<meta name=\"robots\" content=\"index, follow, max-snippet:-1, max-image-preview:large, max-video-preview:-1\" \/>\n<link rel=\"canonical\" href=\"https:\/\/air-fryer-ninja.fr\/hu\/recept-legkevereses-sutotokos-pogacsa-receptje\/\" \/>\n<meta property=\"og:locale\" content=\"hu_HU\" \/>\n<meta property=\"og:type\" content=\"article\" \/>\n<meta property=\"og:title\" content=\"Recette Galettes de courge air fryer - Air fryer ninja Recettes\" \/>\n<meta property=\"og:description\" content=\"Les galettes de courge sont un plat d\u00e9licieux, sain et facile \u00e0 pr\u00e9parer qui convient \u00e0 tous les \u00e2ges. Et gr\u00e2ce \u00e0 l&rsquo;Air Fryer, cette recette devient encore plus rapide et simple. D\u00e9couvrez comment faire des galettes de courge croustillantes et parfum\u00e9es sans utiliser une goutte d&rsquo;huile. Parfaites en entr\u00e9e ou comme plat principal, ces [&hellip;]\" \/>\n<meta property=\"og:url\" content=\"https:\/\/air-fryer-ninja.fr\/hu\/recept-legkevereses-sutotokos-pogacsa-receptje\/\" \/>\n<meta property=\"og:site_name\" content=\"Air fryer ninja Recettes\" \/>\n<meta property=\"article:published_time\" content=\"2024-10-04T15:55:00+00:00\" \/>\n<meta property=\"article:modified_time\" content=\"2025-01-06T20:13:41+00:00\" \/>\n<meta property=\"og:image\" content=\"https:\/\/air-fryer-ninja.fr\/wp-content\/uploads\/2024\/07\/innover-en-cuisine-recette-de-galettes-de-courge-a-lair-fryer.jpg\" \/>\n\t<meta property=\"og:image:width\" content=\"1456\" \/>\n\t<meta property=\"og:image:height\" content=\"816\" \/>\n\t<meta property=\"og:image:type\" content=\"image\/jpeg\" \/>\n<meta name=\"author\" content=\"Stephy\" \/>\n<meta name=\"twitter:card\" content=\"summary_large_image\" \/>\n<meta name=\"twitter:label1\" content=\"Szerz\u0151:\" \/>\n\t<meta name=\"twitter:data1\" content=\"Stephy\" \/>\n\t<meta name=\"twitter:label2\" content=\"Becs\u00fclt olvas\u00e1si id\u0151\" \/>\n\t<meta name=\"twitter:data2\" content=\"3 perc\" \/>\n<!-- \/ Yoast SEO plugin. -->","yoast_head_json":{"title":"Recette Galettes de courge air fryer - Air fryer ninja Recettes","robots":{"index":"index","follow":"follow","max-snippet":"max-snippet:-1","max-image-preview":"max-image-preview:large","max-video-preview":"max-video-preview:-1"},"canonical":"https:\/\/air-fryer-ninja.fr\/hu\/recept-legkevereses-sutotokos-pogacsa-receptje\/","og_locale":"hu_HU","og_type":"article","og_title":"Recette Galettes de courge air fryer - Air fryer ninja Recettes","og_description":"Les galettes de courge sont un plat d\u00e9licieux, sain et facile \u00e0 pr\u00e9parer qui convient \u00e0 tous les \u00e2ges. Et gr\u00e2ce \u00e0 l&rsquo;Air Fryer, cette recette devient encore plus rapide et simple. D\u00e9couvrez comment faire des galettes de courge croustillantes et parfum\u00e9es sans utiliser une goutte d&rsquo;huile. Parfaites en entr\u00e9e ou comme plat principal, ces [&hellip;]","og_url":"https:\/\/air-fryer-ninja.fr\/hu\/recept-legkevereses-sutotokos-pogacsa-receptje\/","og_site_name":"Air fryer ninja Recettes","article_published_time":"2024-10-04T15:55:00+00:00","article_modified_time":"2025-01-06T20:13:41+00:00","og_image":[{"width":1456,"height":816,"url":"https:\/\/air-fryer-ninja.fr\/wp-content\/uploads\/2024\/07\/innover-en-cuisine-recette-de-galettes-de-courge-a-lair-fryer.jpg","type":"image\/jpeg"}],"author":"Stephy","twitter_card":"summary_large_image","twitter_misc":{"Szerz\u0151:":"Stephy","Becs\u00fclt olvas\u00e1si id\u0151":"3 perc"},"schema":{"@context":"https:\/\/schema.org","@graph":[{"@type":"Article","@id":"https:\/\/air-fryer-ninja.fr\/recette-galettes-de-courge-air-fryer\/#article","isPartOf":{"@id":"https:\/\/air-fryer-ninja.fr\/recette-galettes-de-courge-air-fryer\/"},"author":{"name":"Stephy","@id":"https:\/\/air-fryer-ninja.fr\/#\/schema\/person\/31ca83cb1c8812323af9097575aa686b"},"headline":"Recette Galettes de courge air fryer","datePublished":"2024-10-04T15:55:00+00:00","dateModified":"2025-01-06T20:13:41+00:00","mainEntityOfPage":{"@id":"https:\/\/air-fryer-ninja.fr\/recette-galettes-de-courge-air-fryer\/"},"wordCount":709,"commentCount":0,"publisher":{"@id":"https:\/\/air-fryer-ninja.fr\/#organization"},"image":{"@id":"https:\/\/air-fryer-ninja.fr\/recette-galettes-de-courge-air-fryer\/#primaryimage"},"thumbnailUrl":"https:\/\/air-fryer-ninja.fr\/wp-content\/uploads\/2024\/07\/innover-en-cuisine-recette-de-galettes-de-courge-a-lair-fryer.jpg","articleSection":["L\u00e9gumes"],"inLanguage":"hu","potentialAction":[{"@type":"CommentAction","name":"Comment","target":["https:\/\/air-fryer-ninja.fr\/recette-galettes-de-courge-air-fryer\/#respond"]}]},{"@type":"WebPage","@id":"https:\/\/air-fryer-ninja.fr\/recette-galettes-de-courge-air-fryer\/","url":"https:\/\/air-fryer-ninja.fr\/recette-galettes-de-courge-air-fryer\/","name":"Recette Galettes de courge air fryer - Air fryer ninja Recettes","isPartOf":{"@id":"https:\/\/air-fryer-ninja.fr\/#website"},"primaryImageOfPage":{"@id":"https:\/\/air-fryer-ninja.fr\/recette-galettes-de-courge-air-fryer\/#primaryimage"},"image":{"@id":"https:\/\/air-fryer-ninja.fr\/recette-galettes-de-courge-air-fryer\/#primaryimage"},"thumbnailUrl":"https:\/\/air-fryer-ninja.fr\/wp-content\/uploads\/2024\/07\/innover-en-cuisine-recette-de-galettes-de-courge-a-lair-fryer.jpg","datePublished":"2024-10-04T15:55:00+00:00","dateModified":"2025-01-06T20:13:41+00:00","breadcrumb":{"@id":"https:\/\/air-fryer-ninja.fr\/recette-galettes-de-courge-air-fryer\/#breadcrumb"},"inLanguage":"hu","potentialAction":[{"@type":"ReadAction","target":["https:\/\/air-fryer-ninja.fr\/recette-galettes-de-courge-air-fryer\/"]}]},{"@type":"ImageObject","inLanguage":"hu","@id":"https:\/\/air-fryer-ninja.fr\/recette-galettes-de-courge-air-fryer\/#primaryimage","url":"https:\/\/air-fryer-ninja.fr\/wp-content\/uploads\/2024\/07\/innover-en-cuisine-recette-de-galettes-de-courge-a-lair-fryer.jpg","contentUrl":"https:\/\/air-fryer-ninja.fr\/wp-content\/uploads\/2024\/07\/innover-en-cuisine-recette-de-galettes-de-courge-a-lair-fryer.jpg","width":1456,"height":816,"caption":"Innover en cuisine&nbsp;: recette de galettes de courge \u00e0 l'air fryer"},{"@type":"BreadcrumbList","@id":"https:\/\/air-fryer-ninja.fr\/recette-galettes-de-courge-air-fryer\/#breadcrumb","itemListElement":[{"@type":"ListItem","position":1,"name":"Recette Air Fryer","item":"https:\/\/air-fryer-ninja.fr\/"},{"@type":"ListItem","position":2,"name":"Recette Galettes de courge air fryer"}]},{"@type":"WebSite","@id":"https:\/\/air-fryer-ninja.fr\/#website","url":"https:\/\/air-fryer-ninja.fr\/","name":"L\u00e9gs\u00fct\u0151 ninja","description":"L\u00e9gs\u00fct\u0151 ninja recept blog","publisher":{"@id":"https:\/\/air-fryer-ninja.fr\/#organization"},"potentialAction":[{"@type":"SearchAction","target":{"@type":"EntryPoint","urlTemplate":"https:\/\/air-fryer-ninja.fr\/?s={search_term_string}"},"query-input":{"@type":"PropertyValueSpecification","valueRequired":true,"valueName":"search_term_string"}}],"inLanguage":"hu"},{"@type":"Organization","@id":"https:\/\/air-fryer-ninja.fr\/#organization","name":"L\u00e9gs\u00fct\u0151 ninja","url":"https:\/\/air-fryer-ninja.fr\/","logo":{"@type":"ImageObject","inLanguage":"hu","@id":"https:\/\/air-fryer-ninja.fr\/#\/schema\/logo\/image\/","url":"https:\/\/air-fryer-ninja.fr\/wp-content\/uploads\/2022\/09\/air-fryer-ninja.png","contentUrl":"https:\/\/air-fryer-ninja.fr\/wp-content\/uploads\/2022\/09\/air-fryer-ninja.png","width":500,"height":90,"caption":"Air fryer ninja"},"image":{"@id":"https:\/\/air-fryer-ninja.fr\/#\/schema\/logo\/image\/"}},{"@type":"Person","@id":"https:\/\/air-fryer-ninja.fr\/#\/schema\/person\/31ca83cb1c8812323af9097575aa686b","name":"Stephy","image":{"@type":"ImageObject","inLanguage":"hu","@id":"https:\/\/air-fryer-ninja.fr\/wp-content\/uploads\/2024\/11\/cropped-Untitled-design-2024-11-04T123927.617-96x96.jpg","url":"https:\/\/air-fryer-ninja.fr\/wp-content\/uploads\/2024\/11\/cropped-Untitled-design-2024-11-04T123927.617-96x96.jpg","contentUrl":"https:\/\/air-fryer-ninja.fr\/wp-content\/uploads\/2024\/11\/cropped-Untitled-design-2024-11-04T123927.617-96x96.jpg","caption":"Stephy"},"description":"Stephy vagyok, egy h\u00e1ziasszony, akinek szenved\u00e9lye a f\u0151z\u00e9s! Ami\u00f3ta felfedeztem a l\u00e9gfrit\u0151g\u00e9pet, az\u00f3ta ide\u00e1lis t\u00e1rsam az \u00edzletes, k\u00f6nnyen elk\u00e9sz\u00edthet\u0151 receptek elk\u00e9sz\u00edt\u00e9s\u00e9hez. Szeretek k\u00eds\u00e9rletezni \u00e9s olyan \u00e9teleket kital\u00e1lni, amelyek meglepik \u00e9s meg\u00f6rvendeztetik a csal\u00e1domat. Itt megosztom a legjobb tippjeimet \u00e9s kedvenc receptjeimet, hogy \u00d6n is \u00e9lvezhesse az otthoni f\u0151z\u00e9s \u00f6r\u00f6meit an\u00e9lk\u00fcl, hogy \u00f3r\u00e1kat t\u00f6ltene a t\u0171zhely m\u00f6g\u00f6tt. A c\u00e9lom? Megmutatni, hogy egy kis kreativit\u00e1ssal a l\u00e9gs\u00fct\u0151 minden \u00e9telt igazi \u00e9lm\u00e9nny\u00e9 var\u00e1zsolhat!","sameAs":["https:\/\/air-fryer-ninja.fr"],"url":"https:\/\/air-fryer-ninja.fr\/hu\/author\/a1rdy\/"}]}},"_links":{"self":[{"href":"https:\/\/air-fryer-ninja.fr\/hu\/wp-json\/wp\/v2\/posts\/1948","targetHints":{"allow":["GET"]}}],"collection":[{"href":"https:\/\/air-fryer-ninja.fr\/hu\/wp-json\/wp\/v2\/posts"}],"about":[{"href":"https:\/\/air-fryer-ninja.fr\/hu\/wp-json\/wp\/v2\/types\/post"}],"author":[{"embeddable":true,"href":"https:\/\/air-fryer-ninja.fr\/hu\/wp-json\/wp\/v2\/users\/1"}],"replies":[{"embeddable":true,"href":"https:\/\/air-fryer-ninja.fr\/hu\/wp-json\/wp\/v2\/comments?post=1948"}],"version-history":[{"count":1,"href":"https:\/\/air-fryer-ninja.fr\/hu\/wp-json\/wp\/v2\/posts\/1948\/revisions"}],"predecessor-version":[{"id":3023,"href":"https:\/\/air-fryer-ninja.fr\/hu\/wp-json\/wp\/v2\/posts\/1948\/revisions\/3023"}],"wp:featuredmedia":[{"embeddable":true,"href":"https:\/\/air-fryer-ninja.fr\/hu\/wp-json\/wp\/v2\/media\/1947"}],"wp:attachment":[{"href":"https:\/\/air-fryer-ninja.fr\/hu\/wp-json\/wp\/v2\/media?parent=1948"}],"wp:term":[{"taxonomy":"category","embeddable":true,"href":"https:\/\/air-fryer-ninja.fr\/hu\/wp-json\/wp\/v2\/categories?post=1948"},{"taxonomy":"post_tag","embeddable":true,"href":"https:\/\/air-fryer-ninja.fr\/hu\/wp-json\/wp\/v2\/tags?post=1948"}],"curies":[{"name":"wp","href":"https:\/\/api.w.org\/{rel}","templated":true}]}}