{"id":1346,"date":"2023-08-30T16:57:00","date_gmt":"2023-08-30T16:57:00","guid":{"rendered":"https:\/\/air-fryer-ninja.fr\/?p=1346"},"modified":"2024-12-19T21:19:56","modified_gmt":"2024-12-19T21:19:56","slug":"recette-gratin-dauphinois-au-air-fryer","status":"publish","type":"post","link":"https:\/\/air-fryer-ninja.fr\/hu\/recette-gratin-dauphinois-au-air-fryer\/","title":{"rendered":"Recept Gratin Dauphinois l\u00e9gs\u00fct\u0151vel"},"content":{"rendered":"<h2>Recette Gratin Dauphinois au Air Fryer&nbsp;: une d\u00e9lice l\u00e9g\u00e8re et savoureuse<\/h2>\n<p>Le gratin dauphinois est un plat traditionnel fran\u00e7ais, originaire de la r\u00e9gion du Dauphin\u00e9. Il est compos\u00e9 de pommes de terre, de cr\u00e8me fra\u00eeche, de lait et d&rsquo;ail, le tout cuit lentement au four pour obtenir une texture fondante et cr\u00e9meuse. Avec l&rsquo;apparition des air fryers sur le march\u00e9, il est d\u00e9sormais possible de r\u00e9aliser cette recette de fa\u00e7on plus l\u00e9g\u00e8re et rapide, sans sacrifier \u00e0 son bon go\u00fbt. Voici donc comment pr\u00e9parer le gratin dauphinois au air fryer.<\/p>\n<h2>Ingr\u00e9dients n\u00e9cessaires pour le gratin dauphinois au air fryer<\/h2>\n<p>A recept elk\u00e9sz\u00edt\u00e9s\u00e9hez a k\u00f6vetkez\u0151 \u00f6sszetev\u0151kre lesz sz\u00fcks\u00e9ge:<\/p>\n<ul>\n<li><strong>800 g de pommes de terre<\/strong> (de pr\u00e9f\u00e9rence \u00e0 chair ferme)<\/li>\n<li>300 ml de <strong>lait \u00e9cr\u00e9m\u00e9<\/strong><\/li>\n<li>200 ml de <strong>cr\u00e8me fra\u00eeche all\u00e9g\u00e9e<\/strong><\/li>\n<li>2 gerezd<strong>fokhagyma<\/strong><\/li>\n<li><strong>Muscade<\/strong> en poudre, selon votre go\u00fbt<\/li>\n<li><strong>S\u00f3<\/strong> et <strong>bors<\/strong> pour assaisonner<\/li>\n<li>Un peu de <strong>beurre<\/strong> ou d&rsquo;<strong>ol\u00edvaolaj<\/strong> pour graisser le panier de l&rsquo;air fryer<\/li>\n<\/ul>\n<h2>Comment pr\u00e9parer le gratin dauphinois au air fryer<\/h2>\n<h3>1. Pr\u00e9paration des pommes de terre<\/h3>\n<p>Commencez par \u00e9plucher les pommes de terre et lavez-les bien sous l&rsquo;eau froide. Ensuite, coupez-les en rondelles d&rsquo;environ 3 mm d&rsquo;\u00e9paisseur \u00e0 l&rsquo;aide d&rsquo;une <strong>mandoline<\/strong>.<br \/>\nPour \u00e9viter que les rondelles ne collent entre elles pendant la cuisson, rincez-les \u00e0 nouveau dans un saladier d&rsquo;eau froide pour retirer l&rsquo;exc\u00e9dent d&rsquo;amidon.<\/p>\n<h3>2. Pr\u00e9chauffage de l&rsquo;air fryer<\/h3>\n<p>Pendant que les pommes de terre s&rsquo;\u00e9gouttent, allumez votre air fryer et r\u00e9glez-la \u00e0 une temp\u00e9rature de 180\u00b0C. Laissez-la pr\u00e9chauffer pendant environ 5 minutes.<\/p>\n<h3>3. Pr\u00e9paration du m\u00e9lange cr\u00e9meux<\/h3>\n<p>Dans une casserole, versez le lait et la cr\u00e8me fra\u00eeche all\u00e9g\u00e9e, puis ajoutez l&rsquo;ail hach\u00e9 finement. Assaisonnez avec la noix de muscade, le sel et le poivre selon vos go\u00fbts. Faites chauffer ce m\u00e9lange \u00e0 feu doux, sans le porter \u00e0 \u00e9bullition, pour que les saveurs se m\u00e9langent bien.<\/p>\n<h3>4. Montage du gratin<\/h3>\n<p>Graissez l\u00e9g\u00e8rement le panier de l&rsquo;air fryer avec un peu de beurre ou d&rsquo;huile d&rsquo;olive. D\u00e9posez une premi\u00e8re couche de rondelles de pommes de terre, puis versez une partie du m\u00e9lange cr\u00e9meux par-dessus. R\u00e9p\u00e9tez l&rsquo;op\u00e9ration jusqu&rsquo;\u00e0 ce que tous les ingr\u00e9dients soient utilis\u00e9s, en terminant par une couche de m\u00e9lange cr\u00e9meux.<\/p>\n<h3>5. Cuisson du gratin dauphinois au air fryer<\/h3>\n<p>Ins\u00e9rez le panier dans l&rsquo;air fryer pr\u00e9chauff\u00e9e et r\u00e9glez la minuterie sur 25 minutes. Laissez cuire jusqu&rsquo;\u00e0 ce que le dessus soit bien dor\u00e9 et que les pommes de terre soient tendres \u00e0 la pointe d&rsquo;un couteau.<\/p>\n<h2>Astuces pour r\u00e9ussir votre gratin dauphinois au air fryer<\/h2>\n<ul>\n<li><strong>Variez les saveurs :<\/strong> vous pouvez ajouter des herbes aromatiques telles que le thym ou le romarin, ou encore des \u00e9pices comme le paprika doux ou le piment d&rsquo;Espelette pour donner une touche personnelle \u00e0 votre gratin.<\/li>\n<li><strong>Adaptez la cuisson :<\/strong> en fonction de la taille de votre air fryer et de l&rsquo;\u00e9paisseur de vos tranches de pommes de terre, la dur\u00e9e de cuisson peut varier. Veillez \u00e0 v\u00e9rifier r\u00e9guli\u00e8rement la cuisson et ajustez si n\u00e9cessaire.<\/li>\n<li><strong>Servez avec une salade verte :<\/strong> pour \u00e9quilibrer votre repas et apporter une touche de fra\u00eecheur, accompagnez votre gratin dauphinois d&rsquo;une bonne salade verte assaisonn\u00e9e de vinaigrette l\u00e9g\u00e8re.<\/li>\n<\/ul>\n<h2>En r\u00e9sum\u00e9<\/h2>\n<p>Le gratin dauphinois est un plat savoureux et convivial, id\u00e9al pour les repas en famille ou entre amis. Gr\u00e2ce \u00e0 l&rsquo;air fryer, vous pouvez d\u00e9sormais r\u00e9aliser cette recette de mani\u00e8re l\u00e9g\u00e8re et rapide, tout en pr\u00e9servant son go\u00fbt d\u00e9licieux. N&rsquo;h\u00e9sitez pas \u00e0 personnaliser votre gratin avec des herbes et \u00e9pices de votre choix, et servez-le accompagn\u00e9 d&rsquo;une salade verte pour un repas complet et \u00e9quilibr\u00e9.<\/p>","protected":false},"excerpt":{"rendered":"<p>Recette Gratin Dauphinois au Air Fryer&nbsp;: une d\u00e9lice l\u00e9g\u00e8re et savoureuse Le gratin dauphinois est un plat traditionnel fran\u00e7ais, originaire de la r\u00e9gion du Dauphin\u00e9. Il est compos\u00e9 de pommes de terre, de cr\u00e8me fra\u00eeche, de lait et d&rsquo;ail, le tout cuit lentement au four pour obtenir une texture fondante et cr\u00e9meuse. Avec l&rsquo;apparition des [&hellip;]<\/p>","protected":false},"author":1,"featured_media":2853,"comment_status":"open","ping_status":"open","sticky":false,"template":"","format":"standard","meta":{"wprm-recipe-roundup-name":"","wprm-recipe-roundup-description":"","footnotes":""},"categories":[33],"tags":[],"class_list":["post-1346","post","type-post","status-publish","format-standard","has-post-thumbnail","hentry","category-astuce"],"yoast_head":"<!-- This site is optimized with the Yoast SEO plugin v27.5 - https:\/\/yoast.com\/product\/yoast-seo-wordpress\/ -->\n<title>Recette Gratin Dauphinois au Air Fryer - Air fryer ninja Recettes<\/title>\n<meta name=\"robots\" content=\"index, follow, max-snippet:-1, max-image-preview:large, max-video-preview:-1\" \/>\n<link rel=\"canonical\" href=\"https:\/\/air-fryer-ninja.fr\/hu\/recette-gratin-dauphinois-au-air-fryer\/\" \/>\n<meta property=\"og:locale\" content=\"hu_HU\" \/>\n<meta property=\"og:type\" content=\"article\" \/>\n<meta property=\"og:title\" content=\"Recette Gratin Dauphinois au Air Fryer - Air fryer ninja Recettes\" \/>\n<meta property=\"og:description\" content=\"Recette Gratin Dauphinois au Air Fryer&nbsp;: une d\u00e9lice l\u00e9g\u00e8re et savoureuse Le gratin dauphinois est un plat traditionnel fran\u00e7ais, originaire de la r\u00e9gion du Dauphin\u00e9. Il est compos\u00e9 de pommes de terre, de cr\u00e8me fra\u00eeche, de lait et d&rsquo;ail, le tout cuit lentement au four pour obtenir une texture fondante et cr\u00e9meuse. Avec l&rsquo;apparition des [&hellip;]\" \/>\n<meta property=\"og:url\" content=\"https:\/\/air-fryer-ninja.fr\/hu\/recette-gratin-dauphinois-au-air-fryer\/\" \/>\n<meta property=\"og:site_name\" content=\"Air fryer ninja Recettes\" \/>\n<meta property=\"article:published_time\" content=\"2023-08-30T16:57:00+00:00\" \/>\n<meta property=\"article:modified_time\" content=\"2024-12-19T21:19:56+00:00\" \/>\n<meta property=\"og:image\" content=\"https:\/\/air-fryer-ninja.fr\/wp-content\/uploads\/2023\/08\/Gratin-Dauphinois-au-Air-Fryer-min.jpg\" \/>\n\t<meta property=\"og:image:width\" content=\"1456\" \/>\n\t<meta property=\"og:image:height\" content=\"816\" \/>\n\t<meta property=\"og:image:type\" content=\"image\/jpeg\" \/>\n<meta name=\"author\" content=\"Stephy\" \/>\n<meta name=\"twitter:card\" content=\"summary_large_image\" \/>\n<meta name=\"twitter:label1\" content=\"Szerz\u0151:\" \/>\n\t<meta name=\"twitter:data1\" content=\"Stephy\" \/>\n\t<meta name=\"twitter:label2\" content=\"Becs\u00fclt olvas\u00e1si id\u0151\" \/>\n\t<meta name=\"twitter:data2\" content=\"4 perc\" \/>\n<!-- \/ Yoast SEO plugin. -->","yoast_head_json":{"title":"Recette Gratin Dauphinois au Air Fryer - Air fryer ninja Recettes","robots":{"index":"index","follow":"follow","max-snippet":"max-snippet:-1","max-image-preview":"max-image-preview:large","max-video-preview":"max-video-preview:-1"},"canonical":"https:\/\/air-fryer-ninja.fr\/hu\/recette-gratin-dauphinois-au-air-fryer\/","og_locale":"hu_HU","og_type":"article","og_title":"Recette Gratin Dauphinois au Air Fryer - Air fryer ninja Recettes","og_description":"Recette Gratin Dauphinois au Air Fryer&nbsp;: une d\u00e9lice l\u00e9g\u00e8re et savoureuse Le gratin dauphinois est un plat traditionnel fran\u00e7ais, originaire de la r\u00e9gion du Dauphin\u00e9. Il est compos\u00e9 de pommes de terre, de cr\u00e8me fra\u00eeche, de lait et d&rsquo;ail, le tout cuit lentement au four pour obtenir une texture fondante et cr\u00e9meuse. Avec l&rsquo;apparition des [&hellip;]","og_url":"https:\/\/air-fryer-ninja.fr\/hu\/recette-gratin-dauphinois-au-air-fryer\/","og_site_name":"Air fryer ninja Recettes","article_published_time":"2023-08-30T16:57:00+00:00","article_modified_time":"2024-12-19T21:19:56+00:00","og_image":[{"width":1456,"height":816,"url":"https:\/\/air-fryer-ninja.fr\/wp-content\/uploads\/2023\/08\/Gratin-Dauphinois-au-Air-Fryer-min.jpg","type":"image\/jpeg"}],"author":"Stephy","twitter_card":"summary_large_image","twitter_misc":{"Szerz\u0151:":"Stephy","Becs\u00fclt olvas\u00e1si id\u0151":"4 perc"},"schema":{"@context":"https:\/\/schema.org","@graph":[{"@type":"Article","@id":"https:\/\/air-fryer-ninja.fr\/recette-gratin-dauphinois-au-air-fryer\/#article","isPartOf":{"@id":"https:\/\/air-fryer-ninja.fr\/recette-gratin-dauphinois-au-air-fryer\/"},"author":{"name":"Stephy","@id":"https:\/\/air-fryer-ninja.fr\/#\/schema\/person\/31ca83cb1c8812323af9097575aa686b"},"headline":"Recette Gratin Dauphinois au Air Fryer","datePublished":"2023-08-30T16:57:00+00:00","dateModified":"2024-12-19T21:19:56+00:00","mainEntityOfPage":{"@id":"https:\/\/air-fryer-ninja.fr\/recette-gratin-dauphinois-au-air-fryer\/"},"wordCount":677,"commentCount":2,"publisher":{"@id":"https:\/\/air-fryer-ninja.fr\/#organization"},"image":{"@id":"https:\/\/air-fryer-ninja.fr\/recette-gratin-dauphinois-au-air-fryer\/#primaryimage"},"thumbnailUrl":"https:\/\/air-fryer-ninja.fr\/wp-content\/uploads\/2023\/08\/Gratin-Dauphinois-au-Air-Fryer-min.jpg","articleSection":["Astuce"],"inLanguage":"hu","potentialAction":[{"@type":"CommentAction","name":"Comment","target":["https:\/\/air-fryer-ninja.fr\/recette-gratin-dauphinois-au-air-fryer\/#respond"]}]},{"@type":"WebPage","@id":"https:\/\/air-fryer-ninja.fr\/recette-gratin-dauphinois-au-air-fryer\/","url":"https:\/\/air-fryer-ninja.fr\/recette-gratin-dauphinois-au-air-fryer\/","name":"Recette Gratin Dauphinois au Air Fryer - Air fryer ninja Recettes","isPartOf":{"@id":"https:\/\/air-fryer-ninja.fr\/#website"},"primaryImageOfPage":{"@id":"https:\/\/air-fryer-ninja.fr\/recette-gratin-dauphinois-au-air-fryer\/#primaryimage"},"image":{"@id":"https:\/\/air-fryer-ninja.fr\/recette-gratin-dauphinois-au-air-fryer\/#primaryimage"},"thumbnailUrl":"https:\/\/air-fryer-ninja.fr\/wp-content\/uploads\/2023\/08\/Gratin-Dauphinois-au-Air-Fryer-min.jpg","datePublished":"2023-08-30T16:57:00+00:00","dateModified":"2024-12-19T21:19:56+00:00","breadcrumb":{"@id":"https:\/\/air-fryer-ninja.fr\/recette-gratin-dauphinois-au-air-fryer\/#breadcrumb"},"inLanguage":"hu","potentialAction":[{"@type":"ReadAction","target":["https:\/\/air-fryer-ninja.fr\/recette-gratin-dauphinois-au-air-fryer\/"]}]},{"@type":"ImageObject","inLanguage":"hu","@id":"https:\/\/air-fryer-ninja.fr\/recette-gratin-dauphinois-au-air-fryer\/#primaryimage","url":"https:\/\/air-fryer-ninja.fr\/wp-content\/uploads\/2023\/08\/Gratin-Dauphinois-au-Air-Fryer-min.jpg","contentUrl":"https:\/\/air-fryer-ninja.fr\/wp-content\/uploads\/2023\/08\/Gratin-Dauphinois-au-Air-Fryer-min.jpg","width":1456,"height":816},{"@type":"BreadcrumbList","@id":"https:\/\/air-fryer-ninja.fr\/recette-gratin-dauphinois-au-air-fryer\/#breadcrumb","itemListElement":[{"@type":"ListItem","position":1,"name":"Recette Air Fryer","item":"https:\/\/air-fryer-ninja.fr\/"},{"@type":"ListItem","position":2,"name":"Recette Gratin Dauphinois au Air Fryer"}]},{"@type":"WebSite","@id":"https:\/\/air-fryer-ninja.fr\/#website","url":"https:\/\/air-fryer-ninja.fr\/","name":"L\u00e9gs\u00fct\u0151 ninja","description":"L\u00e9gs\u00fct\u0151 ninja recept blog","publisher":{"@id":"https:\/\/air-fryer-ninja.fr\/#organization"},"potentialAction":[{"@type":"SearchAction","target":{"@type":"EntryPoint","urlTemplate":"https:\/\/air-fryer-ninja.fr\/?s={search_term_string}"},"query-input":{"@type":"PropertyValueSpecification","valueRequired":true,"valueName":"search_term_string"}}],"inLanguage":"hu"},{"@type":"Organization","@id":"https:\/\/air-fryer-ninja.fr\/#organization","name":"L\u00e9gs\u00fct\u0151 ninja","url":"https:\/\/air-fryer-ninja.fr\/","logo":{"@type":"ImageObject","inLanguage":"hu","@id":"https:\/\/air-fryer-ninja.fr\/#\/schema\/logo\/image\/","url":"https:\/\/air-fryer-ninja.fr\/wp-content\/uploads\/2022\/09\/air-fryer-ninja.png","contentUrl":"https:\/\/air-fryer-ninja.fr\/wp-content\/uploads\/2022\/09\/air-fryer-ninja.png","width":500,"height":90,"caption":"Air fryer ninja"},"image":{"@id":"https:\/\/air-fryer-ninja.fr\/#\/schema\/logo\/image\/"}},{"@type":"Person","@id":"https:\/\/air-fryer-ninja.fr\/#\/schema\/person\/31ca83cb1c8812323af9097575aa686b","name":"Stephy","image":{"@type":"ImageObject","inLanguage":"hu","@id":"https:\/\/air-fryer-ninja.fr\/wp-content\/uploads\/2024\/11\/cropped-Untitled-design-2024-11-04T123927.617-96x96.jpg","url":"https:\/\/air-fryer-ninja.fr\/wp-content\/uploads\/2024\/11\/cropped-Untitled-design-2024-11-04T123927.617-96x96.jpg","contentUrl":"https:\/\/air-fryer-ninja.fr\/wp-content\/uploads\/2024\/11\/cropped-Untitled-design-2024-11-04T123927.617-96x96.jpg","caption":"Stephy"},"description":"Stephy vagyok, egy h\u00e1ziasszony, akinek szenved\u00e9lye a f\u0151z\u00e9s! Ami\u00f3ta felfedeztem a l\u00e9gfrit\u0151g\u00e9pet, az\u00f3ta ide\u00e1lis t\u00e1rsam az \u00edzletes, k\u00f6nnyen elk\u00e9sz\u00edthet\u0151 receptek elk\u00e9sz\u00edt\u00e9s\u00e9hez. Szeretek k\u00eds\u00e9rletezni \u00e9s olyan \u00e9teleket kital\u00e1lni, amelyek meglepik \u00e9s meg\u00f6rvendeztetik a csal\u00e1domat. Itt megosztom a legjobb tippjeimet \u00e9s kedvenc receptjeimet, hogy \u00d6n is \u00e9lvezhesse az otthoni f\u0151z\u00e9s \u00f6r\u00f6meit an\u00e9lk\u00fcl, hogy \u00f3r\u00e1kat t\u00f6ltene a t\u0171zhely m\u00f6g\u00f6tt. A c\u00e9lom? Megmutatni, hogy egy kis kreativit\u00e1ssal a l\u00e9gs\u00fct\u0151 minden \u00e9telt igazi \u00e9lm\u00e9nny\u00e9 var\u00e1zsolhat!","sameAs":["https:\/\/air-fryer-ninja.fr"],"url":"https:\/\/air-fryer-ninja.fr\/hu\/author\/a1rdy\/"}]}},"_links":{"self":[{"href":"https:\/\/air-fryer-ninja.fr\/hu\/wp-json\/wp\/v2\/posts\/1346","targetHints":{"allow":["GET"]}}],"collection":[{"href":"https:\/\/air-fryer-ninja.fr\/hu\/wp-json\/wp\/v2\/posts"}],"about":[{"href":"https:\/\/air-fryer-ninja.fr\/hu\/wp-json\/wp\/v2\/types\/post"}],"author":[{"embeddable":true,"href":"https:\/\/air-fryer-ninja.fr\/hu\/wp-json\/wp\/v2\/users\/1"}],"replies":[{"embeddable":true,"href":"https:\/\/air-fryer-ninja.fr\/hu\/wp-json\/wp\/v2\/comments?post=1346"}],"version-history":[{"count":1,"href":"https:\/\/air-fryer-ninja.fr\/hu\/wp-json\/wp\/v2\/posts\/1346\/revisions"}],"predecessor-version":[{"id":2854,"href":"https:\/\/air-fryer-ninja.fr\/hu\/wp-json\/wp\/v2\/posts\/1346\/revisions\/2854"}],"wp:featuredmedia":[{"embeddable":true,"href":"https:\/\/air-fryer-ninja.fr\/hu\/wp-json\/wp\/v2\/media\/2853"}],"wp:attachment":[{"href":"https:\/\/air-fryer-ninja.fr\/hu\/wp-json\/wp\/v2\/media?parent=1346"}],"wp:term":[{"taxonomy":"category","embeddable":true,"href":"https:\/\/air-fryer-ninja.fr\/hu\/wp-json\/wp\/v2\/categories?post=1346"},{"taxonomy":"post_tag","embeddable":true,"href":"https:\/\/air-fryer-ninja.fr\/hu\/wp-json\/wp\/v2\/tags?post=1346"}],"curies":[{"name":"wp","href":"https:\/\/api.w.org\/{rel}","templated":true}]}}