{"id":1334,"date":"2023-08-23T16:57:00","date_gmt":"2023-08-23T16:57:00","guid":{"rendered":"https:\/\/air-fryer-ninja.fr\/?p=1334"},"modified":"2024-12-20T18:52:53","modified_gmt":"2024-12-20T18:52:53","slug":"legsuto-francia-piritos-recept","status":"publish","type":"post","link":"https:\/\/air-fryer-ninja.fr\/hu\/legsuto-francia-piritos-recept\/","title":{"rendered":"Air Fryer francia pir\u00edt\u00f3s recept"},"content":{"rendered":"<h2>Fedezze fel a finom bund\u00e1skeny\u00e9r receptj\u00e9t Air Fryerrel<\/h2>\n<p>A bund\u00e1skeny\u00e9r egy klasszikus, amely a gyermekkorunkra eml\u00e9keztet, \u00e9s ma bemutatjuk nektek ennek az \u00e9telnek az elk\u00e9sz\u00edt\u00e9s\u00e9nek egy \u00faj m\u00f3dj\u00e1t: a l\u00e9gs\u00fct\u0151vel. Az Air Fryer lehet\u0151v\u00e9 teszi a gyors \u00e9s eg\u00e9szs\u00e9ges s\u00fct\u00e9st a fejlett technol\u00f3gi\u00e1nak k\u00f6sz\u00f6nhet\u0151en. Ebben a cikkben megosztjuk veled, hogy milyen l\u00e9p\u00e9sekkel k\u00e9sz\u00edthetsz el egy \u00edzletes bund\u00e1skeny\u00e9r receptet Air Fryerrel.<\/p>\n<h2>Hozz\u00e1val\u00f3k az Air Fryer francia pir\u00edt\u00f3shoz<\/h2>\n<p>\u00cdme a sz\u00fcks\u00e9ges \u00f6sszetev\u0151k list\u00e1ja:<\/p>\n<ul>\n<li><strong>Keny\u00e9rszeletek<\/strong> (lehet\u0151leg kiss\u00e9 szikkadt)<\/li>\n<li>3 toj\u00e1s<\/li>\n<li>1 cs\u00e9sze tej<\/li>\n<li>1 te\u00e1skan\u00e1l van\u00edlia kivonat<\/li>\n<li>1 te\u00e1skan\u00e1l fah\u00e9j<\/li>\n<li>N\u00f6v\u00e9nyi pap\u00edr vagy alum\u00edniumf\u00f3lia<\/li>\n<li>K\u00f3kuszolaj vagy m\u00e1s \u00e9tolaj<\/li>\n<li>Juharszirup (nem k\u00f6telez\u0151)<\/li>\n<\/ul>\n<h2>Elk\u00e9sz\u00edt\u00e9se a finom francia pir\u00edt\u00f3s<\/h2>\n<h3>1. l\u00e9p\u00e9s: K\u00e9sz\u00edts\u00fck el a toj\u00e1sos kever\u00e9ket<\/h3>\n<p>Egy sek\u00e9ly t\u00e1lban verj\u00fck fel a toj\u00e1sokat, am\u00edg j\u00f3l \u00f6ssze nem keverednek. Ezut\u00e1n adjuk hozz\u00e1 a tejet, a van\u00edliakivonatot \u00e9s a fah\u00e9jat. Keverj\u00fck sim\u00e1ra.<\/p>\n<h3>2. l\u00e9p\u00e9s: K\u00e9sz\u00edts\u00fck el\u0151 a keny\u00e9rszeleteket.<\/h3>\n<p>V\u00e1gja a keny\u00e9rszeleteket k\u00f6r\u00fclbel\u00fcl 1 h\u00fcvelyk vastags\u00e1g\u00fa rudakra. Ha a keny\u00e9r t\u00fal friss, a recept elk\u00e9sz\u00edt\u00e9se el\u0151tt n\u00e9h\u00e1ny \u00f3r\u00e1n \u00e1t hagyja sz\u00e1radni a leveg\u0151n.<\/p>\n<h3>3. l\u00e9p\u00e9s: M\u00e1rtsuk a keny\u00e9rrudacsk\u00e1kat a toj\u00e1sos kever\u00e9kbe.<\/h3>\n<p>M\u00e1rtsunk minden keny\u00e9rp\u00e1lcik\u00e1t a toj\u00e1sos kever\u00e9kbe, \u00fcgyelve arra, hogy minden oldal\u00e1t j\u00f3l bevonja. Hagyjuk \u0151ket a kever\u00e9kben \u00e1ztatni mindk\u00e9t oldalon kb. 10 m\u00e1sodpercig, hogy kell\u0151en nedvesek legyenek, de ne \u00e1zzanak \u00e1t.<\/p>\n<h2>Francia pir\u00edt\u00f3s s\u00fct\u00e9se a l\u00e9gs\u00fct\u0151vel<\/h2>\n<h3>4. l\u00e9p\u00e9s: Meleg\u00edtse el\u0151 a l\u00e9gs\u00fct\u0151t<\/h3>\n<p>Miel\u0151tt elkezden\u00e9 a s\u00fct\u00e9st, meleg\u00edtse el\u0151 a l\u00e9gs\u00fct\u0151t n\u00e9h\u00e1ny percre 180\u00b0C-ra (350\u00b0F).<\/p>\n<h3>5. l\u00e9p\u00e9s: K\u00e9sz\u00edtse el\u0151 a l\u00e9gs\u00fct\u0151 kosarat<\/h3>\n<p>B\u00e9lelje ki a l\u00e9gs\u00fct\u0151 kos\u00e1r alj\u00e1t z\u00f6lds\u00e9gpap\u00edrral vagy aluf\u00f3li\u00e1val. Ez megk\u00f6nny\u00edti a tiszt\u00edt\u00e1st a s\u00fct\u00e9s ut\u00e1n, \u00e9s megakad\u00e1lyozza, hogy a keny\u00e9rp\u00e1lcik\u00e1k a kos\u00e1rhoz tapadjanak.<\/p>\n<h3>6. l\u00e9p\u00e9s: Kenj\u00fck meg a keny\u00e9rrudakat k\u00f3kuszolajjal.<\/h3>\n<p>Miel\u0151tt a keny\u00e9rrudakat a l\u00e9gs\u00fct\u0151be helyezn\u00e9, enyh\u00e9n kenje be \u0151ket k\u00f3kuszolajjal vagy m\u00e1s \u00e9tolajjal. Ez lehet\u0151v\u00e9 teszi, hogy a bund\u00e1skeny\u00e9r s\u00fct\u00e9s k\u00f6zben megbarnuljon \u00e9s ropog\u00f3sra s\u00fclj\u00f6n.<\/p>\n<h3>7. l\u00e9p\u00e9s: Helyezze a keny\u00e9rrudakat a l\u00e9gs\u00fct\u0151be.<\/h3>\n<p>Rendezze az el\u0151k\u00e9sz\u00edtett keny\u00e9rrudacsk\u00e1kat a l\u00e9gs\u00fct\u0151 kosar\u00e1ba, \u00fcgyelve arra, hogy ne \u00e9rjenek \u00f6ssze. Lehet, hogy t\u00f6bb adagban kell s\u00fctnie, ha sok keny\u00e9rrudacsk\u00e1t kell megs\u00fctnie.<\/p>\n<h3>8. l\u00e9p\u00e9s: S\u00fcss\u00fck meg a bund\u00e1skenyeret<\/h3>\n<p>S\u00fcsse a keny\u00e9rrudacsk\u00e1kat a l\u00e9gs\u00fct\u0151ben k\u00f6r\u00fclbel\u00fcl 10 percig, am\u00edg aranybarn\u00e1ra \u00e9s ropog\u00f3sra s\u00fclnek. A s\u00fct\u00e9s fel\u00e9n\u00e9l ford\u00edtsa meg \u0151ket, hogy egyenletesen s\u00fcljenek.<\/p>\n<h2>\u00c9lvezze a finom francia pir\u00edt\u00f3st a l\u00e9gs\u00fct\u0151ben<\/h2>\n<p>Ha a keny\u00e9rrudacsk\u00e1k aranybarn\u00e1ra \u00e9s ropog\u00f3sra s\u00fcltek, vegye ki \u0151ket a l\u00e9gfagyaszt\u00f3b\u00f3l, \u00e9s t\u00e1lal\u00e1s el\u0151tt hagyja n\u00e9h\u00e1ny percig h\u0171lni. A bund\u00e1skenyeret melegen, juharsziruppal vagy egy kis porcukorral t\u00e1lalhatja, hogy m\u00e9g finomabb legyen.<\/p>\n<p>A l\u00e9gfrit\u0151znek k\u00f6sz\u00f6nhet\u0151en most finom, ropog\u00f3s bund\u00e1skenyeret k\u00e9sz\u00edthetsz an\u00e9lk\u00fcl, hogy sok olajat kellene haszn\u00e1lnod. Ez a s\u00fct\u00e9si m\u00f3d nemcsak eg\u00e9szs\u00e9gesebb, hanem gyors \u00e9s k\u00e9nyelmes is, \u00edgy ide\u00e1lis v\u00e1laszt\u00e1s elfoglalt reggelekre vagy \u00ednyencek ut\u00e1ni s\u00f3v\u00e1rg\u00e1sra. Sz\u00f3val rajta, \u00e9s pr\u00f3b\u00e1lja ki ezt a receptet most!<\/p>","protected":false},"excerpt":{"rendered":"<p>D\u00e9couvrez la recette du d\u00e9licieux pain perdu au Air Fryer Le pain perdu est un classique qui nous rappelle notre enfance, et aujourd&rsquo;hui, nous allons vous pr\u00e9senter une nouvelle fa\u00e7on de pr\u00e9parer ce plat : avec l&rsquo;Air Fryer. La friteuse \u00e0 air permet de cuisiner rapidement et sainement gr\u00e2ce \u00e0 sa technologie avanc\u00e9e. Dans cet [&hellip;]<\/p>","protected":false},"author":1,"featured_media":2883,"comment_status":"open","ping_status":"open","sticky":false,"template":"","format":"standard","meta":{"wprm-recipe-roundup-name":"","wprm-recipe-roundup-description":"","footnotes":""},"categories":[33],"tags":[],"class_list":["post-1334","post","type-post","status-publish","format-standard","has-post-thumbnail","hentry","category-astuce"],"yoast_head":"<!-- This site is optimized with the Yoast SEO plugin v27.5 - https:\/\/yoast.com\/product\/yoast-seo-wordpress\/ -->\n<title>Recette Pain Perdu au Air Fryer - Air fryer ninja Recettes<\/title>\n<meta name=\"robots\" content=\"index, follow, max-snippet:-1, max-image-preview:large, max-video-preview:-1\" \/>\n<link rel=\"canonical\" href=\"https:\/\/air-fryer-ninja.fr\/hu\/legsuto-francia-piritos-recept\/\" \/>\n<meta property=\"og:locale\" content=\"hu_HU\" \/>\n<meta property=\"og:type\" content=\"article\" \/>\n<meta property=\"og:title\" content=\"Recette Pain Perdu au Air Fryer - Air fryer ninja Recettes\" \/>\n<meta property=\"og:description\" content=\"D\u00e9couvrez la recette du d\u00e9licieux pain perdu au Air Fryer Le pain perdu est un classique qui nous rappelle notre enfance, et aujourd&rsquo;hui, nous allons vous pr\u00e9senter une nouvelle fa\u00e7on de pr\u00e9parer ce plat : avec l&rsquo;Air Fryer. La friteuse \u00e0 air permet de cuisiner rapidement et sainement gr\u00e2ce \u00e0 sa technologie avanc\u00e9e. Dans cet [&hellip;]\" \/>\n<meta property=\"og:url\" content=\"https:\/\/air-fryer-ninja.fr\/hu\/legsuto-francia-piritos-recept\/\" \/>\n<meta property=\"og:site_name\" content=\"Air fryer ninja Recettes\" \/>\n<meta property=\"article:published_time\" content=\"2023-08-23T16:57:00+00:00\" \/>\n<meta property=\"article:modified_time\" content=\"2024-12-20T18:52:53+00:00\" \/>\n<meta property=\"og:image\" content=\"https:\/\/air-fryer-ninja.fr\/wp-content\/uploads\/2023\/08\/Pain-Perdu-au-Air-Fryer-min.jpg\" \/>\n\t<meta property=\"og:image:width\" content=\"1456\" \/>\n\t<meta property=\"og:image:height\" content=\"816\" \/>\n\t<meta property=\"og:image:type\" content=\"image\/jpeg\" \/>\n<meta name=\"author\" content=\"Stephy\" \/>\n<meta name=\"twitter:card\" content=\"summary_large_image\" \/>\n<meta name=\"twitter:label1\" content=\"Szerz\u0151:\" \/>\n\t<meta name=\"twitter:data1\" content=\"Stephy\" \/>\n\t<meta name=\"twitter:label2\" content=\"Becs\u00fclt olvas\u00e1si id\u0151\" \/>\n\t<meta name=\"twitter:data2\" content=\"4 perc\" \/>\n<!-- \/ Yoast SEO plugin. -->","yoast_head_json":{"title":"Recette Pain Perdu au Air Fryer - Air fryer ninja Recettes","robots":{"index":"index","follow":"follow","max-snippet":"max-snippet:-1","max-image-preview":"max-image-preview:large","max-video-preview":"max-video-preview:-1"},"canonical":"https:\/\/air-fryer-ninja.fr\/hu\/legsuto-francia-piritos-recept\/","og_locale":"hu_HU","og_type":"article","og_title":"Recette Pain Perdu au Air Fryer - Air fryer ninja Recettes","og_description":"D\u00e9couvrez la recette du d\u00e9licieux pain perdu au Air Fryer Le pain perdu est un classique qui nous rappelle notre enfance, et aujourd&rsquo;hui, nous allons vous pr\u00e9senter une nouvelle fa\u00e7on de pr\u00e9parer ce plat : avec l&rsquo;Air Fryer. La friteuse \u00e0 air permet de cuisiner rapidement et sainement gr\u00e2ce \u00e0 sa technologie avanc\u00e9e. Dans cet [&hellip;]","og_url":"https:\/\/air-fryer-ninja.fr\/hu\/legsuto-francia-piritos-recept\/","og_site_name":"Air fryer ninja Recettes","article_published_time":"2023-08-23T16:57:00+00:00","article_modified_time":"2024-12-20T18:52:53+00:00","og_image":[{"width":1456,"height":816,"url":"https:\/\/air-fryer-ninja.fr\/wp-content\/uploads\/2023\/08\/Pain-Perdu-au-Air-Fryer-min.jpg","type":"image\/jpeg"}],"author":"Stephy","twitter_card":"summary_large_image","twitter_misc":{"Szerz\u0151:":"Stephy","Becs\u00fclt olvas\u00e1si id\u0151":"4 perc"},"schema":{"@context":"https:\/\/schema.org","@graph":[{"@type":"Article","@id":"https:\/\/air-fryer-ninja.fr\/recette-pain-perdu-au-air-fryer\/#article","isPartOf":{"@id":"https:\/\/air-fryer-ninja.fr\/recette-pain-perdu-au-air-fryer\/"},"author":{"name":"Stephy","@id":"https:\/\/air-fryer-ninja.fr\/#\/schema\/person\/31ca83cb1c8812323af9097575aa686b"},"headline":"Recette Pain Perdu au Air Fryer","datePublished":"2023-08-23T16:57:00+00:00","dateModified":"2024-12-20T18:52:53+00:00","mainEntityOfPage":{"@id":"https:\/\/air-fryer-ninja.fr\/recette-pain-perdu-au-air-fryer\/"},"wordCount":677,"commentCount":0,"publisher":{"@id":"https:\/\/air-fryer-ninja.fr\/#organization"},"image":{"@id":"https:\/\/air-fryer-ninja.fr\/recette-pain-perdu-au-air-fryer\/#primaryimage"},"thumbnailUrl":"https:\/\/air-fryer-ninja.fr\/wp-content\/uploads\/2023\/08\/Pain-Perdu-au-Air-Fryer-min.jpg","articleSection":["Astuce"],"inLanguage":"hu","potentialAction":[{"@type":"CommentAction","name":"Comment","target":["https:\/\/air-fryer-ninja.fr\/recette-pain-perdu-au-air-fryer\/#respond"]}]},{"@type":"WebPage","@id":"https:\/\/air-fryer-ninja.fr\/recette-pain-perdu-au-air-fryer\/","url":"https:\/\/air-fryer-ninja.fr\/recette-pain-perdu-au-air-fryer\/","name":"Recette Pain Perdu au Air Fryer - Air fryer ninja Recettes","isPartOf":{"@id":"https:\/\/air-fryer-ninja.fr\/#website"},"primaryImageOfPage":{"@id":"https:\/\/air-fryer-ninja.fr\/recette-pain-perdu-au-air-fryer\/#primaryimage"},"image":{"@id":"https:\/\/air-fryer-ninja.fr\/recette-pain-perdu-au-air-fryer\/#primaryimage"},"thumbnailUrl":"https:\/\/air-fryer-ninja.fr\/wp-content\/uploads\/2023\/08\/Pain-Perdu-au-Air-Fryer-min.jpg","datePublished":"2023-08-23T16:57:00+00:00","dateModified":"2024-12-20T18:52:53+00:00","breadcrumb":{"@id":"https:\/\/air-fryer-ninja.fr\/recette-pain-perdu-au-air-fryer\/#breadcrumb"},"inLanguage":"hu","potentialAction":[{"@type":"ReadAction","target":["https:\/\/air-fryer-ninja.fr\/recette-pain-perdu-au-air-fryer\/"]}]},{"@type":"ImageObject","inLanguage":"hu","@id":"https:\/\/air-fryer-ninja.fr\/recette-pain-perdu-au-air-fryer\/#primaryimage","url":"https:\/\/air-fryer-ninja.fr\/wp-content\/uploads\/2023\/08\/Pain-Perdu-au-Air-Fryer-min.jpg","contentUrl":"https:\/\/air-fryer-ninja.fr\/wp-content\/uploads\/2023\/08\/Pain-Perdu-au-Air-Fryer-min.jpg","width":1456,"height":816},{"@type":"BreadcrumbList","@id":"https:\/\/air-fryer-ninja.fr\/recette-pain-perdu-au-air-fryer\/#breadcrumb","itemListElement":[{"@type":"ListItem","position":1,"name":"Recette Air Fryer","item":"https:\/\/air-fryer-ninja.fr\/"},{"@type":"ListItem","position":2,"name":"Recette Pain Perdu au Air Fryer"}]},{"@type":"WebSite","@id":"https:\/\/air-fryer-ninja.fr\/#website","url":"https:\/\/air-fryer-ninja.fr\/","name":"L\u00e9gs\u00fct\u0151 ninja","description":"L\u00e9gs\u00fct\u0151 ninja recept blog","publisher":{"@id":"https:\/\/air-fryer-ninja.fr\/#organization"},"potentialAction":[{"@type":"SearchAction","target":{"@type":"EntryPoint","urlTemplate":"https:\/\/air-fryer-ninja.fr\/?s={search_term_string}"},"query-input":{"@type":"PropertyValueSpecification","valueRequired":true,"valueName":"search_term_string"}}],"inLanguage":"hu"},{"@type":"Organization","@id":"https:\/\/air-fryer-ninja.fr\/#organization","name":"L\u00e9gs\u00fct\u0151 ninja","url":"https:\/\/air-fryer-ninja.fr\/","logo":{"@type":"ImageObject","inLanguage":"hu","@id":"https:\/\/air-fryer-ninja.fr\/#\/schema\/logo\/image\/","url":"https:\/\/air-fryer-ninja.fr\/wp-content\/uploads\/2022\/09\/air-fryer-ninja.png","contentUrl":"https:\/\/air-fryer-ninja.fr\/wp-content\/uploads\/2022\/09\/air-fryer-ninja.png","width":500,"height":90,"caption":"Air fryer ninja"},"image":{"@id":"https:\/\/air-fryer-ninja.fr\/#\/schema\/logo\/image\/"}},{"@type":"Person","@id":"https:\/\/air-fryer-ninja.fr\/#\/schema\/person\/31ca83cb1c8812323af9097575aa686b","name":"Stephy","image":{"@type":"ImageObject","inLanguage":"hu","@id":"https:\/\/air-fryer-ninja.fr\/wp-content\/uploads\/2024\/11\/cropped-Untitled-design-2024-11-04T123927.617-96x96.jpg","url":"https:\/\/air-fryer-ninja.fr\/wp-content\/uploads\/2024\/11\/cropped-Untitled-design-2024-11-04T123927.617-96x96.jpg","contentUrl":"https:\/\/air-fryer-ninja.fr\/wp-content\/uploads\/2024\/11\/cropped-Untitled-design-2024-11-04T123927.617-96x96.jpg","caption":"Stephy"},"description":"Stephy vagyok, egy h\u00e1ziasszony, akinek szenved\u00e9lye a f\u0151z\u00e9s! Ami\u00f3ta felfedeztem a l\u00e9gfrit\u0151g\u00e9pet, az\u00f3ta ide\u00e1lis t\u00e1rsam az \u00edzletes, k\u00f6nnyen elk\u00e9sz\u00edthet\u0151 receptek elk\u00e9sz\u00edt\u00e9s\u00e9hez. Szeretek k\u00eds\u00e9rletezni \u00e9s olyan \u00e9teleket kital\u00e1lni, amelyek meglepik \u00e9s meg\u00f6rvendeztetik a csal\u00e1domat. Itt megosztom a legjobb tippjeimet \u00e9s kedvenc receptjeimet, hogy \u00d6n is \u00e9lvezhesse az otthoni f\u0151z\u00e9s \u00f6r\u00f6meit an\u00e9lk\u00fcl, hogy \u00f3r\u00e1kat t\u00f6ltene a t\u0171zhely m\u00f6g\u00f6tt. A c\u00e9lom? Megmutatni, hogy egy kis kreativit\u00e1ssal a l\u00e9gs\u00fct\u0151 minden \u00e9telt igazi \u00e9lm\u00e9nny\u00e9 var\u00e1zsolhat!","sameAs":["https:\/\/air-fryer-ninja.fr"],"url":"https:\/\/air-fryer-ninja.fr\/hu\/author\/a1rdy\/"}]}},"_links":{"self":[{"href":"https:\/\/air-fryer-ninja.fr\/hu\/wp-json\/wp\/v2\/posts\/1334","targetHints":{"allow":["GET"]}}],"collection":[{"href":"https:\/\/air-fryer-ninja.fr\/hu\/wp-json\/wp\/v2\/posts"}],"about":[{"href":"https:\/\/air-fryer-ninja.fr\/hu\/wp-json\/wp\/v2\/types\/post"}],"author":[{"embeddable":true,"href":"https:\/\/air-fryer-ninja.fr\/hu\/wp-json\/wp\/v2\/users\/1"}],"replies":[{"embeddable":true,"href":"https:\/\/air-fryer-ninja.fr\/hu\/wp-json\/wp\/v2\/comments?post=1334"}],"version-history":[{"count":1,"href":"https:\/\/air-fryer-ninja.fr\/hu\/wp-json\/wp\/v2\/posts\/1334\/revisions"}],"predecessor-version":[{"id":2884,"href":"https:\/\/air-fryer-ninja.fr\/hu\/wp-json\/wp\/v2\/posts\/1334\/revisions\/2884"}],"wp:featuredmedia":[{"embeddable":true,"href":"https:\/\/air-fryer-ninja.fr\/hu\/wp-json\/wp\/v2\/media\/2883"}],"wp:attachment":[{"href":"https:\/\/air-fryer-ninja.fr\/hu\/wp-json\/wp\/v2\/media?parent=1334"}],"wp:term":[{"taxonomy":"category","embeddable":true,"href":"https:\/\/air-fryer-ninja.fr\/hu\/wp-json\/wp\/v2\/categories?post=1334"},{"taxonomy":"post_tag","embeddable":true,"href":"https:\/\/air-fryer-ninja.fr\/hu\/wp-json\/wp\/v2\/tags?post=1334"}],"curies":[{"name":"wp","href":"https:\/\/api.w.org\/{rel}","templated":true}]}}