{"id":1325,"date":"2023-08-29T16:57:00","date_gmt":"2023-08-29T16:57:00","guid":{"rendered":"https:\/\/air-fryer-ninja.fr\/?p=1325"},"modified":"2024-12-21T16:11:46","modified_gmt":"2024-12-21T16:11:46","slug":"recept-a-legkevereses-quiche-hez","status":"publish","type":"post","link":"https:\/\/air-fryer-ninja.fr\/hu\/recept-a-legkevereses-quiche-hez\/","title":{"rendered":"Recept Air Fryer Quiche"},"content":{"rendered":"<h2><span style=\"vertical-align: inherit;\"><span style=\"vertical-align: inherit;\">A k\u00f6telez\u0151 Air Fryer quiche receptje<\/span><\/span><\/h2>\n<p><span style=\"vertical-align: inherit;\"><span style=\"vertical-align: inherit;\">Az olyan innovat\u00edv konyhai eszk\u00f6z\u00f6k, mint a l\u00e9gs\u00fct\u0151, megjelen\u00e9s\u00e9vel most m\u00e1r lehets\u00e9ges, hogy pillanatok alatt sz\u00e1mos \u00edzletes \u00e9s eg\u00e9szs\u00e9ges \u00e9telt k\u00e9sz\u00edts\u00fcnk. <\/span><span style=\"vertical-align: inherit;\">Ezek k\u00f6z\u00fcl az \u00edzletes k\u00e9sz\u00edtm\u00e9nyek k\u00f6z\u00fcl a l\u00e9gfrit\u0151zben k\u00e9sz\u00fclt quiche ide\u00e1lis v\u00e1laszt\u00e1s egy gyors \u00e9s kiegyens\u00falyozott \u00e9telhez. <\/span><span style=\"vertical-align: inherit;\">Ebben a cikkben megmutatjuk az \u00f6sszes l\u00e9p\u00e9st, hogy a l\u00e9gs\u00fct\u0151ben k\u00e9sz\u00edtett quiche sikeres legyen.<\/span><\/span><\/p>\n<h2><span style=\"vertical-align: inherit;\"><span style=\"vertical-align: inherit;\">A sikeres quiche elk\u00e9sz\u00edt\u00e9s\u00e9hez sz\u00fcks\u00e9ges \u00f6sszetev\u0151k<\/span><\/span><\/h2>\n<p><span style=\"vertical-align: inherit;\"><span style=\"vertical-align: inherit;\">A finom Air Fryer quiche elk\u00e9sz\u00edt\u00e9s\u00e9hez a k\u00f6vetkez\u0151 \u00f6sszetev\u0151kre lesz sz\u00fcks\u00e9ge:<\/span><\/span><\/p>\n<ul>\n<li><strong><span style=\"vertical-align: inherit;\"><span style=\"vertical-align: inherit;\">1 r\u00f6vid vagy leveles t\u00e9szta<\/span><\/span><\/strong><span style=\"vertical-align: inherit;\"><span style=\"vertical-align: inherit;\"> Kedvtel\u00e9seit\u0151l f\u00fcgg\u0151en v\u00e1laszthat r\u00f6vid vagy leveles t\u00e9szt\u00e1t. <\/span><span style=\"vertical-align: inherit;\">Ha siet, ne habozzon k\u00e9sz kereskedelmi t\u00e9szt\u00e1t haszn\u00e1lni. <\/span><span style=\"vertical-align: inherit;\">Egy\u00e9bk\u00e9nt elk\u00e9sz\u00edtheti saj\u00e1t maga lisztb\u0151l, vajb\u00f3l, v\u00edzb\u0151l \u00e9s egy csipetnyi s\u00f3b\u00f3l.<\/span><\/span><\/li>\n<li><strong><span style=\"vertical-align: inherit;\"><span style=\"vertical-align: inherit;\">4 toj\u00e1s<\/span><\/span><\/strong><span style=\"vertical-align: inherit;\"><span style=\"vertical-align: inherit;\"> Ez lesz a quiche-kever\u00e9k alapja, \u00e9s kr\u00e9mes \u00e9s kenhetetlen text\u00far\u00e1t k\u00f6lcs\u00f6n\u00f6z az \u00e9telnek.<\/span><\/span><\/li>\n<li><strong><span style=\"vertical-align: inherit;\"><span style=\"vertical-align: inherit;\">20 cl friss tejsz\u00edn<\/span><\/span><\/strong><span style=\"vertical-align: inherit;\"><span style=\"vertical-align: inherit;\"> Ez teszi teljess\u00e9 a quiche kever\u00e9ket, \u00e9s t\u00f6k\u00e9letes \u00e1llagot ad a k\u00e9sz\u00edtm\u00e9nynek.<\/span><\/span><\/li>\n<li><strong><span style=\"vertical-align: inherit;\"><span style=\"vertical-align: inherit;\">200 g szalonna, sonka vagy lazac<\/span><\/span><\/strong><span style=\"vertical-align: inherit;\"><span style=\"vertical-align: inherit;\"> \u00cdzl\u00e9st\u0151l f\u00fcgg\u0151en v\u00e1laszthatsz szalonn\u00e1t, sonk\u00e1t vagy lazacot a quiche d\u00edsz\u00edt\u00e9s\u00e9hez. <\/span><span style=\"vertical-align: inherit;\">A veget\u00e1ri\u00e1nus v\u00e1ltozathoz a h\u00fast helyettes\u00edtse szezon\u00e1lis z\u00f6lds\u00e9gekkel.<\/span><\/span><\/li>\n<li><strong><span style=\"vertical-align: inherit;\"><span style=\"vertical-align: inherit;\">100 g reszelt sajt<\/span><\/span><\/strong><span style=\"vertical-align: inherit;\"><span style=\"vertical-align: inherit;\"> Emment\u00e1li, Gruy\u00e8re vagy Comt\u00e9, a sajt kiv\u00e1laszt\u00e1sa az \u00d6n preferenci\u00e1it\u00f3l \u00e9s a t\u00f6ltel\u00e9k t\u00f6bbi r\u00e9sz\u00e9t\u0151l f\u00fcgg.<\/span><\/span><\/li>\n<li><strong><span style=\"vertical-align: inherit;\"><span style=\"vertical-align: inherit;\">S\u00f3, bors \u00e9s szerecsendi\u00f3<\/span><\/span><\/strong><span style=\"vertical-align: inherit;\"><span style=\"vertical-align: inherit;\"> Ezek a f\u0171szerek t\u00f6k\u00e9letesen f\u0171szerezik a quiche-t.<\/span><\/span><\/li>\n<li><strong><span style=\"vertical-align: inherit;\"><span style=\"vertical-align: inherit;\">Citroml\u00e9<\/span><\/span><\/strong><span style=\"vertical-align: inherit;\"><span style=\"vertical-align: inherit;\"> Ha lazacos t\u00f6ltel\u00e9k mellett d\u00f6nt, ne habozzon egy kis citroml\u00e9vel fokozni az \u00edz\u00e9t.<\/span><\/span><\/li>\n<\/ul>\n<h2><span style=\"vertical-align: inherit;\"><span style=\"vertical-align: inherit;\">Quiche k\u00e9sz\u00edt\u00e9se a l\u00e9gs\u00fct\u0151ben<\/span><\/span><\/h2>\n<p><span style=\"vertical-align: inherit;\"><span style=\"vertical-align: inherit;\">Most, hogy minden sz\u00fcks\u00e9ges hozz\u00e1val\u00f3 megvan, itt vannak a k\u00fcl\u00f6nb\u00f6z\u0151 l\u00e9p\u00e9sek, hogy a l\u00e9gs\u00fct\u0151 quiche:<\/span><\/span><\/p>\n<h3><span style=\"vertical-align: inherit;\"><span style=\"vertical-align: inherit;\">1. Meleg\u00edtse el\u0151 a l\u00e9gs\u00fct\u0151t<\/span><\/span><\/h3>\n<p><span style=\"vertical-align: inherit;\"><span style=\"vertical-align: inherit;\">El\u0151sz\u00f6r is, elengedhetetlen, hogy el\u0151meleg\u00edtse a l\u00e9gfrit\u0151z\u00e9t, hogy a quiche egyenletesen s\u00fclj\u00f6n meg. <\/span><span style=\"vertical-align: inherit;\">\u00c1ll\u00edtsa be a h\u0151m\u00e9rs\u00e9kletet <\/span><\/span><strong><span style=\"vertical-align: inherit;\"><span style=\"vertical-align: inherit;\">180\u00b0C (350\u00b0F)<\/span><\/span><\/strong><span style=\"vertical-align: inherit;\"><span style=\"vertical-align: inherit;\"> \u00e9s meleg\u00edts\u00fck k\u00f6r\u00fclbel\u00fcl <\/span><\/span><strong><span style=\"vertical-align: inherit;\"><span style=\"vertical-align: inherit;\">5 perc<\/span><\/span><\/strong><span style=\"vertical-align: inherit;\"><span style=\"vertical-align: inherit;\"> .<\/span><\/span><\/p>\n<h3><span style=\"vertical-align: inherit;\"><span style=\"vertical-align: inherit;\">2. K\u00e9sz\u00edts\u00fck el a t\u00e9szt\u00e1t<\/span><\/span><\/h3>\n<p><span style=\"vertical-align: inherit;\"><span style=\"vertical-align: inherit;\">Am\u00edg a l\u00e9gfrit\u0151z melegszik, lisztezett munkafel\u00fcleten tekerje ki a leveles t\u00e9szt\u00e1t vagy leveles t\u00e9szt\u00e1t. <\/span><span style=\"vertical-align: inherit;\">Egy sodr\u00f3fa seg\u00edts\u00e9g\u00e9vel tekerj\u00fck ki a t\u00e9szt\u00e1t kb. <\/span><\/span><strong><span style=\"vertical-align: inherit;\"><span style=\"vertical-align: inherit;\">3mm<\/span><\/span><\/strong><span style=\"vertical-align: inherit;\"><span style=\"vertical-align: inherit;\"> . <\/span><span style=\"vertical-align: inherit;\">Ezut\u00e1n \u00f3vatosan helyezze egy, a l\u00e9gs\u00fct\u0151vel kompatibilis quiche-form\u00e1ba, \u00e9s nyomkodja meg a sz\u00e9leket, hogy j\u00f3l tapadjon.<\/span><\/span><\/p>\n<h3><span style=\"vertical-align: inherit;\"><span style=\"vertical-align: inherit;\">3. K\u00e9sz\u00edtse el a t\u00f6ltel\u00e9ket<\/span><\/span><\/h3>\n<p><span style=\"vertical-align: inherit;\"><span style=\"vertical-align: inherit;\">V\u00e1gja apr\u00f3 darabokra az \u00d6n \u00e1ltal v\u00e1lasztott hozz\u00e1val\u00f3kat (szalonna, sonka, lazac vagy z\u00f6lds\u00e9g). <\/span><span style=\"vertical-align: inherit;\">Egy forr\u00f3 serpeny\u0151ben pir\u00edtsa a szalonn\u00e1t vagy a sonk\u00e1t n\u00e9h\u00e1ny percig, am\u00edg enyh\u00e9n megbarnul. <\/span><span style=\"vertical-align: inherit;\">Ha lazacot haszn\u00e1lunk, egyszer\u0171en megsz\u00f3rjuk egy kis <\/span><\/span><strong><span style=\"vertical-align: inherit;\"><span style=\"vertical-align: inherit;\">citroml\u00e9<\/span><\/span><\/strong><span style=\"vertical-align: inherit;\"><span style=\"vertical-align: inherit;\"> \u00e9s tegye f\u00e9lre.<\/span><\/span><\/p>\n<h3><span style=\"vertical-align: inherit;\"><span style=\"vertical-align: inherit;\">4. K\u00e9sz\u00edtse el a quiche k\u00e9sz\u00edt\u0151<\/span><\/span><\/h3>\n<p><span style=\"vertical-align: inherit;\"><span style=\"vertical-align: inherit;\">Egy t\u00e1lban verj\u00fck fel a toj\u00e1sokat r\u00e1ntott\u00e1ra a friss tejsz\u00ednnel. <\/span><span style=\"vertical-align: inherit;\">Szezon <\/span><\/span><strong><span style=\"vertical-align: inherit;\"><span style=\"vertical-align: inherit;\">s\u00f3, bors<\/span><\/span><\/strong><span style=\"vertical-align: inherit;\"><span style=\"vertical-align: inherit;\"> \u00e9s egy csipetnyi <\/span><\/span><strong><span style=\"vertical-align: inherit;\"><span style=\"vertical-align: inherit;\">szerecsendi\u00f3<\/span><\/span><\/strong><span style=\"vertical-align: inherit;\"><span style=\"vertical-align: inherit;\"> . <\/span><span style=\"vertical-align: inherit;\">Ezut\u00e1n adjuk hozz\u00e1 a reszelt sajtot, \u00e9s keverj\u00fck j\u00f3l \u00f6ssze.<\/span><\/span><\/p>\n<h3><span style=\"vertical-align: inherit;\"><span style=\"vertical-align: inherit;\">5. \u00c1ll\u00edtsa \u00f6ssze a quiche-t<\/span><\/span><\/h3>\n<p><span style=\"vertical-align: inherit;\"><span style=\"vertical-align: inherit;\">A t\u00f6ltel\u00e9kdarabokat a t\u00e9szta alj\u00e1ra ter\u00edtj\u00fck, \u00e9s r\u00e1\u00f6ntj\u00fck a quiche-kever\u00e9ket. <\/span><span style=\"vertical-align: inherit;\">Gy\u0151z\u0151dj\u00f6n meg r\u00f3la, hogy a k\u00e9sz\u00edtm\u00e9ny j\u00f3l kiegyens\u00falyozott, \u00e9s sz\u00f3rja r\u00e1 a marad\u00e9k reszelt sajtot.<\/span><\/span><\/p>\n<h3><span style=\"vertical-align: inherit;\"><span style=\"vertical-align: inherit;\">6. A l\u00e9gfrit\u0151z Quiche f\u0151z\u00e9se<\/span><\/span><\/h3>\n<p><span style=\"vertical-align: inherit;\"><span style=\"vertical-align: inherit;\">Tegye a quiche-t a l\u00e9gfrit\u0151z kosar\u00e1ba, \u00e9s f\u0151zze meg <\/span><\/span><strong><span style=\"vertical-align: inherit;\"><span style=\"vertical-align: inherit;\">20-25 perc<\/span><\/span><\/strong><span style=\"vertical-align: inherit;\"><span style=\"vertical-align: inherit;\"> am\u00edg a t\u00e9szta aranysz\u00edn\u0171 nem lesz, \u00e9s az eszk\u00f6z meg nem szil\u00e1rdul. <\/span><span style=\"vertical-align: inherit;\">Figyelj\u00fck a s\u00fct\u00e9st, nehogy a quiche meg\u00e9gjen. <\/span><span style=\"vertical-align: inherit;\">Ha sz\u00fcks\u00e9ges, \u00e1ll\u00edtsa be a s\u00fct\u00e9si id\u0151t a k\u00e9sz\u00fcl\u00e9k teljes\u00edtm\u00e9ny\u00e9nek \u00e9s a quiche vastags\u00e1g\u00e1nak megfelel\u0151en.<\/span><\/span><\/p>\n<h2><span style=\"vertical-align: inherit;\"><span style=\"vertical-align: inherit;\">Tippek \u00e9s vari\u00e1ci\u00f3k az Air Fryer quiche szem\u00e9lyre szab\u00e1s\u00e1hoz<\/span><\/span><\/h2>\n<p><span style=\"vertical-align: inherit;\"><span style=\"vertical-align: inherit;\">A quiche egy nagyon sokoldal\u00fa \u00e9tel, amely sz\u00e1mos vari\u00e1ci\u00f3ra \u00e9s testreszab\u00e1sra alkalmas. <\/span><span style=\"vertical-align: inherit;\">\u00cdme n\u00e9h\u00e1ny \u00f6tlet az \u00e9lvezetek vari\u00e1l\u00e1s\u00e1ra:<\/span><\/span><\/p>\n<ul>\n<li><strong><span style=\"vertical-align: inherit;\"><span style=\"vertical-align: inherit;\">Z\u00f6lds\u00e9ges quiche<\/span><\/span><\/strong><span style=\"vertical-align: inherit;\"><span style=\"vertical-align: inherit;\"> A szalonnadarabokat vagy sonk\u00e1t cser\u00e9lje ki serpeny\u0151ben s\u00fclt id\u00e9nyz\u00f6lds\u00e9gekre (cukkini, paradicsom, spen\u00f3t, hagyma stb.). <\/span><span style=\"vertical-align: inherit;\">Friss kecskesajtot is adhat hozz\u00e1, hogy m\u00e9g \u00ednyencebb legyen.<\/span><\/span><\/li>\n<li><strong><span style=\"vertical-align: inherit;\"><span style=\"vertical-align: inherit;\">Quiche t\u00e9szta n\u00e9lk\u00fcl<\/span><\/span><\/strong><span style=\"vertical-align: inherit;\"><span style=\"vertical-align: inherit;\"> A k\u00f6nny\u0171 \u00e9s glut\u00e9nmentes v\u00e1ltozathoz t\u00e9szta n\u00e9lk\u00fcl is k\u00e9sz\u00edthet\u00fcnk quiche-t, ha a quiche kever\u00e9ket k\u00f6zvetlen\u00fcl egy s\u00fct\u0151pap\u00edrral bor\u00edtott form\u00e1ba \u00f6ntj\u00fck.<\/span><\/span><\/li>\n<li><strong><span style=\"vertical-align: inherit;\"><span style=\"vertical-align: inherit;\">Mini quiches<\/span><\/span><\/strong><span style=\"vertical-align: inherit;\"><span style=\"vertical-align: inherit;\"> Aperitifk\u00e9nt vagy \u00fatk\u00f6zbeni \u00e9tkez\u00e9shez muffinform\u00e1k seg\u00edts\u00e9g\u00e9vel \u00e9s a s\u00fct\u00e9si id\u0151 be\u00e1ll\u00edt\u00e1s\u00e1val (kb. 12-15 perc) mini-kifliket k\u00e9sz\u00edthet.<\/span><\/span><\/li>\n<\/ul>\n<p><span style=\"vertical-align: inherit;\"><span style=\"vertical-align: inherit;\">Ha k\u00f6veti ezeket a tippeket \u00e9s tr\u00fckk\u00f6ket, \u00edzletes, eg\u00e9szs\u00e9ges \u00e9s k\u00e9nyeztet\u0151 Air Fryer quiche-t k\u00e9sz\u00edthet. <\/span><span style=\"vertical-align: inherit;\">Nyugodtan engedje szabadj\u00e1ra a fant\u00e1zi\u00e1j\u00e1t, hogy megalkossa saj\u00e1t Air Fryer quiche receptjeit.<\/span><\/span><\/p>","protected":false},"excerpt":{"rendered":"<p>The must-have Air Fryer quiche recipe With the arrival of innovative kitchen appliances like the Air Fryer, it is now possible to make a variety of delicious and healthy meals in no time. Among these tasty preparations, the Air Fryer quiche is an ideal choice for a quick and balanced meal. In this article, we [&hellip;]<\/p>","protected":false},"author":1,"featured_media":2914,"comment_status":"open","ping_status":"open","sticky":false,"template":"","format":"standard","meta":{"wprm-recipe-roundup-name":"","wprm-recipe-roundup-description":"","footnotes":""},"categories":[31],"tags":[],"class_list":["post-1325","post","type-post","status-publish","format-standard","has-post-thumbnail","hentry","category-dessert"],"yoast_head":"<!-- This site is optimized with the Yoast SEO plugin v27.5 - https:\/\/yoast.com\/product\/yoast-seo-wordpress\/ -->\n<title>Recette Quiche au Air Fryer - Air fryer ninja Recettes<\/title>\n<meta name=\"robots\" content=\"index, follow, max-snippet:-1, max-image-preview:large, max-video-preview:-1\" \/>\n<link rel=\"canonical\" href=\"https:\/\/air-fryer-ninja.fr\/hu\/recept-a-legkevereses-quiche-hez\/\" \/>\n<meta property=\"og:locale\" content=\"hu_HU\" \/>\n<meta property=\"og:type\" content=\"article\" \/>\n<meta property=\"og:title\" content=\"Recette Quiche au Air Fryer - Air fryer ninja Recettes\" \/>\n<meta property=\"og:description\" content=\"The must-have Air Fryer quiche recipe With the arrival of innovative kitchen appliances like the Air Fryer, it is now possible to make a variety of delicious and healthy meals in no time. Among these tasty preparations, the Air Fryer quiche is an ideal choice for a quick and balanced meal. In this article, we [&hellip;]\" \/>\n<meta property=\"og:url\" content=\"https:\/\/air-fryer-ninja.fr\/hu\/recept-a-legkevereses-quiche-hez\/\" \/>\n<meta property=\"og:site_name\" content=\"Air fryer ninja Recettes\" \/>\n<meta property=\"article:published_time\" content=\"2023-08-29T16:57:00+00:00\" \/>\n<meta property=\"article:modified_time\" content=\"2024-12-21T16:11:46+00:00\" \/>\n<meta property=\"og:image\" content=\"https:\/\/air-fryer-ninja.fr\/wp-content\/uploads\/2023\/08\/Quiche-au-Air-Fryer-min.jpg\" \/>\n\t<meta property=\"og:image:width\" content=\"1456\" \/>\n\t<meta property=\"og:image:height\" content=\"816\" \/>\n\t<meta property=\"og:image:type\" content=\"image\/jpeg\" \/>\n<meta name=\"author\" content=\"Stephy\" \/>\n<meta name=\"twitter:card\" content=\"summary_large_image\" \/>\n<meta name=\"twitter:label1\" content=\"Szerz\u0151:\" \/>\n\t<meta name=\"twitter:data1\" content=\"Stephy\" \/>\n\t<meta name=\"twitter:label2\" content=\"Becs\u00fclt olvas\u00e1si id\u0151\" \/>\n\t<meta name=\"twitter:data2\" content=\"4 perc\" \/>\n<!-- \/ Yoast SEO plugin. -->","yoast_head_json":{"title":"Recette Quiche au Air Fryer - Air fryer ninja Recettes","robots":{"index":"index","follow":"follow","max-snippet":"max-snippet:-1","max-image-preview":"max-image-preview:large","max-video-preview":"max-video-preview:-1"},"canonical":"https:\/\/air-fryer-ninja.fr\/hu\/recept-a-legkevereses-quiche-hez\/","og_locale":"hu_HU","og_type":"article","og_title":"Recette Quiche au Air Fryer - Air fryer ninja Recettes","og_description":"The must-have Air Fryer quiche recipe With the arrival of innovative kitchen appliances like the Air Fryer, it is now possible to make a variety of delicious and healthy meals in no time. Among these tasty preparations, the Air Fryer quiche is an ideal choice for a quick and balanced meal. In this article, we [&hellip;]","og_url":"https:\/\/air-fryer-ninja.fr\/hu\/recept-a-legkevereses-quiche-hez\/","og_site_name":"Air fryer ninja Recettes","article_published_time":"2023-08-29T16:57:00+00:00","article_modified_time":"2024-12-21T16:11:46+00:00","og_image":[{"width":1456,"height":816,"url":"https:\/\/air-fryer-ninja.fr\/wp-content\/uploads\/2023\/08\/Quiche-au-Air-Fryer-min.jpg","type":"image\/jpeg"}],"author":"Stephy","twitter_card":"summary_large_image","twitter_misc":{"Szerz\u0151:":"Stephy","Becs\u00fclt olvas\u00e1si id\u0151":"4 perc"},"schema":{"@context":"https:\/\/schema.org","@graph":[{"@type":"Article","@id":"https:\/\/air-fryer-ninja.fr\/recette-quiche-au-air-fryer\/#article","isPartOf":{"@id":"https:\/\/air-fryer-ninja.fr\/recette-quiche-au-air-fryer\/"},"author":{"name":"Stephy","@id":"https:\/\/air-fryer-ninja.fr\/#\/schema\/person\/31ca83cb1c8812323af9097575aa686b"},"headline":"Recette Quiche au Air Fryer","datePublished":"2023-08-29T16:57:00+00:00","dateModified":"2024-12-21T16:11:46+00:00","mainEntityOfPage":{"@id":"https:\/\/air-fryer-ninja.fr\/recette-quiche-au-air-fryer\/"},"wordCount":712,"commentCount":0,"publisher":{"@id":"https:\/\/air-fryer-ninja.fr\/#organization"},"image":{"@id":"https:\/\/air-fryer-ninja.fr\/recette-quiche-au-air-fryer\/#primaryimage"},"thumbnailUrl":"https:\/\/air-fryer-ninja.fr\/wp-content\/uploads\/2023\/08\/Quiche-au-Air-Fryer-min.jpg","articleSection":["Dessert"],"inLanguage":"hu","potentialAction":[{"@type":"CommentAction","name":"Comment","target":["https:\/\/air-fryer-ninja.fr\/recette-quiche-au-air-fryer\/#respond"]}]},{"@type":"WebPage","@id":"https:\/\/air-fryer-ninja.fr\/recette-quiche-au-air-fryer\/","url":"https:\/\/air-fryer-ninja.fr\/recette-quiche-au-air-fryer\/","name":"Recette Quiche au Air Fryer - Air fryer ninja Recettes","isPartOf":{"@id":"https:\/\/air-fryer-ninja.fr\/#website"},"primaryImageOfPage":{"@id":"https:\/\/air-fryer-ninja.fr\/recette-quiche-au-air-fryer\/#primaryimage"},"image":{"@id":"https:\/\/air-fryer-ninja.fr\/recette-quiche-au-air-fryer\/#primaryimage"},"thumbnailUrl":"https:\/\/air-fryer-ninja.fr\/wp-content\/uploads\/2023\/08\/Quiche-au-Air-Fryer-min.jpg","datePublished":"2023-08-29T16:57:00+00:00","dateModified":"2024-12-21T16:11:46+00:00","breadcrumb":{"@id":"https:\/\/air-fryer-ninja.fr\/recette-quiche-au-air-fryer\/#breadcrumb"},"inLanguage":"hu","potentialAction":[{"@type":"ReadAction","target":["https:\/\/air-fryer-ninja.fr\/recette-quiche-au-air-fryer\/"]}]},{"@type":"ImageObject","inLanguage":"hu","@id":"https:\/\/air-fryer-ninja.fr\/recette-quiche-au-air-fryer\/#primaryimage","url":"https:\/\/air-fryer-ninja.fr\/wp-content\/uploads\/2023\/08\/Quiche-au-Air-Fryer-min.jpg","contentUrl":"https:\/\/air-fryer-ninja.fr\/wp-content\/uploads\/2023\/08\/Quiche-au-Air-Fryer-min.jpg","width":1456,"height":816},{"@type":"BreadcrumbList","@id":"https:\/\/air-fryer-ninja.fr\/recette-quiche-au-air-fryer\/#breadcrumb","itemListElement":[{"@type":"ListItem","position":1,"name":"Recette Air Fryer","item":"https:\/\/air-fryer-ninja.fr\/"},{"@type":"ListItem","position":2,"name":"Recette Quiche au Air Fryer"}]},{"@type":"WebSite","@id":"https:\/\/air-fryer-ninja.fr\/#website","url":"https:\/\/air-fryer-ninja.fr\/","name":"L\u00e9gs\u00fct\u0151 ninja","description":"L\u00e9gs\u00fct\u0151 ninja recept blog","publisher":{"@id":"https:\/\/air-fryer-ninja.fr\/#organization"},"potentialAction":[{"@type":"SearchAction","target":{"@type":"EntryPoint","urlTemplate":"https:\/\/air-fryer-ninja.fr\/?s={search_term_string}"},"query-input":{"@type":"PropertyValueSpecification","valueRequired":true,"valueName":"search_term_string"}}],"inLanguage":"hu"},{"@type":"Organization","@id":"https:\/\/air-fryer-ninja.fr\/#organization","name":"L\u00e9gs\u00fct\u0151 ninja","url":"https:\/\/air-fryer-ninja.fr\/","logo":{"@type":"ImageObject","inLanguage":"hu","@id":"https:\/\/air-fryer-ninja.fr\/#\/schema\/logo\/image\/","url":"https:\/\/air-fryer-ninja.fr\/wp-content\/uploads\/2022\/09\/air-fryer-ninja.png","contentUrl":"https:\/\/air-fryer-ninja.fr\/wp-content\/uploads\/2022\/09\/air-fryer-ninja.png","width":500,"height":90,"caption":"Air fryer ninja"},"image":{"@id":"https:\/\/air-fryer-ninja.fr\/#\/schema\/logo\/image\/"}},{"@type":"Person","@id":"https:\/\/air-fryer-ninja.fr\/#\/schema\/person\/31ca83cb1c8812323af9097575aa686b","name":"Stephy","image":{"@type":"ImageObject","inLanguage":"hu","@id":"https:\/\/air-fryer-ninja.fr\/wp-content\/uploads\/2024\/11\/cropped-Untitled-design-2024-11-04T123927.617-96x96.jpg","url":"https:\/\/air-fryer-ninja.fr\/wp-content\/uploads\/2024\/11\/cropped-Untitled-design-2024-11-04T123927.617-96x96.jpg","contentUrl":"https:\/\/air-fryer-ninja.fr\/wp-content\/uploads\/2024\/11\/cropped-Untitled-design-2024-11-04T123927.617-96x96.jpg","caption":"Stephy"},"description":"Stephy vagyok, egy h\u00e1ziasszony, akinek szenved\u00e9lye a f\u0151z\u00e9s! Ami\u00f3ta felfedeztem a l\u00e9gfrit\u0151g\u00e9pet, az\u00f3ta ide\u00e1lis t\u00e1rsam az \u00edzletes, k\u00f6nnyen elk\u00e9sz\u00edthet\u0151 receptek elk\u00e9sz\u00edt\u00e9s\u00e9hez. Szeretek k\u00eds\u00e9rletezni \u00e9s olyan \u00e9teleket kital\u00e1lni, amelyek meglepik \u00e9s meg\u00f6rvendeztetik a csal\u00e1domat. Itt megosztom a legjobb tippjeimet \u00e9s kedvenc receptjeimet, hogy \u00d6n is \u00e9lvezhesse az otthoni f\u0151z\u00e9s \u00f6r\u00f6meit an\u00e9lk\u00fcl, hogy \u00f3r\u00e1kat t\u00f6ltene a t\u0171zhely m\u00f6g\u00f6tt. A c\u00e9lom? Megmutatni, hogy egy kis kreativit\u00e1ssal a l\u00e9gs\u00fct\u0151 minden \u00e9telt igazi \u00e9lm\u00e9nny\u00e9 var\u00e1zsolhat!","sameAs":["https:\/\/air-fryer-ninja.fr"],"url":"https:\/\/air-fryer-ninja.fr\/hu\/author\/a1rdy\/"}]}},"_links":{"self":[{"href":"https:\/\/air-fryer-ninja.fr\/hu\/wp-json\/wp\/v2\/posts\/1325","targetHints":{"allow":["GET"]}}],"collection":[{"href":"https:\/\/air-fryer-ninja.fr\/hu\/wp-json\/wp\/v2\/posts"}],"about":[{"href":"https:\/\/air-fryer-ninja.fr\/hu\/wp-json\/wp\/v2\/types\/post"}],"author":[{"embeddable":true,"href":"https:\/\/air-fryer-ninja.fr\/hu\/wp-json\/wp\/v2\/users\/1"}],"replies":[{"embeddable":true,"href":"https:\/\/air-fryer-ninja.fr\/hu\/wp-json\/wp\/v2\/comments?post=1325"}],"version-history":[{"count":1,"href":"https:\/\/air-fryer-ninja.fr\/hu\/wp-json\/wp\/v2\/posts\/1325\/revisions"}],"predecessor-version":[{"id":2915,"href":"https:\/\/air-fryer-ninja.fr\/hu\/wp-json\/wp\/v2\/posts\/1325\/revisions\/2915"}],"wp:featuredmedia":[{"embeddable":true,"href":"https:\/\/air-fryer-ninja.fr\/hu\/wp-json\/wp\/v2\/media\/2914"}],"wp:attachment":[{"href":"https:\/\/air-fryer-ninja.fr\/hu\/wp-json\/wp\/v2\/media?parent=1325"}],"wp:term":[{"taxonomy":"category","embeddable":true,"href":"https:\/\/air-fryer-ninja.fr\/hu\/wp-json\/wp\/v2\/categories?post=1325"},{"taxonomy":"post_tag","embeddable":true,"href":"https:\/\/air-fryer-ninja.fr\/hu\/wp-json\/wp\/v2\/tags?post=1325"}],"curies":[{"name":"wp","href":"https:\/\/api.w.org\/{rel}","templated":true}]}}