{"id":1322,"date":"2023-08-17T16:57:00","date_gmt":"2023-08-17T16:57:00","guid":{"rendered":"https:\/\/air-fryer-ninja.fr\/?p=1322"},"modified":"2024-12-20T18:47:43","modified_gmt":"2024-12-20T18:47:43","slug":"recept-a-legsuto-tojastekercsekhez","status":"publish","type":"post","link":"https:\/\/air-fryer-ninja.fr\/hu\/recept-a-legsuto-tojastekercsekhez\/","title":{"rendered":"Recept Air Fryer Nems"},"content":{"rendered":"<h2>A toj\u00e1stekercsek var\u00e1zsa Air Fryerrel: ropog\u00f3s \u00e9s finom recept<\/h2>\n<p>A <strong>nems<\/strong>Ezek a kis t\u00f6lt\u00f6tt tekercsek \u00c1zsi\u00e1b\u00f3l sz\u00e1rmaznak, \u00e9s vil\u00e1gszerte rendk\u00edv\u00fcl n\u00e9pszer\u0171v\u00e9 v\u00e1ltak. Hagyom\u00e1nyosan h\u00fasos vagy z\u00f6lds\u00e9ges t\u00f6ltel\u00e9kkel k\u00e9sz\u00edtik, majd rizspog\u00e1cs\u00e1ba tekerik, \u00e9s aranysz\u00edn\u0171re \u00e9s ropog\u00f3sra s\u00fctik. Ma ennek a receptnek egy \u00faj, eg\u00e9szs\u00e9gesebb v\u00e1ltozat\u00e1t mutatjuk be, amelyben l\u00e9gs\u00fct\u0151t haszn\u00e1lunk.<\/p>\n<h2>A sz\u00fcks\u00e9ges \u00f6sszetev\u0151k<\/h2>\n<p>A recept elk\u00e9sz\u00edt\u00e9s\u00e9hez a k\u00f6vetkez\u0151 \u00f6sszetev\u0151kre lesz sz\u00fcks\u00e9ge:<\/p>\n<ul>\n<li><strong>20 rizspog\u00e1csa<\/strong><\/li>\n<li><strong>200 g sz\u00f3ja vermicelli<\/strong><\/li>\n<li><strong>50 g sz\u00e1r\u00edtott fekete gomba<\/strong><\/li>\n<li><strong>1 s\u00e1rgar\u00e9pa<\/strong><\/li>\n<li><strong>1 hagyma<\/strong><\/li>\n<li><strong>100g babcs\u00edra<\/strong><\/li>\n<li><strong>2 gerezd<em>fokhagyma<\/em><\/strong><\/li>\n<li><strong>1 darab friss gy\u00f6mb\u00e9r (kb. 1 cm)<\/strong><\/li>\n<li><strong>2 ev\u0151kan\u00e1l nuoc-m\u00e2m sz\u00f3sz (halsz\u00f3sz)<\/strong><\/li>\n<li><strong>S\u00f3 \u00e9s bors<\/strong><\/li>\n<li><strong>N\u00e9h\u00e1ny sz\u00e1l koriander<\/strong><\/li>\n<li><strong>1 ev\u0151kan\u00e1l semleges olaj (napraforg\u00f3- vagy mogyor\u00f3olaj)<\/strong><\/li>\n<\/ul>\n<h2>Toj\u00e1stekercsek k\u00e9sz\u00edt\u00e9se Air Fryerrel<\/h2>\n<h3>A t\u00f6ltel\u00e9k el\u0151k\u00e9sz\u00edt\u00e9se<\/h3>\n<p>Kezdetnek \u00e1ztassa a sz\u00f3javermicellit \u00e9s a fekete gomb\u00e1t k\u00f6r\u00fclbel\u00fcl 10 percre forr\u00f3 v\u00edzbe. K\u00f6zben h\u00e1mozza meg \u00e9s apr\u00edtsa finomra a fokhagym\u00e1t \u00e9s a gy\u00f6mb\u00e9rt. A hagym\u00e1t is apr\u00f3ra v\u00e1gjuk.<\/p>\n<p>Ha a vermicelli \u00e9s a gomba megpuhult, j\u00f3l lecsepegtetj\u00fck, \u00e9s apr\u00f3ra v\u00e1gjuk. Reszelj\u00fck le a s\u00e1rgar\u00e9p\u00e1t, \u00e9s keverj\u00fck \u00f6ssze a babcs\u00edr\u00e1val, a vermicellivel \u00e9s a gomb\u00e1val. Ezut\u00e1n adjuk hozz\u00e1 a fokhagym\u00e1t, a gy\u00f6mb\u00e9rt, a hagym\u00e1t, a nuoc-m\u00e2m sz\u00f3szt, s\u00f3t \u00e9s borsot \u00edzl\u00e9s szerint. V\u00e9g\u00fcl apr\u00edtsunk fel n\u00e9h\u00e1ny sz\u00e1l koriandert, \u00e9s adjuk hozz\u00e1 a kever\u00e9khez.<\/p>\n<h3>A toj\u00e1stekercsek tekercsel\u00e9se<\/h3>\n<p>\u00c1ztassunk be egy rizspog\u00e1cs\u00e1t egy l\u00e1bas forr\u00f3 v\u00edzbe, hogy megpuhuljon. Fektesse ki egy nedves ruh\u00e1ra, \u00e9s helyezzen a k\u00f6zep\u00e9be egy kis adag t\u00f6ltel\u00e9ket. Hajtsa befel\u00e9 az oldalait, majd tekerje fel szorosan a pog\u00e1cs\u00e1t, hogy egy nemet form\u00e1zzon. Ism\u00e9telje ezt a m\u0171veletet, am\u00edg az \u00f6sszes hozz\u00e1val\u00f3t el nem haszn\u00e1lja.<\/p>\n<h3>Air Fryer f\u0151z\u00e9s<\/h3>\n<p>Meleg\u00edtse el\u0151 a l\u00e9gs\u00fct\u0151t 180\u00b0C-ra. Kenje meg a toj\u00e1stekercseket egy kev\u00e9s semleges olajjal, majd tegye \u0151ket a kos\u00e1rba an\u00e9lk\u00fcl, hogy \u00f6ssze\u00e9rn\u00e9nek. S\u00fcsse kb. 10 percig, a s\u00fct\u00e9s fel\u00e9n\u00e9l megford\u00edtva a toj\u00e1stekercseket, am\u00edg aranybarn\u00e1ra \u00e9s ropog\u00f3sra s\u00fclnek.<\/p>\n<h2>Vari\u00e1ci\u00f3k \u00e9s k\u00eds\u00e9r\u0151 \u00f6tletek<\/h2>\n<p>Ez a recept nagyon sokoldal\u00fa, \u00e9s tetsz\u00e9s szerint \u00e1talak\u00edthat\u00f3. \u00cdme n\u00e9h\u00e1ny \u00f6tlet a toj\u00e1stekercsek szem\u00e9lyre szab\u00e1s\u00e1hoz:<\/p>\n<ul>\n<li><strong>H\u00fas hozz\u00e1ad\u00e1sa :<\/strong> A t\u00f6ltel\u00e9khez adhat dar\u00e1lt sert\u00e9sh\u00fast vagy apr\u00f3ra v\u00e1gott, h\u00e1mozott garn\u00e9lar\u00e1kot is, ha hagyom\u00e1nyosabb v\u00e1ltozatot szeretne k\u00e9sz\u00edteni.<\/li>\n<li><strong>V\u00e1ltogassa a z\u00f6lds\u00e9geket:<\/strong> A s\u00e1rgar\u00e9p\u00e1t helyettes\u00edtheti reszelt feh\u00e9r k\u00e1poszt\u00e1val, vagy adhat hozz\u00e1 kock\u00e1ra v\u00e1gott paprik\u00e1t a sz\u00ednpompa \u00e9rdek\u00e9ben.<\/li>\n<li><strong>Adjon hozz\u00e1 t\u00f6bb \u00edzt:<\/strong> Adjon hozz\u00e1 apr\u00f3ra v\u00e1gott friss citromf\u00fcvet vagy v\u00f6r\u00f6s currypaszt\u00e1t a m\u00e9g er\u0151sebb \u00edz\u00e9rt.<\/li>\n<\/ul>\n<p>A toj\u00e1stekercsek mell\u00e9 k\u00edn\u00e1lhat egy egyszer\u0171 nuoc-m\u00e2m sz\u00f3szt, amelyet kev\u00e9s v\u00edzzel, lime-l\u00e9vel \u00e9s cukorral h\u00edg\u00edtunk, vagy k\u00e9sz\u00edthet\u00fcnk h\u00e1zi \u00e9des-savany\u00fa sz\u00f3szt ketchup, rizsecet, cukor \u00e9s sz\u00f3jasz\u00f3sz felhaszn\u00e1l\u00e1s\u00e1val. Egy csipetnyi chilipaprik\u00e1t is adhat hozz\u00e1, ha szereti a cs\u00edp\u0151s \u00edzeket.<\/p>\n<p>A l\u00e9gkever\u00e9ses toj\u00e1stekercsek t\u00f6k\u00e9letesek bar\u00e1ti aperitifnek vagy el\u0151\u00e9telnek, ropog\u00f3s z\u00f6ld sal\u00e1t\u00e1val k\u00eds\u00e9rve. Biztos, hogy elnyeri vend\u00e9gei tetsz\u00e9s\u00e9t, akik \u00e9rt\u00e9kelni fogj\u00e1k a hagyom\u00e1nyos s\u00fclt toj\u00e1stekercsek eg\u00e9szs\u00e9gesebb alternat\u00edv\u00e1j\u00e1t, mik\u00f6zben meg\u0151rzi a k\u00f6zkedvelt ropog\u00f3s \u00edz\u00e9t.<\/p>","protected":false},"excerpt":{"rendered":"<p>La magie des nems au Air Fryer : une recette croustillante et d\u00e9licieuse Les nems, ces petits rouleaux farcis d&rsquo;origine asiatique, sont devenus extr\u00eamement populaires dans le monde entier. Ils sont traditionnellement pr\u00e9par\u00e9s avec une garniture \u00e0 base de viande ou de l\u00e9gumes, puis roul\u00e9s dans une galette de riz et frits jusqu&rsquo;\u00e0 ce qu&rsquo;ils [&hellip;]<\/p>","protected":false},"author":1,"featured_media":2873,"comment_status":"open","ping_status":"open","sticky":false,"template":"","format":"standard","meta":{"wprm-recipe-roundup-name":"","wprm-recipe-roundup-description":"","footnotes":""},"categories":[32],"tags":[],"class_list":["post-1322","post","type-post","status-publish","format-standard","has-post-thumbnail","hentry","category-friture"],"yoast_head":"<!-- This site is optimized with the Yoast SEO plugin v27.5 - https:\/\/yoast.com\/product\/yoast-seo-wordpress\/ -->\n<title>Recette Nems au Air Fryer - Air fryer ninja Recettes<\/title>\n<meta name=\"robots\" content=\"index, follow, max-snippet:-1, max-image-preview:large, max-video-preview:-1\" \/>\n<link rel=\"canonical\" href=\"https:\/\/air-fryer-ninja.fr\/hu\/recept-a-legsuto-tojastekercsekhez\/\" \/>\n<meta property=\"og:locale\" content=\"hu_HU\" \/>\n<meta property=\"og:type\" content=\"article\" \/>\n<meta property=\"og:title\" content=\"Recette Nems au Air Fryer - Air fryer ninja Recettes\" \/>\n<meta property=\"og:description\" content=\"La magie des nems au Air Fryer : une recette croustillante et d\u00e9licieuse Les nems, ces petits rouleaux farcis d&rsquo;origine asiatique, sont devenus extr\u00eamement populaires dans le monde entier. Ils sont traditionnellement pr\u00e9par\u00e9s avec une garniture \u00e0 base de viande ou de l\u00e9gumes, puis roul\u00e9s dans une galette de riz et frits jusqu&rsquo;\u00e0 ce qu&rsquo;ils [&hellip;]\" \/>\n<meta property=\"og:url\" content=\"https:\/\/air-fryer-ninja.fr\/hu\/recept-a-legsuto-tojastekercsekhez\/\" \/>\n<meta property=\"og:site_name\" content=\"Air fryer ninja Recettes\" \/>\n<meta property=\"article:published_time\" content=\"2023-08-17T16:57:00+00:00\" \/>\n<meta property=\"article:modified_time\" content=\"2024-12-20T18:47:43+00:00\" \/>\n<meta property=\"og:image\" content=\"https:\/\/air-fryer-ninja.fr\/wp-content\/uploads\/2023\/08\/Nems-au-Air-Fryer-min.jpg\" \/>\n\t<meta property=\"og:image:width\" content=\"1456\" \/>\n\t<meta property=\"og:image:height\" content=\"816\" \/>\n\t<meta property=\"og:image:type\" content=\"image\/jpeg\" \/>\n<meta name=\"author\" content=\"Stephy\" \/>\n<meta name=\"twitter:card\" content=\"summary_large_image\" \/>\n<meta name=\"twitter:label1\" content=\"Szerz\u0151:\" \/>\n\t<meta name=\"twitter:data1\" content=\"Stephy\" \/>\n\t<meta name=\"twitter:label2\" content=\"Becs\u00fclt olvas\u00e1si id\u0151\" \/>\n\t<meta name=\"twitter:data2\" content=\"4 perc\" \/>\n<!-- \/ Yoast SEO plugin. -->","yoast_head_json":{"title":"Recette Nems au Air Fryer - Air fryer ninja Recettes","robots":{"index":"index","follow":"follow","max-snippet":"max-snippet:-1","max-image-preview":"max-image-preview:large","max-video-preview":"max-video-preview:-1"},"canonical":"https:\/\/air-fryer-ninja.fr\/hu\/recept-a-legsuto-tojastekercsekhez\/","og_locale":"hu_HU","og_type":"article","og_title":"Recette Nems au Air Fryer - Air fryer ninja Recettes","og_description":"La magie des nems au Air Fryer : une recette croustillante et d\u00e9licieuse Les nems, ces petits rouleaux farcis d&rsquo;origine asiatique, sont devenus extr\u00eamement populaires dans le monde entier. Ils sont traditionnellement pr\u00e9par\u00e9s avec une garniture \u00e0 base de viande ou de l\u00e9gumes, puis roul\u00e9s dans une galette de riz et frits jusqu&rsquo;\u00e0 ce qu&rsquo;ils [&hellip;]","og_url":"https:\/\/air-fryer-ninja.fr\/hu\/recept-a-legsuto-tojastekercsekhez\/","og_site_name":"Air fryer ninja Recettes","article_published_time":"2023-08-17T16:57:00+00:00","article_modified_time":"2024-12-20T18:47:43+00:00","og_image":[{"width":1456,"height":816,"url":"https:\/\/air-fryer-ninja.fr\/wp-content\/uploads\/2023\/08\/Nems-au-Air-Fryer-min.jpg","type":"image\/jpeg"}],"author":"Stephy","twitter_card":"summary_large_image","twitter_misc":{"Szerz\u0151:":"Stephy","Becs\u00fclt olvas\u00e1si id\u0151":"4 perc"},"schema":{"@context":"https:\/\/schema.org","@graph":[{"@type":"Article","@id":"https:\/\/air-fryer-ninja.fr\/recette-nems-au-air-fryer\/#article","isPartOf":{"@id":"https:\/\/air-fryer-ninja.fr\/recette-nems-au-air-fryer\/"},"author":{"name":"Stephy","@id":"https:\/\/air-fryer-ninja.fr\/#\/schema\/person\/31ca83cb1c8812323af9097575aa686b"},"headline":"Recette Nems au Air Fryer","datePublished":"2023-08-17T16:57:00+00:00","dateModified":"2024-12-20T18:47:43+00:00","mainEntityOfPage":{"@id":"https:\/\/air-fryer-ninja.fr\/recette-nems-au-air-fryer\/"},"wordCount":615,"commentCount":0,"publisher":{"@id":"https:\/\/air-fryer-ninja.fr\/#organization"},"image":{"@id":"https:\/\/air-fryer-ninja.fr\/recette-nems-au-air-fryer\/#primaryimage"},"thumbnailUrl":"https:\/\/air-fryer-ninja.fr\/wp-content\/uploads\/2023\/08\/Nems-au-Air-Fryer-min.jpg","articleSection":["Friture"],"inLanguage":"hu","potentialAction":[{"@type":"CommentAction","name":"Comment","target":["https:\/\/air-fryer-ninja.fr\/recette-nems-au-air-fryer\/#respond"]}]},{"@type":"WebPage","@id":"https:\/\/air-fryer-ninja.fr\/recette-nems-au-air-fryer\/","url":"https:\/\/air-fryer-ninja.fr\/recette-nems-au-air-fryer\/","name":"Recette Nems au Air Fryer - Air fryer ninja Recettes","isPartOf":{"@id":"https:\/\/air-fryer-ninja.fr\/#website"},"primaryImageOfPage":{"@id":"https:\/\/air-fryer-ninja.fr\/recette-nems-au-air-fryer\/#primaryimage"},"image":{"@id":"https:\/\/air-fryer-ninja.fr\/recette-nems-au-air-fryer\/#primaryimage"},"thumbnailUrl":"https:\/\/air-fryer-ninja.fr\/wp-content\/uploads\/2023\/08\/Nems-au-Air-Fryer-min.jpg","datePublished":"2023-08-17T16:57:00+00:00","dateModified":"2024-12-20T18:47:43+00:00","breadcrumb":{"@id":"https:\/\/air-fryer-ninja.fr\/recette-nems-au-air-fryer\/#breadcrumb"},"inLanguage":"hu","potentialAction":[{"@type":"ReadAction","target":["https:\/\/air-fryer-ninja.fr\/recette-nems-au-air-fryer\/"]}]},{"@type":"ImageObject","inLanguage":"hu","@id":"https:\/\/air-fryer-ninja.fr\/recette-nems-au-air-fryer\/#primaryimage","url":"https:\/\/air-fryer-ninja.fr\/wp-content\/uploads\/2023\/08\/Nems-au-Air-Fryer-min.jpg","contentUrl":"https:\/\/air-fryer-ninja.fr\/wp-content\/uploads\/2023\/08\/Nems-au-Air-Fryer-min.jpg","width":1456,"height":816},{"@type":"BreadcrumbList","@id":"https:\/\/air-fryer-ninja.fr\/recette-nems-au-air-fryer\/#breadcrumb","itemListElement":[{"@type":"ListItem","position":1,"name":"Recette Air Fryer","item":"https:\/\/air-fryer-ninja.fr\/"},{"@type":"ListItem","position":2,"name":"Recette Nems au Air Fryer"}]},{"@type":"WebSite","@id":"https:\/\/air-fryer-ninja.fr\/#website","url":"https:\/\/air-fryer-ninja.fr\/","name":"L\u00e9gs\u00fct\u0151 ninja","description":"L\u00e9gs\u00fct\u0151 ninja recept blog","publisher":{"@id":"https:\/\/air-fryer-ninja.fr\/#organization"},"potentialAction":[{"@type":"SearchAction","target":{"@type":"EntryPoint","urlTemplate":"https:\/\/air-fryer-ninja.fr\/?s={search_term_string}"},"query-input":{"@type":"PropertyValueSpecification","valueRequired":true,"valueName":"search_term_string"}}],"inLanguage":"hu"},{"@type":"Organization","@id":"https:\/\/air-fryer-ninja.fr\/#organization","name":"L\u00e9gs\u00fct\u0151 ninja","url":"https:\/\/air-fryer-ninja.fr\/","logo":{"@type":"ImageObject","inLanguage":"hu","@id":"https:\/\/air-fryer-ninja.fr\/#\/schema\/logo\/image\/","url":"https:\/\/air-fryer-ninja.fr\/wp-content\/uploads\/2022\/09\/air-fryer-ninja.png","contentUrl":"https:\/\/air-fryer-ninja.fr\/wp-content\/uploads\/2022\/09\/air-fryer-ninja.png","width":500,"height":90,"caption":"Air fryer ninja"},"image":{"@id":"https:\/\/air-fryer-ninja.fr\/#\/schema\/logo\/image\/"}},{"@type":"Person","@id":"https:\/\/air-fryer-ninja.fr\/#\/schema\/person\/31ca83cb1c8812323af9097575aa686b","name":"Stephy","image":{"@type":"ImageObject","inLanguage":"hu","@id":"https:\/\/air-fryer-ninja.fr\/wp-content\/uploads\/2024\/11\/cropped-Untitled-design-2024-11-04T123927.617-96x96.jpg","url":"https:\/\/air-fryer-ninja.fr\/wp-content\/uploads\/2024\/11\/cropped-Untitled-design-2024-11-04T123927.617-96x96.jpg","contentUrl":"https:\/\/air-fryer-ninja.fr\/wp-content\/uploads\/2024\/11\/cropped-Untitled-design-2024-11-04T123927.617-96x96.jpg","caption":"Stephy"},"description":"Stephy vagyok, egy h\u00e1ziasszony, akinek szenved\u00e9lye a f\u0151z\u00e9s! Ami\u00f3ta felfedeztem a l\u00e9gfrit\u0151g\u00e9pet, az\u00f3ta ide\u00e1lis t\u00e1rsam az \u00edzletes, k\u00f6nnyen elk\u00e9sz\u00edthet\u0151 receptek elk\u00e9sz\u00edt\u00e9s\u00e9hez. Szeretek k\u00eds\u00e9rletezni \u00e9s olyan \u00e9teleket kital\u00e1lni, amelyek meglepik \u00e9s meg\u00f6rvendeztetik a csal\u00e1domat. Itt megosztom a legjobb tippjeimet \u00e9s kedvenc receptjeimet, hogy \u00d6n is \u00e9lvezhesse az otthoni f\u0151z\u00e9s \u00f6r\u00f6meit an\u00e9lk\u00fcl, hogy \u00f3r\u00e1kat t\u00f6ltene a t\u0171zhely m\u00f6g\u00f6tt. A c\u00e9lom? Megmutatni, hogy egy kis kreativit\u00e1ssal a l\u00e9gs\u00fct\u0151 minden \u00e9telt igazi \u00e9lm\u00e9nny\u00e9 var\u00e1zsolhat!","sameAs":["https:\/\/air-fryer-ninja.fr"],"url":"https:\/\/air-fryer-ninja.fr\/hu\/author\/a1rdy\/"}]}},"_links":{"self":[{"href":"https:\/\/air-fryer-ninja.fr\/hu\/wp-json\/wp\/v2\/posts\/1322","targetHints":{"allow":["GET"]}}],"collection":[{"href":"https:\/\/air-fryer-ninja.fr\/hu\/wp-json\/wp\/v2\/posts"}],"about":[{"href":"https:\/\/air-fryer-ninja.fr\/hu\/wp-json\/wp\/v2\/types\/post"}],"author":[{"embeddable":true,"href":"https:\/\/air-fryer-ninja.fr\/hu\/wp-json\/wp\/v2\/users\/1"}],"replies":[{"embeddable":true,"href":"https:\/\/air-fryer-ninja.fr\/hu\/wp-json\/wp\/v2\/comments?post=1322"}],"version-history":[{"count":1,"href":"https:\/\/air-fryer-ninja.fr\/hu\/wp-json\/wp\/v2\/posts\/1322\/revisions"}],"predecessor-version":[{"id":2874,"href":"https:\/\/air-fryer-ninja.fr\/hu\/wp-json\/wp\/v2\/posts\/1322\/revisions\/2874"}],"wp:featuredmedia":[{"embeddable":true,"href":"https:\/\/air-fryer-ninja.fr\/hu\/wp-json\/wp\/v2\/media\/2873"}],"wp:attachment":[{"href":"https:\/\/air-fryer-ninja.fr\/hu\/wp-json\/wp\/v2\/media?parent=1322"}],"wp:term":[{"taxonomy":"category","embeddable":true,"href":"https:\/\/air-fryer-ninja.fr\/hu\/wp-json\/wp\/v2\/categories?post=1322"},{"taxonomy":"post_tag","embeddable":true,"href":"https:\/\/air-fryer-ninja.fr\/hu\/wp-json\/wp\/v2\/tags?post=1322"}],"curies":[{"name":"wp","href":"https:\/\/api.w.org\/{rel}","templated":true}]}}