{"id":1317,"date":"2023-08-20T16:57:00","date_gmt":"2023-08-20T16:57:00","guid":{"rendered":"https:\/\/air-fryer-ninja.fr\/?p=1317"},"modified":"2024-12-19T20:26:57","modified_gmt":"2024-12-19T20:26:57","slug":"cordon-bleu-recept-legsutovel","status":"publish","type":"post","link":"https:\/\/air-fryer-ninja.fr\/hu\/cordon-bleu-recept-legsutovel\/","title":{"rendered":"Cordon Bleu recept Air Fryerrel"},"content":{"rendered":"<h2>A Cordon Bleu recept var\u00e1zsa Air Fryerrel<\/h2>\n<p>A <strong>k\u00e9k zsin\u00f3rok<\/strong> klasszikus \u00e9s kedvelt \u00e9telek, de tudtad, hogy van egy m\u00e9g finomabb \u00e9s eg\u00e9szs\u00e9gesebb m\u00f3dja is az elk\u00e9sz\u00edt\u00e9s\u00fcknek? Ebben a cikkben megtudhatod, hogyan k\u00e9sz\u00edtheted el az Air Fryer Cordon Bleu finom receptj\u00e9t!<\/p>\n<h2>Az Air Fryer el\u0151nyei a cordon bleu sz\u00e1m\u00e1ra<\/h2>\n<p>A <strong>l\u00e9gs\u00fct\u0151<\/strong>Az Air Fryer m\u00f3dszer sz\u00e1mos el\u0151nyt k\u00edn\u00e1l a hagyom\u00e1nyos s\u00fct\u00e9shez k\u00e9pest. El\u0151sz\u00f6r is, ez a m\u00f3dszer jelent\u0151sen cs\u00f6kkenti a f\u0151z\u00e9s sor\u00e1n felhaszn\u00e1lt v\u00edz mennyis\u00e9g\u00e9t.<strong>olaj<\/strong> felhaszn\u00e1l\u00e1s\u00e1val, \u00edgy eg\u00e9szs\u00e9gesebb megold\u00e1st k\u00edn\u00e1l csal\u00e1dja sz\u00e1m\u00e1ra. R\u00e1ad\u00e1sul a l\u00e9gs\u00fct\u0151vel val\u00f3 s\u00fct\u00e9s gyors \u00e9s egyenletes, \u00edgy minden alkalommal t\u00f6k\u00e9letesen \u00e1ts\u00fclt, ropog\u00f3s k\u00e9k zsin\u00f3rokat garant\u00e1l.<\/p>\n<h2>Az \u00f6sszetev\u0151k el\u0151k\u00e9sz\u00edt\u00e9se<\/h2>\n<p>Az Air Fryer Cordon Bleu recept elk\u00e9sz\u00edt\u00e9s\u00e9hez a k\u00f6vetkez\u0151 \u00f6sszetev\u0151kre lesz sz\u00fcks\u00e9ge:<\/p>\n<ul>\n<li>4 b\u0151r n\u00e9lk\u00fcli csirkeszelet<\/li>\n<li>4 szelet sonka<\/li>\n<li>4 szelet sajt (Emment\u00e1li vagy Gruy\u00e8re)<\/li>\n<li>S\u00f3 \u00e9s bors<\/li>\n<li>1\/2 cs\u00e9sze liszt<\/li>\n<li>2 toj\u00e1s, felvert<\/li>\n<li>1 cs\u00e9sze zsemlemorzsa<\/li>\n<li>Olaj spray<\/li>\n<\/ul>\n<h2>A k\u00e9k zsin\u00f3rok \u00f6sszeszerel\u00e9se<\/h2>\n<p>K\u00f6vesse az al\u00e1bbi l\u00e9p\u00e9seket a k\u00e9k zsin\u00f3rok \u00f6sszeszerel\u00e9s\u00e9hez:<\/p>\n<ol>\n<li>Egy sodr\u00f3fa vagy kalap\u00e1cs seg\u00edts\u00e9g\u00e9vel lap\u00edtsuk ki a csirkeszeleteket.<\/li>\n<li>F\u0171szerezz\u00fck a szeleteket s\u00f3val \u00e9s borssal.<\/li>\n<li>Helyezzen egy-egy szelet sonk\u00e1t, majd egy-egy szelet sajtot mindegyik szeletre.<\/li>\n<li>Tekerje fel a szeleteket \u00fagy, hogy a sonk\u00e1t \u00e9s a sajtot j\u00f3l k\u00f6r\u00fcl\u00f6lelje, majd fogpiszk\u00e1l\u00f3val vagy madzaggal tartsa \u00f6ssze \u0151ket.<\/li>\n<\/ol>\n<h2>Panure des cordons bleus<\/h2>\n<p>Most, hogy a k\u00e9ksajtos zsin\u00f3rok \u00f6ssze\u00e1lltak, ideje pan\u00edrozni \u0151ket. Ehhez sz\u00fcks\u00e9ged lesz h\u00e1rom <strong>kosarak<\/strong>&nbsp;:<\/p>\n<ul>\n<li><strong>Kos\u00e1r 1<\/strong>&nbsp;: liszt<\/li>\n<li><strong>Kos\u00e1r 2<\/strong>&nbsp;Felvert toj\u00e1s<\/li>\n<li><strong>Kos\u00e1r 3<\/strong>&nbsp;zsemlemorzsa<\/li>\n<\/ul>\n<p>A cordon bleu pan\u00edroz\u00e1s\u00e1hoz a k\u00f6vetkez\u0151k\u00e9ppen j\u00e1rjon el:<\/p>\n<ol>\n<li>Minden egyes cordon bleu-t kenj\u00fcnk be liszttel, \u00fcgyelve arra, hogy az eg\u00e9sz fel\u00fcletet bebor\u00edtsa.<\/li>\n<li>Ezut\u00e1n m\u00e1rtsa a cordon bleu-t a felvert toj\u00e1sba, \u00fcgyelve arra, hogy teljesen ellepje.<\/li>\n<li>V\u00e9g\u00fcl bor\u00edtsa be a cordon bleu-t zsemlemorzs\u00e1val, \u00e9s enyh\u00e9n nyomkodja meg, hogy a zsemlemorzsa j\u00f3l megtapadjon.<\/li>\n<li>Ism\u00e9telje meg ezeket a l\u00e9p\u00e9seket minden egyes k\u00e9k zsin\u00f3rn\u00e1l.<\/li>\n<\/ol>\n<h2>Cordon bleu f\u0151z\u00e9se a l\u00e9gs\u00fct\u0151vel<\/h2>\n<p>Miut\u00e1n a cordon bleu elk\u00e9sz\u00fclt \u00e9s pan\u00edrozott, itt az ideje, hogy megs\u00fcsse a l\u00e9gs\u00fct\u0151ben. K\u00f6vesse az al\u00e1bbi utas\u00edt\u00e1sokat:<\/p>\n<ol>\n<li>Meleg\u00edtse el\u0151 a l\u00e9gs\u00fct\u0151t 190 \u00b0C-ra (375 \u00b0F).<\/li>\n<li>F\u00fajjon egy kis olajat a <strong>kos\u00e1r<\/strong> Air Fryer k\u00e9sz\u00fcl\u00e9k\u00e9nek, majd rendezz\u00fck el a k\u00e9k zsin\u00f3rokat \u00fagy, hogy ne \u00e9rjenek \u00f6ssze.<\/li>\n<li>A k\u00e9k zsin\u00f3rok tetej\u00e9re is f\u00fajjon egy kis olajat.<\/li>\n<li>Helyezze a cordons bleus-t a l\u00e9gs\u00fct\u0151be, \u00e9s s\u00fcsse k\u00f6r\u00fclbel\u00fcl 12 percig. <strong>percek<\/strong>.<\/li>\n<li>\u00d3vatosan forgassa meg a zsin\u00f3rokat egy csipesz seg\u00edts\u00e9g\u00e9vel, majd s\u00fcsse tov\u00e1bbi 12 percig, am\u00edg aranybarna \u00e9s ropog\u00f3s nem lesz.<\/li>\n<\/ol>\n<h3>Tippek a t\u00f6k\u00e9letes f\u0151z\u00e9shez<\/h3>\n<ul>\n<li>A forr\u00f3 leveg\u0151 optim\u00e1lis kering\u00e9se \u00e9rdek\u00e9ben \u00fcgyeljen arra, hogy ne t\u00f6ltse t\u00fal a l\u00e9gs\u00fct\u0151 kosar\u00e1t.<\/li>\n<li>A s\u00fct\u00e9si id\u0151 a cordon bleu m\u00e9ret\u00e9t\u0151l \u00e9s a l\u00e9gs\u00fct\u0151 teljes\u00edtm\u00e9ny\u00e9t\u0151l f\u00fcgg\u0151en v\u00e1ltozhat. Rendszeresen ellen\u0151rizze a s\u00fct\u00e9st, \u00e9s sz\u00fcks\u00e9g eset\u00e9n m\u00f3dos\u00edtsa az id\u0151t.<\/li>\n<\/ul>\n<p>Most, hogy tudod, hogyan k\u00e9sz\u00edtsd el ezt a finom receptet a l\u00e9gfrit\u0151z Cordon Bleu sz\u00e1m\u00e1ra, m\u00e1r csak \u00e9lvezned kell ezt a ropog\u00f3s, \u00edzletes \u00e9telt! J\u00f3 \u00e9tv\u00e1gyat!<\/p>","protected":false},"excerpt":{"rendered":"<p>La magie de la recette Cordon Bleu au Air Fryer Les cordons bleus sont un plat classique et appr\u00e9ci\u00e9 de tous, mais saviez-vous qu&rsquo;il existe une mani\u00e8re encore plus savoureuse et saine de les pr\u00e9parer&nbsp;? D\u00e9couvrez dans cet article comment r\u00e9aliser une d\u00e9licieuse recette de Cordon Bleu au Air Fryer&nbsp;! Les avantages de l&rsquo;Air Fryer [&hellip;]<\/p>","protected":false},"author":1,"featured_media":2822,"comment_status":"open","ping_status":"open","sticky":false,"template":"","format":"standard","meta":{"wprm-recipe-roundup-name":"","wprm-recipe-roundup-description":"","footnotes":""},"categories":[27],"tags":[],"class_list":["post-1317","post","type-post","status-publish","format-standard","has-post-thumbnail","hentry","category-viande"],"yoast_head":"<!-- This site is optimized with the Yoast SEO plugin v27.5 - https:\/\/yoast.com\/product\/yoast-seo-wordpress\/ -->\n<title>Recette Cordon Bleu au Air Fryer - Air fryer ninja Recettes<\/title>\n<meta name=\"robots\" content=\"index, follow, max-snippet:-1, max-image-preview:large, max-video-preview:-1\" \/>\n<link rel=\"canonical\" href=\"https:\/\/air-fryer-ninja.fr\/hu\/cordon-bleu-recept-legsutovel\/\" \/>\n<meta property=\"og:locale\" content=\"hu_HU\" \/>\n<meta property=\"og:type\" content=\"article\" \/>\n<meta property=\"og:title\" content=\"Recette Cordon Bleu au Air Fryer - Air fryer ninja Recettes\" \/>\n<meta property=\"og:description\" content=\"La magie de la recette Cordon Bleu au Air Fryer Les cordons bleus sont un plat classique et appr\u00e9ci\u00e9 de tous, mais saviez-vous qu&rsquo;il existe une mani\u00e8re encore plus savoureuse et saine de les pr\u00e9parer&nbsp;? D\u00e9couvrez dans cet article comment r\u00e9aliser une d\u00e9licieuse recette de Cordon Bleu au Air Fryer&nbsp;! Les avantages de l&rsquo;Air Fryer [&hellip;]\" \/>\n<meta property=\"og:url\" content=\"https:\/\/air-fryer-ninja.fr\/hu\/cordon-bleu-recept-legsutovel\/\" \/>\n<meta property=\"og:site_name\" content=\"Air fryer ninja Recettes\" \/>\n<meta property=\"article:published_time\" content=\"2023-08-20T16:57:00+00:00\" \/>\n<meta property=\"article:modified_time\" content=\"2024-12-19T20:26:57+00:00\" \/>\n<meta property=\"og:image\" content=\"https:\/\/air-fryer-ninja.fr\/wp-content\/uploads\/2023\/08\/Cordon-Bleu-au-Air-Fryer-min.jpg\" \/>\n\t<meta property=\"og:image:width\" content=\"1456\" \/>\n\t<meta property=\"og:image:height\" content=\"816\" \/>\n\t<meta property=\"og:image:type\" content=\"image\/jpeg\" \/>\n<meta name=\"author\" content=\"Stephy\" \/>\n<meta name=\"twitter:card\" content=\"summary_large_image\" \/>\n<meta name=\"twitter:label1\" content=\"Szerz\u0151:\" \/>\n\t<meta name=\"twitter:data1\" content=\"Stephy\" \/>\n\t<meta name=\"twitter:label2\" content=\"Becs\u00fclt olvas\u00e1si id\u0151\" \/>\n\t<meta name=\"twitter:data2\" content=\"3 perc\" \/>\n<!-- \/ Yoast SEO plugin. -->","yoast_head_json":{"title":"Recette Cordon Bleu au Air Fryer - Air fryer ninja Recettes","robots":{"index":"index","follow":"follow","max-snippet":"max-snippet:-1","max-image-preview":"max-image-preview:large","max-video-preview":"max-video-preview:-1"},"canonical":"https:\/\/air-fryer-ninja.fr\/hu\/cordon-bleu-recept-legsutovel\/","og_locale":"hu_HU","og_type":"article","og_title":"Recette Cordon Bleu au Air Fryer - Air fryer ninja Recettes","og_description":"La magie de la recette Cordon Bleu au Air Fryer Les cordons bleus sont un plat classique et appr\u00e9ci\u00e9 de tous, mais saviez-vous qu&rsquo;il existe une mani\u00e8re encore plus savoureuse et saine de les pr\u00e9parer&nbsp;? D\u00e9couvrez dans cet article comment r\u00e9aliser une d\u00e9licieuse recette de Cordon Bleu au Air Fryer&nbsp;! Les avantages de l&rsquo;Air Fryer [&hellip;]","og_url":"https:\/\/air-fryer-ninja.fr\/hu\/cordon-bleu-recept-legsutovel\/","og_site_name":"Air fryer ninja Recettes","article_published_time":"2023-08-20T16:57:00+00:00","article_modified_time":"2024-12-19T20:26:57+00:00","og_image":[{"width":1456,"height":816,"url":"https:\/\/air-fryer-ninja.fr\/wp-content\/uploads\/2023\/08\/Cordon-Bleu-au-Air-Fryer-min.jpg","type":"image\/jpeg"}],"author":"Stephy","twitter_card":"summary_large_image","twitter_misc":{"Szerz\u0151:":"Stephy","Becs\u00fclt olvas\u00e1si id\u0151":"3 perc"},"schema":{"@context":"https:\/\/schema.org","@graph":[{"@type":"Article","@id":"https:\/\/air-fryer-ninja.fr\/recette-cordon-bleu-au-air-fryer\/#article","isPartOf":{"@id":"https:\/\/air-fryer-ninja.fr\/recette-cordon-bleu-au-air-fryer\/"},"author":{"name":"Stephy","@id":"https:\/\/air-fryer-ninja.fr\/#\/schema\/person\/31ca83cb1c8812323af9097575aa686b"},"headline":"Recette Cordon Bleu au Air Fryer","datePublished":"2023-08-20T16:57:00+00:00","dateModified":"2024-12-19T20:26:57+00:00","mainEntityOfPage":{"@id":"https:\/\/air-fryer-ninja.fr\/recette-cordon-bleu-au-air-fryer\/"},"wordCount":590,"commentCount":0,"publisher":{"@id":"https:\/\/air-fryer-ninja.fr\/#organization"},"image":{"@id":"https:\/\/air-fryer-ninja.fr\/recette-cordon-bleu-au-air-fryer\/#primaryimage"},"thumbnailUrl":"https:\/\/air-fryer-ninja.fr\/wp-content\/uploads\/2023\/08\/Cordon-Bleu-au-Air-Fryer-min.jpg","articleSection":["Viande"],"inLanguage":"hu","potentialAction":[{"@type":"CommentAction","name":"Comment","target":["https:\/\/air-fryer-ninja.fr\/recette-cordon-bleu-au-air-fryer\/#respond"]}]},{"@type":"WebPage","@id":"https:\/\/air-fryer-ninja.fr\/recette-cordon-bleu-au-air-fryer\/","url":"https:\/\/air-fryer-ninja.fr\/recette-cordon-bleu-au-air-fryer\/","name":"Recette Cordon Bleu au Air Fryer - Air fryer ninja Recettes","isPartOf":{"@id":"https:\/\/air-fryer-ninja.fr\/#website"},"primaryImageOfPage":{"@id":"https:\/\/air-fryer-ninja.fr\/recette-cordon-bleu-au-air-fryer\/#primaryimage"},"image":{"@id":"https:\/\/air-fryer-ninja.fr\/recette-cordon-bleu-au-air-fryer\/#primaryimage"},"thumbnailUrl":"https:\/\/air-fryer-ninja.fr\/wp-content\/uploads\/2023\/08\/Cordon-Bleu-au-Air-Fryer-min.jpg","datePublished":"2023-08-20T16:57:00+00:00","dateModified":"2024-12-19T20:26:57+00:00","breadcrumb":{"@id":"https:\/\/air-fryer-ninja.fr\/recette-cordon-bleu-au-air-fryer\/#breadcrumb"},"inLanguage":"hu","potentialAction":[{"@type":"ReadAction","target":["https:\/\/air-fryer-ninja.fr\/recette-cordon-bleu-au-air-fryer\/"]}]},{"@type":"ImageObject","inLanguage":"hu","@id":"https:\/\/air-fryer-ninja.fr\/recette-cordon-bleu-au-air-fryer\/#primaryimage","url":"https:\/\/air-fryer-ninja.fr\/wp-content\/uploads\/2023\/08\/Cordon-Bleu-au-Air-Fryer-min.jpg","contentUrl":"https:\/\/air-fryer-ninja.fr\/wp-content\/uploads\/2023\/08\/Cordon-Bleu-au-Air-Fryer-min.jpg","width":1456,"height":816},{"@type":"BreadcrumbList","@id":"https:\/\/air-fryer-ninja.fr\/recette-cordon-bleu-au-air-fryer\/#breadcrumb","itemListElement":[{"@type":"ListItem","position":1,"name":"Recette Air Fryer","item":"https:\/\/air-fryer-ninja.fr\/"},{"@type":"ListItem","position":2,"name":"Recette Cordon Bleu au Air Fryer"}]},{"@type":"WebSite","@id":"https:\/\/air-fryer-ninja.fr\/#website","url":"https:\/\/air-fryer-ninja.fr\/","name":"L\u00e9gs\u00fct\u0151 ninja","description":"L\u00e9gs\u00fct\u0151 ninja recept blog","publisher":{"@id":"https:\/\/air-fryer-ninja.fr\/#organization"},"potentialAction":[{"@type":"SearchAction","target":{"@type":"EntryPoint","urlTemplate":"https:\/\/air-fryer-ninja.fr\/?s={search_term_string}"},"query-input":{"@type":"PropertyValueSpecification","valueRequired":true,"valueName":"search_term_string"}}],"inLanguage":"hu"},{"@type":"Organization","@id":"https:\/\/air-fryer-ninja.fr\/#organization","name":"L\u00e9gs\u00fct\u0151 ninja","url":"https:\/\/air-fryer-ninja.fr\/","logo":{"@type":"ImageObject","inLanguage":"hu","@id":"https:\/\/air-fryer-ninja.fr\/#\/schema\/logo\/image\/","url":"https:\/\/air-fryer-ninja.fr\/wp-content\/uploads\/2022\/09\/air-fryer-ninja.png","contentUrl":"https:\/\/air-fryer-ninja.fr\/wp-content\/uploads\/2022\/09\/air-fryer-ninja.png","width":500,"height":90,"caption":"Air fryer ninja"},"image":{"@id":"https:\/\/air-fryer-ninja.fr\/#\/schema\/logo\/image\/"}},{"@type":"Person","@id":"https:\/\/air-fryer-ninja.fr\/#\/schema\/person\/31ca83cb1c8812323af9097575aa686b","name":"Stephy","image":{"@type":"ImageObject","inLanguage":"hu","@id":"https:\/\/air-fryer-ninja.fr\/wp-content\/uploads\/2024\/11\/cropped-Untitled-design-2024-11-04T123927.617-96x96.jpg","url":"https:\/\/air-fryer-ninja.fr\/wp-content\/uploads\/2024\/11\/cropped-Untitled-design-2024-11-04T123927.617-96x96.jpg","contentUrl":"https:\/\/air-fryer-ninja.fr\/wp-content\/uploads\/2024\/11\/cropped-Untitled-design-2024-11-04T123927.617-96x96.jpg","caption":"Stephy"},"description":"Stephy vagyok, egy h\u00e1ziasszony, akinek szenved\u00e9lye a f\u0151z\u00e9s! Ami\u00f3ta felfedeztem a l\u00e9gfrit\u0151g\u00e9pet, az\u00f3ta ide\u00e1lis t\u00e1rsam az \u00edzletes, k\u00f6nnyen elk\u00e9sz\u00edthet\u0151 receptek elk\u00e9sz\u00edt\u00e9s\u00e9hez. Szeretek k\u00eds\u00e9rletezni \u00e9s olyan \u00e9teleket kital\u00e1lni, amelyek meglepik \u00e9s meg\u00f6rvendeztetik a csal\u00e1domat. Itt megosztom a legjobb tippjeimet \u00e9s kedvenc receptjeimet, hogy \u00d6n is \u00e9lvezhesse az otthoni f\u0151z\u00e9s \u00f6r\u00f6meit an\u00e9lk\u00fcl, hogy \u00f3r\u00e1kat t\u00f6ltene a t\u0171zhely m\u00f6g\u00f6tt. A c\u00e9lom? Megmutatni, hogy egy kis kreativit\u00e1ssal a l\u00e9gs\u00fct\u0151 minden \u00e9telt igazi \u00e9lm\u00e9nny\u00e9 var\u00e1zsolhat!","sameAs":["https:\/\/air-fryer-ninja.fr"],"url":"https:\/\/air-fryer-ninja.fr\/hu\/author\/a1rdy\/"}]}},"_links":{"self":[{"href":"https:\/\/air-fryer-ninja.fr\/hu\/wp-json\/wp\/v2\/posts\/1317","targetHints":{"allow":["GET"]}}],"collection":[{"href":"https:\/\/air-fryer-ninja.fr\/hu\/wp-json\/wp\/v2\/posts"}],"about":[{"href":"https:\/\/air-fryer-ninja.fr\/hu\/wp-json\/wp\/v2\/types\/post"}],"author":[{"embeddable":true,"href":"https:\/\/air-fryer-ninja.fr\/hu\/wp-json\/wp\/v2\/users\/1"}],"replies":[{"embeddable":true,"href":"https:\/\/air-fryer-ninja.fr\/hu\/wp-json\/wp\/v2\/comments?post=1317"}],"version-history":[{"count":1,"href":"https:\/\/air-fryer-ninja.fr\/hu\/wp-json\/wp\/v2\/posts\/1317\/revisions"}],"predecessor-version":[{"id":2823,"href":"https:\/\/air-fryer-ninja.fr\/hu\/wp-json\/wp\/v2\/posts\/1317\/revisions\/2823"}],"wp:featuredmedia":[{"embeddable":true,"href":"https:\/\/air-fryer-ninja.fr\/hu\/wp-json\/wp\/v2\/media\/2822"}],"wp:attachment":[{"href":"https:\/\/air-fryer-ninja.fr\/hu\/wp-json\/wp\/v2\/media?parent=1317"}],"wp:term":[{"taxonomy":"category","embeddable":true,"href":"https:\/\/air-fryer-ninja.fr\/hu\/wp-json\/wp\/v2\/categories?post=1317"},{"taxonomy":"post_tag","embeddable":true,"href":"https:\/\/air-fryer-ninja.fr\/hu\/wp-json\/wp\/v2\/tags?post=1317"}],"curies":[{"name":"wp","href":"https:\/\/api.w.org\/{rel}","templated":true}]}}