{"id":3297,"date":"2025-01-21T18:25:22","date_gmt":"2025-01-21T18:25:22","guid":{"rendered":"https:\/\/air-fryer-ninja.fr\/?p=3297"},"modified":"2025-01-21T17:00:45","modified_gmt":"2025-01-21T17:00:45","slug":"recette-choux-de-bruxelles-au-airfryer","status":"publish","type":"post","link":"https:\/\/air-fryer-ninja.fr\/fi\/recette-choux-de-bruxelles-au-airfryer\/","title":{"rendered":"Recette choux de Bruxelles au Airfryer"},"content":{"rendered":"<p><strong>Laissez-vous tenter par une exp\u00e9rience culinaire qui r\u00e9volutionnera votre perception des choux de Bruxelles ! Fini les souvenirs d&rsquo;enfance de l\u00e9gumes trop cuits et sans saveur. Gr\u00e2ce \u00e0 la magie de l&rsquo;airfryer, ces petits choux se transforment en v\u00e9ritables p\u00e9pites gourmandes, combinant un c\u0153ur tendre \u00e0 une enveloppe d\u00e9licieusement croustillante. Cette recette moderne et intelligente vous propose une approche in\u00e9dite qui s\u00e9duira m\u00eame les plus r\u00e9ticents. En seulement quelques minutes, vous obtiendrez un accompagnement sain, savoureux et addictif qui pourrait bien devenir votre nouvelle obsession culinaire.<\/strong><\/p>\n\n\n\n<p><strong>\u23f1\ufe0f<\/strong> <strong>Temps de pr\u00e9paration :<\/strong> 5 minuuttia <\/p>\n\n\n\n<p><strong>\u23f1\ufe0f<\/strong> <strong>Temps de cuisson : <\/strong>15 minuuttia <\/p>\n\n\n\n<p><strong>\u23f1\ufe0f<\/strong> <strong>Temps total : <\/strong>20 minuuttia<\/p>\n\n\n\n<h2 class=\"wp-block-heading\">Ingr\u00e9dients (pour 4 personnes)<\/h2>\n\n\n\n<ul class=\"wp-block-list\">\n<li>500g de choux de Bruxelles frais<\/li>\n\n\n\n<li>2 cuill\u00e8res \u00e0 soupe d&rsquo;huile d&rsquo;olive extra vierge<\/li>\n\n\n\n<li>1 tl Provencen yrttej\u00e4<\/li>\n\n\n\n<li>Sel fin de mer<\/li>\n\n\n\n<li>Poivre noir fra\u00eechement moulu<\/li>\n<\/ul>\n\n\n\n<h2 class=\"wp-block-heading\">Ustensiles<\/h2>\n\n\n\n<ul class=\"wp-block-list\">\n<li>Airfryer<\/li>\n\n\n\n<li>Saladier<\/li>\n\n\n\n<li>Planche \u00e0 d\u00e9couper<\/li>\n\n\n\n<li>Couteau de cuisine<\/li>\n<\/ul>\n\n\n\n<h2 class=\"wp-block-heading\">R\u00e9alisation pas \u00e0 pas<\/h2>\n\n\n\n<ol class=\"wp-block-list\">\n<li><strong>Pr\u00e9parez vos choux<\/strong> : Rincez soigneusement les choux de Bruxelles sous l&rsquo;eau froide. Retirez les feuilles ext\u00e9rieures ab\u00eem\u00e9es et coupez la base. Sectionnez-les en deux dans le sens de la longueur.<\/li>\n\n\n\n<li><strong>Maustaminen<\/strong> : Dans votre saladier, m\u00e9langez les choux avec l&rsquo;huile d&rsquo;olive. <\/li>\n\n\n\n<li><strong>Ajoutez les herbes de Provence<\/strong>, salez et poivrez g\u00e9n\u00e9reusement. M\u00e9langez bien pour que chaque chou soit uniform\u00e9ment enrob\u00e9.<\/li>\n\n\n\n<li><strong>Cuisson au airfryer<\/strong> : Placez les choux dans le panier de votre airfryer en \u00e9vitant de les superposer. <\/li>\n\n\n\n<li><strong>R\u00e9glez la temp\u00e9rature \u00e0 180\u00b0C<\/strong> et programmez 15 minutes de cuisson. \u00c0 mi-cuisson, secouez le panier pour assurer une cuisson homog\u00e8ne.<\/li>\n<\/ol>\n\n\n\n<h2 class=\"wp-block-heading\">Conseils du chef<\/h2>\n\n\n\n<ul class=\"wp-block-list\">\n<li>Optez pour des choux de taille similaire pour une cuisson uniforme<\/li>\n\n\n\n<li>Ne surchargez pas le panier de l&rsquo;airfryer<\/li>\n\n\n\n<li>V\u00e9rifiez la cuisson \u00e0 l&rsquo;aide d&rsquo;une fourchette<\/li>\n\n\n\n<li>Servez imm\u00e9diatement pour profiter du croustillant<\/li>\n<\/ul>\n\n\n\n<p>Pour sublimer davantage vos choux de Bruxelles, pensez \u00e0 les secouer d\u00e9licatement \u00e0 mi-cuisson. Cette petite attention permettra non seulement une coloration homog\u00e8ne, mais garantira aussi cette texture croustillante qui fait toute la diff\u00e9rence. N&rsquo;oubliez pas que la fra\u00eecheur des ingr\u00e9dients joue un r\u00f4le essentiel dans le r\u00e9sultat final.<\/p>\n\n\n\n<h3 class=\"wp-block-heading\">La phrase du chef :<\/h3>\n\n\n\n<blockquote class=\"wp-block-quote is-layout-flow wp-block-quote-is-layout-flow\">\n<p><em>\u00ab\u00a0Le secret d&rsquo;un chou de Bruxelles parfait au airfryer r\u00e9side dans la d\u00e9coupe : plus ils sont fins, plus ils deviennent croustillants !\u00a0\u00bb<\/em><\/p>\n<\/blockquote>\n\n\n\n<h2 class=\"wp-block-heading\">Questions fr\u00e9quentes<\/h2>\n\n\n\n<p><strong>Comment obtenir des choux plus croustillants ? <\/strong><\/p>\n\n\n\n<p>S\u00e9chez-les parfaitement apr\u00e8s le lavage et n&rsquo;h\u00e9sitez pas \u00e0 augmenter le temps de cuisson de 2-3 minutes.<\/p>\n\n\n\n<p><strong>Peut-on utiliser des choux congel\u00e9s ? <\/strong><\/p>\n\n\n\n<p>Oui, mais d\u00e9congelez-les et s\u00e9chez-les bien avant la cuisson pour un meilleur r\u00e9sultat.<\/p>\n\n\n\n<p><strong>Miten s\u00e4ilytt\u00e4\u00e4 t\u00e4hteet? <\/strong><\/p>\n\n\n\n<p>Conservez-les jusqu&rsquo;\u00e0 3 jours au r\u00e9frig\u00e9rateur dans un contenant herm\u00e9tique. R\u00e9chauffez-les au airfryer pendant 2-3 minutes pour retrouver le croustillant.<\/p>\n\n\n\n<p><strong>Peut-on pr\u00e9parer cette recette pour un plus grand nombre de personnes ? <\/strong><\/p>\n\n\n\n<p>Oui, il suffit de cuire les choux en plusieurs fois pour ne pas surcharger l&rsquo;airfryer. Gardez les premi\u00e8res fourn\u00e9es au chaud dans un plat couvert au four \u00e0 100\u00b0C en attendant que toutes les portions soient pr\u00eates.<\/p>\n\n\n\n<p>Maintenant que vous ma\u00eetrisez la cuisson des choux de Bruxelles au airfryer, une nouvelle page s&rsquo;ouvre dans votre livre de cuisine ! Cette technique r\u00e9volutionnaire transforme ce l\u00e9gume jadis boud\u00e9 en star de vos assiettes. Pr\u00eat \u00e0 explorer d&rsquo;autres d\u00e9lices cuisin\u00e9s au airfryer ? D\u00e9couvrez notre s\u00e9lection compl\u00e8te de <a href=\"https:\/\/air-fryer-ninja.fr\/fi\/luokka\/vihannekset\/\">recettes de l\u00e9gumes savoureuses au Airfryer<\/a> et laissez vous surprendre par les multiples possibilit\u00e9s de votre appareil.<\/p>\n\n\n\n<p><\/p>","protected":false},"excerpt":{"rendered":"<p>Laissez-vous tenter par une exp\u00e9rience culinaire qui r\u00e9volutionnera votre perception des choux de Bruxelles ! Fini les souvenirs d&rsquo;enfance de l\u00e9gumes trop cuits et sans saveur. Gr\u00e2ce \u00e0 la magie de l&rsquo;airfryer, ces petits choux se transforment en v\u00e9ritables p\u00e9pites gourmandes, combinant un c\u0153ur tendre \u00e0 une enveloppe d\u00e9licieusement croustillante. Cette recette moderne et intelligente [&hellip;]<\/p>","protected":false},"author":1,"featured_media":3299,"comment_status":"open","ping_status":"open","sticky":false,"template":"","format":"standard","meta":{"wprm-recipe-roundup-name":"","wprm-recipe-roundup-description":"","footnotes":""},"categories":[30],"tags":[228,223],"class_list":["post-3297","post","type-post","status-publish","format-standard","has-post-thumbnail","hentry","category-legumes","tag-choux","tag-choux-de-bruxelles"],"yoast_head":"<!-- This site is optimized with the Yoast SEO plugin v27.5 - https:\/\/yoast.com\/product\/yoast-seo-wordpress\/ -->\n<title>Recette choux de Bruxelles au Airfryer - Air fryer ninja Recettes<\/title>\n<meta name=\"description\" content=\"Transformez vos choux de Bruxelles en d\u00e9lices croustillants gr\u00e2ce \u00e0 l&#039;airfryer ! Notre recette facile en 20 minutes r\u00e9volutionne ce l\u00e9gume mal-aim\u00e9. D\u00e9couvrez tous nos secrets pour un r\u00e9sultat qui s\u00e9duira m\u00eame les plus r\u00e9ticents.\" \/>\n<meta name=\"robots\" content=\"index, follow, max-snippet:-1, max-image-preview:large, max-video-preview:-1\" \/>\n<link rel=\"canonical\" href=\"https:\/\/air-fryer-ninja.fr\/fi\/recette-choux-de-bruxelles-au-airfryer\/\" \/>\n<meta property=\"og:locale\" content=\"fi_FI\" \/>\n<meta property=\"og:type\" content=\"article\" \/>\n<meta property=\"og:title\" content=\"Recette choux de Bruxelles au Airfryer - Air fryer ninja Recettes\" \/>\n<meta property=\"og:description\" content=\"Transformez vos choux de Bruxelles en d\u00e9lices croustillants gr\u00e2ce \u00e0 l&#039;airfryer ! Notre recette facile en 20 minutes r\u00e9volutionne ce l\u00e9gume mal-aim\u00e9. D\u00e9couvrez tous nos secrets pour un r\u00e9sultat qui s\u00e9duira m\u00eame les plus r\u00e9ticents.\" \/>\n<meta property=\"og:url\" content=\"https:\/\/air-fryer-ninja.fr\/fi\/recette-choux-de-bruxelles-au-airfryer\/\" \/>\n<meta property=\"og:site_name\" content=\"Air fryer ninja Recettes\" \/>\n<meta property=\"article:published_time\" content=\"2025-01-21T18:25:22+00:00\" \/>\n<meta property=\"og:image\" content=\"https:\/\/air-fryer-ninja.fr\/wp-content\/uploads\/2025\/01\/recette-choux-de-bruxelles-au-airfryer.jpg\" \/>\n\t<meta property=\"og:image:width\" content=\"1200\" \/>\n\t<meta property=\"og:image:height\" content=\"675\" \/>\n\t<meta property=\"og:image:type\" content=\"image\/jpeg\" \/>\n<meta name=\"author\" content=\"Stephy\" \/>\n<meta name=\"twitter:card\" content=\"summary_large_image\" \/>\n<meta name=\"twitter:label1\" content=\"Kirjoittanut\" \/>\n\t<meta name=\"twitter:data1\" content=\"Stephy\" \/>\n\t<meta name=\"twitter:label2\" content=\"Arvioitu lukuaika\" \/>\n\t<meta name=\"twitter:data2\" content=\"3 minuuttia\" \/>\n<!-- \/ Yoast SEO plugin. -->","yoast_head_json":{"title":"Recette choux de Bruxelles au Airfryer - Air fryer ninja Recettes","description":"Transformez vos choux de Bruxelles en d\u00e9lices croustillants gr\u00e2ce \u00e0 l'airfryer ! Notre recette facile en 20 minutes r\u00e9volutionne ce l\u00e9gume mal-aim\u00e9. D\u00e9couvrez tous nos secrets pour un r\u00e9sultat qui s\u00e9duira m\u00eame les plus r\u00e9ticents.","robots":{"index":"index","follow":"follow","max-snippet":"max-snippet:-1","max-image-preview":"max-image-preview:large","max-video-preview":"max-video-preview:-1"},"canonical":"https:\/\/air-fryer-ninja.fr\/fi\/recette-choux-de-bruxelles-au-airfryer\/","og_locale":"fi_FI","og_type":"article","og_title":"Recette choux de Bruxelles au Airfryer - Air fryer ninja Recettes","og_description":"Transformez vos choux de Bruxelles en d\u00e9lices croustillants gr\u00e2ce \u00e0 l'airfryer ! Notre recette facile en 20 minutes r\u00e9volutionne ce l\u00e9gume mal-aim\u00e9. D\u00e9couvrez tous nos secrets pour un r\u00e9sultat qui s\u00e9duira m\u00eame les plus r\u00e9ticents.","og_url":"https:\/\/air-fryer-ninja.fr\/fi\/recette-choux-de-bruxelles-au-airfryer\/","og_site_name":"Air fryer ninja Recettes","article_published_time":"2025-01-21T18:25:22+00:00","og_image":[{"width":1200,"height":675,"url":"https:\/\/air-fryer-ninja.fr\/wp-content\/uploads\/2025\/01\/recette-choux-de-bruxelles-au-airfryer.jpg","type":"image\/jpeg"}],"author":"Stephy","twitter_card":"summary_large_image","twitter_misc":{"Kirjoittanut":"Stephy","Arvioitu lukuaika":"3 minuuttia"},"schema":{"@context":"https:\/\/schema.org","@graph":[{"@type":"Article","@id":"https:\/\/air-fryer-ninja.fr\/recette-choux-de-bruxelles-au-airfryer\/#article","isPartOf":{"@id":"https:\/\/air-fryer-ninja.fr\/recette-choux-de-bruxelles-au-airfryer\/"},"author":{"name":"Stephy","@id":"https:\/\/air-fryer-ninja.fr\/#\/schema\/person\/31ca83cb1c8812323af9097575aa686b"},"headline":"Recette choux de Bruxelles au Airfryer","datePublished":"2025-01-21T18:25:22+00:00","mainEntityOfPage":{"@id":"https:\/\/air-fryer-ninja.fr\/recette-choux-de-bruxelles-au-airfryer\/"},"wordCount":598,"commentCount":0,"publisher":{"@id":"https:\/\/air-fryer-ninja.fr\/#organization"},"image":{"@id":"https:\/\/air-fryer-ninja.fr\/recette-choux-de-bruxelles-au-airfryer\/#primaryimage"},"thumbnailUrl":"https:\/\/air-fryer-ninja.fr\/wp-content\/uploads\/2025\/01\/recette-choux-de-bruxelles-au-airfryer.jpg","keywords":["choux","choux de bruxelles"],"articleSection":["L\u00e9gumes"],"inLanguage":"fi","potentialAction":[{"@type":"CommentAction","name":"Comment","target":["https:\/\/air-fryer-ninja.fr\/recette-choux-de-bruxelles-au-airfryer\/#respond"]}]},{"@type":"WebPage","@id":"https:\/\/air-fryer-ninja.fr\/recette-choux-de-bruxelles-au-airfryer\/","url":"https:\/\/air-fryer-ninja.fr\/recette-choux-de-bruxelles-au-airfryer\/","name":"Recette choux de Bruxelles au Airfryer - Air fryer ninja Recettes","isPartOf":{"@id":"https:\/\/air-fryer-ninja.fr\/#website"},"primaryImageOfPage":{"@id":"https:\/\/air-fryer-ninja.fr\/recette-choux-de-bruxelles-au-airfryer\/#primaryimage"},"image":{"@id":"https:\/\/air-fryer-ninja.fr\/recette-choux-de-bruxelles-au-airfryer\/#primaryimage"},"thumbnailUrl":"https:\/\/air-fryer-ninja.fr\/wp-content\/uploads\/2025\/01\/recette-choux-de-bruxelles-au-airfryer.jpg","datePublished":"2025-01-21T18:25:22+00:00","description":"Transformez vos choux de Bruxelles en d\u00e9lices croustillants gr\u00e2ce \u00e0 l'airfryer ! Notre recette facile en 20 minutes r\u00e9volutionne ce l\u00e9gume mal-aim\u00e9. D\u00e9couvrez tous nos secrets pour un r\u00e9sultat qui s\u00e9duira m\u00eame les plus r\u00e9ticents.","breadcrumb":{"@id":"https:\/\/air-fryer-ninja.fr\/recette-choux-de-bruxelles-au-airfryer\/#breadcrumb"},"inLanguage":"fi","potentialAction":[{"@type":"ReadAction","target":["https:\/\/air-fryer-ninja.fr\/recette-choux-de-bruxelles-au-airfryer\/"]}]},{"@type":"ImageObject","inLanguage":"fi","@id":"https:\/\/air-fryer-ninja.fr\/recette-choux-de-bruxelles-au-airfryer\/#primaryimage","url":"https:\/\/air-fryer-ninja.fr\/wp-content\/uploads\/2025\/01\/recette-choux-de-bruxelles-au-airfryer.jpg","contentUrl":"https:\/\/air-fryer-ninja.fr\/wp-content\/uploads\/2025\/01\/recette-choux-de-bruxelles-au-airfryer.jpg","width":1200,"height":675,"caption":"recette choux de bruxelles au airfryer"},{"@type":"BreadcrumbList","@id":"https:\/\/air-fryer-ninja.fr\/recette-choux-de-bruxelles-au-airfryer\/#breadcrumb","itemListElement":[{"@type":"ListItem","position":1,"name":"Recette Air Fryer","item":"https:\/\/air-fryer-ninja.fr\/"},{"@type":"ListItem","position":2,"name":"Recette choux de Bruxelles au Airfryer"}]},{"@type":"WebSite","@id":"https:\/\/air-fryer-ninja.fr\/#website","url":"https:\/\/air-fryer-ninja.fr\/","name":"Ilmastointipaistinpannu ninja","description":"Air fryer ninja resepti blogi","publisher":{"@id":"https:\/\/air-fryer-ninja.fr\/#organization"},"potentialAction":[{"@type":"SearchAction","target":{"@type":"EntryPoint","urlTemplate":"https:\/\/air-fryer-ninja.fr\/?s={search_term_string}"},"query-input":{"@type":"PropertyValueSpecification","valueRequired":true,"valueName":"search_term_string"}}],"inLanguage":"fi"},{"@type":"Organization","@id":"https:\/\/air-fryer-ninja.fr\/#organization","name":"Ilmastointipaistinpannu ninja","url":"https:\/\/air-fryer-ninja.fr\/","logo":{"@type":"ImageObject","inLanguage":"fi","@id":"https:\/\/air-fryer-ninja.fr\/#\/schema\/logo\/image\/","url":"https:\/\/air-fryer-ninja.fr\/wp-content\/uploads\/2022\/09\/air-fryer-ninja.png","contentUrl":"https:\/\/air-fryer-ninja.fr\/wp-content\/uploads\/2022\/09\/air-fryer-ninja.png","width":500,"height":90,"caption":"Air fryer ninja"},"image":{"@id":"https:\/\/air-fryer-ninja.fr\/#\/schema\/logo\/image\/"}},{"@type":"Person","@id":"https:\/\/air-fryer-ninja.fr\/#\/schema\/person\/31ca83cb1c8812323af9097575aa686b","name":"Stephy","image":{"@type":"ImageObject","inLanguage":"fi","@id":"https:\/\/air-fryer-ninja.fr\/wp-content\/uploads\/2024\/11\/cropped-Untitled-design-2024-11-04T123927.617-96x96.jpg","url":"https:\/\/air-fryer-ninja.fr\/wp-content\/uploads\/2024\/11\/cropped-Untitled-design-2024-11-04T123927.617-96x96.jpg","contentUrl":"https:\/\/air-fryer-ninja.fr\/wp-content\/uploads\/2024\/11\/cropped-Untitled-design-2024-11-04T123927.617-96x96.jpg","caption":"Stephy"},"description":"Olen Stephy, koti\u00e4iti, jolla on intohimo ruoanlaittoon! Siit\u00e4 l\u00e4htien, kun l\u00f6ysin Air Fryerin, se on ollut ihanteellinen kumppanini maukkaiden ja helposti valmistettavien reseptien luomiseen. Rakastan kokeilla ja keksi\u00e4 ruokia, jotka yll\u00e4tt\u00e4v\u00e4t ja ilahduttavat perhett\u00e4ni. T\u00e4ss\u00e4 jaan parhaat vinkkini ja suosikkireseptini, joiden avulla voit nauttia kotiruoan herkuista ilman, ett\u00e4 joudut viett\u00e4m\u00e4\u00e4n tuntikausia lieden takana. Tavoitteeni? N\u00e4ytt\u00e4\u00e4 sinulle, ett\u00e4 pienell\u00e4 luovuudella air fryer voi tehd\u00e4 jokaisesta ateriasta todellisen nautinnon!","sameAs":["https:\/\/air-fryer-ninja.fr"],"url":"https:\/\/air-fryer-ninja.fr\/fi\/author\/a1rdy\/"}]}},"_links":{"self":[{"href":"https:\/\/air-fryer-ninja.fr\/fi\/wp-json\/wp\/v2\/posts\/3297","targetHints":{"allow":["GET"]}}],"collection":[{"href":"https:\/\/air-fryer-ninja.fr\/fi\/wp-json\/wp\/v2\/posts"}],"about":[{"href":"https:\/\/air-fryer-ninja.fr\/fi\/wp-json\/wp\/v2\/types\/post"}],"author":[{"embeddable":true,"href":"https:\/\/air-fryer-ninja.fr\/fi\/wp-json\/wp\/v2\/users\/1"}],"replies":[{"embeddable":true,"href":"https:\/\/air-fryer-ninja.fr\/fi\/wp-json\/wp\/v2\/comments?post=3297"}],"version-history":[{"count":2,"href":"https:\/\/air-fryer-ninja.fr\/fi\/wp-json\/wp\/v2\/posts\/3297\/revisions"}],"predecessor-version":[{"id":3302,"href":"https:\/\/air-fryer-ninja.fr\/fi\/wp-json\/wp\/v2\/posts\/3297\/revisions\/3302"}],"wp:featuredmedia":[{"embeddable":true,"href":"https:\/\/air-fryer-ninja.fr\/fi\/wp-json\/wp\/v2\/media\/3299"}],"wp:attachment":[{"href":"https:\/\/air-fryer-ninja.fr\/fi\/wp-json\/wp\/v2\/media?parent=3297"}],"wp:term":[{"taxonomy":"category","embeddable":true,"href":"https:\/\/air-fryer-ninja.fr\/fi\/wp-json\/wp\/v2\/categories?post=3297"},{"taxonomy":"post_tag","embeddable":true,"href":"https:\/\/air-fryer-ninja.fr\/fi\/wp-json\/wp\/v2\/tags?post=3297"}],"curies":[{"name":"wp","href":"https:\/\/api.w.org\/{rel}","templated":true}]}}