{"id":3227,"date":"2025-01-17T06:25:00","date_gmt":"2025-01-17T06:25:00","guid":{"rendered":"https:\/\/air-fryer-ninja.fr\/?p=3227"},"modified":"2025-01-19T02:37:58","modified_gmt":"2025-01-19T02:37:58","slug":"recette-gratin-dauphinois-au-airfryer","status":"publish","type":"post","link":"https:\/\/air-fryer-ninja.fr\/fi\/recette-gratin-dauphinois-au-airfryer\/","title":{"rendered":"Recette gratin dauphinois au Airfryer"},"content":{"rendered":"<p><strong>D\u00e9couvrez comment pr\u00e9parer un\u00a0d\u00e9licieux gratin dauphinois au Airfryer\u00a0en un temps record ! Cette version revisit\u00e9e du classique de la cuisine fran\u00e7aise allie la rapidit\u00e9 de cuisson de l&rsquo;Airfryer \u00e0 l&rsquo;onctuosit\u00e9 traditionnelle du gratin. Un plat r\u00e9confortant pr\u00eat en moins de 45 minutes, parfait pour un repas en famille.<\/strong><\/p>\n\n\n\n<p><strong>\u23f1\ufe0f de pr\u00e9paration\u00a0<\/strong>: 15 minutes<br>\u23f1\ufe0f <strong>Kypsennysaika<\/strong>\u00a0: 30 minutes<br>\u23f1\ufe0f <strong>Temps total<\/strong>\u00a0: 45 minutes<\/p>\n\n\n\n<h2 class=\"wp-block-heading\">Ingr\u00e9dients (pour 4 personnes)<\/h2>\n\n\n\n<p>\u2022 1 kg de pommes de terre<br>\u2022 2 gousses d&rsquo;ail<br>\u2022 200 ml de cr\u00e8me fra\u00eeche<br>\u2022 100 g de gruy\u00e8re r\u00e2p\u00e9<br>\u2022 Sel et poivre du moulin<\/p>\n\n\n\n<h2 class=\"wp-block-heading\">Ustensiles<\/h2>\n\n\n\n<p>\u2022 Un Airfryer<br>\u2022 Un plat adapt\u00e9 \u00e0 l&rsquo;Airfryer<br>\u2022 Une mandoline ou un bon couteau<br>\u2022 Une r\u00e2pe \u00e0 fromage<\/p>\n\n\n\n<h2 class=\"wp-block-heading\">R\u00e9alisation pas \u00e0 pas<\/h2>\n\n\n\n<p><strong>\u00c9tape pr\u00e9liminaire facultative <\/strong>: Pr\u00e9cuisez les pommes de terre dans du lait pendant 10 minutes avant de les placer dans l&rsquo;Airfryer pour garantir une cuisson parfaite.<\/p>\n\n\n\n<ol class=\"wp-block-list\">\n<li><strong>\u00c9pluchez et tranchez finement<\/strong> les\u00a0pommes de terre \u00e0 la mandoline\u00a0pour obtenir des lamelles r\u00e9guli\u00e8res.<\/li>\n\n\n\n<li><strong>Frottez g\u00e9n\u00e9reusement<\/strong>\u00a0votre plat avec les gousses d&rsquo;ail pel\u00e9es et \u00e9cras\u00e9es.<\/li>\n\n\n\n<li><strong>Disposez une premi\u00e8re couche<\/strong> de\u00a0pommes de terre pr\u00e9cuites\u00a0dans le fond du plat.<\/li>\n\n\n\n<li><strong>Assaisonnez de sel, poivre<\/strong> et versez un filet de\u00a0cr\u00e8me fra\u00eeche\u00a0sur la couche.<\/li>\n\n\n\n<li><strong>R\u00e9p\u00e9tez l&rsquo;op\u00e9ration<\/strong> en superposant les couches jusqu&rsquo;\u00e0 \u00e9puisement des ingr\u00e9dients.<\/li>\n\n\n\n<li><strong>Terminez<\/strong> par une g\u00e9n\u00e9reuse couche de\u00a0gruy\u00e8re r\u00e2p\u00e9.<\/li>\n\n\n\n<li><strong>Faites cuire \u00a0pendant 30 minutes<\/strong> <strong>dans l&rsquo;Airfryer<\/strong> pr\u00e9chauff\u00e9 \u00e0 180\u00b0C.<\/li>\n<\/ol>\n\n\n\n<h2 class=\"wp-block-heading\">Conseils du chef<\/h2>\n\n\n\n<ul class=\"wp-block-list\">\n<li>Choisissez des pommes de terre \u00e0 chair ferme pour un meilleur r\u00e9sultat<\/li>\n\n\n\n<li>La pr\u00e9cuisson est essentielle pour la r\u00e9ussite de ce gratin \u00e0 l&rsquo;Airfryer<\/li>\n\n\n\n<li>Vous pouvez ajouter de la muscade r\u00e2p\u00e9e entre les couches<\/li>\n<\/ul>\n\n\n\n<p>N&rsquo;oubliez pas que la&nbsp;<strong>cuisine est avant tout une question d&rsquo;adaptation<\/strong>. Si vous pr\u00e9f\u00e9rez des saveurs plus prononc\u00e9es, n&rsquo;h\u00e9sitez pas \u00e0 incorporer des herbes aromatiques comme le thym ou le romarin. Pour une version plus gourmande, vous pouvez m\u00eame ajouter une fine couche de lardons entre les pommes de terre !<\/p>\n\n\n\n<h3 class=\"wp-block-heading\">La phrase du chef :<\/h3>\n\n\n\n<blockquote class=\"wp-block-quote is-layout-flow wp-block-quote-is-layout-flow\">\n<p><em>\u00ab\u00a0Le secret d&rsquo;un gratin dauphinois au Airfryer r\u00e9ussi r\u00e9side dans la finesse des tranches et la pr\u00e9cuisson des pommes de terre.\u00a0\u00bb<\/em><\/p>\n<\/blockquote>\n\n\n\n<h2 class=\"wp-block-heading\">Questions fr\u00e9quentes<\/h2>\n\n\n\n<p><strong>Puis-je utiliser du lait \u00e0 la place de la cr\u00e8me ?<\/strong><br>Oui, vous pouvez opter pour du lait entier ou demi-\u00e9cr\u00e9m\u00e9 pour une version plus l\u00e9g\u00e8re de ce gratin dauphinois au Airfryer.<\/p>\n\n\n\n<p><strong>Comment savoir si mon gratin est bien cuit ?<\/strong><br>Les pommes de terre doivent \u00eatre tendres quand vous les piquez avec la pointe d&rsquo;un couteau.<\/p>\n\n\n\n<p><strong>Puis-je pr\u00e9parer ce gratin \u00e0 l&rsquo;avance ?<\/strong><br>Vous pouvez pr\u00e9parer les couches \u00e0 l&rsquo;avance mais il est pr\u00e9f\u00e9rable de cuire le gratin au dernier moment pour une texture optimale.<\/p>\n\n\n\n<p><strong>Quelle taille de plat utiliser dans l&rsquo;Airfryer ?<\/strong><br>Choisissez un plat qui s&rsquo;adapte parfaitement \u00e0 votre Airfryer tout en laissant un peu d&rsquo;espace sur les c\u00f4t\u00e9s pour la circulation de l&rsquo;air chaud. Un plat de 20-22 cm de diam\u00e8tre convient g\u00e9n\u00e9ralement bien pour les portions indiqu\u00e9es.<\/p>\n\n\n\n<p><strong>Mon gratin peut-il \u00eatre r\u00e9chauff\u00e9 \u00e0 l&rsquo;Airfryer ?<\/strong><br>Absolument ! R\u00e9chauffez votre gratin 5-7 minutes \u00e0 160\u00b0C dans l&rsquo;Airfryer. Couvrez-le d&rsquo;une feuille d&rsquo;aluminium si le dessus est d\u00e9j\u00e0 bien dor\u00e9 pour \u00e9viter qu&rsquo;il ne br\u00fble.<\/p>\n\n\n\n<p>Votre\u00a0<strong>Airfryer<\/strong>\u00a0vient de donner un nouveau souffle \u00e0 ce grand classique de la cuisine fran\u00e7aise ! Non seulement vous gagnerez un temps pr\u00e9cieux avec cette version du\u00a0<strong>gratin dauphinois<\/strong>, mais vous d\u00e9couvrirez aussi une texture incomparable gr\u00e2ce \u00e0 la circulation optimale de l&rsquo;air chaud. Transformez votre repas du soir en moment de pure gourmandise et partagez vos cr\u00e9ations les commentaires &#8211; nous adorons voir vos r\u00e9ussites culinaires !<\/p>","protected":false},"excerpt":{"rendered":"<p>D\u00e9couvrez comment pr\u00e9parer un\u00a0d\u00e9licieux gratin dauphinois au Airfryer\u00a0en un temps record ! Cette version revisit\u00e9e du classique de la cuisine fran\u00e7aise allie la rapidit\u00e9 de cuisson de l&rsquo;Airfryer \u00e0 l&rsquo;onctuosit\u00e9 traditionnelle du gratin. Un plat r\u00e9confortant pr\u00eat en moins de 45 minutes, parfait pour un repas en famille. \u23f1\ufe0f de pr\u00e9paration\u00a0: 15 minutes\u23f1\ufe0f Temps de [&hellip;]<\/p>","protected":false},"author":1,"featured_media":3250,"comment_status":"open","ping_status":"open","sticky":false,"template":"","format":"standard","meta":{"wprm-recipe-roundup-name":"","wprm-recipe-roundup-description":"","footnotes":""},"categories":[30],"tags":[188,201],"class_list":["post-3227","post","type-post","status-publish","format-standard","has-post-thumbnail","hentry","category-legumes","tag-gratin","tag-pommes-de-terre"],"yoast_head":"<!-- This site is optimized with the Yoast SEO plugin v27.5 - https:\/\/yoast.com\/product\/yoast-seo-wordpress\/ -->\n<title>Recette gratin dauphinois au Airfryer - Air fryer ninja Recettes<\/title>\n<meta name=\"robots\" content=\"index, follow, max-snippet:-1, max-image-preview:large, max-video-preview:-1\" \/>\n<link rel=\"canonical\" href=\"https:\/\/air-fryer-ninja.fr\/fi\/recette-gratin-dauphinois-au-airfryer\/\" \/>\n<meta property=\"og:locale\" content=\"fi_FI\" \/>\n<meta property=\"og:type\" content=\"article\" \/>\n<meta property=\"og:title\" content=\"Recette gratin dauphinois au Airfryer - Air fryer ninja Recettes\" \/>\n<meta property=\"og:description\" content=\"D\u00e9couvrez comment pr\u00e9parer un\u00a0d\u00e9licieux gratin dauphinois au Airfryer\u00a0en un temps record ! Cette version revisit\u00e9e du classique de la cuisine fran\u00e7aise allie la rapidit\u00e9 de cuisson de l&rsquo;Airfryer \u00e0 l&rsquo;onctuosit\u00e9 traditionnelle du gratin. Un plat r\u00e9confortant pr\u00eat en moins de 45 minutes, parfait pour un repas en famille. \u23f1\ufe0f de pr\u00e9paration\u00a0: 15 minutes\u23f1\ufe0f Temps de [&hellip;]\" \/>\n<meta property=\"og:url\" content=\"https:\/\/air-fryer-ninja.fr\/fi\/recette-gratin-dauphinois-au-airfryer\/\" \/>\n<meta property=\"og:site_name\" content=\"Air fryer ninja Recettes\" \/>\n<meta property=\"article:published_time\" content=\"2025-01-17T06:25:00+00:00\" \/>\n<meta property=\"article:modified_time\" content=\"2025-01-19T02:37:58+00:00\" \/>\n<meta property=\"og:image\" content=\"https:\/\/air-fryer-ninja.fr\/wp-content\/uploads\/2026\/01\/recette-gratin-dauphinois-au-airfryer-1.jpg\" \/>\n\t<meta property=\"og:image:width\" content=\"1200\" \/>\n\t<meta property=\"og:image:height\" content=\"675\" \/>\n\t<meta property=\"og:image:type\" content=\"image\/jpeg\" \/>\n<meta name=\"author\" content=\"Stephy\" \/>\n<meta name=\"twitter:card\" content=\"summary_large_image\" \/>\n<meta name=\"twitter:label1\" content=\"Kirjoittanut\" \/>\n\t<meta name=\"twitter:data1\" content=\"Stephy\" \/>\n\t<meta name=\"twitter:label2\" content=\"Arvioitu lukuaika\" \/>\n\t<meta name=\"twitter:data2\" content=\"3 minuuttia\" \/>\n<!-- \/ Yoast SEO plugin. -->","yoast_head_json":{"title":"Recette gratin dauphinois au Airfryer - Air fryer ninja Recettes","robots":{"index":"index","follow":"follow","max-snippet":"max-snippet:-1","max-image-preview":"max-image-preview:large","max-video-preview":"max-video-preview:-1"},"canonical":"https:\/\/air-fryer-ninja.fr\/fi\/recette-gratin-dauphinois-au-airfryer\/","og_locale":"fi_FI","og_type":"article","og_title":"Recette gratin dauphinois au Airfryer - Air fryer ninja Recettes","og_description":"D\u00e9couvrez comment pr\u00e9parer un\u00a0d\u00e9licieux gratin dauphinois au Airfryer\u00a0en un temps record ! Cette version revisit\u00e9e du classique de la cuisine fran\u00e7aise allie la rapidit\u00e9 de cuisson de l&rsquo;Airfryer \u00e0 l&rsquo;onctuosit\u00e9 traditionnelle du gratin. Un plat r\u00e9confortant pr\u00eat en moins de 45 minutes, parfait pour un repas en famille. \u23f1\ufe0f de pr\u00e9paration\u00a0: 15 minutes\u23f1\ufe0f Temps de [&hellip;]","og_url":"https:\/\/air-fryer-ninja.fr\/fi\/recette-gratin-dauphinois-au-airfryer\/","og_site_name":"Air fryer ninja Recettes","article_published_time":"2025-01-17T06:25:00+00:00","article_modified_time":"2025-01-19T02:37:58+00:00","og_image":[{"width":1200,"height":675,"url":"https:\/\/air-fryer-ninja.fr\/wp-content\/uploads\/2026\/01\/recette-gratin-dauphinois-au-airfryer-1.jpg","type":"image\/jpeg"}],"author":"Stephy","twitter_card":"summary_large_image","twitter_misc":{"Kirjoittanut":"Stephy","Arvioitu lukuaika":"3 minuuttia"},"schema":{"@context":"https:\/\/schema.org","@graph":[{"@type":"Article","@id":"https:\/\/air-fryer-ninja.fr\/recette-gratin-dauphinois-au-airfryer\/#article","isPartOf":{"@id":"https:\/\/air-fryer-ninja.fr\/recette-gratin-dauphinois-au-airfryer\/"},"author":{"name":"Stephy","@id":"https:\/\/air-fryer-ninja.fr\/#\/schema\/person\/31ca83cb1c8812323af9097575aa686b"},"headline":"Recette gratin dauphinois au Airfryer","datePublished":"2025-01-17T06:25:00+00:00","dateModified":"2025-01-19T02:37:58+00:00","mainEntityOfPage":{"@id":"https:\/\/air-fryer-ninja.fr\/recette-gratin-dauphinois-au-airfryer\/"},"wordCount":641,"commentCount":0,"publisher":{"@id":"https:\/\/air-fryer-ninja.fr\/#organization"},"image":{"@id":"https:\/\/air-fryer-ninja.fr\/recette-gratin-dauphinois-au-airfryer\/#primaryimage"},"thumbnailUrl":"https:\/\/air-fryer-ninja.fr\/wp-content\/uploads\/2026\/01\/recette-gratin-dauphinois-au-airfryer-1.jpg","keywords":["gratin","pommes de terre"],"articleSection":["L\u00e9gumes"],"inLanguage":"fi","potentialAction":[{"@type":"CommentAction","name":"Comment","target":["https:\/\/air-fryer-ninja.fr\/recette-gratin-dauphinois-au-airfryer\/#respond"]}]},{"@type":"WebPage","@id":"https:\/\/air-fryer-ninja.fr\/recette-gratin-dauphinois-au-airfryer\/","url":"https:\/\/air-fryer-ninja.fr\/recette-gratin-dauphinois-au-airfryer\/","name":"Recette gratin dauphinois au Airfryer - Air fryer ninja Recettes","isPartOf":{"@id":"https:\/\/air-fryer-ninja.fr\/#website"},"primaryImageOfPage":{"@id":"https:\/\/air-fryer-ninja.fr\/recette-gratin-dauphinois-au-airfryer\/#primaryimage"},"image":{"@id":"https:\/\/air-fryer-ninja.fr\/recette-gratin-dauphinois-au-airfryer\/#primaryimage"},"thumbnailUrl":"https:\/\/air-fryer-ninja.fr\/wp-content\/uploads\/2026\/01\/recette-gratin-dauphinois-au-airfryer-1.jpg","datePublished":"2025-01-17T06:25:00+00:00","dateModified":"2025-01-19T02:37:58+00:00","breadcrumb":{"@id":"https:\/\/air-fryer-ninja.fr\/recette-gratin-dauphinois-au-airfryer\/#breadcrumb"},"inLanguage":"fi","potentialAction":[{"@type":"ReadAction","target":["https:\/\/air-fryer-ninja.fr\/recette-gratin-dauphinois-au-airfryer\/"]}]},{"@type":"ImageObject","inLanguage":"fi","@id":"https:\/\/air-fryer-ninja.fr\/recette-gratin-dauphinois-au-airfryer\/#primaryimage","url":"https:\/\/air-fryer-ninja.fr\/wp-content\/uploads\/2026\/01\/recette-gratin-dauphinois-au-airfryer-1.jpg","contentUrl":"https:\/\/air-fryer-ninja.fr\/wp-content\/uploads\/2026\/01\/recette-gratin-dauphinois-au-airfryer-1.jpg","width":1200,"height":675,"caption":"recette gratin dauphinois au airfryer"},{"@type":"BreadcrumbList","@id":"https:\/\/air-fryer-ninja.fr\/recette-gratin-dauphinois-au-airfryer\/#breadcrumb","itemListElement":[{"@type":"ListItem","position":1,"name":"Recette Air Fryer","item":"https:\/\/air-fryer-ninja.fr\/"},{"@type":"ListItem","position":2,"name":"Recette gratin dauphinois au Airfryer"}]},{"@type":"WebSite","@id":"https:\/\/air-fryer-ninja.fr\/#website","url":"https:\/\/air-fryer-ninja.fr\/","name":"Ilmastointipaistinpannu ninja","description":"Air fryer ninja resepti blogi","publisher":{"@id":"https:\/\/air-fryer-ninja.fr\/#organization"},"potentialAction":[{"@type":"SearchAction","target":{"@type":"EntryPoint","urlTemplate":"https:\/\/air-fryer-ninja.fr\/?s={search_term_string}"},"query-input":{"@type":"PropertyValueSpecification","valueRequired":true,"valueName":"search_term_string"}}],"inLanguage":"fi"},{"@type":"Organization","@id":"https:\/\/air-fryer-ninja.fr\/#organization","name":"Ilmastointipaistinpannu ninja","url":"https:\/\/air-fryer-ninja.fr\/","logo":{"@type":"ImageObject","inLanguage":"fi","@id":"https:\/\/air-fryer-ninja.fr\/#\/schema\/logo\/image\/","url":"https:\/\/air-fryer-ninja.fr\/wp-content\/uploads\/2022\/09\/air-fryer-ninja.png","contentUrl":"https:\/\/air-fryer-ninja.fr\/wp-content\/uploads\/2022\/09\/air-fryer-ninja.png","width":500,"height":90,"caption":"Air fryer ninja"},"image":{"@id":"https:\/\/air-fryer-ninja.fr\/#\/schema\/logo\/image\/"}},{"@type":"Person","@id":"https:\/\/air-fryer-ninja.fr\/#\/schema\/person\/31ca83cb1c8812323af9097575aa686b","name":"Stephy","image":{"@type":"ImageObject","inLanguage":"fi","@id":"https:\/\/air-fryer-ninja.fr\/wp-content\/uploads\/2024\/11\/cropped-Untitled-design-2024-11-04T123927.617-96x96.jpg","url":"https:\/\/air-fryer-ninja.fr\/wp-content\/uploads\/2024\/11\/cropped-Untitled-design-2024-11-04T123927.617-96x96.jpg","contentUrl":"https:\/\/air-fryer-ninja.fr\/wp-content\/uploads\/2024\/11\/cropped-Untitled-design-2024-11-04T123927.617-96x96.jpg","caption":"Stephy"},"description":"Olen Stephy, koti\u00e4iti, jolla on intohimo ruoanlaittoon! Siit\u00e4 l\u00e4htien, kun l\u00f6ysin Air Fryerin, se on ollut ihanteellinen kumppanini maukkaiden ja helposti valmistettavien reseptien luomiseen. Rakastan kokeilla ja keksi\u00e4 ruokia, jotka yll\u00e4tt\u00e4v\u00e4t ja ilahduttavat perhett\u00e4ni. T\u00e4ss\u00e4 jaan parhaat vinkkini ja suosikkireseptini, joiden avulla voit nauttia kotiruoan herkuista ilman, ett\u00e4 joudut viett\u00e4m\u00e4\u00e4n tuntikausia lieden takana. Tavoitteeni? N\u00e4ytt\u00e4\u00e4 sinulle, ett\u00e4 pienell\u00e4 luovuudella air fryer voi tehd\u00e4 jokaisesta ateriasta todellisen nautinnon!","sameAs":["https:\/\/air-fryer-ninja.fr"],"url":"https:\/\/air-fryer-ninja.fr\/fi\/author\/a1rdy\/"}]}},"_links":{"self":[{"href":"https:\/\/air-fryer-ninja.fr\/fi\/wp-json\/wp\/v2\/posts\/3227","targetHints":{"allow":["GET"]}}],"collection":[{"href":"https:\/\/air-fryer-ninja.fr\/fi\/wp-json\/wp\/v2\/posts"}],"about":[{"href":"https:\/\/air-fryer-ninja.fr\/fi\/wp-json\/wp\/v2\/types\/post"}],"author":[{"embeddable":true,"href":"https:\/\/air-fryer-ninja.fr\/fi\/wp-json\/wp\/v2\/users\/1"}],"replies":[{"embeddable":true,"href":"https:\/\/air-fryer-ninja.fr\/fi\/wp-json\/wp\/v2\/comments?post=3227"}],"version-history":[{"count":1,"href":"https:\/\/air-fryer-ninja.fr\/fi\/wp-json\/wp\/v2\/posts\/3227\/revisions"}],"predecessor-version":[{"id":3229,"href":"https:\/\/air-fryer-ninja.fr\/fi\/wp-json\/wp\/v2\/posts\/3227\/revisions\/3229"}],"wp:featuredmedia":[{"embeddable":true,"href":"https:\/\/air-fryer-ninja.fr\/fi\/wp-json\/wp\/v2\/media\/3250"}],"wp:attachment":[{"href":"https:\/\/air-fryer-ninja.fr\/fi\/wp-json\/wp\/v2\/media?parent=3227"}],"wp:term":[{"taxonomy":"category","embeddable":true,"href":"https:\/\/air-fryer-ninja.fr\/fi\/wp-json\/wp\/v2\/categories?post=3227"},{"taxonomy":"post_tag","embeddable":true,"href":"https:\/\/air-fryer-ninja.fr\/fi\/wp-json\/wp\/v2\/tags?post=3227"}],"curies":[{"name":"wp","href":"https:\/\/api.w.org\/{rel}","templated":true}]}}