{"id":3167,"date":"2025-01-14T14:25:00","date_gmt":"2025-01-14T14:25:00","guid":{"rendered":"https:\/\/air-fryer-ninja.fr\/?p=3167"},"modified":"2025-01-16T22:20:17","modified_gmt":"2025-01-16T22:20:17","slug":"recette-mont-dor-au-airfryer","status":"publish","type":"post","link":"https:\/\/air-fryer-ninja.fr\/et\/recette-mont-dor-au-airfryer\/","title":{"rendered":"Recette Mont d&rsquo;or au Airfryer"},"content":{"rendered":"<p><strong>Vous cherchez une&nbsp;recette conviviale et savoureuse&nbsp;pour vos soir\u00e9es d&rsquo;hiver ? Le&nbsp;Mont d&rsquo;or au airfryer&nbsp;est la solution parfaite ! Cette pr\u00e9paration traditionnelle revisit\u00e9e vous permettra de r\u00e9galer vos invit\u00e9s avec un minimum d&rsquo;effort et un maximum de gourmandise. Suivez notre guide pour r\u00e9ussir ce&nbsp;plat signature de la gastronomie franc-comtoise.<\/strong><\/p>\n\n\n\n<p><strong>\u23f1\ufe0f Temps de pr\u00e9paration :<\/strong>\u00a05 minutit<\/p>\n\n\n\n<p><strong>\u23f1\ufe0f Temps de cuisson :<\/strong>\u00a015 minutes<\/p>\n\n\n\n<p><strong>\u23f1\ufe0f Temps total :<\/strong>\u00a020 minutes<\/p>\n\n\n\n<h2 class=\"wp-block-heading\">Ingr\u00e9dients (pour 4 personnes)<\/h2>\n\n\n\n<p>\u2022 1 bo\u00eete de&nbsp;Mont d&rsquo;or<br>\u2022 2&nbsp;gousses d&rsquo;ail<br>\u2022 1 verre de&nbsp;vin blanc sec<br>\u2022 1 cuill\u00e8re \u00e0 soupe de&nbsp;kirsch<br>\u2022&nbsp;Poivre du moulin<\/p>\n\n\n\n<h2 class=\"wp-block-heading\">Ustensiles<\/h2>\n\n\n\n<p>\u2022&nbsp;Airfryer<br>\u2022 Plat adapt\u00e9 \u00e0 l&rsquo;airfryer<br>\u2022 Couteau<br>\u2022 Cuill\u00e8re \u00e0 soupe<\/p>\n\n\n\n<h2 class=\"wp-block-heading\">R\u00e9alisation pas \u00e0 pas<\/h2>\n\n\n\n<p>1.&nbsp;<strong>R\u00e9glez la temp\u00e9rature de l&rsquo;airfryer \u00e0 180\u00b0C<\/strong>&nbsp;et laissez-le monter en temp\u00e9rature quelques minutes.<\/p>\n\n\n\n<p>2.&nbsp;<strong>Proc\u00e9dez \u00e0 la pr\u00e9paration du fromage<\/strong>&nbsp;en sectionnant d\u00e9licatement le Mont d&rsquo;or sur sa hauteur. Disposez-le dans un r\u00e9cipient adapt\u00e9 aux dimensions de votre airfryer.<\/p>\n\n\n\n<p>3.&nbsp;<strong>Pr\u00e9parez les gousses d&rsquo;ail<\/strong>&nbsp;en les pelant et en pratiquant de l\u00e9g\u00e8res entailles, avant de les enfoncer dans la masse cr\u00e9meuse du fromage pour diffuser leurs saveurs.<\/p>\n\n\n\n<p>4.&nbsp;<strong>Proc\u00e9dez \u00e0 l&rsquo;assaisonnement<\/strong>&nbsp;en versant d\u00e9licatement le m\u00e9lange de vin blanc et de kirsch sur le fromage. Terminez par quelques tours de moulin \u00e0 poivre.<\/p>\n\n\n\n<p>5.&nbsp;<strong>Lancez la cuisson<\/strong>&nbsp;en pla\u00e7ant le plat dans l&rsquo;airfryer pour une dur\u00e9e de 15 minutes, jusqu&rsquo;\u00e0 ce que la surface soit joliment gratin\u00e9e et que le c\u0153ur soit d\u00e9licieusement coulant.<\/p>\n\n\n\n<h2 class=\"wp-block-heading\">Conseils du chef<\/h2>\n\n\n\n<p>\u2022 Sortez le Mont d&rsquo;or du r\u00e9frig\u00e9rateur 30 minutes avant la pr\u00e9paration<br>\u2022 Optez pour un vin blanc sec de la r\u00e9gion du Jura pour plus d&rsquo;authenticit\u00e9<br>\u2022 V\u00e9rifiez la cuisson apr\u00e8s 12 minutes pour ajuster si n\u00e9cessaire<br>\u2022 Servez imm\u00e9diatement pour profiter de la texture cr\u00e9meuse<\/p>\n\n\n\n<p><strong>Pour enrichir l&rsquo;exp\u00e9rience gustative de votre Mont d&rsquo;or au airfryer<\/strong>, proposez un assortiment d&rsquo;accompagnements vari\u00e9s : des pommes de terre grenailles \u00e0 la vapeur, une salade croquante aux jeunes pousses, ou encore des l\u00e9gumes de saison grill\u00e9s. Le contraste entre la chaleur onctueuse du fromage et la fra\u00eecheur des garnitures cr\u00e9era une harmonie savoureuse dans l&rsquo;assiette. Rehaussez les saveurs en ajoutant, au dernier moment, un m\u00e9lange d&rsquo;herbes fra\u00eeches finement cisel\u00e9es &#8211; thym, romarin ou ciboulette &#8211; qui viendront souligner les notes caract\u00e9ristiques du Mont d&rsquo;or.<\/p>\n\n\n\n<h3 class=\"wp-block-heading\">La phrase du chef :<\/h3>\n\n\n\n<blockquote class=\"wp-block-quote is-layout-flow wp-block-quote-is-layout-flow\">\n<p><em>\u00ab\u00a0Le secret d&rsquo;un Mont d&rsquo;or r\u00e9ussi r\u00e9side dans l&rsquo;\u00e9quilibre entre la temp\u00e9rature de cuisson et le temps de fonte du fromage. La magie op\u00e8re quand la cro\u00fbte devient l\u00e9g\u00e8rement dor\u00e9e et que le c\u0153ur atteint cette onctuosit\u00e9 parfaite qui fait la r\u00e9putation de ce fromage d&rsquo;exception. C&rsquo;est \u00e0 ce moment pr\u00e9cis que les ar\u00f4mes se lib\u00e8rent et que la d\u00e9gustation devient une v\u00e9ritable exp\u00e9rience gastronomique.\u00a0\u00bb<\/em><\/p>\n<\/blockquote>\n\n\n\n<h2 class=\"wp-block-heading\">Questions fr\u00e9quentes<\/h2>\n\n\n\n<p><strong>Puis-je utiliser un autre fromage que le Mont d&rsquo;or ?<\/strong><br>Le Mont d&rsquo;or poss\u00e8de des caract\u00e9ristiques uniques, mais vous pouvez exp\u00e9rimenter avec un camembert ou un vacherin fribourgeois.<\/p>\n\n\n\n<p><strong>Comment conserver les restes ?<\/strong><br>Il est pr\u00e9f\u00e9rable de consommer le Mont d&rsquo;or imm\u00e9diatement. Si n\u00e9cessaire, conservez les restes au r\u00e9frig\u00e9rateur et r\u00e9chauffez-les doucement.<\/p>\n\n\n\n<p><strong>Quels accompagnements sugg\u00e9rez-vous ?<\/strong><br>Charcuteries, pain rustique, pommes de terre, cornichons et salade verte sont parfaits pour accompagner ce plat.<\/p>\n\n\n\n<p><strong>Quelle est la meilleure p\u00e9riode pour d\u00e9guster le Mont d&rsquo;or ?<\/strong><br>Le Mont d&rsquo;or est un fromage saisonnier disponible d&rsquo;octobre \u00e0 mars. C&rsquo;est pendant cette p\u00e9riode que vous pourrez profiter de ses meilleures qualit\u00e9s gustatives.<\/p>\n\n\n\n<p><strong>Peut-on pr\u00e9parer cette recette pour plus de convives ?<\/strong><br>Absolument ! Vous pouvez facilement adapter la recette en utilisant un plus grand Mont d&rsquo;or ou en pr\u00e9parant plusieurs portions successivement dans votre airfryer. Ajustez simplement les quantit\u00e9s d&rsquo;accompagnements proportionnellement.<\/p>\n\n\n\n<p>Donnez un souffle nouveau \u00e0 la tradition avec cette pr\u00e9paration du&nbsp;<strong>Mont d&rsquo;or au airfryer<\/strong>. Cette approche contemporaine conserve toute l&rsquo;authenticit\u00e9 du plat tout en simplifiant sa r\u00e9alisation. Nous serions ravis de d\u00e9couvrir vos versions personnalis\u00e9es et vos suggestions d&rsquo;accompagnements dans les commentaires !<\/p>","protected":false},"excerpt":{"rendered":"<p>Vous cherchez une&nbsp;recette conviviale et savoureuse&nbsp;pour vos soir\u00e9es d&rsquo;hiver ? Le&nbsp;Mont d&rsquo;or au airfryer&nbsp;est la solution parfaite ! Cette pr\u00e9paration traditionnelle revisit\u00e9e vous permettra de r\u00e9galer vos invit\u00e9s avec un minimum d&rsquo;effort et un maximum de gourmandise. Suivez notre guide pour r\u00e9ussir ce&nbsp;plat signature de la gastronomie franc-comtoise. \u23f1\ufe0f Temps de pr\u00e9paration :\u00a05 minutes \u23f1\ufe0f [&hellip;]<\/p>","protected":false},"author":1,"featured_media":3172,"comment_status":"open","ping_status":"open","sticky":false,"template":"","format":"standard","meta":{"wprm-recipe-roundup-name":"","wprm-recipe-roundup-description":"","footnotes":""},"categories":[35],"tags":[183,184],"class_list":["post-3167","post","type-post","status-publish","format-standard","has-post-thumbnail","hentry","category-fromage","tag-fromage","tag-mont-dor"],"yoast_head":"<!-- This site is optimized with the Yoast SEO plugin v27.5 - https:\/\/yoast.com\/product\/yoast-seo-wordpress\/ -->\n<title>Recette Mont d&#039;or au Airfryer - Air fryer ninja Recettes<\/title>\n<meta name=\"description\" content=\"D\u00e9couvrez comment pr\u00e9parer un Mont d&#039;or au airfryer en seulement 20 minutes ! Cette recette traditionnelle modernis\u00e9e vous garantit un fromage fondant et d\u00e9licieusement cr\u00e9meux. Un plat r\u00e9confortant et convivial id\u00e9al pour vos soir\u00e9es d&#039;hiver.\" \/>\n<meta name=\"robots\" content=\"index, follow, max-snippet:-1, max-image-preview:large, max-video-preview:-1\" \/>\n<link rel=\"canonical\" href=\"https:\/\/air-fryer-ninja.fr\/et\/recette-mont-dor-au-airfryer\/\" \/>\n<meta property=\"og:locale\" content=\"et_EE\" \/>\n<meta property=\"og:type\" content=\"article\" \/>\n<meta property=\"og:title\" content=\"Recette Mont d&#039;or au Airfryer - Air fryer ninja Recettes\" \/>\n<meta property=\"og:description\" content=\"D\u00e9couvrez comment pr\u00e9parer un Mont d&#039;or au airfryer en seulement 20 minutes ! Cette recette traditionnelle modernis\u00e9e vous garantit un fromage fondant et d\u00e9licieusement cr\u00e9meux. Un plat r\u00e9confortant et convivial id\u00e9al pour vos soir\u00e9es d&#039;hiver.\" \/>\n<meta property=\"og:url\" content=\"https:\/\/air-fryer-ninja.fr\/et\/recette-mont-dor-au-airfryer\/\" \/>\n<meta property=\"og:site_name\" content=\"Air fryer ninja Recettes\" \/>\n<meta property=\"article:published_time\" content=\"2025-01-14T14:25:00+00:00\" \/>\n<meta property=\"article:modified_time\" content=\"2025-01-16T22:20:17+00:00\" \/>\n<meta property=\"og:image\" content=\"https:\/\/air-fryer-ninja.fr\/wp-content\/uploads\/2025\/01\/recette-mont-d-or-au-air-fryer.jpg\" \/>\n\t<meta property=\"og:image:width\" content=\"1200\" \/>\n\t<meta property=\"og:image:height\" content=\"675\" \/>\n\t<meta property=\"og:image:type\" content=\"image\/jpeg\" \/>\n<meta name=\"author\" content=\"Stephy\" \/>\n<meta name=\"twitter:card\" content=\"summary_large_image\" \/>\n<meta name=\"twitter:label1\" content=\"Written by\" \/>\n\t<meta name=\"twitter:data1\" content=\"Stephy\" \/>\n\t<meta name=\"twitter:label2\" content=\"Est. reading time\" \/>\n\t<meta name=\"twitter:data2\" content=\"4 minutit\" \/>\n<!-- \/ Yoast SEO plugin. -->","yoast_head_json":{"title":"Recette Mont d'or au Airfryer - Air fryer ninja Recettes","description":"D\u00e9couvrez comment pr\u00e9parer un Mont d'or au airfryer en seulement 20 minutes ! Cette recette traditionnelle modernis\u00e9e vous garantit un fromage fondant et d\u00e9licieusement cr\u00e9meux. Un plat r\u00e9confortant et convivial id\u00e9al pour vos soir\u00e9es d'hiver.","robots":{"index":"index","follow":"follow","max-snippet":"max-snippet:-1","max-image-preview":"max-image-preview:large","max-video-preview":"max-video-preview:-1"},"canonical":"https:\/\/air-fryer-ninja.fr\/et\/recette-mont-dor-au-airfryer\/","og_locale":"et_EE","og_type":"article","og_title":"Recette Mont d'or au Airfryer - Air fryer ninja Recettes","og_description":"D\u00e9couvrez comment pr\u00e9parer un Mont d'or au airfryer en seulement 20 minutes ! Cette recette traditionnelle modernis\u00e9e vous garantit un fromage fondant et d\u00e9licieusement cr\u00e9meux. Un plat r\u00e9confortant et convivial id\u00e9al pour vos soir\u00e9es d'hiver.","og_url":"https:\/\/air-fryer-ninja.fr\/et\/recette-mont-dor-au-airfryer\/","og_site_name":"Air fryer ninja Recettes","article_published_time":"2025-01-14T14:25:00+00:00","article_modified_time":"2025-01-16T22:20:17+00:00","og_image":[{"width":1200,"height":675,"url":"https:\/\/air-fryer-ninja.fr\/wp-content\/uploads\/2025\/01\/recette-mont-d-or-au-air-fryer.jpg","type":"image\/jpeg"}],"author":"Stephy","twitter_card":"summary_large_image","twitter_misc":{"Written by":"Stephy","Est. reading time":"4 minutit"},"schema":{"@context":"https:\/\/schema.org","@graph":[{"@type":"Article","@id":"https:\/\/air-fryer-ninja.fr\/recette-mont-dor-au-airfryer\/#article","isPartOf":{"@id":"https:\/\/air-fryer-ninja.fr\/recette-mont-dor-au-airfryer\/"},"author":{"name":"Stephy","@id":"https:\/\/air-fryer-ninja.fr\/#\/schema\/person\/31ca83cb1c8812323af9097575aa686b"},"headline":"Recette Mont d&rsquo;or au Airfryer","datePublished":"2025-01-14T14:25:00+00:00","dateModified":"2025-01-16T22:20:17+00:00","mainEntityOfPage":{"@id":"https:\/\/air-fryer-ninja.fr\/recette-mont-dor-au-airfryer\/"},"wordCount":741,"commentCount":0,"publisher":{"@id":"https:\/\/air-fryer-ninja.fr\/#organization"},"image":{"@id":"https:\/\/air-fryer-ninja.fr\/recette-mont-dor-au-airfryer\/#primaryimage"},"thumbnailUrl":"https:\/\/air-fryer-ninja.fr\/wp-content\/uploads\/2025\/01\/recette-mont-d-or-au-air-fryer.jpg","keywords":["fromage","mont d'or"],"articleSection":["Fromage"],"inLanguage":"et","potentialAction":[{"@type":"CommentAction","name":"Comment","target":["https:\/\/air-fryer-ninja.fr\/recette-mont-dor-au-airfryer\/#respond"]}]},{"@type":"WebPage","@id":"https:\/\/air-fryer-ninja.fr\/recette-mont-dor-au-airfryer\/","url":"https:\/\/air-fryer-ninja.fr\/recette-mont-dor-au-airfryer\/","name":"Recette Mont d'or au Airfryer - Air fryer ninja Recettes","isPartOf":{"@id":"https:\/\/air-fryer-ninja.fr\/#website"},"primaryImageOfPage":{"@id":"https:\/\/air-fryer-ninja.fr\/recette-mont-dor-au-airfryer\/#primaryimage"},"image":{"@id":"https:\/\/air-fryer-ninja.fr\/recette-mont-dor-au-airfryer\/#primaryimage"},"thumbnailUrl":"https:\/\/air-fryer-ninja.fr\/wp-content\/uploads\/2025\/01\/recette-mont-d-or-au-air-fryer.jpg","datePublished":"2025-01-14T14:25:00+00:00","dateModified":"2025-01-16T22:20:17+00:00","description":"D\u00e9couvrez comment pr\u00e9parer un Mont d'or au airfryer en seulement 20 minutes ! Cette recette traditionnelle modernis\u00e9e vous garantit un fromage fondant et d\u00e9licieusement cr\u00e9meux. Un plat r\u00e9confortant et convivial id\u00e9al pour vos soir\u00e9es d'hiver.","breadcrumb":{"@id":"https:\/\/air-fryer-ninja.fr\/recette-mont-dor-au-airfryer\/#breadcrumb"},"inLanguage":"et","potentialAction":[{"@type":"ReadAction","target":["https:\/\/air-fryer-ninja.fr\/recette-mont-dor-au-airfryer\/"]}]},{"@type":"ImageObject","inLanguage":"et","@id":"https:\/\/air-fryer-ninja.fr\/recette-mont-dor-au-airfryer\/#primaryimage","url":"https:\/\/air-fryer-ninja.fr\/wp-content\/uploads\/2025\/01\/recette-mont-d-or-au-air-fryer.jpg","contentUrl":"https:\/\/air-fryer-ninja.fr\/wp-content\/uploads\/2025\/01\/recette-mont-d-or-au-air-fryer.jpg","width":1200,"height":675,"caption":"recette mont d or au air fryer"},{"@type":"BreadcrumbList","@id":"https:\/\/air-fryer-ninja.fr\/recette-mont-dor-au-airfryer\/#breadcrumb","itemListElement":[{"@type":"ListItem","position":1,"name":"Recette Air Fryer","item":"https:\/\/air-fryer-ninja.fr\/"},{"@type":"ListItem","position":2,"name":"Recette Mont d&#8217;or au Airfryer"}]},{"@type":"WebSite","@id":"https:\/\/air-fryer-ninja.fr\/#website","url":"https:\/\/air-fryer-ninja.fr\/","name":"\u00d5hufrit\u00fc\u00fcr ninja","description":"\u00d5hufrit\u00fc\u00fcr ninja retsepti blogi","publisher":{"@id":"https:\/\/air-fryer-ninja.fr\/#organization"},"potentialAction":[{"@type":"SearchAction","target":{"@type":"EntryPoint","urlTemplate":"https:\/\/air-fryer-ninja.fr\/?s={search_term_string}"},"query-input":{"@type":"PropertyValueSpecification","valueRequired":true,"valueName":"search_term_string"}}],"inLanguage":"et"},{"@type":"Organization","@id":"https:\/\/air-fryer-ninja.fr\/#organization","name":"\u00d5hufrit\u00fc\u00fcr ninja","url":"https:\/\/air-fryer-ninja.fr\/","logo":{"@type":"ImageObject","inLanguage":"et","@id":"https:\/\/air-fryer-ninja.fr\/#\/schema\/logo\/image\/","url":"https:\/\/air-fryer-ninja.fr\/wp-content\/uploads\/2022\/09\/air-fryer-ninja.png","contentUrl":"https:\/\/air-fryer-ninja.fr\/wp-content\/uploads\/2022\/09\/air-fryer-ninja.png","width":500,"height":90,"caption":"Air fryer ninja"},"image":{"@id":"https:\/\/air-fryer-ninja.fr\/#\/schema\/logo\/image\/"}},{"@type":"Person","@id":"https:\/\/air-fryer-ninja.fr\/#\/schema\/person\/31ca83cb1c8812323af9097575aa686b","name":"Stephy","image":{"@type":"ImageObject","inLanguage":"et","@id":"https:\/\/air-fryer-ninja.fr\/wp-content\/uploads\/2024\/11\/cropped-Untitled-design-2024-11-04T123927.617-96x96.jpg","url":"https:\/\/air-fryer-ninja.fr\/wp-content\/uploads\/2024\/11\/cropped-Untitled-design-2024-11-04T123927.617-96x96.jpg","contentUrl":"https:\/\/air-fryer-ninja.fr\/wp-content\/uploads\/2024\/11\/cropped-Untitled-design-2024-11-04T123927.617-96x96.jpg","caption":"Stephy"},"description":"Ma olen Stephy, koduperenaine, kellel on kirg toiduvalmistamise vastu! Sellest ajast peale, kui ma avastasin Air Fryeri, on see olnud minu ideaalne kaaslane maitsvate ja lihtsate retseptide loomiseks. Ma armastan eksperimenteerida ja leiutada roogasid, mis \u00fcllatavad ja r\u00f5\u00f5mustavad mu peret. Siin jagan oma parimaid n\u00e4pun\u00e4iteid ja lemmikretsepte, et aidata teil nautida koduse toiduvalmistamise v\u00f5lusid, ilma et peaksite tundide kaupa pliidi taga istuma. Minu eesm\u00e4rk? N\u00e4idata teile, et v\u00e4ikese loovuse abil v\u00f5ib Air Fryer muuta iga s\u00f6\u00f6gi t\u00f5eliseks naudinguks!","sameAs":["https:\/\/air-fryer-ninja.fr"],"url":"https:\/\/air-fryer-ninja.fr\/et\/author\/a1rdy\/"}]}},"_links":{"self":[{"href":"https:\/\/air-fryer-ninja.fr\/et\/wp-json\/wp\/v2\/posts\/3167","targetHints":{"allow":["GET"]}}],"collection":[{"href":"https:\/\/air-fryer-ninja.fr\/et\/wp-json\/wp\/v2\/posts"}],"about":[{"href":"https:\/\/air-fryer-ninja.fr\/et\/wp-json\/wp\/v2\/types\/post"}],"author":[{"embeddable":true,"href":"https:\/\/air-fryer-ninja.fr\/et\/wp-json\/wp\/v2\/users\/1"}],"replies":[{"embeddable":true,"href":"https:\/\/air-fryer-ninja.fr\/et\/wp-json\/wp\/v2\/comments?post=3167"}],"version-history":[{"count":4,"href":"https:\/\/air-fryer-ninja.fr\/et\/wp-json\/wp\/v2\/posts\/3167\/revisions"}],"predecessor-version":[{"id":3195,"href":"https:\/\/air-fryer-ninja.fr\/et\/wp-json\/wp\/v2\/posts\/3167\/revisions\/3195"}],"wp:featuredmedia":[{"embeddable":true,"href":"https:\/\/air-fryer-ninja.fr\/et\/wp-json\/wp\/v2\/media\/3172"}],"wp:attachment":[{"href":"https:\/\/air-fryer-ninja.fr\/et\/wp-json\/wp\/v2\/media?parent=3167"}],"wp:term":[{"taxonomy":"category","embeddable":true,"href":"https:\/\/air-fryer-ninja.fr\/et\/wp-json\/wp\/v2\/categories?post=3167"},{"taxonomy":"post_tag","embeddable":true,"href":"https:\/\/air-fryer-ninja.fr\/et\/wp-json\/wp\/v2\/tags?post=3167"}],"curies":[{"name":"wp","href":"https:\/\/api.w.org\/{rel}","templated":true}]}}