{"id":1927,"date":"2024-09-30T15:55:00","date_gmt":"2024-09-30T15:55:00","guid":{"rendered":"https:\/\/air-fryer-ninja.fr\/?p=1927"},"modified":"2025-01-06T20:13:42","modified_gmt":"2025-01-06T20:13:42","slug":"opskrift-pa-air-fryer-blabaertaerte","status":"publish","type":"post","link":"https:\/\/air-fryer-ninja.fr\/da\/opskrift-pa-air-fryer-blabaertaerte\/","title":{"rendered":"Opskrift Air fryer bl\u00e5b\u00e6rt\u00e6rte"},"content":{"rendered":"<p>Bl\u00e5b\u00e6rt\u00e6rter er generelt v\u00e6rdsat for deres smag. <strong>S\u00f8d og syrlig smag<\/strong>. I dag vil vi unders\u00f8ge, hvordan man forbereder dette vidunder ved hj\u00e6lp af en <strong>luftfryser<\/strong>. Denne metode reducerer ikke kun tilberedningstiden, men sikrer ogs\u00e5 en perfekt tekstur. <strong>spr\u00f8d<\/strong> samtidig med at du respekterer ingrediensernes delikatesse. F\u00f8lg vores tips og praktiske r\u00e5d for at g\u00f8re denne originale opskrift til en succes.<\/p>\n<h2>Ingredienser til en perfekt t\u00e6rte<\/h2>\n<h3>M\u00f8rdej<\/h3>\n<p>For at f\u00e5 en vellykket t\u00e6rte er dejens kvalitet altafg\u00f8rende. Her er de ingredienser, du skal bruge:<\/p>\n<ul>\n<li>250 g mel<\/li>\n<li>125 g koldt sm\u00f8r, sk\u00e5ret i tern<\/li>\n<li>50 g flormelis<\/li>\n<li>1 \u00e6g<\/li>\n<li>1 knivspids salt<\/li>\n<\/ul>\n<h3>Fyldet af bl\u00e5b\u00e6r<\/h3>\n<p>Du kan bruge friske eller frosne bl\u00e5b\u00e6r til denne opskrift, men s\u00f8rg for, at de er godt afdryppede, hvis de er frosne. Her er, hvad du skal bruge:<\/p>\n<ul>\n<li>500 g bl\u00e5b\u00e6r<\/li>\n<li>100 g flormelis<\/li>\n<li>2 spiseskefulde majsmel<\/li>\n<li>Et par dr\u00e5ber citronsaft<\/li>\n<li>Mandelpulver (valgfrit)<\/li>\n<\/ul>\n<h3>Tilberedning af konditorcreme (valgfrit)<\/h3>\n<p>Hvis du gerne vil pifte din t\u00e6rte op med en cremet bund, kan en <strong>Let vaniljecreme<\/strong> vil v\u00e6re ideelt:<\/p>\n<ul>\n<li>250 ml s\u00f8dm\u00e6lk<\/li>\n<li>2 \u00e6ggeblommer<\/li>\n<li>60 g sukker<\/li>\n<li>20 g majsmel<\/li>\n<li>Vaniljeekstrakt<\/li>\n<\/ul>\n<h2>Trin for trin: Forberedelse og tilberedning<\/h2>\n<h3>Fremstilling af m\u00f8rdej<\/h3>\n<p>Start med at sigte melet og tils\u00e6t salt og sukker. Bland sm\u00f8rret i, indtil du f\u00e5r en sandagtig blanding. Tils\u00e6t \u00e6gget, og \u00e6lt let, til det bliver en glat kugle. Pak dejen ind i husholdningsfilm, og lad den hvile i k\u00f8leskabet i 30 minutter.<\/p>\n<h3>Garnering af bl\u00e5b\u00e6r<\/h3>\n<p>Bland bl\u00e5b\u00e6rrene med sukker, majsmel og citronsaft. Lad det tr\u00e6kke, mens dejen hviler, s\u00e5 frugten frigiver sine aromaer og absorberer sukkeret.<\/p>\n<h3>Konditorcreme (hvis du v\u00e6lger denne mulighed)<\/h3>\n<p>Varm m\u00e6lken op med vaniljeekstraktet. Pisk samtidig \u00e6ggeblommer og sukker lyst, og tils\u00e6t derefter majsmel. H\u00e6ld gradvist den varme m\u00e6lk over blandingen under omr\u00f8ring. S\u00e6t det tilbage p\u00e5 svag varme, og lad det tykne under konstant omr\u00f8ring. S\u00e6t til side til afk\u00f8ling.<\/p>\n<h2>Tilberedning i luftfryseren<\/h2>\n<h3>Forvarmning og placering af dejen<\/h3>\n<p>F\u00f8rst og fremmest skal du forvarme din frituregryde til <strong>180\u00b0C<\/strong>. Rul dejen tyndt ud, og tryk den ud i en form, der passer til dit apparat. Prik bunden med en gaffel for at undg\u00e5, at den puster sig op.<\/p>\n<h3>Tom madlavning<\/h3>\n<p>For en gennemstegt skorpe, lav en <strong>Tom madlavning<\/strong> af dejen i 10 minutter. Du kan bruge bagev\u00e6gte til at stabilisere dejen.<\/p>\n<h3>Trim og finish<\/h3>\n<p>N\u00e5r wienerbr\u00f8det er forbagt, l\u00e6gges et tyndt lag af <strong>mandelpulver<\/strong> for at absorbere fugten fra frugten. Tils\u00e6t derefter bl\u00e5b\u00e6rblandingen, og bag igen i ca. 25 minutter, indtil fyldet bobler, og dejen er gylden.<\/p>\n<h2>Tips til en endnu mere velsmagende t\u00e6rte<\/h2>\n<h3>Brug af forskellige typer frugt<\/h3>\n<p>Vari\u00e9r forn\u00f8jelserne ved at blande bl\u00e5b\u00e6r med andre ingredienser. <strong>r\u00f8de b\u00e6r<\/strong> som hindb\u00e6r eller kirseb\u00e6r. Det giver et farverigt pr\u00e6g og en smagseksplosion til hver eneste bid.<\/p>\n<h3>Krydderier og krydderurter<\/h3>\n<p>For et originalt touch kan du ogs\u00e5 tilf\u00f8je krydderier som kanel eller friske urter som finthakket mynte til dit bl\u00e5b\u00e6rfyld.<\/p>\n<h3>Elegant pr\u00e6sentation<\/h3>\n<p>For at imponere dine g\u00e6ster kan du servere din bl\u00e5b\u00e6rt\u00e6rte med en <strong>en kugle vaniljeis<\/strong> eller en <strong>chantilly maison<\/strong>. Et strejf af revet citronskal p\u00e5 toppen kan ogs\u00e5 give en forfriskende, krydret note.<\/p>\n<h3>Kombination med saucer<\/h3>\n<p>S\u00e6t din t\u00e6rte sammen med en fl\u00f8desauce med et strejf af sm\u00f8r og ristede mandler. Hvis du vil have en eksotisk kombination, s\u00e5 pr\u00f8v en let s\u00f8det peanutsauce.<\/p>\n<p>Bl\u00e5b\u00e6rt\u00e6rte bagt i en luftfryser er en kulinarisk innovation, der kombinerer hastighed og kvalitet. Uanset om du er nybegynder eller ekspert i konditori, er denne opskrift velegnet til alle niveauer af kokke og garanterer l\u00e6kre resultater.<\/p>","protected":false},"excerpt":{"rendered":"<p>Les tartes aux myrtilles sont g\u00e9n\u00e9ralement appr\u00e9ci\u00e9es pour leur saveur sucr\u00e9e et acidul\u00e9e. Aujourd&rsquo;hui, on va explorer comment pr\u00e9parer cette merveille en utilisant un air fryer. Cette m\u00e9thode permet non seulement de r\u00e9duire le temps de cuisson mais aussi d&rsquo;obtenir une texture parfaitement croustillante tout en respectant la d\u00e9licatesse des ingr\u00e9dients. Suivez nos astuces et [&hellip;]<\/p>","protected":false},"author":1,"featured_media":1926,"comment_status":"open","ping_status":"open","sticky":false,"template":"","format":"standard","meta":{"wprm-recipe-roundup-name":"","wprm-recipe-roundup-description":"","footnotes":""},"categories":[31],"tags":[],"class_list":["post-1927","post","type-post","status-publish","format-standard","has-post-thumbnail","hentry","category-dessert"],"yoast_head":"<!-- This site is optimized with the Yoast SEO plugin v27.5 - https:\/\/yoast.com\/product\/yoast-seo-wordpress\/ -->\n<title>Recette Tarte aux myrtilles air fryer - Air fryer ninja Recettes<\/title>\n<meta name=\"robots\" content=\"index, follow, max-snippet:-1, max-image-preview:large, max-video-preview:-1\" \/>\n<link rel=\"canonical\" href=\"https:\/\/air-fryer-ninja.fr\/da\/opskrift-pa-air-fryer-blabaertaerte\/\" \/>\n<meta property=\"og:locale\" content=\"da_DK\" \/>\n<meta property=\"og:type\" content=\"article\" \/>\n<meta property=\"og:title\" content=\"Recette Tarte aux myrtilles air fryer - Air fryer ninja Recettes\" \/>\n<meta property=\"og:description\" content=\"Les tartes aux myrtilles sont g\u00e9n\u00e9ralement appr\u00e9ci\u00e9es pour leur saveur sucr\u00e9e et acidul\u00e9e. Aujourd&rsquo;hui, on va explorer comment pr\u00e9parer cette merveille en utilisant un air fryer. Cette m\u00e9thode permet non seulement de r\u00e9duire le temps de cuisson mais aussi d&rsquo;obtenir une texture parfaitement croustillante tout en respectant la d\u00e9licatesse des ingr\u00e9dients. Suivez nos astuces et [&hellip;]\" \/>\n<meta property=\"og:url\" content=\"https:\/\/air-fryer-ninja.fr\/da\/opskrift-pa-air-fryer-blabaertaerte\/\" \/>\n<meta property=\"og:site_name\" content=\"Air fryer ninja Recettes\" \/>\n<meta property=\"article:published_time\" content=\"2024-09-30T15:55:00+00:00\" \/>\n<meta property=\"article:modified_time\" content=\"2025-01-06T20:13:42+00:00\" \/>\n<meta property=\"og:image\" content=\"https:\/\/air-fryer-ninja.fr\/wp-content\/uploads\/2024\/07\/recette-de-tarte-aux-myrtilles-des-delices-croustillants-avec-lair-fryer.jpg\" \/>\n\t<meta property=\"og:image:width\" content=\"1456\" \/>\n\t<meta property=\"og:image:height\" content=\"816\" \/>\n\t<meta property=\"og:image:type\" content=\"image\/jpeg\" \/>\n<meta name=\"author\" content=\"Stephy\" \/>\n<meta name=\"twitter:card\" content=\"summary_large_image\" \/>\n<meta name=\"twitter:label1\" content=\"Skrevet af\" \/>\n\t<meta name=\"twitter:data1\" content=\"Stephy\" \/>\n\t<meta name=\"twitter:label2\" content=\"Estimeret l\u00e6setid\" \/>\n\t<meta name=\"twitter:data2\" content=\"4 minutter\" \/>\n<!-- \/ Yoast SEO plugin. -->","yoast_head_json":{"title":"Recette Tarte aux myrtilles air fryer - Air fryer ninja Recettes","robots":{"index":"index","follow":"follow","max-snippet":"max-snippet:-1","max-image-preview":"max-image-preview:large","max-video-preview":"max-video-preview:-1"},"canonical":"https:\/\/air-fryer-ninja.fr\/da\/opskrift-pa-air-fryer-blabaertaerte\/","og_locale":"da_DK","og_type":"article","og_title":"Recette Tarte aux myrtilles air fryer - Air fryer ninja Recettes","og_description":"Les tartes aux myrtilles sont g\u00e9n\u00e9ralement appr\u00e9ci\u00e9es pour leur saveur sucr\u00e9e et acidul\u00e9e. Aujourd&rsquo;hui, on va explorer comment pr\u00e9parer cette merveille en utilisant un air fryer. Cette m\u00e9thode permet non seulement de r\u00e9duire le temps de cuisson mais aussi d&rsquo;obtenir une texture parfaitement croustillante tout en respectant la d\u00e9licatesse des ingr\u00e9dients. Suivez nos astuces et [&hellip;]","og_url":"https:\/\/air-fryer-ninja.fr\/da\/opskrift-pa-air-fryer-blabaertaerte\/","og_site_name":"Air fryer ninja Recettes","article_published_time":"2024-09-30T15:55:00+00:00","article_modified_time":"2025-01-06T20:13:42+00:00","og_image":[{"width":1456,"height":816,"url":"https:\/\/air-fryer-ninja.fr\/wp-content\/uploads\/2024\/07\/recette-de-tarte-aux-myrtilles-des-delices-croustillants-avec-lair-fryer.jpg","type":"image\/jpeg"}],"author":"Stephy","twitter_card":"summary_large_image","twitter_misc":{"Skrevet af":"Stephy","Estimeret l\u00e6setid":"4 minutter"},"schema":{"@context":"https:\/\/schema.org","@graph":[{"@type":"Article","@id":"https:\/\/air-fryer-ninja.fr\/recette-tarte-aux-myrtilles-air-fryer\/#article","isPartOf":{"@id":"https:\/\/air-fryer-ninja.fr\/recette-tarte-aux-myrtilles-air-fryer\/"},"author":{"name":"Stephy","@id":"https:\/\/air-fryer-ninja.fr\/#\/schema\/person\/31ca83cb1c8812323af9097575aa686b"},"headline":"Recette Tarte aux myrtilles air fryer","datePublished":"2024-09-30T15:55:00+00:00","dateModified":"2025-01-06T20:13:42+00:00","mainEntityOfPage":{"@id":"https:\/\/air-fryer-ninja.fr\/recette-tarte-aux-myrtilles-air-fryer\/"},"wordCount":765,"commentCount":0,"publisher":{"@id":"https:\/\/air-fryer-ninja.fr\/#organization"},"image":{"@id":"https:\/\/air-fryer-ninja.fr\/recette-tarte-aux-myrtilles-air-fryer\/#primaryimage"},"thumbnailUrl":"https:\/\/air-fryer-ninja.fr\/wp-content\/uploads\/2024\/07\/recette-de-tarte-aux-myrtilles-des-delices-croustillants-avec-lair-fryer.jpg","articleSection":["Dessert"],"inLanguage":"da-DK","potentialAction":[{"@type":"CommentAction","name":"Comment","target":["https:\/\/air-fryer-ninja.fr\/recette-tarte-aux-myrtilles-air-fryer\/#respond"]}]},{"@type":"WebPage","@id":"https:\/\/air-fryer-ninja.fr\/recette-tarte-aux-myrtilles-air-fryer\/","url":"https:\/\/air-fryer-ninja.fr\/recette-tarte-aux-myrtilles-air-fryer\/","name":"Recette Tarte aux myrtilles air fryer - Air fryer ninja Recettes","isPartOf":{"@id":"https:\/\/air-fryer-ninja.fr\/#website"},"primaryImageOfPage":{"@id":"https:\/\/air-fryer-ninja.fr\/recette-tarte-aux-myrtilles-air-fryer\/#primaryimage"},"image":{"@id":"https:\/\/air-fryer-ninja.fr\/recette-tarte-aux-myrtilles-air-fryer\/#primaryimage"},"thumbnailUrl":"https:\/\/air-fryer-ninja.fr\/wp-content\/uploads\/2024\/07\/recette-de-tarte-aux-myrtilles-des-delices-croustillants-avec-lair-fryer.jpg","datePublished":"2024-09-30T15:55:00+00:00","dateModified":"2025-01-06T20:13:42+00:00","breadcrumb":{"@id":"https:\/\/air-fryer-ninja.fr\/recette-tarte-aux-myrtilles-air-fryer\/#breadcrumb"},"inLanguage":"da-DK","potentialAction":[{"@type":"ReadAction","target":["https:\/\/air-fryer-ninja.fr\/recette-tarte-aux-myrtilles-air-fryer\/"]}]},{"@type":"ImageObject","inLanguage":"da-DK","@id":"https:\/\/air-fryer-ninja.fr\/recette-tarte-aux-myrtilles-air-fryer\/#primaryimage","url":"https:\/\/air-fryer-ninja.fr\/wp-content\/uploads\/2024\/07\/recette-de-tarte-aux-myrtilles-des-delices-croustillants-avec-lair-fryer.jpg","contentUrl":"https:\/\/air-fryer-ninja.fr\/wp-content\/uploads\/2024\/07\/recette-de-tarte-aux-myrtilles-des-delices-croustillants-avec-lair-fryer.jpg","width":1456,"height":816,"caption":"Recette de tarte aux myrtilles : des d\u00e9lices croustillants avec l'air fryer"},{"@type":"BreadcrumbList","@id":"https:\/\/air-fryer-ninja.fr\/recette-tarte-aux-myrtilles-air-fryer\/#breadcrumb","itemListElement":[{"@type":"ListItem","position":1,"name":"Recette Air Fryer","item":"https:\/\/air-fryer-ninja.fr\/"},{"@type":"ListItem","position":2,"name":"Recette Tarte aux myrtilles air fryer"}]},{"@type":"WebSite","@id":"https:\/\/air-fryer-ninja.fr\/#website","url":"https:\/\/air-fryer-ninja.fr\/","name":"Frituregryde ninja","description":"Air fryer ninja opskrift blog","publisher":{"@id":"https:\/\/air-fryer-ninja.fr\/#organization"},"potentialAction":[{"@type":"SearchAction","target":{"@type":"EntryPoint","urlTemplate":"https:\/\/air-fryer-ninja.fr\/?s={search_term_string}"},"query-input":{"@type":"PropertyValueSpecification","valueRequired":true,"valueName":"search_term_string"}}],"inLanguage":"da-DK"},{"@type":"Organization","@id":"https:\/\/air-fryer-ninja.fr\/#organization","name":"Frituregryde ninja","url":"https:\/\/air-fryer-ninja.fr\/","logo":{"@type":"ImageObject","inLanguage":"da-DK","@id":"https:\/\/air-fryer-ninja.fr\/#\/schema\/logo\/image\/","url":"https:\/\/air-fryer-ninja.fr\/wp-content\/uploads\/2022\/09\/air-fryer-ninja.png","contentUrl":"https:\/\/air-fryer-ninja.fr\/wp-content\/uploads\/2022\/09\/air-fryer-ninja.png","width":500,"height":90,"caption":"Air fryer ninja"},"image":{"@id":"https:\/\/air-fryer-ninja.fr\/#\/schema\/logo\/image\/"}},{"@type":"Person","@id":"https:\/\/air-fryer-ninja.fr\/#\/schema\/person\/31ca83cb1c8812323af9097575aa686b","name":"Stephy","image":{"@type":"ImageObject","inLanguage":"da-DK","@id":"https:\/\/air-fryer-ninja.fr\/wp-content\/uploads\/2024\/11\/cropped-Untitled-design-2024-11-04T123927.617-96x96.jpg","url":"https:\/\/air-fryer-ninja.fr\/wp-content\/uploads\/2024\/11\/cropped-Untitled-design-2024-11-04T123927.617-96x96.jpg","contentUrl":"https:\/\/air-fryer-ninja.fr\/wp-content\/uploads\/2024\/11\/cropped-Untitled-design-2024-11-04T123927.617-96x96.jpg","caption":"Stephy"},"description":"Jeg er Stephy, en husmor med en passion for madlavning! Lige siden jeg opdagede luftfryseren, har den v\u00e6ret min ideelle ledsager til at skabe velsmagende opskrifter, der er nemme at lave. Jeg elsker at eksperimentere og opfinde retter, der overrasker og gl\u00e6der min familie. Her deler jeg mine bedste tips og yndlingsopskrifter, s\u00e5 du kan nyde gl\u00e6den ved at lave mad derhjemme uden at bruge timer bag komfuret. Hvad er mit m\u00e5l? At vise dig, at med lidt kreativitet kan Air Fryer g\u00f8re ethvert m\u00e5ltid til en sand forn\u00f8jelse!","sameAs":["https:\/\/air-fryer-ninja.fr"],"url":"https:\/\/air-fryer-ninja.fr\/da\/author\/a1rdy\/"}]}},"_links":{"self":[{"href":"https:\/\/air-fryer-ninja.fr\/da\/wp-json\/wp\/v2\/posts\/1927","targetHints":{"allow":["GET"]}}],"collection":[{"href":"https:\/\/air-fryer-ninja.fr\/da\/wp-json\/wp\/v2\/posts"}],"about":[{"href":"https:\/\/air-fryer-ninja.fr\/da\/wp-json\/wp\/v2\/types\/post"}],"author":[{"embeddable":true,"href":"https:\/\/air-fryer-ninja.fr\/da\/wp-json\/wp\/v2\/users\/1"}],"replies":[{"embeddable":true,"href":"https:\/\/air-fryer-ninja.fr\/da\/wp-json\/wp\/v2\/comments?post=1927"}],"version-history":[{"count":1,"href":"https:\/\/air-fryer-ninja.fr\/da\/wp-json\/wp\/v2\/posts\/1927\/revisions"}],"predecessor-version":[{"id":3027,"href":"https:\/\/air-fryer-ninja.fr\/da\/wp-json\/wp\/v2\/posts\/1927\/revisions\/3027"}],"wp:featuredmedia":[{"embeddable":true,"href":"https:\/\/air-fryer-ninja.fr\/da\/wp-json\/wp\/v2\/media\/1926"}],"wp:attachment":[{"href":"https:\/\/air-fryer-ninja.fr\/da\/wp-json\/wp\/v2\/media?parent=1927"}],"wp:term":[{"taxonomy":"category","embeddable":true,"href":"https:\/\/air-fryer-ninja.fr\/da\/wp-json\/wp\/v2\/categories?post=1927"},{"taxonomy":"post_tag","embeddable":true,"href":"https:\/\/air-fryer-ninja.fr\/da\/wp-json\/wp\/v2\/tags?post=1927"}],"curies":[{"name":"wp","href":"https:\/\/api.w.org\/{rel}","templated":true}]}}