{"id":3365,"date":"2025-01-27T08:25:00","date_gmt":"2025-01-27T08:25:00","guid":{"rendered":"https:\/\/air-fryer-ninja.fr\/?p=3365"},"modified":"2025-01-26T22:06:34","modified_gmt":"2025-01-26T22:06:34","slug":"recette-tarte-aux-pommes-au-airfryer","status":"publish","type":"post","link":"https:\/\/air-fryer-ninja.fr\/ar\/recette-tarte-aux-pommes-au-airfryer\/","title":{"rendered":"Recette tarte aux pommes au Airfryer"},"content":{"rendered":"<p><strong>Envie d&rsquo;un dessert qui sent bon la tradition mais avec une touche de modernit\u00e9 ? Notre&nbsp;tarte aux pommes au airfryer&nbsp;est la r\u00e9ponse parfaite ! En combinant le charme d&rsquo;une recette ancestrale avec les avantages de la cuisson \u00e0 air chaud, vous obtiendrez un&nbsp;dessert croustillant et parfum\u00e9&nbsp;qui ravira les papilles de tous vos convives. Cette version repens\u00e9e d&rsquo;un grand classique fran\u00e7ais vous promet une&nbsp;exp\u00e9rience gustative exceptionnelle&nbsp;tout en vous simplifiant la vie.<\/strong><\/p>\n\n\n\n<p>\u23f1\ufe0f<strong>\u00a0<\/strong>Dur\u00e9e de pr\u00e9paration : 15 minutes<br>\u23f1\ufe0f<strong>\u00a0<\/strong>Dur\u00e9e de cuisson : 20 minutes<br>\u23f1\ufe0f<strong>\u00a0<\/strong>Dur\u00e9e totale : 35 minutes<\/p>\n\n\n\n<h2 class=\"wp-block-heading\">Ingr\u00e9dients (pour 4 personnes)<\/h2>\n\n\n\n<ul class=\"wp-block-list\">\n<li>1 p\u00e2te bris\u00e9e<\/li>\n\n\n\n<li>4 pommes moyennes<\/li>\n\n\n\n<li>50 \u062c\u0645 \u0645\u0646 \u0627\u0644\u0632\u0628\u062f\u0629<\/li>\n\n\n\n<li>2 cuill\u00e8res \u00e0 soupe de cannelle<\/li>\n\n\n\n<li>2 cuill\u00e8res \u00e0 soupe de miel<\/li>\n\n\n\n<li>1 cuill\u00e8re \u00e0 soupe de jus de citron frais<\/li>\n<\/ul>\n\n\n\n<h2 class=\"wp-block-heading\">Ustensiles<\/h2>\n\n\n\n<ul class=\"wp-block-list\">\n<li>Un airfryer<\/li>\n\n\n\n<li>Un moule \u00e0 tarte adapt\u00e9 \u00e0 votre airfryer<\/li>\n\n\n\n<li>Un \u00e9conome<\/li>\n\n\n\n<li>Un couteau de cuisine<\/li>\n\n\n\n<li>Une po\u00eale<\/li>\n<\/ul>\n\n\n\n<h2 class=\"wp-block-heading\">\u00c9tapes de r\u00e9alisation<\/h2>\n\n\n\n<ol class=\"wp-block-list\">\n<li><strong>Mise en temp\u00e9rature<\/strong>&nbsp;: Pr\u00e9chauffez votre airfryer \u00e0 180\u00b0C pour obtenir une cuisson optimale.<\/li>\n\n\n\n<li><strong>Pr\u00e9parez vos pommes<\/strong> :&nbsp;\u00c9pluchez-les soigneusement&nbsp;puis d\u00e9coupez-les en fines lamelles r\u00e9guli\u00e8res.<\/li>\n\n\n\n<li><strong>Confection du m\u00e9lange<\/strong> : Dans une po\u00eale chaude,&nbsp;<strong>laissez doucement fondre le beurre<\/strong>. Incorporez les lamelles de pommes, parsemez de cannelle, versez le miel et arrosez de jus de citron.&nbsp;Laissez les saveurs se d\u00e9velopper pendant quelques minutes&nbsp;en m\u00e9langeant avec pr\u00e9caution.<\/li>\n\n\n\n<li><strong>Montage de la tarte<\/strong>&nbsp;: Disposez la p\u00e2te bris\u00e9e dans votre moule en pressant bien les bords. Versez harmonieusement la pr\u00e9paration aux pommes.<\/li>\n\n\n\n<li><strong>Cuisson au airfryer<\/strong> :&nbsp;Enfournez votre tarte&nbsp;pour 20 minutes de cuisson, jusqu&rsquo;\u00e0 obtenir une belle coloration dor\u00e9e.<\/li>\n<\/ol>\n\n\n\n<h2 class=\"wp-block-heading\">Conseils du chef<\/h2>\n\n\n\n<ul class=\"wp-block-list\">\n<li>Choisissez des pommes l\u00e9g\u00e8rement acidul\u00e9es pour un meilleur \u00e9quilibre des saveurs<\/li>\n\n\n\n<li>V\u00e9rifiez la cuisson \u00e0 mi-parcours et ajustez le temps si n\u00e9cessaire<\/li>\n\n\n\n<li>Laissez refroidir 10 minutes avant de d\u00e9mouler pour une meilleure tenue<\/li>\n<\/ul>\n\n\n\n<p><strong>Pour une version plus saine<\/strong>, optez pour de l&rsquo;huile de coco \u00e0 la place du beurre et du sirop d&rsquo;\u00e9rable plut\u00f4t que du miel. La p\u00e2te bris\u00e9e peut \u00eatre pr\u00e9par\u00e9e avec de la farine compl\u00e8te pour augmenter l&rsquo;apport en fibres.&nbsp;<strong>Ces alternatives permettent de conserver tout le plaisir gustatif<\/strong>&nbsp;tout en r\u00e9duisant l&rsquo;apport calorique et en augmentant les b\u00e9n\u00e9fices nutritionnels de votre dessert.<\/p>\n\n\n\n<h3 class=\"wp-block-heading\">La phrase du chef :<\/h3>\n\n\n\n<blockquote class=\"wp-block-quote is-layout-flow wp-block-quote-is-layout-flow\">\n<p>\u00ab\u00a0<em>Quand les pommes dansent avec la cannelle dans un ballet de saveurs au c\u0153ur de l&rsquo;airfryer, la magie op\u00e8re et transforme le simple en extraordinaire.<\/em>\u00ab\u00a0<\/p>\n<\/blockquote>\n\n\n\n<p><strong>N&rsquo;h\u00e9sitez pas \u00e0 tester cette recette et \u00e0 partager vos r\u00e9alisations dans les commentaires !<\/strong><\/p>\n\n\n\n<h2 class=\"wp-block-heading\">Questions fr\u00e9quentes<\/h2>\n\n\n\n<p><strong>Quelles vari\u00e9t\u00e9s de pommes utiliser ?<\/strong><br>Privil\u00e9giez des pommes comme la Golden, la Reinette ou la Pink Lady qui gardent leur texture \u00e0 la cuisson.<\/p>\n\n\n\n<p><strong>Peut-on congeler cette tarte ?<\/strong><br>Oui, la tarte se cong\u00e8le parfaitement. R\u00e9chauffez-la au airfryer quelques minutes avant d\u00e9gustation.<\/p>\n\n\n\n<p><strong>Comment personnaliser la recette ?<\/strong><br>Ajoutez des \u00e9pices comme la vanille, le gingembre ou la cardamome selon vos go\u00fbts.<\/p>\n\n\n\n<p><strong>Quelle est la meilleure temp\u00e9rature de d\u00e9gustation ?<\/strong><br>La tarte peut \u00eatre savour\u00e9e ti\u00e8de ou \u00e0 temp\u00e9rature ambiante. Pour plus de gourmandise, servez-la l\u00e9g\u00e8rement chaude avec une boule de glace \u00e0 la vanille.<\/p>\n\n\n\n<p><strong>D\u00e9couvrez nos autres <a href=\"https:\/\/air-fryer-ninja.fr\/ar\/%d8%a7%d9%84%d9%81%d8%a6%d8%a9\/patisserie\/\">recettes de p\u00e2tisseries au airfryer<\/a> !<\/strong>&nbsp;Croissants croustillants, chaussons aux pommes dor\u00e9s, madeleines moelleuses&#8230; Laissez-vous tenter par nos d\u00e9licieuses cr\u00e9ations qui r\u00e9inventent la p\u00e2tisserie traditionnelle.<\/p>\n\n\n\n<p>Cette\u00a0<strong>tarte aux pommes au airfryer<\/strong>\u00a0repr\u00e9sente parfaitement l&rsquo;alliance entre tradition culinaire et innovation technologique. Sa pr\u00e9paration simple et rapide en fait un dessert id\u00e9al pour le quotidien comme pour les occasions sp\u00e9ciales. Lancez-vous dans l&rsquo;aventure et d\u00e9couvrez le plaisir d&rsquo;une p\u00e2tisserie maison cuite \u00e0 l&rsquo;air chaud !<\/p>\n\n\n\n<p><\/p>","protected":false},"excerpt":{"rendered":"<p>Envie d&rsquo;un dessert qui sent bon la tradition mais avec une touche de modernit\u00e9 ? Notre&nbsp;tarte aux pommes au airfryer&nbsp;est la r\u00e9ponse parfaite ! En combinant le charme d&rsquo;une recette ancestrale avec les avantages de la cuisson \u00e0 air chaud, vous obtiendrez un&nbsp;dessert croustillant et parfum\u00e9&nbsp;qui ravira les papilles de tous vos convives. Cette version [&hellip;]<\/p>","protected":false},"author":1,"featured_media":3367,"comment_status":"open","ping_status":"open","sticky":false,"template":"","format":"standard","meta":{"wprm-recipe-roundup-name":"","wprm-recipe-roundup-description":"","footnotes":""},"categories":[34],"tags":[211,241,181,251],"class_list":["post-3365","post","type-post","status-publish","format-standard","has-post-thumbnail","hentry","category-patisserie","tag-gateau","tag-patisserie","tag-pommes","tag-tarte-aux-pommes"],"yoast_head":"<!-- This site is optimized with the Yoast SEO plugin v27.5 - https:\/\/yoast.com\/product\/yoast-seo-wordpress\/ -->\n<title>Recette tarte aux pommes au Airfryer - Air fryer ninja Recettes<\/title>\n<meta name=\"description\" content=\"Quand votre airfryer se prend pour un boulanger du dimanche ! Laissez-vous tenter par notre tarte aux pommes aux ar\u00f4mes d&#039;antan, o\u00f9 la technologie sublime les saveurs de grand-m\u00e8re. Une recette fut\u00e9e qui transforme votre cuisine en p\u00e2tisserie 2.0 !\" \/>\n<meta name=\"robots\" content=\"index, follow, max-snippet:-1, max-image-preview:large, max-video-preview:-1\" \/>\n<link rel=\"canonical\" href=\"https:\/\/air-fryer-ninja.fr\/ar\/recette-tarte-aux-pommes-au-airfryer\/\" \/>\n<meta property=\"og:locale\" content=\"ar_AR\" \/>\n<meta property=\"og:type\" content=\"article\" \/>\n<meta property=\"og:title\" content=\"Recette tarte aux pommes au Airfryer - Air fryer ninja Recettes\" \/>\n<meta property=\"og:description\" content=\"Quand votre airfryer se prend pour un boulanger du dimanche ! Laissez-vous tenter par notre tarte aux pommes aux ar\u00f4mes d&#039;antan, o\u00f9 la technologie sublime les saveurs de grand-m\u00e8re. Une recette fut\u00e9e qui transforme votre cuisine en p\u00e2tisserie 2.0 !\" \/>\n<meta property=\"og:url\" content=\"https:\/\/air-fryer-ninja.fr\/ar\/recette-tarte-aux-pommes-au-airfryer\/\" \/>\n<meta property=\"og:site_name\" content=\"Air fryer ninja Recettes\" \/>\n<meta property=\"article:published_time\" content=\"2025-01-27T08:25:00+00:00\" \/>\n<meta property=\"og:image\" content=\"https:\/\/air-fryer-ninja.fr\/wp-content\/uploads\/2026\/01\/recette-tarte-aux-pommes-au-airfryer.jpg\" \/>\n\t<meta property=\"og:image:width\" content=\"1200\" \/>\n\t<meta property=\"og:image:height\" content=\"675\" \/>\n\t<meta property=\"og:image:type\" content=\"image\/jpeg\" \/>\n<meta name=\"author\" content=\"Stephy\" \/>\n<meta name=\"twitter:card\" content=\"summary_large_image\" \/>\n<meta name=\"twitter:label1\" content=\"\u0643\u064f\u062a\u0628 \u0628\u0648\u0627\u0633\u0637\u0629\" \/>\n\t<meta name=\"twitter:data1\" content=\"Stephy\" \/>\n\t<meta name=\"twitter:label2\" content=\"\u0648\u0642\u062a \u0627\u0644\u0642\u0631\u0627\u0621\u0629 \u0627\u0644\u0645\u064f\u0642\u062f\u0651\u0631\" \/>\n\t<meta name=\"twitter:data2\" content=\"3 \u062f\u0642\u0627\u0626\u0642\" \/>\n<!-- \/ Yoast SEO plugin. -->","yoast_head_json":{"title":"Recette tarte aux pommes au Airfryer - Air fryer ninja Recettes","description":"Quand votre airfryer se prend pour un boulanger du dimanche ! Laissez-vous tenter par notre tarte aux pommes aux ar\u00f4mes d'antan, o\u00f9 la technologie sublime les saveurs de grand-m\u00e8re. Une recette fut\u00e9e qui transforme votre cuisine en p\u00e2tisserie 2.0 !","robots":{"index":"index","follow":"follow","max-snippet":"max-snippet:-1","max-image-preview":"max-image-preview:large","max-video-preview":"max-video-preview:-1"},"canonical":"https:\/\/air-fryer-ninja.fr\/ar\/recette-tarte-aux-pommes-au-airfryer\/","og_locale":"ar_AR","og_type":"article","og_title":"Recette tarte aux pommes au Airfryer - Air fryer ninja Recettes","og_description":"Quand votre airfryer se prend pour un boulanger du dimanche ! Laissez-vous tenter par notre tarte aux pommes aux ar\u00f4mes d'antan, o\u00f9 la technologie sublime les saveurs de grand-m\u00e8re. Une recette fut\u00e9e qui transforme votre cuisine en p\u00e2tisserie 2.0 !","og_url":"https:\/\/air-fryer-ninja.fr\/ar\/recette-tarte-aux-pommes-au-airfryer\/","og_site_name":"Air fryer ninja Recettes","article_published_time":"2025-01-27T08:25:00+00:00","og_image":[{"width":1200,"height":675,"url":"https:\/\/air-fryer-ninja.fr\/wp-content\/uploads\/2026\/01\/recette-tarte-aux-pommes-au-airfryer.jpg","type":"image\/jpeg"}],"author":"Stephy","twitter_card":"summary_large_image","twitter_misc":{"\u0643\u064f\u062a\u0628 \u0628\u0648\u0627\u0633\u0637\u0629":"Stephy","\u0648\u0642\u062a \u0627\u0644\u0642\u0631\u0627\u0621\u0629 \u0627\u0644\u0645\u064f\u0642\u062f\u0651\u0631":"3 \u062f\u0642\u0627\u0626\u0642"},"schema":{"@context":"https:\/\/schema.org","@graph":[{"@type":"Article","@id":"https:\/\/air-fryer-ninja.fr\/recette-tarte-aux-pommes-au-airfryer\/#article","isPartOf":{"@id":"https:\/\/air-fryer-ninja.fr\/recette-tarte-aux-pommes-au-airfryer\/"},"author":{"name":"Stephy","@id":"https:\/\/air-fryer-ninja.fr\/#\/schema\/person\/31ca83cb1c8812323af9097575aa686b"},"headline":"Recette tarte aux pommes au Airfryer","datePublished":"2025-01-27T08:25:00+00:00","mainEntityOfPage":{"@id":"https:\/\/air-fryer-ninja.fr\/recette-tarte-aux-pommes-au-airfryer\/"},"wordCount":646,"commentCount":0,"publisher":{"@id":"https:\/\/air-fryer-ninja.fr\/#organization"},"image":{"@id":"https:\/\/air-fryer-ninja.fr\/recette-tarte-aux-pommes-au-airfryer\/#primaryimage"},"thumbnailUrl":"https:\/\/air-fryer-ninja.fr\/wp-content\/uploads\/2026\/01\/recette-tarte-aux-pommes-au-airfryer.jpg","keywords":["g\u00e2teau","p\u00e2tisserie","Pommes","tarte aux pommes"],"articleSection":["P\u00e2tisserie"],"inLanguage":"ar","potentialAction":[{"@type":"CommentAction","name":"Comment","target":["https:\/\/air-fryer-ninja.fr\/recette-tarte-aux-pommes-au-airfryer\/#respond"]}]},{"@type":"WebPage","@id":"https:\/\/air-fryer-ninja.fr\/recette-tarte-aux-pommes-au-airfryer\/","url":"https:\/\/air-fryer-ninja.fr\/recette-tarte-aux-pommes-au-airfryer\/","name":"Recette tarte aux pommes au Airfryer - Air fryer ninja Recettes","isPartOf":{"@id":"https:\/\/air-fryer-ninja.fr\/#website"},"primaryImageOfPage":{"@id":"https:\/\/air-fryer-ninja.fr\/recette-tarte-aux-pommes-au-airfryer\/#primaryimage"},"image":{"@id":"https:\/\/air-fryer-ninja.fr\/recette-tarte-aux-pommes-au-airfryer\/#primaryimage"},"thumbnailUrl":"https:\/\/air-fryer-ninja.fr\/wp-content\/uploads\/2026\/01\/recette-tarte-aux-pommes-au-airfryer.jpg","datePublished":"2025-01-27T08:25:00+00:00","description":"Quand votre airfryer se prend pour un boulanger du dimanche ! Laissez-vous tenter par notre tarte aux pommes aux ar\u00f4mes d'antan, o\u00f9 la technologie sublime les saveurs de grand-m\u00e8re. Une recette fut\u00e9e qui transforme votre cuisine en p\u00e2tisserie 2.0 !","breadcrumb":{"@id":"https:\/\/air-fryer-ninja.fr\/recette-tarte-aux-pommes-au-airfryer\/#breadcrumb"},"inLanguage":"ar","potentialAction":[{"@type":"ReadAction","target":["https:\/\/air-fryer-ninja.fr\/recette-tarte-aux-pommes-au-airfryer\/"]}]},{"@type":"ImageObject","inLanguage":"ar","@id":"https:\/\/air-fryer-ninja.fr\/recette-tarte-aux-pommes-au-airfryer\/#primaryimage","url":"https:\/\/air-fryer-ninja.fr\/wp-content\/uploads\/2026\/01\/recette-tarte-aux-pommes-au-airfryer.jpg","contentUrl":"https:\/\/air-fryer-ninja.fr\/wp-content\/uploads\/2026\/01\/recette-tarte-aux-pommes-au-airfryer.jpg","width":1200,"height":675,"caption":"recette tarte aux pommes au airfryer"},{"@type":"BreadcrumbList","@id":"https:\/\/air-fryer-ninja.fr\/recette-tarte-aux-pommes-au-airfryer\/#breadcrumb","itemListElement":[{"@type":"ListItem","position":1,"name":"Recette Air Fryer","item":"https:\/\/air-fryer-ninja.fr\/"},{"@type":"ListItem","position":2,"name":"Recette tarte aux pommes au Airfryer"}]},{"@type":"WebSite","@id":"https:\/\/air-fryer-ninja.fr\/#website","url":"https:\/\/air-fryer-ninja.fr\/","name":"\u0645\u0642\u0644\u0627\u0629 \u0627\u0644\u0646\u064a\u0646\u062c\u0627 \u0627\u0644\u0647\u0648\u0627\u0626\u064a\u0629","description":"\u0645\u062f\u0648\u0646\u0629 \u0648\u0635\u0641\u0627\u062a \u0645\u0642\u0644\u0627\u0629 \u0627\u0644\u0646\u064a\u0646\u062c\u0627 \u0627\u0644\u0647\u0648\u0627\u0626\u064a\u0629","publisher":{"@id":"https:\/\/air-fryer-ninja.fr\/#organization"},"potentialAction":[{"@type":"SearchAction","target":{"@type":"EntryPoint","urlTemplate":"https:\/\/air-fryer-ninja.fr\/?s={search_term_string}"},"query-input":{"@type":"PropertyValueSpecification","valueRequired":true,"valueName":"search_term_string"}}],"inLanguage":"ar"},{"@type":"Organization","@id":"https:\/\/air-fryer-ninja.fr\/#organization","name":"\u0645\u0642\u0644\u0627\u0629 \u0627\u0644\u0646\u064a\u0646\u062c\u0627 \u0627\u0644\u0647\u0648\u0627\u0626\u064a\u0629","url":"https:\/\/air-fryer-ninja.fr\/","logo":{"@type":"ImageObject","inLanguage":"ar","@id":"https:\/\/air-fryer-ninja.fr\/#\/schema\/logo\/image\/","url":"https:\/\/air-fryer-ninja.fr\/wp-content\/uploads\/2022\/09\/air-fryer-ninja.png","contentUrl":"https:\/\/air-fryer-ninja.fr\/wp-content\/uploads\/2022\/09\/air-fryer-ninja.png","width":500,"height":90,"caption":"Air fryer ninja"},"image":{"@id":"https:\/\/air-fryer-ninja.fr\/#\/schema\/logo\/image\/"}},{"@type":"Person","@id":"https:\/\/air-fryer-ninja.fr\/#\/schema\/person\/31ca83cb1c8812323af9097575aa686b","name":"\u0633\u062a\u064a\u0641\u064a","image":{"@type":"ImageObject","inLanguage":"ar","@id":"https:\/\/air-fryer-ninja.fr\/wp-content\/uploads\/2024\/11\/cropped-Untitled-design-2024-11-04T123927.617-96x96.jpg","url":"https:\/\/air-fryer-ninja.fr\/wp-content\/uploads\/2024\/11\/cropped-Untitled-design-2024-11-04T123927.617-96x96.jpg","contentUrl":"https:\/\/air-fryer-ninja.fr\/wp-content\/uploads\/2024\/11\/cropped-Untitled-design-2024-11-04T123927.617-96x96.jpg","caption":"Stephy"},"description":"\u0623\u0646\u0627 \u0633\u062a\u064a\u0641\u064a\u060c \u0631\u0628\u0629 \u0645\u0646\u0632\u0644 \u0634\u063a\u0648\u0641\u0629 \u0628\u0627\u0644\u0637\u0628\u062e! \u0645\u0646\u0630 \u0627\u0643\u062a\u0634\u0627\u0641\u064a \u0644\u0644\u0645\u0642\u0644\u0627\u0629 \u0627\u0644\u0647\u0648\u0627\u0626\u064a\u0629\u060c \u0623\u0635\u0628\u062d\u062a \u0631\u0641\u064a\u0642\u062a\u064a \u0627\u0644\u0645\u062b\u0627\u0644\u064a\u0629 \u0644\u0627\u0628\u062a\u0643\u0627\u0631 \u0648\u0635\u0641\u0627\u062a \u0644\u0630\u064a\u0630\u0629 \u0648\u0633\u0647\u0644\u0629 \u0627\u0644\u062a\u062d\u0636\u064a\u0631. \u0623\u062d\u0628 \u0627\u0644\u062a\u062c\u0631\u064a\u0628 \u0648\u0627\u0628\u062a\u0643\u0627\u0631 \u0627\u0644\u0623\u0637\u0628\u0627\u0642 \u0627\u0644\u062a\u064a \u062a\u0641\u0627\u062c\u0626 \u0639\u0627\u0626\u0644\u062a\u064a \u0648\u062a\u0633\u0639\u062f\u0647\u0627. \u0623\u0634\u0627\u0631\u0643\u0643\u0645 \u0647\u0646\u0627 \u0623\u0641\u0636\u0644 \u0627\u0644\u0646\u0635\u0627\u0626\u062d \u0648\u0627\u0644\u0648\u0635\u0641\u0627\u062a \u0627\u0644\u0645\u0641\u0636\u0644\u0629 \u0644\u062f\u064a\u0651 \u0644\u0645\u0633\u0627\u0639\u062f\u062a\u0643\u0645 \u0639\u0644\u0649 \u0627\u0644\u0627\u0633\u062a\u0645\u062a\u0627\u0639 \u0628\u0623\u0634\u0647\u0649 \u0627\u0644\u0623\u0637\u0628\u0627\u0642 \u0627\u0644\u0645\u0646\u0632\u0644\u064a\u0629 \u062f\u0648\u0646 \u0642\u0636\u0627\u0621 \u0633\u0627\u0639\u0627\u062a \u062e\u0644\u0641 \u0627\u0644\u0645\u0648\u0642\u062f. \u0647\u062f\u0641\u064a\u061f \u0623\u0646 \u0623\u0638\u0647\u0631 \u0644\u0643 \u0623\u0646\u0647 \u0628\u0642\u0644\u064a\u0644 \u0645\u0646 \u0627\u0644\u0625\u0628\u062f\u0627\u0639\u060c \u064a\u0645\u0643\u0646 \u0644\u0644\u0642\u0644\u0627\u064a\u0629 \u0627\u0644\u0647\u0648\u0627\u0626\u064a\u0629 \u0623\u0646 \u062a\u062d\u0648\u0644 \u0643\u0644 \u0648\u062c\u0628\u0629 \u0625\u0644\u0649 \u0645\u062a\u0639\u0629 \u062d\u0642\u064a\u0642\u064a\u0629!","sameAs":["https:\/\/air-fryer-ninja.fr"],"url":"https:\/\/air-fryer-ninja.fr\/ar\/author\/a1rdy\/"}]}},"_links":{"self":[{"href":"https:\/\/air-fryer-ninja.fr\/ar\/wp-json\/wp\/v2\/posts\/3365","targetHints":{"allow":["GET"]}}],"collection":[{"href":"https:\/\/air-fryer-ninja.fr\/ar\/wp-json\/wp\/v2\/posts"}],"about":[{"href":"https:\/\/air-fryer-ninja.fr\/ar\/wp-json\/wp\/v2\/types\/post"}],"author":[{"embeddable":true,"href":"https:\/\/air-fryer-ninja.fr\/ar\/wp-json\/wp\/v2\/users\/1"}],"replies":[{"embeddable":true,"href":"https:\/\/air-fryer-ninja.fr\/ar\/wp-json\/wp\/v2\/comments?post=3365"}],"version-history":[{"count":2,"href":"https:\/\/air-fryer-ninja.fr\/ar\/wp-json\/wp\/v2\/posts\/3365\/revisions"}],"predecessor-version":[{"id":3388,"href":"https:\/\/air-fryer-ninja.fr\/ar\/wp-json\/wp\/v2\/posts\/3365\/revisions\/3388"}],"wp:featuredmedia":[{"embeddable":true,"href":"https:\/\/air-fryer-ninja.fr\/ar\/wp-json\/wp\/v2\/media\/3367"}],"wp:attachment":[{"href":"https:\/\/air-fryer-ninja.fr\/ar\/wp-json\/wp\/v2\/media?parent=3365"}],"wp:term":[{"taxonomy":"category","embeddable":true,"href":"https:\/\/air-fryer-ninja.fr\/ar\/wp-json\/wp\/v2\/categories?post=3365"},{"taxonomy":"post_tag","embeddable":true,"href":"https:\/\/air-fryer-ninja.fr\/ar\/wp-json\/wp\/v2\/tags?post=3365"}],"curies":[{"name":"wp","href":"https:\/\/api.w.org\/{rel}","templated":true}]}}